{"id":157301,"date":"2025-09-26T11:05:04","date_gmt":"2025-09-26T16:05:04","guid":{"rendered":"https:\/\/graziamagazine.com\/mx\/?post_type=articles&#038;p=157301"},"modified":"2025-09-26T11:05:04","modified_gmt":"2025-09-26T16:05:04","slug":"max-mara-ss26-en-mfw-ligereza-armada-y-rococo-moderno","status":"publish","type":"articles","link":"https:\/\/graziamagazine.com\/mx\/articles\/max-mara-ss26-en-mfw-ligereza-armada-y-rococo-moderno\/","title":{"rendered":"Max Mara SS26 en MFW: ligereza armada y rococ\u00f3 moderno"},"content":{"rendered":"<p>En esta edici\u00f3n de la Semana de la Moda de Mil\u00e1n, Max Mara confes\u00f3 su f\u00f3rmula para enfrentar climas y tensiones globales: <strong>ligereza + poder<\/strong>. Bajo la direcci\u00f3n creativa de Ian Griffiths, la maison present\u00f3 una colecci\u00f3n que juega con vol\u00famenes suaves, cortes estructurados y ecos de fantas\u00eda barroca. El resultado: una pasarela que respira \u2014sin hacerse pesada\u2014 y propone elegancia con aristas.<\/p>\n<h3>Un gui\u00f1o al rococ\u00f3 sin renunciar al minimalismo<\/h3>\n<p><img loading=\"lazy\" decoding=\"async\" class=\"aligncenter size-full wp-image-188165\" src=\"https:\/\/graziamagazine.com\/es\/wp-content\/uploads\/sites\/12\/2025\/09\/Max-Mara-SS26-01-scaled.jpg\" alt=\"\" width=\"1707\" height=\"2560\" \/><\/p>\n<p>Todas las referencias cultas convergen bajo un mismo pulso. Griffiths toma inspiraci\u00f3n del siglo XVIII \u2014Madame de Pompadour es musa conceptual para muchos looks\u2014 pero lo filtra a trav\u00e9s de formas limpias y tejidos transl\u00facidos. Organza cortada, gasas ligeras, geometr\u00edas sutiles: elementos decorativos que no abruman.<\/p>\n<p><img loading=\"lazy\" decoding=\"async\" class=\"aligncenter size-full wp-image-188164\" src=\"https:\/\/graziamagazine.com\/es\/wp-content\/uploads\/sites\/12\/2025\/09\/Max-Mara-SS26-09-scaled.jpg\" alt=\"\" width=\"1707\" height=\"2560\" \/><\/p>\n<p>El desfile arranc\u00f3 con prendas exteriores que tienen car\u00e1cter: abrigos dobles (double-breasted) cuyos hombros se transforman con pliegues o volumen leve, como coronas arquitect\u00f3nicas. Los cuerpos se aligeran con minifaldas de organza conformadas por piezas plegadas, mientras que jers\u00e9is ce\u00f1idos aparecen con tiras que sugieren corseter\u00eda moderna.<\/p>\n<p><img loading=\"lazy\" decoding=\"async\" class=\"aligncenter size-full wp-image-188158\" src=\"https:\/\/graziamagazine.com\/es\/wp-content\/uploads\/sites\/12\/2025\/09\/Max-Mara-SS26-Details-003-scaled.jpg\" alt=\"\" width=\"2048\" height=\"2560\" \/><\/p>\n<h3>Contrastes de poder: masculino y femenino juntos<\/h3>\n<p>Max Mara apuesta nuevamente por el poder sutil. Las tonalidades cl\u00e1sicas del sello \u2014camel y negro\u2014 dominan, con apenas un estampado Rococ\u00f3 en conchas y corales como excepci\u00f3n destacada.<\/p>\n<p><img loading=\"lazy\" decoding=\"async\" class=\"aligncenter size-full wp-image-188163\" src=\"https:\/\/graziamagazine.com\/es\/wp-content\/uploads\/sites\/12\/2025\/09\/Max-Mara-SS26-16-scaled.jpg\" alt=\"\" width=\"1707\" height=\"2560\" \/><\/p>\n<p>La esencia del \u201cpower suit\u201d reaparece: faldas l\u00e1piz de tela stretch, pantalones entallados, jers\u00e9is recortados que descubren el vientre ce\u00f1ido con cinturones. Es el power dressing, pero con un gesto moderno y sensual. El estilo queda m\u00e1s pronunciado cuando la silueta se afina, pero Max Mara no teme al volumen: palazzos aparecen como gui\u00f1o, sin desplazar el corte principal.<\/p>\n<p><img loading=\"lazy\" decoding=\"async\" class=\"aligncenter size-full wp-image-188166\" src=\"https:\/\/graziamagazine.com\/es\/wp-content\/uploads\/sites\/12\/2025\/09\/Max-Mara-SS26-06-scaled.jpg\" alt=\"\" width=\"1707\" height=\"2560\" \/><\/p>\n<h3>Volumen honesto y movimiento<\/h3>\n<p>Una de las grandes apuestas de esta colecci\u00f3n es el volumen que respira, no que oprime. El uso de materiales ligeros, pliegues suaves y cortes que permiten movimiento (organizadamente) reflejan la b\u00fasqueda de un equilibrio entre presencia y comodidad.<\/p>\n<p><img loading=\"lazy\" decoding=\"async\" class=\"aligncenter size-full wp-image-188156\" src=\"https:\/\/graziamagazine.com\/es\/wp-content\/uploads\/sites\/12\/2025\/09\/Max-Mara-SS26-Details-016-scaled.jpg\" alt=\"\" width=\"2048\" height=\"2560\" \/><\/p>\n<p>Los pliegues sueltos, las faldas con vuelo contenido y los detalles \u201choja\u201d en organza que ondean suavemente conforman una est\u00e9tica et\u00e9rea, sin prescindir de estructura ni intenci\u00f3n.<\/p>\n<p><img loading=\"lazy\" decoding=\"async\" class=\"aligncenter size-full wp-image-188157\" src=\"https:\/\/graziamagazine.com\/es\/wp-content\/uploads\/sites\/12\/2025\/09\/Max-Mara-SS26-Details-026-scaled.jpg\" alt=\"\" width=\"2048\" height=\"2560\" \/><\/p>\n<h3>Invitadas al desfile y atm\u00f3sfera<\/h3>\n<p>Entre los asientos de honor se vio a actrices como <strong>Paz Vega<\/strong>, que acudi\u00f3 vistiendo traje masculino gris de doble botonadura, demostrando complicidad con el giro formal de la colecci\u00f3n.<\/p>\n<p><img loading=\"lazy\" decoding=\"async\" class=\"aligncenter size-full wp-image-188155\" src=\"https:\/\/graziamagazine.com\/es\/wp-content\/uploads\/sites\/12\/2025\/09\/PAZ-VEGA_0085.jpg\" alt=\"\" width=\"1238\" height=\"2200\" \/><\/p>\n<p>La banda sonora fue una mezcla calculada: m\u00fasica cl\u00e1sica reinventada con beats modernos, reforzando ese di\u00e1logo entre pasado y presente que late en la colecci\u00f3n.<\/p>\n<h3>Qu\u00e9 nos deja para el armario real (versi\u00f3n Grazia)<\/h3>\n<ul>\n<li>Invierte en <strong>abrigos tipo trench reimaginados<\/strong>: si tienen un toque de volumen o pliegue arquitect\u00f3nico, mejor.<\/li>\n<li>Combina faldas ligeras de organza o gasas con jers\u00e9is ajustados; el contraste entre lo r\u00edgido y lo et\u00e9reo es una f\u00f3rmula que funciona.<\/li>\n<li>Usa cinturones finos \u2014quiz\u00e1 con tiras cruzadas\u2014 para acentuar la cintura sin rigidez.<\/li>\n<li>Prefiere tonalidades neutras, camello y negro, y reserva las piezas estampadas para detalles: pa\u00f1uelos, linings, blusas interiores.<\/li>\n<li>No temas al volumen, pero que respire: pantalones palazzo suaves, faldas fluidas, capas ligeras.<\/li>\n<\/ul>\n<div class=\"content-gallery\">\n<div class=\"gallery-placeholder\">\n<div class=\"spinner\"><\/div>\n<\/div>\n<p>&nbsp;<\/p>\n<div id=\"gallery-1\" class=\"gallery galleryid- gallery-columns- gallery-size-\">\n<figure class=\"gallery-item\">\n<div class=\"gallery-icon landscape\"><img loading=\"lazy\" decoding=\"async\" class=\"lazy\" src=\"https:\/\/graziamagazine.com\/es\/wp-content\/uploads\/sites\/12\/2025\/09\/Max-Mara-SS26-Details-023-scaled.jpg\" alt=\"\" width=\"2048\" height=\"2560\" \/><\/div>\n<\/figure>\n<figure class=\"gallery-item\">\n<div class=\"gallery-icon landscape\"><img loading=\"lazy\" decoding=\"async\" class=\"lazy\" src=\"https:\/\/graziamagazine.com\/es\/wp-content\/uploads\/sites\/12\/2025\/09\/Max-Mara-SS26-Details-020-scaled.jpg\" alt=\"\" width=\"2048\" height=\"2560\" \/><\/div>\n<\/figure>\n<figure class=\"gallery-item\">\n<div class=\"gallery-icon landscape\"><img loading=\"lazy\" decoding=\"async\" class=\"lazy\" src=\"https:\/\/graziamagazine.com\/es\/wp-content\/uploads\/sites\/12\/2025\/09\/Max-Mara-SS26-Details-004-scaled.jpg\" alt=\"\" width=\"2048\" height=\"2560\" \/><\/div>\n<\/figure>\n<\/div>\n<\/div>\n<h3>Los 5 looks imprescindibles del desfile Max Mara SS26<\/h3>\n<p><strong>El abrigo doble reinterpretado<\/strong><\/p>\n<p>Camel ic\u00f3nico con hombros estructurados y pliegues arquitect\u00f3nicos. El cl\u00e1sico de la maison llevado a un terreno nuevo.<\/p>\n<p><strong>La minifalda de organza plegada<\/strong><\/p>\n<p>Liviana y escult\u00f3rica a la vez, acompa\u00f1ada de un jersey ajustado con tiras cruzadas que recuerdan a un cors\u00e9.<\/p>\n<p><strong>El power suit negro<\/strong><\/p>\n<p>Falda l\u00e1piz entallada, cintur\u00f3n fino marcando la cintura y americana de l\u00edneas puras. La definici\u00f3n contempor\u00e1nea de poder silencioso.<\/p>\n<p><strong>El vestido rococ\u00f3 et\u00e9reo<\/strong><\/p>\n<p>Capas de gasa transl\u00facida con motivos de conchas y corales. Un gui\u00f1o hist\u00f3rico en clave minimal.<\/p>\n<p><strong>El palazzo ligero<\/strong><\/p>\n<p>Pantal\u00f3n de gran ca\u00edda en negro, combinado con top corto y cintur\u00f3n cruzado. Ejemplo perfecto de volumen que respira.<\/p>\n<p><img loading=\"lazy\" decoding=\"async\" class=\"aligncenter size-full wp-image-188168\" src=\"https:\/\/graziamagazine.com\/es\/wp-content\/uploads\/sites\/12\/2025\/09\/Max-Mara-SS26-08-scaled.jpg\" alt=\"\" width=\"1707\" height=\"2560\" \/><\/p>\n<p>Max Mara SS26 no relata un cuento barroco teatral, sino una f\u00e1bula contempor\u00e1nea: fuerza suave, estructura et\u00e9rea, tradici\u00f3n reversionada. En Mil\u00e1n, la maison italiana reafirma que el lujo maduro no renuncia al juego ni a la levedad.<\/p>\n<p>&nbsp;<\/p>\n","protected":false},"author":11653,"featured_media":157302,"template":"","format":"standard","categories":[4],"acf":[],"yoast_head":"<!-- This site is optimized with the Yoast SEO Premium plugin v18.5 (Yoast SEO v20.4) - https:\/\/yoast.com\/wordpress\/plugins\/seo\/ -->\n<title>Max Mara SS26 en MFW: ligereza armada y rococ\u00f3 moderno | Grazia M\u00e9xico y Latinoam\u00e9rica<\/title>\n<meta name=\"description\" content=\"En esta edici\u00f3n de la Semana de la Moda de Mil\u00e1n, Max Mara confes\u00f3 su f\u00f3rmula para enfrentar climas y tensiones globales: ligereza + poder. Bajo la\" \/>\n<meta name=\"robots\" content=\"index, follow, max-snippet:-1, max-image-preview:large, max-video-preview:-1\" \/>\n<link rel=\"canonical\" href=\"https:\/\/graziamagazine.com\/mx\/articles\/max-mara-ss26-en-mfw-ligereza-armada-y-rococo-moderno\/\" \/>\n<meta property=\"og:locale\" content=\"es_MX\" \/>\n<meta property=\"og:type\" content=\"article\" \/>\n<meta property=\"og:title\" content=\"Max Mara SS26 en MFW: ligereza armada y rococ\u00f3 moderno\" \/>\n<meta property=\"og:description\" content=\"En esta edici\u00f3n de la Semana de la Moda de Mil\u00e1n, Max Mara confes\u00f3 su f\u00f3rmula para enfrentar climas y tensiones globales: ligereza + poder. Bajo la\" \/>\n<meta property=\"og:url\" content=\"https:\/\/graziamagazine.com\/mx\/articles\/max-mara-ss26-en-mfw-ligereza-armada-y-rococo-moderno\/\" \/>\n<meta property=\"og:site_name\" content=\"Grazia M\u00e9xico y Latinoam\u00e9rica\" \/>\n<meta property=\"og:image\" content=\"https:\/\/graziamagazine.com\/mx\/wp-content\/uploads\/sites\/13\/2025\/09\/Max-Mara-SS26-47-scaled-e1758816628370.jpg\" \/>\n\t<meta property=\"og:image:width\" content=\"1646\" \/>\n\t<meta property=\"og:image:height\" content=\"1284\" \/>\n\t<meta property=\"og:image:type\" content=\"image\/jpeg\" \/>\n<meta name=\"twitter:card\" content=\"summary_large_image\" \/>\n<meta name=\"twitter:label1\" content=\"Est. reading time\" \/>\n\t<meta name=\"twitter:data1\" content=\"6 minutos\" \/>\n<script type=\"application\/ld+json\" class=\"yoast-schema-graph\">{\"@context\":\"https:\/\/schema.org\",\"@graph\":[{\"@type\":\"WebPage\",\"@id\":\"https:\/\/graziamagazine.com\/mx\/articles\/max-mara-ss26-en-mfw-ligereza-armada-y-rococo-moderno\/\",\"url\":\"https:\/\/graziamagazine.com\/mx\/articles\/max-mara-ss26-en-mfw-ligereza-armada-y-rococo-moderno\/\",\"name\":\"Max Mara SS26 en MFW: ligereza armada y rococ\u00f3 moderno | Grazia M\u00e9xico y Latinoam\u00e9rica\",\"isPartOf\":{\"@id\":\"https:\/\/graziamagazine.com\/mx\/#website\"},\"datePublished\":\"2025-09-26T16:05:04+00:00\",\"dateModified\":\"2025-09-26T16:05:04+00:00\",\"description\":\"En esta edici\u00f3n de la Semana de la Moda de Mil\u00e1n, Max Mara confes\u00f3 su f\u00f3rmula para enfrentar climas y tensiones globales: ligereza + poder. Bajo la\",\"breadcrumb\":{\"@id\":\"https:\/\/graziamagazine.com\/mx\/articles\/max-mara-ss26-en-mfw-ligereza-armada-y-rococo-moderno\/#breadcrumb\"},\"inLanguage\":\"es-MX\",\"potentialAction\":[{\"@type\":\"ReadAction\",\"target\":[\"https:\/\/graziamagazine.com\/mx\/articles\/max-mara-ss26-en-mfw-ligereza-armada-y-rococo-moderno\/\"]}]},{\"@type\":\"BreadcrumbList\",\"@id\":\"https:\/\/graziamagazine.com\/mx\/articles\/max-mara-ss26-en-mfw-ligereza-armada-y-rococo-moderno\/#breadcrumb\",\"itemListElement\":[{\"@type\":\"ListItem\",\"position\":1,\"name\":\"Home\",\"item\":\"https:\/\/graziamagazine.com\/mx\/\"},{\"@type\":\"ListItem\",\"position\":2,\"name\":\"Max Mara SS26 en MFW: ligereza armada y rococ\u00f3 moderno\"}]},{\"@type\":\"WebSite\",\"@id\":\"https:\/\/graziamagazine.com\/mx\/#website\",\"url\":\"https:\/\/graziamagazine.com\/mx\/\",\"name\":\"Grazia M\u00e9xico y Latinoam\u00e9rica\",\"description\":\"Grazia es moda, belleza y noticias  de actualidad \",\"potentialAction\":[{\"@type\":\"SearchAction\",\"target\":{\"@type\":\"EntryPoint\",\"urlTemplate\":\"https:\/\/graziamagazine.com\/mx\/?s={search_term_string}\"},\"query-input\":\"required name=search_term_string\"}],\"inLanguage\":\"es-MX\"}]}<\/script>\n<!-- \/ Yoast SEO Premium plugin. -->","yoast_head_json":{"title":"Max Mara SS26 en MFW: ligereza armada y rococ\u00f3 moderno | Grazia M\u00e9xico y Latinoam\u00e9rica","description":"En esta edici\u00f3n de la Semana de la Moda de Mil\u00e1n, Max Mara confes\u00f3 su f\u00f3rmula para enfrentar climas y tensiones globales: ligereza + poder. Bajo la","robots":{"index":"index","follow":"follow","max-snippet":"max-snippet:-1","max-image-preview":"max-image-preview:large","max-video-preview":"max-video-preview:-1"},"canonical":"https:\/\/graziamagazine.com\/mx\/articles\/max-mara-ss26-en-mfw-ligereza-armada-y-rococo-moderno\/","og_locale":"es_MX","og_type":"article","og_title":"Max Mara SS26 en MFW: ligereza armada y rococ\u00f3 moderno","og_description":"En esta edici\u00f3n de la Semana de la Moda de Mil\u00e1n, Max Mara confes\u00f3 su f\u00f3rmula para enfrentar climas y tensiones globales: ligereza + poder. Bajo la","og_url":"https:\/\/graziamagazine.com\/mx\/articles\/max-mara-ss26-en-mfw-ligereza-armada-y-rococo-moderno\/","og_site_name":"Grazia M\u00e9xico y Latinoam\u00e9rica","og_image":[{"width":1646,"height":1284,"url":"https:\/\/graziamagazine.com\/mx\/wp-content\/uploads\/sites\/13\/2025\/09\/Max-Mara-SS26-47-scaled-e1758816628370.jpg","type":"image\/jpeg"}],"twitter_card":"summary_large_image","twitter_misc":{"Est. reading time":"6 minutos"},"schema":{"@context":"https:\/\/schema.org","@graph":[{"@type":"WebPage","@id":"https:\/\/graziamagazine.com\/mx\/articles\/max-mara-ss26-en-mfw-ligereza-armada-y-rococo-moderno\/","url":"https:\/\/graziamagazine.com\/mx\/articles\/max-mara-ss26-en-mfw-ligereza-armada-y-rococo-moderno\/","name":"Max Mara SS26 en MFW: ligereza armada y rococ\u00f3 moderno | Grazia M\u00e9xico y Latinoam\u00e9rica","isPartOf":{"@id":"https:\/\/graziamagazine.com\/mx\/#website"},"datePublished":"2025-09-26T16:05:04+00:00","dateModified":"2025-09-26T16:05:04+00:00","description":"En esta edici\u00f3n de la Semana de la Moda de Mil\u00e1n, Max Mara confes\u00f3 su f\u00f3rmula para enfrentar climas y tensiones globales: ligereza + poder. Bajo la","breadcrumb":{"@id":"https:\/\/graziamagazine.com\/mx\/articles\/max-mara-ss26-en-mfw-ligereza-armada-y-rococo-moderno\/#breadcrumb"},"inLanguage":"es-MX","potentialAction":[{"@type":"ReadAction","target":["https:\/\/graziamagazine.com\/mx\/articles\/max-mara-ss26-en-mfw-ligereza-armada-y-rococo-moderno\/"]}]},{"@type":"BreadcrumbList","@id":"https:\/\/graziamagazine.com\/mx\/articles\/max-mara-ss26-en-mfw-ligereza-armada-y-rococo-moderno\/#breadcrumb","itemListElement":[{"@type":"ListItem","position":1,"name":"Home","item":"https:\/\/graziamagazine.com\/mx\/"},{"@type":"ListItem","position":2,"name":"Max Mara SS26 en MFW: ligereza armada y rococ\u00f3 moderno"}]},{"@type":"WebSite","@id":"https:\/\/graziamagazine.com\/mx\/#website","url":"https:\/\/graziamagazine.com\/mx\/","name":"Grazia M\u00e9xico y Latinoam\u00e9rica","description":"Grazia es moda, belleza y noticias  de actualidad ","potentialAction":[{"@type":"SearchAction","target":{"@type":"EntryPoint","urlTemplate":"https:\/\/graziamagazine.com\/mx\/?s={search_term_string}"},"query-input":"required name=search_term_string"}],"inLanguage":"es-MX"}]}},"jetpack_sharing_enabled":true,"distributor_meta":false,"distributor_terms":false,"distributor_media":false,"distributor_original_site_name":"Grazia M\u00e9xico y Latinoam\u00e9rica","distributor_original_site_url":"https:\/\/graziamagazine.com\/mx","push-errors":false,"_links":{"self":[{"href":"https:\/\/graziamagazine.com\/mx\/wp-json\/wp\/v2\/articles\/157301"}],"collection":[{"href":"https:\/\/graziamagazine.com\/mx\/wp-json\/wp\/v2\/articles"}],"about":[{"href":"https:\/\/graziamagazine.com\/mx\/wp-json\/wp\/v2\/types\/articles"}],"author":[{"embeddable":true,"href":"https:\/\/graziamagazine.com\/mx\/wp-json\/wp\/v2\/users\/11653"}],"wp:featuredmedia":[{"embeddable":true,"href":"https:\/\/graziamagazine.com\/mx\/wp-json\/wp\/v2\/media\/157302"}],"wp:attachment":[{"href":"https:\/\/graziamagazine.com\/mx\/wp-json\/wp\/v2\/media?parent=157301"}],"wp:term":[{"taxonomy":"category","embeddable":true,"href":"https:\/\/graziamagazine.com\/mx\/wp-json\/wp\/v2\/categories?post=157301"}],"curies":[{"name":"wp","href":"https:\/\/api.w.org\/{rel}","templated":true}]}}