{"id":157268,"date":"2025-09-25T13:37:00","date_gmt":"2025-09-25T18:37:00","guid":{"rendered":"https:\/\/graziamagazine.com\/mx\/?post_type=articles&#038;p=157268"},"modified":"2025-09-25T13:38:13","modified_gmt":"2025-09-25T18:38:13","slug":"las-unas-cortas-son-la-tendencia-de-otono","status":"publish","type":"articles","link":"https:\/\/graziamagazine.com\/mx\/articles\/las-unas-cortas-son-la-tendencia-de-otono\/","title":{"rendered":"Las u\u00f1as cortas son la tendencia de oto\u00f1o"},"content":{"rendered":"<p><span style=\"font-weight: 400\">Las u\u00f1as largas y con dise\u00f1os elaborados han dominado el panorama de la belleza durante las \u00faltimas temporadas, pero el oto\u00f1o llega con un giro inesperado y elegante: las u\u00f1as cortas se coronan como la nueva tendencia.\u00a0<\/span><\/p>\n<p><span style=\"font-weight: 400\">Las u\u00f1as cortas son funcionales y f\u00e1ciles de mantener, y tambi\u00e9n representan un regreso a lo natural, a esa esencia limpia y discreta que transmite confianza sin necesidad de exagerar.\u00a0<\/span><\/p>\n<p><img loading=\"lazy\" decoding=\"async\" class=\"alignnone size-full wp-image-157271\" src=\"https:\/\/graziamagazine.com\/mx\/wp-content\/uploads\/sites\/13\/2025\/09\/4984.jpg\" alt=\"\" width=\"426\" height=\"429\" srcset=\"https:\/\/graziamagazine.com\/mx\/wp-content\/uploads\/sites\/13\/2025\/09\/4984.jpg 426w, https:\/\/graziamagazine.com\/mx\/wp-content\/uploads\/sites\/13\/2025\/09\/4984-150x150.jpg 150w, https:\/\/graziamagazine.com\/mx\/wp-content\/uploads\/sites\/13\/2025\/09\/4984-400x403.jpg 400w, https:\/\/graziamagazine.com\/mx\/wp-content\/uploads\/sites\/13\/2025\/09\/4984-155x156.jpg 155w\" sizes=\"(max-width: 426px) 100vw, 426px\" \/><\/p>\n<p><span style=\"font-weight: 400\">Algunas de nuestras celebridades favoritas como Selena Gomez, Olivia Rodrigo y Margot Robbie han apostado por este estilo, consolidando la tendencia como un must de temporada.<\/span><\/p>\n<p><span style=\"font-weight: 400\">Desde los cl\u00e1sicos nude y beige hasta los burgundy profundos, chocolate, ciruela y grises, la paleta oto\u00f1al encuentra en las u\u00f1as cortas el lienzo perfecto para destacar. Incluso los esmaltes con acabado met\u00e1lico o perlado encuentran un equilibrio ideal en este formato.<\/span><\/p>\n<p><img loading=\"lazy\" decoding=\"async\" class=\"alignnone size-medium wp-image-157269\" src=\"https:\/\/graziamagazine.com\/mx\/wp-content\/uploads\/sites\/13\/2025\/09\/848-3-450x385.jpg\" alt=\"\" width=\"450\" height=\"385\" srcset=\"https:\/\/graziamagazine.com\/mx\/wp-content\/uploads\/sites\/13\/2025\/09\/848-3-450x385.jpg 450w, https:\/\/graziamagazine.com\/mx\/wp-content\/uploads\/sites\/13\/2025\/09\/848-3-400x343.jpg 400w, https:\/\/graziamagazine.com\/mx\/wp-content\/uploads\/sites\/13\/2025\/09\/848-3-155x133.jpg 155w, https:\/\/graziamagazine.com\/mx\/wp-content\/uploads\/sites\/13\/2025\/09\/848-3.jpg 508w\" sizes=\"(max-width: 450px) 100vw, 450px\" \/><\/p>\n<p><span style=\"font-weight: 400\">Otra de las ventajas de las u\u00f1as cortas es la libertad que ofrecen para jugar con texturas y dise\u00f1os m\u00e1s sutiles. Los detalles minimalistas, como las l\u00edneas finas, los puntos o los toques de brillo en una u\u00f1a espec\u00edfica, elevan el look sin perder la esencia que caracteriza esta tendencia.\u00a0<\/span><\/p>\n<p><span style=\"font-weight: 400\">En definitiva, se trata de un estilo moderno y pr\u00e1ctico, perfecto para lucir nuestras manos este oto\u00f1o.<\/span><\/p>\n<p><img loading=\"lazy\" decoding=\"async\" class=\"alignnone size-full wp-image-157272\" src=\"https:\/\/graziamagazine.com\/mx\/wp-content\/uploads\/sites\/13\/2025\/09\/5961.jpg\" alt=\"\" width=\"423\" height=\"434\" srcset=\"https:\/\/graziamagazine.com\/mx\/wp-content\/uploads\/sites\/13\/2025\/09\/5961.jpg 423w, https:\/\/graziamagazine.com\/mx\/wp-content\/uploads\/sites\/13\/2025\/09\/5961-400x410.jpg 400w, https:\/\/graziamagazine.com\/mx\/wp-content\/uploads\/sites\/13\/2025\/09\/5961-155x159.jpg 155w\" sizes=\"(max-width: 423px) 100vw, 423px\" \/><\/p>\n","protected":false},"author":11628,"featured_media":157270,"template":"","format":"standard","categories":[3],"acf":[],"yoast_head":"<!-- This site is optimized with the Yoast SEO Premium plugin v18.5 (Yoast SEO v20.4) - https:\/\/yoast.com\/wordpress\/plugins\/seo\/ -->\n<title>Las u\u00f1as cortas son la tendencia de oto\u00f1o<\/title>\n<meta name=\"description\" content=\"Las u\u00f1as largas y con dise\u00f1os elaborados han dominado el panorama de la belleza durante las \u00faltimas temporadas, pero el oto\u00f1o llega con un giro inesperado\" \/>\n<meta name=\"robots\" content=\"index, follow, max-snippet:-1, max-image-preview:large, max-video-preview:-1\" \/>\n<link rel=\"canonical\" href=\"https:\/\/graziamagazine.com\/mx\/articles\/las-unas-cortas-son-la-tendencia-de-otono\/\" \/>\n<meta property=\"og:locale\" content=\"es_MX\" \/>\n<meta property=\"og:type\" content=\"article\" \/>\n<meta property=\"og:title\" content=\"Las u\u00f1as cortas son la tendencia de oto\u00f1o\" \/>\n<meta property=\"og:description\" content=\"Las u\u00f1as largas y con dise\u00f1os elaborados han dominado el panorama de la belleza durante las \u00faltimas temporadas, pero el oto\u00f1o llega con un giro inesperado\" \/>\n<meta property=\"og:url\" content=\"https:\/\/graziamagazine.com\/mx\/articles\/las-unas-cortas-son-la-tendencia-de-otono\/\" \/>\n<meta property=\"og:site_name\" content=\"Grazia M\u00e9xico y Latinoam\u00e9rica\" \/>\n<meta property=\"article:modified_time\" content=\"2025-09-25T18:38:13+00:00\" \/>\n<meta property=\"og:image\" content=\"https:\/\/graziamagazine.com\/mx\/wp-content\/uploads\/sites\/13\/2025\/09\/898.jpg\" \/>\n\t<meta property=\"og:image:width\" content=\"526\" \/>\n\t<meta property=\"og:image:height\" content=\"339\" \/>\n\t<meta property=\"og:image:type\" content=\"image\/jpeg\" \/>\n<meta name=\"twitter:card\" content=\"summary_large_image\" \/>\n<meta name=\"twitter:label1\" content=\"Est. reading time\" \/>\n\t<meta name=\"twitter:data1\" content=\"2 minutos\" \/>\n<script type=\"application\/ld+json\" class=\"yoast-schema-graph\">{\"@context\":\"https:\/\/schema.org\",\"@graph\":[{\"@type\":\"WebPage\",\"@id\":\"https:\/\/graziamagazine.com\/mx\/articles\/las-unas-cortas-son-la-tendencia-de-otono\/\",\"url\":\"https:\/\/graziamagazine.com\/mx\/articles\/las-unas-cortas-son-la-tendencia-de-otono\/\",\"name\":\"Las u\u00f1as cortas son la tendencia de oto\u00f1o\",\"isPartOf\":{\"@id\":\"https:\/\/graziamagazine.com\/mx\/#website\"},\"datePublished\":\"2025-09-25T18:37:00+00:00\",\"dateModified\":\"2025-09-25T18:38:13+00:00\",\"description\":\"Las u\u00f1as largas y con dise\u00f1os elaborados han dominado el panorama de la belleza durante las \u00faltimas temporadas, pero el oto\u00f1o llega con un giro inesperado\",\"breadcrumb\":{\"@id\":\"https:\/\/graziamagazine.com\/mx\/articles\/las-unas-cortas-son-la-tendencia-de-otono\/#breadcrumb\"},\"inLanguage\":\"es-MX\",\"potentialAction\":[{\"@type\":\"ReadAction\",\"target\":[\"https:\/\/graziamagazine.com\/mx\/articles\/las-unas-cortas-son-la-tendencia-de-otono\/\"]}]},{\"@type\":\"BreadcrumbList\",\"@id\":\"https:\/\/graziamagazine.com\/mx\/articles\/las-unas-cortas-son-la-tendencia-de-otono\/#breadcrumb\",\"itemListElement\":[{\"@type\":\"ListItem\",\"position\":1,\"name\":\"Home\",\"item\":\"https:\/\/graziamagazine.com\/mx\/\"},{\"@type\":\"ListItem\",\"position\":2,\"name\":\"Las u\u00f1as cortas son la tendencia de oto\u00f1o\"}]},{\"@type\":\"WebSite\",\"@id\":\"https:\/\/graziamagazine.com\/mx\/#website\",\"url\":\"https:\/\/graziamagazine.com\/mx\/\",\"name\":\"Grazia M\u00e9xico y Latinoam\u00e9rica\",\"description\":\"Grazia es moda, belleza y noticias  de actualidad \",\"potentialAction\":[{\"@type\":\"SearchAction\",\"target\":{\"@type\":\"EntryPoint\",\"urlTemplate\":\"https:\/\/graziamagazine.com\/mx\/?s={search_term_string}\"},\"query-input\":\"required name=search_term_string\"}],\"inLanguage\":\"es-MX\"}]}<\/script>\n<!-- \/ Yoast SEO Premium plugin. -->","yoast_head_json":{"title":"Las u\u00f1as cortas son la tendencia de oto\u00f1o","description":"Las u\u00f1as largas y con dise\u00f1os elaborados han dominado el panorama de la belleza durante las \u00faltimas temporadas, pero el oto\u00f1o llega con un giro inesperado","robots":{"index":"index","follow":"follow","max-snippet":"max-snippet:-1","max-image-preview":"max-image-preview:large","max-video-preview":"max-video-preview:-1"},"canonical":"https:\/\/graziamagazine.com\/mx\/articles\/las-unas-cortas-son-la-tendencia-de-otono\/","og_locale":"es_MX","og_type":"article","og_title":"Las u\u00f1as cortas son la tendencia de oto\u00f1o","og_description":"Las u\u00f1as largas y con dise\u00f1os elaborados han dominado el panorama de la belleza durante las \u00faltimas temporadas, pero el oto\u00f1o llega con un giro inesperado","og_url":"https:\/\/graziamagazine.com\/mx\/articles\/las-unas-cortas-son-la-tendencia-de-otono\/","og_site_name":"Grazia M\u00e9xico y Latinoam\u00e9rica","article_modified_time":"2025-09-25T18:38:13+00:00","og_image":[{"width":526,"height":339,"url":"https:\/\/graziamagazine.com\/mx\/wp-content\/uploads\/sites\/13\/2025\/09\/898.jpg","type":"image\/jpeg"}],"twitter_card":"summary_large_image","twitter_misc":{"Est. reading time":"2 minutos"},"schema":{"@context":"https:\/\/schema.org","@graph":[{"@type":"WebPage","@id":"https:\/\/graziamagazine.com\/mx\/articles\/las-unas-cortas-son-la-tendencia-de-otono\/","url":"https:\/\/graziamagazine.com\/mx\/articles\/las-unas-cortas-son-la-tendencia-de-otono\/","name":"Las u\u00f1as cortas son la tendencia de oto\u00f1o","isPartOf":{"@id":"https:\/\/graziamagazine.com\/mx\/#website"},"datePublished":"2025-09-25T18:37:00+00:00","dateModified":"2025-09-25T18:38:13+00:00","description":"Las u\u00f1as largas y con dise\u00f1os elaborados han dominado el panorama de la belleza durante las \u00faltimas temporadas, pero el oto\u00f1o llega con un giro inesperado","breadcrumb":{"@id":"https:\/\/graziamagazine.com\/mx\/articles\/las-unas-cortas-son-la-tendencia-de-otono\/#breadcrumb"},"inLanguage":"es-MX","potentialAction":[{"@type":"ReadAction","target":["https:\/\/graziamagazine.com\/mx\/articles\/las-unas-cortas-son-la-tendencia-de-otono\/"]}]},{"@type":"BreadcrumbList","@id":"https:\/\/graziamagazine.com\/mx\/articles\/las-unas-cortas-son-la-tendencia-de-otono\/#breadcrumb","itemListElement":[{"@type":"ListItem","position":1,"name":"Home","item":"https:\/\/graziamagazine.com\/mx\/"},{"@type":"ListItem","position":2,"name":"Las u\u00f1as cortas son la tendencia de oto\u00f1o"}]},{"@type":"WebSite","@id":"https:\/\/graziamagazine.com\/mx\/#website","url":"https:\/\/graziamagazine.com\/mx\/","name":"Grazia M\u00e9xico y Latinoam\u00e9rica","description":"Grazia es moda, belleza y noticias  de actualidad ","potentialAction":[{"@type":"SearchAction","target":{"@type":"EntryPoint","urlTemplate":"https:\/\/graziamagazine.com\/mx\/?s={search_term_string}"},"query-input":"required name=search_term_string"}],"inLanguage":"es-MX"}]}},"jetpack_sharing_enabled":true,"distributor_meta":false,"distributor_terms":false,"distributor_media":false,"distributor_original_site_name":"Grazia M\u00e9xico y Latinoam\u00e9rica","distributor_original_site_url":"https:\/\/graziamagazine.com\/mx","push-errors":false,"_links":{"self":[{"href":"https:\/\/graziamagazine.com\/mx\/wp-json\/wp\/v2\/articles\/157268"}],"collection":[{"href":"https:\/\/graziamagazine.com\/mx\/wp-json\/wp\/v2\/articles"}],"about":[{"href":"https:\/\/graziamagazine.com\/mx\/wp-json\/wp\/v2\/types\/articles"}],"author":[{"embeddable":true,"href":"https:\/\/graziamagazine.com\/mx\/wp-json\/wp\/v2\/users\/11628"}],"wp:featuredmedia":[{"embeddable":true,"href":"https:\/\/graziamagazine.com\/mx\/wp-json\/wp\/v2\/media\/157270"}],"wp:attachment":[{"href":"https:\/\/graziamagazine.com\/mx\/wp-json\/wp\/v2\/media?parent=157268"}],"wp:term":[{"taxonomy":"category","embeddable":true,"href":"https:\/\/graziamagazine.com\/mx\/wp-json\/wp\/v2\/categories?post=157268"}],"curies":[{"name":"wp","href":"https:\/\/api.w.org\/{rel}","templated":true}]}}