{"id":156870,"date":"2025-09-24T11:24:11","date_gmt":"2025-09-24T16:24:11","guid":{"rendered":"https:\/\/graziamagazine.com\/mx\/?post_type=articles&#038;p=156870"},"modified":"2025-09-24T12:06:39","modified_gmt":"2025-09-24T17:06:39","slug":"por-tercer-ano-consecutivo-louis-vuitton-ha-creado-el-baul-de-trofeo-oficial-para-el-ballon-dor-2025","status":"publish","type":"articles","link":"https:\/\/graziamagazine.com\/mx\/articles\/por-tercer-ano-consecutivo-louis-vuitton-ha-creado-el-baul-de-trofeo-oficial-para-el-ballon-dor-2025\/","title":{"rendered":"Por tercer a\u00f1o consecutivo, Louis Vuitton ha creado el Ba\u00fal de Trofeo oficial para el Ballon d\u2019Or 2025"},"content":{"rendered":"<article class=\"text-token-text-primary w-full focus:outline-none scroll-mt-[calc(var(--header-height)+min(200px,max(70px,20svh)))]\" dir=\"auto\" data-turn-id=\"request-WEB:a0a1fd6c-e2ab-4efe-b6df-8e4de7d61dc0-1\" data-testid=\"conversation-turn-4\" data-scroll-anchor=\"false\" data-turn=\"assistant\">\n<div class=\"text-base my-auto mx-auto [--thread-content-margin:--spacing(4)] thread-sm:[--thread-content-margin:--spacing(6)] thread-lg:[--thread-content-margin:--spacing(16)] px-(--thread-content-margin)\">\n<div class=\"[--thread-content-max-width:40rem] thread-lg:[--thread-content-max-width:48rem] mx-auto max-w-(--thread-content-max-width) flex-1 group\/turn-messages focus-visible:outline-hidden relative flex w-full min-w-0 flex-col agent-turn\">\n<div class=\"flex max-w-full flex-col grow\">\n<div class=\"min-h-8 text-message relative flex w-full flex-col items-end gap-2 text-start break-words whitespace-normal [.text-message+&amp;]:mt-5\" dir=\"auto\" data-message-author-role=\"assistant\" data-message-id=\"44ca3798-1200-43bd-a819-891885ea147c\" data-message-model-slug=\"gpt-5\">\n<div class=\"flex w-full flex-col gap-1 empty:hidden first:pt-[3px]\">\n<div class=\"markdown prose dark:prose-invert w-full break-words light markdown-new-styling\">\n<p data-start=\"0\" data-end=\"532\" data-is-last-node=\"\" data-is-only-node=\"\">En la ceremonia del Bal\u00f3n de Oro 2025, las leyendas internacionales del f\u00fatbol Ousmane Demb\u00e9l\u00e9 (delantero en el Paris Saint-Germain) y Aitana Bonmat\u00ed (jugadora del Barcelona) recibieron el galard\u00f3n m\u00e1s prestigioso del mundo del f\u00fatbol. Ambos trofeos fueron presentados en sus exclusivos Louis Vuitton Trophy Trunks, ba\u00fales oficiales fabricados a mano por los maestros artesanos de la Maison en Asni\u00e8res, a las afueras de Par\u00eds.<\/p>\n<figure id=\"attachment_156887\" aria-describedby=\"caption-attachment-156887\" style=\"width: 1280px\" class=\"wp-caption alignnone\"><img loading=\"lazy\" decoding=\"async\" class=\"wp-image-156887 size-full\" src=\"https:\/\/graziamagazine.com\/mx\/wp-content\/uploads\/sites\/13\/2025\/09\/por-tercer-ano-consecutivo-louis-vuitton-ha-creado-el-baul-de-trofeo-oficial-para-el-ballon-dor-2025-6-1.jpg\" alt=\"Por tercer a\u00f1o consecutivo, Louis Vuitton ha creado el Ba\u00fal de Trofeo oficial para el Ballon d\u2019Or 2025\" width=\"1280\" height=\"720\" srcset=\"https:\/\/graziamagazine.com\/mx\/wp-content\/uploads\/sites\/13\/2025\/09\/por-tercer-ano-consecutivo-louis-vuitton-ha-creado-el-baul-de-trofeo-oficial-para-el-ballon-dor-2025-6-1.jpg 1280w, https:\/\/graziamagazine.com\/mx\/wp-content\/uploads\/sites\/13\/2025\/09\/por-tercer-ano-consecutivo-louis-vuitton-ha-creado-el-baul-de-trofeo-oficial-para-el-ballon-dor-2025-6-1-450x253.jpg 450w, https:\/\/graziamagazine.com\/mx\/wp-content\/uploads\/sites\/13\/2025\/09\/por-tercer-ano-consecutivo-louis-vuitton-ha-creado-el-baul-de-trofeo-oficial-para-el-ballon-dor-2025-6-1-1024x576.jpg 1024w, https:\/\/graziamagazine.com\/mx\/wp-content\/uploads\/sites\/13\/2025\/09\/por-tercer-ano-consecutivo-louis-vuitton-ha-creado-el-baul-de-trofeo-oficial-para-el-ballon-dor-2025-6-1-768x432.jpg 768w, https:\/\/graziamagazine.com\/mx\/wp-content\/uploads\/sites\/13\/2025\/09\/por-tercer-ano-consecutivo-louis-vuitton-ha-creado-el-baul-de-trofeo-oficial-para-el-ballon-dor-2025-6-1-400x225.jpg 400w, https:\/\/graziamagazine.com\/mx\/wp-content\/uploads\/sites\/13\/2025\/09\/por-tercer-ano-consecutivo-louis-vuitton-ha-creado-el-baul-de-trofeo-oficial-para-el-ballon-dor-2025-6-1-155x87.jpg 155w\" sizes=\"(max-width: 1280px) 100vw, 1280px\" \/><figcaption id=\"caption-attachment-156887\" class=\"wp-caption-text\">Ousmane Demb\u00e9l\u00e9 y Aitana Bonmat\u00ed fueron galardonados con el premio de f\u00fatbol m\u00e1s prestigioso del mundo.<\/figcaption><\/figure>\n<figure id=\"attachment_156888\" aria-describedby=\"caption-attachment-156888\" style=\"width: 1280px\" class=\"wp-caption alignnone\"><img loading=\"lazy\" decoding=\"async\" class=\"wp-image-156888 size-full\" src=\"https:\/\/graziamagazine.com\/mx\/wp-content\/uploads\/sites\/13\/2025\/09\/por-tercer-ano-consecutivo-louis-vuitton-ha-creado-el-baul-de-trofeo-oficial-para-el-ballon-dor-2025-6.jpg\" alt=\"Por tercer a\u00f1o consecutivo, Louis Vuitton ha creado el Ba\u00fal de Trofeo oficial para el Ballon d\u2019Or 2025\" width=\"1280\" height=\"720\" srcset=\"https:\/\/graziamagazine.com\/mx\/wp-content\/uploads\/sites\/13\/2025\/09\/por-tercer-ano-consecutivo-louis-vuitton-ha-creado-el-baul-de-trofeo-oficial-para-el-ballon-dor-2025-6.jpg 1280w, https:\/\/graziamagazine.com\/mx\/wp-content\/uploads\/sites\/13\/2025\/09\/por-tercer-ano-consecutivo-louis-vuitton-ha-creado-el-baul-de-trofeo-oficial-para-el-ballon-dor-2025-6-450x253.jpg 450w, https:\/\/graziamagazine.com\/mx\/wp-content\/uploads\/sites\/13\/2025\/09\/por-tercer-ano-consecutivo-louis-vuitton-ha-creado-el-baul-de-trofeo-oficial-para-el-ballon-dor-2025-6-1024x576.jpg 1024w, https:\/\/graziamagazine.com\/mx\/wp-content\/uploads\/sites\/13\/2025\/09\/por-tercer-ano-consecutivo-louis-vuitton-ha-creado-el-baul-de-trofeo-oficial-para-el-ballon-dor-2025-6-768x432.jpg 768w, https:\/\/graziamagazine.com\/mx\/wp-content\/uploads\/sites\/13\/2025\/09\/por-tercer-ano-consecutivo-louis-vuitton-ha-creado-el-baul-de-trofeo-oficial-para-el-ballon-dor-2025-6-400x225.jpg 400w, https:\/\/graziamagazine.com\/mx\/wp-content\/uploads\/sites\/13\/2025\/09\/por-tercer-ano-consecutivo-louis-vuitton-ha-creado-el-baul-de-trofeo-oficial-para-el-ballon-dor-2025-6-155x87.jpg 155w\" sizes=\"(max-width: 1280px) 100vw, 1280px\" \/><figcaption id=\"caption-attachment-156888\" class=\"wp-caption-text\">Aitana Bonmat\u00ed fue reconocida con el Bal\u00f3n de Oro\u00ae 2025, consolid\u00e1ndose como una de las futbolistas m\u00e1s destacadas del mundo.<\/figcaption><\/figure>\n<figure id=\"attachment_156886\" aria-describedby=\"caption-attachment-156886\" style=\"width: 1280px\" class=\"wp-caption alignnone\"><img loading=\"lazy\" decoding=\"async\" class=\"wp-image-156886 size-full\" src=\"https:\/\/graziamagazine.com\/mx\/wp-content\/uploads\/sites\/13\/2025\/09\/por-tercer-ano-consecutivo-louis-vuitton-ha-creado-el-baul-de-trofeo-oficial-para-el-ballon-dor-2025-5.jpg\" alt=\"Por tercer a\u00f1o consecutivo, Louis Vuitton ha creado el Ba\u00fal de Trofeo oficial para el Ballon d\u2019Or 2025\" width=\"1280\" height=\"720\" srcset=\"https:\/\/graziamagazine.com\/mx\/wp-content\/uploads\/sites\/13\/2025\/09\/por-tercer-ano-consecutivo-louis-vuitton-ha-creado-el-baul-de-trofeo-oficial-para-el-ballon-dor-2025-5.jpg 1280w, https:\/\/graziamagazine.com\/mx\/wp-content\/uploads\/sites\/13\/2025\/09\/por-tercer-ano-consecutivo-louis-vuitton-ha-creado-el-baul-de-trofeo-oficial-para-el-ballon-dor-2025-5-450x253.jpg 450w, https:\/\/graziamagazine.com\/mx\/wp-content\/uploads\/sites\/13\/2025\/09\/por-tercer-ano-consecutivo-louis-vuitton-ha-creado-el-baul-de-trofeo-oficial-para-el-ballon-dor-2025-5-1024x576.jpg 1024w, https:\/\/graziamagazine.com\/mx\/wp-content\/uploads\/sites\/13\/2025\/09\/por-tercer-ano-consecutivo-louis-vuitton-ha-creado-el-baul-de-trofeo-oficial-para-el-ballon-dor-2025-5-768x432.jpg 768w, https:\/\/graziamagazine.com\/mx\/wp-content\/uploads\/sites\/13\/2025\/09\/por-tercer-ano-consecutivo-louis-vuitton-ha-creado-el-baul-de-trofeo-oficial-para-el-ballon-dor-2025-5-400x225.jpg 400w, https:\/\/graziamagazine.com\/mx\/wp-content\/uploads\/sites\/13\/2025\/09\/por-tercer-ano-consecutivo-louis-vuitton-ha-creado-el-baul-de-trofeo-oficial-para-el-ballon-dor-2025-5-155x87.jpg 155w\" sizes=\"(max-width: 1280px) 100vw, 1280px\" \/><figcaption id=\"caption-attachment-156886\" class=\"wp-caption-text\">Ousmane Demb\u00e9l\u00e9 recibi\u00f3 el Bal\u00f3n de Oro\u00ae 2025, celebrando su trayectoria y excelencia en el f\u00fatbol internacional.<\/figcaption><\/figure>\n<h2 data-start=\"0\" data-end=\"532\">Los ba\u00fales de trofeo de Louis Vuitton para el Ballon d&#8217;Or 2025<\/h2>\n<p data-start=\"0\" data-end=\"852\">Por tercer a\u00f1o consecutivo, Louis Vuitton ha creado los dos Trophy Trunks de la ceremonia del Bal\u00f3n de Oro 2025 como parte de su colaboraci\u00f3n con la UEFA y France Football. Hechos a la medida y elaborados a mano por los artesanos de la Maison en los hist\u00f3ricos talleres de Asni\u00e8res, ambos ba\u00fales est\u00e1n adornados con el emblem\u00e1tico lienzo Monogram. Cada uno se abre con dos paneles frontales que llevan una \u201cV\u201d, que simboliza tanto \u201cVictoria\u201d como \u201cVuitton\u201d, pintada en dorado, un color especial en referencia al Bal\u00f3n de Oro. El exterior est\u00e1 realzado con las distintivas lozines de Louis Vuitton y con las esquinas, cerraduras y herrajes de lat\u00f3n que han formado parte de los ba\u00fales de la Maison por m\u00e1s de 160 a\u00f1os. El interior de cada Trophy Trunk est\u00e1 forrado en microfibra negra y presenta el logotipo del Bal\u00f3n de Oro bordado en la cubierta.<\/p>\n<figure id=\"attachment_156889\" aria-describedby=\"caption-attachment-156889\" style=\"width: 1280px\" class=\"wp-caption alignnone\"><img loading=\"lazy\" decoding=\"async\" class=\"wp-image-156889 size-full\" src=\"https:\/\/graziamagazine.com\/mx\/wp-content\/uploads\/sites\/13\/2025\/09\/por-tercer-ano-consecutivo-louis-vuitton-ha-creado-el-baul-de-trofeo-oficial-para-el-ballon-dor-2025-8.jpg\" alt=\"Por tercer a\u00f1o consecutivo, Louis Vuitton ha creado el Ba\u00fal de Trofeo oficial para el Ballon d\u2019Or 2025\" width=\"1280\" height=\"720\" srcset=\"https:\/\/graziamagazine.com\/mx\/wp-content\/uploads\/sites\/13\/2025\/09\/por-tercer-ano-consecutivo-louis-vuitton-ha-creado-el-baul-de-trofeo-oficial-para-el-ballon-dor-2025-8.jpg 1280w, https:\/\/graziamagazine.com\/mx\/wp-content\/uploads\/sites\/13\/2025\/09\/por-tercer-ano-consecutivo-louis-vuitton-ha-creado-el-baul-de-trofeo-oficial-para-el-ballon-dor-2025-8-450x253.jpg 450w, https:\/\/graziamagazine.com\/mx\/wp-content\/uploads\/sites\/13\/2025\/09\/por-tercer-ano-consecutivo-louis-vuitton-ha-creado-el-baul-de-trofeo-oficial-para-el-ballon-dor-2025-8-1024x576.jpg 1024w, https:\/\/graziamagazine.com\/mx\/wp-content\/uploads\/sites\/13\/2025\/09\/por-tercer-ano-consecutivo-louis-vuitton-ha-creado-el-baul-de-trofeo-oficial-para-el-ballon-dor-2025-8-768x432.jpg 768w, https:\/\/graziamagazine.com\/mx\/wp-content\/uploads\/sites\/13\/2025\/09\/por-tercer-ano-consecutivo-louis-vuitton-ha-creado-el-baul-de-trofeo-oficial-para-el-ballon-dor-2025-8-400x225.jpg 400w, https:\/\/graziamagazine.com\/mx\/wp-content\/uploads\/sites\/13\/2025\/09\/por-tercer-ano-consecutivo-louis-vuitton-ha-creado-el-baul-de-trofeo-oficial-para-el-ballon-dor-2025-8-155x87.jpg 155w\" sizes=\"(max-width: 1280px) 100vw, 1280px\" \/><figcaption id=\"caption-attachment-156889\" class=\"wp-caption-text\">Louis Vuitton cre\u00f3, por tercer a\u00f1o consecutivo, los Trophy Trunks para la ceremonia del Bal\u00f3n de Oro\u00ae 2025.<\/figcaption><\/figure>\n<p data-start=\"0\" data-end=\"532\" data-is-last-node=\"\" data-is-only-node=\"\">Para la ocasi\u00f3n, Louis Vuitton visti\u00f3 a Clara Mateo, delantera internacional francesa del Paris FC, quien luci\u00f3 un vestido halter de sat\u00e9n negro con pliegues, acompa\u00f1ado de una bolsa East-West Mini Capucines en negro y sandalias de sat\u00e9n negro.<\/p>\n<\/div>\n<\/div>\n<\/div>\n<\/div>\n<div class=\"z-0 flex min-h-[46px] justify-start\">Louis Vuitton contin\u00faa honrando su legado al crear ba\u00fales dise\u00f1ados especialmente para resguardar los trofeos de las competiciones deportivas internacionales m\u00e1s prestigiosas. Este proyecto se suma a una serie de creaciones que demuestran la excelencia del savoir-faire de la Maison, reafirmando una vez m\u00e1s que \u201cVictory Travels in Louis Vuitton\u201d.<\/div>\n<div>\n<figure id=\"attachment_156884\" aria-describedby=\"caption-attachment-156884\" style=\"width: 1280px\" class=\"wp-caption alignnone\"><img loading=\"lazy\" decoding=\"async\" class=\"wp-image-156884 size-full\" src=\"https:\/\/graziamagazine.com\/mx\/wp-content\/uploads\/sites\/13\/2025\/09\/por-tercer-ano-consecutivo-louis-vuitton-ha-creado-el-baul-de-trofeo-oficial-para-el-ballon-dor-2025-3.jpg\" alt=\"Por tercer a\u00f1o consecutivo, Louis Vuitton ha creado el Ba\u00fal de Trofeo oficial para el Ballon d\u2019Or 2025\" width=\"1280\" height=\"720\" srcset=\"https:\/\/graziamagazine.com\/mx\/wp-content\/uploads\/sites\/13\/2025\/09\/por-tercer-ano-consecutivo-louis-vuitton-ha-creado-el-baul-de-trofeo-oficial-para-el-ballon-dor-2025-3.jpg 1280w, https:\/\/graziamagazine.com\/mx\/wp-content\/uploads\/sites\/13\/2025\/09\/por-tercer-ano-consecutivo-louis-vuitton-ha-creado-el-baul-de-trofeo-oficial-para-el-ballon-dor-2025-3-450x253.jpg 450w, https:\/\/graziamagazine.com\/mx\/wp-content\/uploads\/sites\/13\/2025\/09\/por-tercer-ano-consecutivo-louis-vuitton-ha-creado-el-baul-de-trofeo-oficial-para-el-ballon-dor-2025-3-1024x576.jpg 1024w, https:\/\/graziamagazine.com\/mx\/wp-content\/uploads\/sites\/13\/2025\/09\/por-tercer-ano-consecutivo-louis-vuitton-ha-creado-el-baul-de-trofeo-oficial-para-el-ballon-dor-2025-3-768x432.jpg 768w, https:\/\/graziamagazine.com\/mx\/wp-content\/uploads\/sites\/13\/2025\/09\/por-tercer-ano-consecutivo-louis-vuitton-ha-creado-el-baul-de-trofeo-oficial-para-el-ballon-dor-2025-3-400x225.jpg 400w, https:\/\/graziamagazine.com\/mx\/wp-content\/uploads\/sites\/13\/2025\/09\/por-tercer-ano-consecutivo-louis-vuitton-ha-creado-el-baul-de-trofeo-oficial-para-el-ballon-dor-2025-3-155x87.jpg 155w\" sizes=\"(max-width: 1280px) 100vw, 1280px\" \/><figcaption id=\"caption-attachment-156884\" class=\"wp-caption-text\">Cada trunk se abre con dos paneles frontales que llevan la letra \u201cV\u201d pintada en dorado, simbolizando \u201cVictoria\u201d y \u201cVuitton\u201d.<\/figcaption><\/figure>\n<figure id=\"attachment_156883\" aria-describedby=\"caption-attachment-156883\" style=\"width: 900px\" class=\"wp-caption alignnone\"><img loading=\"lazy\" decoding=\"async\" class=\"wp-image-156883 size-full\" src=\"https:\/\/graziamagazine.com\/mx\/wp-content\/uploads\/sites\/13\/2025\/09\/por-tercer-ano-consecutivo-louis-vuitton-ha-creado-el-baul-de-trofeo-oficial-para-el-ballon-dor-2025-2.jpg\" alt=\"Por tercer a\u00f1o consecutivo, Louis Vuitton ha creado el Ba\u00fal de Trofeo oficial para el Ballon d\u2019Or 2025\" width=\"900\" height=\"1200\" srcset=\"https:\/\/graziamagazine.com\/mx\/wp-content\/uploads\/sites\/13\/2025\/09\/por-tercer-ano-consecutivo-louis-vuitton-ha-creado-el-baul-de-trofeo-oficial-para-el-ballon-dor-2025-2.jpg 900w, https:\/\/graziamagazine.com\/mx\/wp-content\/uploads\/sites\/13\/2025\/09\/por-tercer-ano-consecutivo-louis-vuitton-ha-creado-el-baul-de-trofeo-oficial-para-el-ballon-dor-2025-2-338x450.jpg 338w, https:\/\/graziamagazine.com\/mx\/wp-content\/uploads\/sites\/13\/2025\/09\/por-tercer-ano-consecutivo-louis-vuitton-ha-creado-el-baul-de-trofeo-oficial-para-el-ballon-dor-2025-2-768x1024.jpg 768w, https:\/\/graziamagazine.com\/mx\/wp-content\/uploads\/sites\/13\/2025\/09\/por-tercer-ano-consecutivo-louis-vuitton-ha-creado-el-baul-de-trofeo-oficial-para-el-ballon-dor-2025-2-400x533.jpg 400w, https:\/\/graziamagazine.com\/mx\/wp-content\/uploads\/sites\/13\/2025\/09\/por-tercer-ano-consecutivo-louis-vuitton-ha-creado-el-baul-de-trofeo-oficial-para-el-ballon-dor-2025-2-155x207.jpg 155w\" sizes=\"(max-width: 900px) 100vw, 900px\" \/><figcaption id=\"caption-attachment-156883\" class=\"wp-caption-text\">El exterior incluye las caracter\u00edsticas lozines, esquinas, cerraduras y herrajes de lat\u00f3n que distinguen a Louis Vuitton desde hace m\u00e1s de 160 a\u00f1os.<\/figcaption><\/figure>\n<figure id=\"attachment_156882\" aria-describedby=\"caption-attachment-156882\" style=\"width: 900px\" class=\"wp-caption alignnone\"><img loading=\"lazy\" decoding=\"async\" class=\"wp-image-156882 size-full\" src=\"https:\/\/graziamagazine.com\/mx\/wp-content\/uploads\/sites\/13\/2025\/09\/por-tercer-ano-consecutivo-louis-vuitton-ha-creado-el-baul-de-trofeo-oficial-para-el-ballon-dor-2025-1.jpg\" alt=\"Por tercer a\u00f1o consecutivo, Louis Vuitton ha creado el Ba\u00fal de Trofeo oficial para el Ballon d\u2019Or 2025\" width=\"900\" height=\"1200\" srcset=\"https:\/\/graziamagazine.com\/mx\/wp-content\/uploads\/sites\/13\/2025\/09\/por-tercer-ano-consecutivo-louis-vuitton-ha-creado-el-baul-de-trofeo-oficial-para-el-ballon-dor-2025-1.jpg 900w, https:\/\/graziamagazine.com\/mx\/wp-content\/uploads\/sites\/13\/2025\/09\/por-tercer-ano-consecutivo-louis-vuitton-ha-creado-el-baul-de-trofeo-oficial-para-el-ballon-dor-2025-1-338x450.jpg 338w, https:\/\/graziamagazine.com\/mx\/wp-content\/uploads\/sites\/13\/2025\/09\/por-tercer-ano-consecutivo-louis-vuitton-ha-creado-el-baul-de-trofeo-oficial-para-el-ballon-dor-2025-1-768x1024.jpg 768w, https:\/\/graziamagazine.com\/mx\/wp-content\/uploads\/sites\/13\/2025\/09\/por-tercer-ano-consecutivo-louis-vuitton-ha-creado-el-baul-de-trofeo-oficial-para-el-ballon-dor-2025-1-400x533.jpg 400w, https:\/\/graziamagazine.com\/mx\/wp-content\/uploads\/sites\/13\/2025\/09\/por-tercer-ano-consecutivo-louis-vuitton-ha-creado-el-baul-de-trofeo-oficial-para-el-ballon-dor-2025-1-155x207.jpg 155w\" sizes=\"(max-width: 900px) 100vw, 900px\" \/><figcaption id=\"caption-attachment-156882\" class=\"wp-caption-text\">Los Trophy Trunks de Louis Vuitton est\u00e1n dise\u00f1ados para custodiar trofeos de las competiciones deportivas internacionales m\u00e1s prestigiosas.<\/figcaption><\/figure>\n<\/div>\n<\/div>\n<\/div>\n<\/article>\n","protected":false},"author":42761,"featured_media":156885,"template":"","format":"standard","categories":[12517],"acf":[],"yoast_head":"<!-- This site is optimized with the Yoast SEO Premium plugin v18.5 (Yoast SEO v20.4) - https:\/\/yoast.com\/wordpress\/plugins\/seo\/ -->\n<title>Por tercer a\u00f1o consecutivo, Louis Vuitton ha creado el Ba\u00fal de Trofeo oficial para el Ballon d\u2019Or 2025 | Grazia M\u00e9xico y Latinoam\u00e9rica<\/title>\n<meta name=\"description\" content=\"En la ceremonia del Bal\u00f3n de Oro 2025, las leyendas internacionales del f\u00fatbol Ousmane Demb\u00e9l\u00e9 (delantero en el Paris Saint-Germain) y Aitana Bonmat\u00ed\" \/>\n<meta name=\"robots\" content=\"index, follow, max-snippet:-1, max-image-preview:large, max-video-preview:-1\" \/>\n<link rel=\"canonical\" href=\"https:\/\/graziamagazine.com\/mx\/articles\/por-tercer-ano-consecutivo-louis-vuitton-ha-creado-el-baul-de-trofeo-oficial-para-el-ballon-dor-2025\/\" \/>\n<meta property=\"og:locale\" content=\"es_MX\" \/>\n<meta property=\"og:type\" content=\"article\" \/>\n<meta property=\"og:title\" content=\"Por tercer a\u00f1o consecutivo, Louis Vuitton ha creado el Ba\u00fal de Trofeo oficial para el Ballon d\u2019Or 2025\" \/>\n<meta property=\"og:description\" content=\"En la ceremonia del Bal\u00f3n de Oro 2025, las leyendas internacionales del f\u00fatbol Ousmane Demb\u00e9l\u00e9 (delantero en el Paris Saint-Germain) y Aitana Bonmat\u00ed\" \/>\n<meta property=\"og:url\" content=\"https:\/\/graziamagazine.com\/mx\/articles\/por-tercer-ano-consecutivo-louis-vuitton-ha-creado-el-baul-de-trofeo-oficial-para-el-ballon-dor-2025\/\" \/>\n<meta property=\"og:site_name\" content=\"Grazia M\u00e9xico y Latinoam\u00e9rica\" \/>\n<meta property=\"article:modified_time\" content=\"2025-09-24T17:06:39+00:00\" \/>\n<meta property=\"og:image\" content=\"https:\/\/graziamagazine.com\/mx\/wp-content\/uploads\/sites\/13\/2025\/09\/por-tercer-ano-consecutivo-louis-vuitton-ha-creado-el-baul-de-trofeo-oficial-para-el-ballon-dor-2025-4.jpg\" \/>\n\t<meta property=\"og:image:width\" content=\"1280\" \/>\n\t<meta property=\"og:image:height\" content=\"720\" \/>\n\t<meta property=\"og:image:type\" content=\"image\/jpeg\" \/>\n<meta name=\"twitter:card\" content=\"summary_large_image\" \/>\n<meta name=\"twitter:label1\" content=\"Est. reading time\" \/>\n\t<meta name=\"twitter:data1\" content=\"4 minutos\" \/>\n<script type=\"application\/ld+json\" class=\"yoast-schema-graph\">{\"@context\":\"https:\/\/schema.org\",\"@graph\":[{\"@type\":\"WebPage\",\"@id\":\"https:\/\/graziamagazine.com\/mx\/articles\/por-tercer-ano-consecutivo-louis-vuitton-ha-creado-el-baul-de-trofeo-oficial-para-el-ballon-dor-2025\/\",\"url\":\"https:\/\/graziamagazine.com\/mx\/articles\/por-tercer-ano-consecutivo-louis-vuitton-ha-creado-el-baul-de-trofeo-oficial-para-el-ballon-dor-2025\/\",\"name\":\"Por tercer a\u00f1o consecutivo, Louis Vuitton ha creado el Ba\u00fal de Trofeo oficial para el Ballon d\u2019Or 2025 | Grazia M\u00e9xico y Latinoam\u00e9rica\",\"isPartOf\":{\"@id\":\"https:\/\/graziamagazine.com\/mx\/#website\"},\"datePublished\":\"2025-09-24T16:24:11+00:00\",\"dateModified\":\"2025-09-24T17:06:39+00:00\",\"description\":\"En la ceremonia del Bal\u00f3n de Oro 2025, las leyendas internacionales del f\u00fatbol Ousmane Demb\u00e9l\u00e9 (delantero en el Paris Saint-Germain) y Aitana Bonmat\u00ed\",\"breadcrumb\":{\"@id\":\"https:\/\/graziamagazine.com\/mx\/articles\/por-tercer-ano-consecutivo-louis-vuitton-ha-creado-el-baul-de-trofeo-oficial-para-el-ballon-dor-2025\/#breadcrumb\"},\"inLanguage\":\"es-MX\",\"potentialAction\":[{\"@type\":\"ReadAction\",\"target\":[\"https:\/\/graziamagazine.com\/mx\/articles\/por-tercer-ano-consecutivo-louis-vuitton-ha-creado-el-baul-de-trofeo-oficial-para-el-ballon-dor-2025\/\"]}]},{\"@type\":\"BreadcrumbList\",\"@id\":\"https:\/\/graziamagazine.com\/mx\/articles\/por-tercer-ano-consecutivo-louis-vuitton-ha-creado-el-baul-de-trofeo-oficial-para-el-ballon-dor-2025\/#breadcrumb\",\"itemListElement\":[{\"@type\":\"ListItem\",\"position\":1,\"name\":\"Home\",\"item\":\"https:\/\/graziamagazine.com\/mx\/\"},{\"@type\":\"ListItem\",\"position\":2,\"name\":\"Por tercer a\u00f1o consecutivo, Louis Vuitton ha creado el Ba\u00fal de Trofeo oficial para el Ballon d\u2019Or 2025\"}]},{\"@type\":\"WebSite\",\"@id\":\"https:\/\/graziamagazine.com\/mx\/#website\",\"url\":\"https:\/\/graziamagazine.com\/mx\/\",\"name\":\"Grazia M\u00e9xico y Latinoam\u00e9rica\",\"description\":\"Grazia es moda, belleza y noticias  de actualidad \",\"potentialAction\":[{\"@type\":\"SearchAction\",\"target\":{\"@type\":\"EntryPoint\",\"urlTemplate\":\"https:\/\/graziamagazine.com\/mx\/?s={search_term_string}\"},\"query-input\":\"required name=search_term_string\"}],\"inLanguage\":\"es-MX\"}]}<\/script>\n<!-- \/ Yoast SEO Premium plugin. -->","yoast_head_json":{"title":"Por tercer a\u00f1o consecutivo, Louis Vuitton ha creado el Ba\u00fal de Trofeo oficial para el Ballon d\u2019Or 2025 | Grazia M\u00e9xico y Latinoam\u00e9rica","description":"En la ceremonia del Bal\u00f3n de Oro 2025, las leyendas internacionales del f\u00fatbol Ousmane Demb\u00e9l\u00e9 (delantero en el Paris Saint-Germain) y Aitana Bonmat\u00ed","robots":{"index":"index","follow":"follow","max-snippet":"max-snippet:-1","max-image-preview":"max-image-preview:large","max-video-preview":"max-video-preview:-1"},"canonical":"https:\/\/graziamagazine.com\/mx\/articles\/por-tercer-ano-consecutivo-louis-vuitton-ha-creado-el-baul-de-trofeo-oficial-para-el-ballon-dor-2025\/","og_locale":"es_MX","og_type":"article","og_title":"Por tercer a\u00f1o consecutivo, Louis Vuitton ha creado el Ba\u00fal de Trofeo oficial para el Ballon d\u2019Or 2025","og_description":"En la ceremonia del Bal\u00f3n de Oro 2025, las leyendas internacionales del f\u00fatbol Ousmane Demb\u00e9l\u00e9 (delantero en el Paris Saint-Germain) y Aitana Bonmat\u00ed","og_url":"https:\/\/graziamagazine.com\/mx\/articles\/por-tercer-ano-consecutivo-louis-vuitton-ha-creado-el-baul-de-trofeo-oficial-para-el-ballon-dor-2025\/","og_site_name":"Grazia M\u00e9xico y Latinoam\u00e9rica","article_modified_time":"2025-09-24T17:06:39+00:00","og_image":[{"width":1280,"height":720,"url":"https:\/\/graziamagazine.com\/mx\/wp-content\/uploads\/sites\/13\/2025\/09\/por-tercer-ano-consecutivo-louis-vuitton-ha-creado-el-baul-de-trofeo-oficial-para-el-ballon-dor-2025-4.jpg","type":"image\/jpeg"}],"twitter_card":"summary_large_image","twitter_misc":{"Est. reading time":"4 minutos"},"schema":{"@context":"https:\/\/schema.org","@graph":[{"@type":"WebPage","@id":"https:\/\/graziamagazine.com\/mx\/articles\/por-tercer-ano-consecutivo-louis-vuitton-ha-creado-el-baul-de-trofeo-oficial-para-el-ballon-dor-2025\/","url":"https:\/\/graziamagazine.com\/mx\/articles\/por-tercer-ano-consecutivo-louis-vuitton-ha-creado-el-baul-de-trofeo-oficial-para-el-ballon-dor-2025\/","name":"Por tercer a\u00f1o consecutivo, Louis Vuitton ha creado el Ba\u00fal de Trofeo oficial para el Ballon d\u2019Or 2025 | Grazia M\u00e9xico y Latinoam\u00e9rica","isPartOf":{"@id":"https:\/\/graziamagazine.com\/mx\/#website"},"datePublished":"2025-09-24T16:24:11+00:00","dateModified":"2025-09-24T17:06:39+00:00","description":"En la ceremonia del Bal\u00f3n de Oro 2025, las leyendas internacionales del f\u00fatbol Ousmane Demb\u00e9l\u00e9 (delantero en el Paris Saint-Germain) y Aitana Bonmat\u00ed","breadcrumb":{"@id":"https:\/\/graziamagazine.com\/mx\/articles\/por-tercer-ano-consecutivo-louis-vuitton-ha-creado-el-baul-de-trofeo-oficial-para-el-ballon-dor-2025\/#breadcrumb"},"inLanguage":"es-MX","potentialAction":[{"@type":"ReadAction","target":["https:\/\/graziamagazine.com\/mx\/articles\/por-tercer-ano-consecutivo-louis-vuitton-ha-creado-el-baul-de-trofeo-oficial-para-el-ballon-dor-2025\/"]}]},{"@type":"BreadcrumbList","@id":"https:\/\/graziamagazine.com\/mx\/articles\/por-tercer-ano-consecutivo-louis-vuitton-ha-creado-el-baul-de-trofeo-oficial-para-el-ballon-dor-2025\/#breadcrumb","itemListElement":[{"@type":"ListItem","position":1,"name":"Home","item":"https:\/\/graziamagazine.com\/mx\/"},{"@type":"ListItem","position":2,"name":"Por tercer a\u00f1o consecutivo, Louis Vuitton ha creado el Ba\u00fal de Trofeo oficial para el Ballon d\u2019Or 2025"}]},{"@type":"WebSite","@id":"https:\/\/graziamagazine.com\/mx\/#website","url":"https:\/\/graziamagazine.com\/mx\/","name":"Grazia M\u00e9xico y Latinoam\u00e9rica","description":"Grazia es moda, belleza y noticias  de actualidad ","potentialAction":[{"@type":"SearchAction","target":{"@type":"EntryPoint","urlTemplate":"https:\/\/graziamagazine.com\/mx\/?s={search_term_string}"},"query-input":"required name=search_term_string"}],"inLanguage":"es-MX"}]}},"jetpack_sharing_enabled":true,"distributor_meta":false,"distributor_terms":false,"distributor_media":false,"distributor_original_site_name":"Grazia M\u00e9xico y Latinoam\u00e9rica","distributor_original_site_url":"https:\/\/graziamagazine.com\/mx","push-errors":false,"_links":{"self":[{"href":"https:\/\/graziamagazine.com\/mx\/wp-json\/wp\/v2\/articles\/156870"}],"collection":[{"href":"https:\/\/graziamagazine.com\/mx\/wp-json\/wp\/v2\/articles"}],"about":[{"href":"https:\/\/graziamagazine.com\/mx\/wp-json\/wp\/v2\/types\/articles"}],"author":[{"embeddable":true,"href":"https:\/\/graziamagazine.com\/mx\/wp-json\/wp\/v2\/users\/42761"}],"wp:featuredmedia":[{"embeddable":true,"href":"https:\/\/graziamagazine.com\/mx\/wp-json\/wp\/v2\/media\/156885"}],"wp:attachment":[{"href":"https:\/\/graziamagazine.com\/mx\/wp-json\/wp\/v2\/media?parent=156870"}],"wp:term":[{"taxonomy":"category","embeddable":true,"href":"https:\/\/graziamagazine.com\/mx\/wp-json\/wp\/v2\/categories?post=156870"}],"curies":[{"name":"wp","href":"https:\/\/api.w.org\/{rel}","templated":true}]}}