{"id":156484,"date":"2025-09-18T14:15:16","date_gmt":"2025-09-18T19:15:16","guid":{"rendered":"https:\/\/graziamagazine.com\/mx\/?post_type=articles&#038;p=156484"},"modified":"2025-09-18T14:48:34","modified_gmt":"2025-09-18T19:48:34","slug":"unas-color-cafe-ganache-el-tono-de-temporada-que-luce-elegante","status":"publish","type":"articles","link":"https:\/\/graziamagazine.com\/mx\/articles\/unas-color-cafe-ganache-el-tono-de-temporada-que-luce-elegante\/","title":{"rendered":"U\u00f1as color caf\u00e9 ganache, el tono de temporada que luce elegante"},"content":{"rendered":"<p>Aunque <a href=\"https:\/\/graziamagazine.com\/mx\/articles\/el-verde-es-el-nuevo-cafe-cuando-hablamos-de-bolsos\/\" target=\"_blank\" rel=\"noopener\">el verde es el nuevo caf\u00e9 cuando hablamos de bolsos<\/a>, el caf\u00e9 ganache (<em>ganache brown<\/em>) es el equivalente a la manicura de oto\u00f1o. El color caf\u00e9 siempre ha sido predominante en la esencia de esta temporada, pero llevarlo en este color \u2014que es profundo y se sit\u00faa entre el marr\u00f3n y rojizo\u2014 le da a tu manicura un look m\u00e1s sofisticado y combinable con cualquier prenda. Celebridades como Hailey Bieber y Dakota Johnson han aprobado este color, y aqu\u00ed te decimos que viene con fuerza para Fall\/Winter 2025.<\/p>\n<h2>U\u00f1as color caf\u00e9 ganache para oto\u00f1o<\/h2>\n<article class=\"text-token-text-primary w-full focus:outline-none scroll-mt-[calc(var(--header-height)+min(200px,max(70px,20svh)))]\" dir=\"auto\" data-turn-id=\"request-WEB:c34ca94e-3196-4fd4-9faa-82f9cff487f4-15\" data-testid=\"conversation-turn-32\" data-scroll-anchor=\"true\" data-turn=\"assistant\">\n<div class=\"text-base my-auto mx-auto pb-10 [--thread-content-margin:--spacing(4)] thread-sm:[--thread-content-margin:--spacing(6)] thread-lg:[--thread-content-margin:--spacing(16)] px-(--thread-content-margin)\">\n<div class=\"[--thread-content-max-width:40rem] thread-lg:[--thread-content-max-width:48rem] mx-auto max-w-(--thread-content-max-width) flex-1 group\/turn-messages focus-visible:outline-hidden relative flex w-full min-w-0 flex-col agent-turn\">\n<div class=\"flex max-w-full flex-col grow\">\n<div class=\"min-h-8 text-message relative flex w-full flex-col items-end gap-2 text-start break-words whitespace-normal [.text-message+&amp;]:mt-5\" dir=\"auto\" data-message-author-role=\"assistant\" data-message-id=\"9a713484-3450-4165-9b9f-ec8fba2c2010\" data-message-model-slug=\"gpt-5-mini\">\n<div class=\"flex w-full flex-col gap-1 empty:hidden first:pt-[3px]\">\n<div class=\"markdown prose dark:prose-invert w-full break-words light markdown-new-styling\">\n<p data-start=\"0\" data-end=\"983\" data-is-last-node=\"\" data-is-only-node=\"\">La tendencia de las <em>ganache brown nails<\/em> forma parte del fen\u00f3meno m\u00e1s amplio y popular de las u\u00f1as marrones, especialmente aplaudido durante las temporadas oto\u00f1ales. El t\u00e9rmino \u201cganache\u201d hace referencia a un tono marr\u00f3n oscuro, intenso y brillante, que recuerda al decadente postre que vemos en rellenos o cubiertas de pastel.<\/p>\n<p data-start=\"0\" data-end=\"983\" data-is-last-node=\"\" data-is-only-node=\"\">Este color se presenta como un nuevo neutral sofisticado, una alternativa chic al negro o nude cl\u00e1sico, que combina con distintos tonos de piel y estilos. Adem\u00e1s, rinde homenaje a la est\u00e9tica de los a\u00f1os 90, con maquillaje y manicuras en tonos marrones, aportando un toque retro y nost\u00e1lgico. Su acabado glaseado y brillante, inspirado en la tendencia del <em>glazed donut<\/em> popularizada por Hailey, se puede intensificar con un polvo cromado sobre el esmalte marr\u00f3n, logrando un efecto lujoso y sofisticado.<\/p>\n<p data-start=\"0\" data-end=\"983\" data-is-last-node=\"\" data-is-only-node=\"\">Aqu\u00ed te damos m\u00e1s opciones sobre c\u00f3mo llevar las u\u00f1as color caf\u00e9 ganache.<\/p>\n<p data-start=\"0\" data-end=\"983\" data-is-last-node=\"\" data-is-only-node=\"\"><strong>1. Dise\u00f1os en 3D<\/strong><\/p>\n<p data-start=\"0\" data-end=\"983\" data-is-last-node=\"\" data-is-only-node=\"\">Si te gustan los dise\u00f1os de u\u00f1as m\u00e1s rom\u00e1nticos, toma inspiraci\u00f3n de esta manicura con dise\u00f1o en 3D que juega con los matices del caf\u00e9 ganache y le da a tus manos un toque s\u00faper original.<\/p>\n<figure id=\"attachment_156492\" aria-describedby=\"caption-attachment-156492\" style=\"width: 900px\" class=\"wp-caption alignnone\"><img loading=\"lazy\" decoding=\"async\" class=\"wp-image-156492 size-full\" src=\"https:\/\/graziamagazine.com\/mx\/wp-content\/uploads\/sites\/13\/2025\/09\/unas-color-cafe-ganache-el-tono-de-temporada-que-luce-elegante-1.jpg\" alt=\"U\u00f1as color caf\u00e9 ganache para oto\u00f1o\" width=\"900\" height=\"1200\" srcset=\"https:\/\/graziamagazine.com\/mx\/wp-content\/uploads\/sites\/13\/2025\/09\/unas-color-cafe-ganache-el-tono-de-temporada-que-luce-elegante-1.jpg 900w, https:\/\/graziamagazine.com\/mx\/wp-content\/uploads\/sites\/13\/2025\/09\/unas-color-cafe-ganache-el-tono-de-temporada-que-luce-elegante-1-338x450.jpg 338w, https:\/\/graziamagazine.com\/mx\/wp-content\/uploads\/sites\/13\/2025\/09\/unas-color-cafe-ganache-el-tono-de-temporada-que-luce-elegante-1-768x1024.jpg 768w, https:\/\/graziamagazine.com\/mx\/wp-content\/uploads\/sites\/13\/2025\/09\/unas-color-cafe-ganache-el-tono-de-temporada-que-luce-elegante-1-400x533.jpg 400w, https:\/\/graziamagazine.com\/mx\/wp-content\/uploads\/sites\/13\/2025\/09\/unas-color-cafe-ganache-el-tono-de-temporada-que-luce-elegante-1-155x207.jpg 155w\" sizes=\"(max-width: 900px) 100vw, 900px\" \/><figcaption id=\"caption-attachment-156492\" class=\"wp-caption-text\">Foto: Instagram<\/figcaption><\/figure>\n<p><strong>2. Classic Brown Ganache Nails<\/strong><\/p>\n<p>Si prefieres algo sutil y refinado, llevarlas en un total brown es suficiente. A\u00f1ade un poco de brillo para que tenga un estilo m\u00e1s coqueto.<\/p>\n<figure id=\"attachment_156498\" aria-describedby=\"caption-attachment-156498\" style=\"width: 900px\" class=\"wp-caption alignnone\"><img loading=\"lazy\" decoding=\"async\" class=\"wp-image-156498 size-full\" src=\"https:\/\/graziamagazine.com\/mx\/wp-content\/uploads\/sites\/13\/2025\/09\/unas-color-cafe-ganache-el-tono-de-temporada-que-luce-elegante-7.jpg\" alt=\"U\u00f1as color caf\u00e9 ganache para oto\u00f1o\" width=\"900\" height=\"1200\" srcset=\"https:\/\/graziamagazine.com\/mx\/wp-content\/uploads\/sites\/13\/2025\/09\/unas-color-cafe-ganache-el-tono-de-temporada-que-luce-elegante-7.jpg 900w, https:\/\/graziamagazine.com\/mx\/wp-content\/uploads\/sites\/13\/2025\/09\/unas-color-cafe-ganache-el-tono-de-temporada-que-luce-elegante-7-338x450.jpg 338w, https:\/\/graziamagazine.com\/mx\/wp-content\/uploads\/sites\/13\/2025\/09\/unas-color-cafe-ganache-el-tono-de-temporada-que-luce-elegante-7-768x1024.jpg 768w, https:\/\/graziamagazine.com\/mx\/wp-content\/uploads\/sites\/13\/2025\/09\/unas-color-cafe-ganache-el-tono-de-temporada-que-luce-elegante-7-400x533.jpg 400w, https:\/\/graziamagazine.com\/mx\/wp-content\/uploads\/sites\/13\/2025\/09\/unas-color-cafe-ganache-el-tono-de-temporada-que-luce-elegante-7-155x207.jpg 155w\" sizes=\"(max-width: 900px) 100vw, 900px\" \/><figcaption id=\"caption-attachment-156498\" class=\"wp-caption-text\">Foto: Instagram<\/figcaption><\/figure>\n<p><strong>3. Detalle en animal print<\/strong><\/p>\n<p>Pinta una u\u00f1a de manera diferente para que tu manicura color caf\u00e9 entre m\u00e1s en sinton\u00eda con la temporada. Este animal print en efecto glaze es elegante y divertida al mismo tiempo.<\/p>\n<figure id=\"attachment_156497\" aria-describedby=\"caption-attachment-156497\" style=\"width: 900px\" class=\"wp-caption alignnone\"><img loading=\"lazy\" decoding=\"async\" class=\"wp-image-156497 size-full\" src=\"https:\/\/graziamagazine.com\/mx\/wp-content\/uploads\/sites\/13\/2025\/09\/unas-color-cafe-ganache-el-tono-de-temporada-que-luce-elegante-6.jpg\" alt=\"U\u00f1as color caf\u00e9 ganache para oto\u00f1o\" width=\"900\" height=\"1200\" srcset=\"https:\/\/graziamagazine.com\/mx\/wp-content\/uploads\/sites\/13\/2025\/09\/unas-color-cafe-ganache-el-tono-de-temporada-que-luce-elegante-6.jpg 900w, https:\/\/graziamagazine.com\/mx\/wp-content\/uploads\/sites\/13\/2025\/09\/unas-color-cafe-ganache-el-tono-de-temporada-que-luce-elegante-6-338x450.jpg 338w, https:\/\/graziamagazine.com\/mx\/wp-content\/uploads\/sites\/13\/2025\/09\/unas-color-cafe-ganache-el-tono-de-temporada-que-luce-elegante-6-768x1024.jpg 768w, https:\/\/graziamagazine.com\/mx\/wp-content\/uploads\/sites\/13\/2025\/09\/unas-color-cafe-ganache-el-tono-de-temporada-que-luce-elegante-6-400x533.jpg 400w, https:\/\/graziamagazine.com\/mx\/wp-content\/uploads\/sites\/13\/2025\/09\/unas-color-cafe-ganache-el-tono-de-temporada-que-luce-elegante-6-155x207.jpg 155w\" sizes=\"(max-width: 900px) 100vw, 900px\" \/><figcaption id=\"caption-attachment-156497\" class=\"wp-caption-text\">Foto: Instagram<\/figcaption><\/figure>\n<p><strong>4. Nai Art<\/strong><\/p>\n<p>Caf\u00e9 y blanco siempre ir\u00e1n de la mano, as\u00ed que no dudes en hacer un dise\u00f1o como este si te gustan las manicuras m\u00e1s originales.<\/p>\n<figure id=\"attachment_156496\" aria-describedby=\"caption-attachment-156496\" style=\"width: 900px\" class=\"wp-caption alignnone\"><img loading=\"lazy\" decoding=\"async\" class=\"wp-image-156496 size-full\" src=\"https:\/\/graziamagazine.com\/mx\/wp-content\/uploads\/sites\/13\/2025\/09\/unas-color-cafe-ganache-el-tono-de-temporada-que-luce-elegante-5.jpg\" alt=\"U\u00f1as color caf\u00e9 ganache para oto\u00f1o\" width=\"900\" height=\"1200\" srcset=\"https:\/\/graziamagazine.com\/mx\/wp-content\/uploads\/sites\/13\/2025\/09\/unas-color-cafe-ganache-el-tono-de-temporada-que-luce-elegante-5.jpg 900w, https:\/\/graziamagazine.com\/mx\/wp-content\/uploads\/sites\/13\/2025\/09\/unas-color-cafe-ganache-el-tono-de-temporada-que-luce-elegante-5-338x450.jpg 338w, https:\/\/graziamagazine.com\/mx\/wp-content\/uploads\/sites\/13\/2025\/09\/unas-color-cafe-ganache-el-tono-de-temporada-que-luce-elegante-5-768x1024.jpg 768w, https:\/\/graziamagazine.com\/mx\/wp-content\/uploads\/sites\/13\/2025\/09\/unas-color-cafe-ganache-el-tono-de-temporada-que-luce-elegante-5-400x533.jpg 400w, https:\/\/graziamagazine.com\/mx\/wp-content\/uploads\/sites\/13\/2025\/09\/unas-color-cafe-ganache-el-tono-de-temporada-que-luce-elegante-5-155x207.jpg 155w\" sizes=\"(max-width: 900px) 100vw, 900px\" \/><figcaption id=\"caption-attachment-156496\" class=\"wp-caption-text\">Foto: Instagram<\/figcaption><\/figure>\n<p><strong>5. Mix &amp; Match<\/strong><\/p>\n<p>Una mezcla de m\u00e9todos en una misma manicura: u\u00f1as pintadas por completo, u\u00f1as french y un dise\u00f1o de animal print para que destaque el color caf\u00e9.<\/p>\n<figure id=\"attachment_156495\" aria-describedby=\"caption-attachment-156495\" style=\"width: 900px\" class=\"wp-caption alignnone\"><img loading=\"lazy\" decoding=\"async\" class=\"wp-image-156495 size-full\" src=\"https:\/\/graziamagazine.com\/mx\/wp-content\/uploads\/sites\/13\/2025\/09\/unas-color-cafe-ganache-el-tono-de-temporada-que-luce-elegante-4.jpg\" alt=\"U\u00f1as color caf\u00e9 ganache para oto\u00f1o\" width=\"900\" height=\"1200\" srcset=\"https:\/\/graziamagazine.com\/mx\/wp-content\/uploads\/sites\/13\/2025\/09\/unas-color-cafe-ganache-el-tono-de-temporada-que-luce-elegante-4.jpg 900w, https:\/\/graziamagazine.com\/mx\/wp-content\/uploads\/sites\/13\/2025\/09\/unas-color-cafe-ganache-el-tono-de-temporada-que-luce-elegante-4-338x450.jpg 338w, https:\/\/graziamagazine.com\/mx\/wp-content\/uploads\/sites\/13\/2025\/09\/unas-color-cafe-ganache-el-tono-de-temporada-que-luce-elegante-4-768x1024.jpg 768w, https:\/\/graziamagazine.com\/mx\/wp-content\/uploads\/sites\/13\/2025\/09\/unas-color-cafe-ganache-el-tono-de-temporada-que-luce-elegante-4-400x533.jpg 400w, https:\/\/graziamagazine.com\/mx\/wp-content\/uploads\/sites\/13\/2025\/09\/unas-color-cafe-ganache-el-tono-de-temporada-que-luce-elegante-4-155x207.jpg 155w\" sizes=\"(max-width: 900px) 100vw, 900px\" \/><figcaption id=\"caption-attachment-156495\" class=\"wp-caption-text\">Foto: Instagram<\/figcaption><\/figure>\n<p><strong>6. U\u00f1as mate<\/strong><\/p>\n<p>El efecto mate es de los favoritos para llevar en oto\u00f1o, as\u00ed que no dudes en a\u00f1adirlo al color caf\u00e9 ganache y as\u00ed tendr\u00e1s una manicura ideal para la temporada.<\/p>\n<figure id=\"attachment_156494\" aria-describedby=\"caption-attachment-156494\" style=\"width: 900px\" class=\"wp-caption alignnone\"><img loading=\"lazy\" decoding=\"async\" class=\"wp-image-156494 size-full\" src=\"https:\/\/graziamagazine.com\/mx\/wp-content\/uploads\/sites\/13\/2025\/09\/unas-color-cafe-ganache-el-tono-de-temporada-que-luce-elegante-3.jpg\" alt=\"U\u00f1as color caf\u00e9 ganache para oto\u00f1o\" width=\"900\" height=\"1200\" srcset=\"https:\/\/graziamagazine.com\/mx\/wp-content\/uploads\/sites\/13\/2025\/09\/unas-color-cafe-ganache-el-tono-de-temporada-que-luce-elegante-3.jpg 900w, https:\/\/graziamagazine.com\/mx\/wp-content\/uploads\/sites\/13\/2025\/09\/unas-color-cafe-ganache-el-tono-de-temporada-que-luce-elegante-3-338x450.jpg 338w, https:\/\/graziamagazine.com\/mx\/wp-content\/uploads\/sites\/13\/2025\/09\/unas-color-cafe-ganache-el-tono-de-temporada-que-luce-elegante-3-768x1024.jpg 768w, https:\/\/graziamagazine.com\/mx\/wp-content\/uploads\/sites\/13\/2025\/09\/unas-color-cafe-ganache-el-tono-de-temporada-que-luce-elegante-3-400x533.jpg 400w, https:\/\/graziamagazine.com\/mx\/wp-content\/uploads\/sites\/13\/2025\/09\/unas-color-cafe-ganache-el-tono-de-temporada-que-luce-elegante-3-155x207.jpg 155w\" sizes=\"(max-width: 900px) 100vw, 900px\" \/><figcaption id=\"caption-attachment-156494\" class=\"wp-caption-text\">Foto: Instagram<\/figcaption><\/figure>\n<\/div>\n<\/div>\n<\/div>\n<\/div>\n<\/div>\n<\/div>\n<\/article>\n","protected":false},"author":42761,"featured_media":156499,"template":"","format":"standard","categories":[3],"acf":[],"yoast_head":"<!-- This site is optimized with the Yoast SEO Premium plugin v18.5 (Yoast SEO v20.4) - https:\/\/yoast.com\/wordpress\/plugins\/seo\/ -->\n<title>U\u00f1as color caf\u00e9 ganache, el tono de temporada que luce elegante | Grazia M\u00e9xico y Latinoam\u00e9rica<\/title>\n<meta name=\"description\" content=\"Aunque el verde es el nuevo caf\u00e9 cuando hablamos de bolsos, el caf\u00e9 ganache (ganache brown) es el equivalente a la manicura de oto\u00f1o. El color caf\u00e9\" \/>\n<meta name=\"robots\" content=\"index, follow, max-snippet:-1, max-image-preview:large, max-video-preview:-1\" \/>\n<link rel=\"canonical\" href=\"https:\/\/graziamagazine.com\/mx\/articles\/unas-color-cafe-ganache-el-tono-de-temporada-que-luce-elegante\/\" \/>\n<meta property=\"og:locale\" content=\"es_MX\" \/>\n<meta property=\"og:type\" content=\"article\" \/>\n<meta property=\"og:title\" content=\"U\u00f1as color caf\u00e9 ganache, el tono de temporada que luce elegante\" \/>\n<meta property=\"og:description\" content=\"Aunque el verde es el nuevo caf\u00e9 cuando hablamos de bolsos, el caf\u00e9 ganache (ganache brown) es el equivalente a la manicura de oto\u00f1o. El color caf\u00e9\" \/>\n<meta property=\"og:url\" content=\"https:\/\/graziamagazine.com\/mx\/articles\/unas-color-cafe-ganache-el-tono-de-temporada-que-luce-elegante\/\" \/>\n<meta property=\"og:site_name\" content=\"Grazia M\u00e9xico y Latinoam\u00e9rica\" \/>\n<meta property=\"article:modified_time\" content=\"2025-09-18T19:48:34+00:00\" \/>\n<meta property=\"og:image\" content=\"https:\/\/graziamagazine.com\/mx\/wp-content\/uploads\/sites\/13\/2025\/09\/unas-color-cafe-ganache-el-tono-de-temporada-que-luce-elegante-8.jpg\" \/>\n\t<meta property=\"og:image:width\" content=\"1200\" \/>\n\t<meta property=\"og:image:height\" content=\"672\" \/>\n\t<meta property=\"og:image:type\" content=\"image\/jpeg\" \/>\n<meta name=\"twitter:card\" content=\"summary_large_image\" \/>\n<meta name=\"twitter:label1\" content=\"Est. reading time\" \/>\n\t<meta name=\"twitter:data1\" content=\"4 minutos\" \/>\n<script type=\"application\/ld+json\" class=\"yoast-schema-graph\">{\"@context\":\"https:\/\/schema.org\",\"@graph\":[{\"@type\":\"WebPage\",\"@id\":\"https:\/\/graziamagazine.com\/mx\/articles\/unas-color-cafe-ganache-el-tono-de-temporada-que-luce-elegante\/\",\"url\":\"https:\/\/graziamagazine.com\/mx\/articles\/unas-color-cafe-ganache-el-tono-de-temporada-que-luce-elegante\/\",\"name\":\"U\u00f1as color caf\u00e9 ganache, el tono de temporada que luce elegante | Grazia M\u00e9xico y Latinoam\u00e9rica\",\"isPartOf\":{\"@id\":\"https:\/\/graziamagazine.com\/mx\/#website\"},\"datePublished\":\"2025-09-18T19:15:16+00:00\",\"dateModified\":\"2025-09-18T19:48:34+00:00\",\"description\":\"Aunque el verde es el nuevo caf\u00e9 cuando hablamos de bolsos, el caf\u00e9 ganache (ganache brown) es el equivalente a la manicura de oto\u00f1o. El color caf\u00e9\",\"breadcrumb\":{\"@id\":\"https:\/\/graziamagazine.com\/mx\/articles\/unas-color-cafe-ganache-el-tono-de-temporada-que-luce-elegante\/#breadcrumb\"},\"inLanguage\":\"es-MX\",\"potentialAction\":[{\"@type\":\"ReadAction\",\"target\":[\"https:\/\/graziamagazine.com\/mx\/articles\/unas-color-cafe-ganache-el-tono-de-temporada-que-luce-elegante\/\"]}]},{\"@type\":\"BreadcrumbList\",\"@id\":\"https:\/\/graziamagazine.com\/mx\/articles\/unas-color-cafe-ganache-el-tono-de-temporada-que-luce-elegante\/#breadcrumb\",\"itemListElement\":[{\"@type\":\"ListItem\",\"position\":1,\"name\":\"Home\",\"item\":\"https:\/\/graziamagazine.com\/mx\/\"},{\"@type\":\"ListItem\",\"position\":2,\"name\":\"U\u00f1as color caf\u00e9 ganache, el tono de temporada que luce elegante\"}]},{\"@type\":\"WebSite\",\"@id\":\"https:\/\/graziamagazine.com\/mx\/#website\",\"url\":\"https:\/\/graziamagazine.com\/mx\/\",\"name\":\"Grazia M\u00e9xico y Latinoam\u00e9rica\",\"description\":\"Grazia es moda, belleza y noticias  de actualidad \",\"potentialAction\":[{\"@type\":\"SearchAction\",\"target\":{\"@type\":\"EntryPoint\",\"urlTemplate\":\"https:\/\/graziamagazine.com\/mx\/?s={search_term_string}\"},\"query-input\":\"required name=search_term_string\"}],\"inLanguage\":\"es-MX\"}]}<\/script>\n<!-- \/ Yoast SEO Premium plugin. -->","yoast_head_json":{"title":"U\u00f1as color caf\u00e9 ganache, el tono de temporada que luce elegante | Grazia M\u00e9xico y Latinoam\u00e9rica","description":"Aunque el verde es el nuevo caf\u00e9 cuando hablamos de bolsos, el caf\u00e9 ganache (ganache brown) es el equivalente a la manicura de oto\u00f1o. El color caf\u00e9","robots":{"index":"index","follow":"follow","max-snippet":"max-snippet:-1","max-image-preview":"max-image-preview:large","max-video-preview":"max-video-preview:-1"},"canonical":"https:\/\/graziamagazine.com\/mx\/articles\/unas-color-cafe-ganache-el-tono-de-temporada-que-luce-elegante\/","og_locale":"es_MX","og_type":"article","og_title":"U\u00f1as color caf\u00e9 ganache, el tono de temporada que luce elegante","og_description":"Aunque el verde es el nuevo caf\u00e9 cuando hablamos de bolsos, el caf\u00e9 ganache (ganache brown) es el equivalente a la manicura de oto\u00f1o. El color caf\u00e9","og_url":"https:\/\/graziamagazine.com\/mx\/articles\/unas-color-cafe-ganache-el-tono-de-temporada-que-luce-elegante\/","og_site_name":"Grazia M\u00e9xico y Latinoam\u00e9rica","article_modified_time":"2025-09-18T19:48:34+00:00","og_image":[{"width":1200,"height":672,"url":"https:\/\/graziamagazine.com\/mx\/wp-content\/uploads\/sites\/13\/2025\/09\/unas-color-cafe-ganache-el-tono-de-temporada-que-luce-elegante-8.jpg","type":"image\/jpeg"}],"twitter_card":"summary_large_image","twitter_misc":{"Est. reading time":"4 minutos"},"schema":{"@context":"https:\/\/schema.org","@graph":[{"@type":"WebPage","@id":"https:\/\/graziamagazine.com\/mx\/articles\/unas-color-cafe-ganache-el-tono-de-temporada-que-luce-elegante\/","url":"https:\/\/graziamagazine.com\/mx\/articles\/unas-color-cafe-ganache-el-tono-de-temporada-que-luce-elegante\/","name":"U\u00f1as color caf\u00e9 ganache, el tono de temporada que luce elegante | Grazia M\u00e9xico y Latinoam\u00e9rica","isPartOf":{"@id":"https:\/\/graziamagazine.com\/mx\/#website"},"datePublished":"2025-09-18T19:15:16+00:00","dateModified":"2025-09-18T19:48:34+00:00","description":"Aunque el verde es el nuevo caf\u00e9 cuando hablamos de bolsos, el caf\u00e9 ganache (ganache brown) es el equivalente a la manicura de oto\u00f1o. El color caf\u00e9","breadcrumb":{"@id":"https:\/\/graziamagazine.com\/mx\/articles\/unas-color-cafe-ganache-el-tono-de-temporada-que-luce-elegante\/#breadcrumb"},"inLanguage":"es-MX","potentialAction":[{"@type":"ReadAction","target":["https:\/\/graziamagazine.com\/mx\/articles\/unas-color-cafe-ganache-el-tono-de-temporada-que-luce-elegante\/"]}]},{"@type":"BreadcrumbList","@id":"https:\/\/graziamagazine.com\/mx\/articles\/unas-color-cafe-ganache-el-tono-de-temporada-que-luce-elegante\/#breadcrumb","itemListElement":[{"@type":"ListItem","position":1,"name":"Home","item":"https:\/\/graziamagazine.com\/mx\/"},{"@type":"ListItem","position":2,"name":"U\u00f1as color caf\u00e9 ganache, el tono de temporada que luce elegante"}]},{"@type":"WebSite","@id":"https:\/\/graziamagazine.com\/mx\/#website","url":"https:\/\/graziamagazine.com\/mx\/","name":"Grazia M\u00e9xico y Latinoam\u00e9rica","description":"Grazia es moda, belleza y noticias  de actualidad ","potentialAction":[{"@type":"SearchAction","target":{"@type":"EntryPoint","urlTemplate":"https:\/\/graziamagazine.com\/mx\/?s={search_term_string}"},"query-input":"required name=search_term_string"}],"inLanguage":"es-MX"}]}},"jetpack_sharing_enabled":true,"distributor_meta":false,"distributor_terms":false,"distributor_media":false,"distributor_original_site_name":"Grazia M\u00e9xico y Latinoam\u00e9rica","distributor_original_site_url":"https:\/\/graziamagazine.com\/mx","push-errors":false,"_links":{"self":[{"href":"https:\/\/graziamagazine.com\/mx\/wp-json\/wp\/v2\/articles\/156484"}],"collection":[{"href":"https:\/\/graziamagazine.com\/mx\/wp-json\/wp\/v2\/articles"}],"about":[{"href":"https:\/\/graziamagazine.com\/mx\/wp-json\/wp\/v2\/types\/articles"}],"author":[{"embeddable":true,"href":"https:\/\/graziamagazine.com\/mx\/wp-json\/wp\/v2\/users\/42761"}],"wp:featuredmedia":[{"embeddable":true,"href":"https:\/\/graziamagazine.com\/mx\/wp-json\/wp\/v2\/media\/156499"}],"wp:attachment":[{"href":"https:\/\/graziamagazine.com\/mx\/wp-json\/wp\/v2\/media?parent=156484"}],"wp:term":[{"taxonomy":"category","embeddable":true,"href":"https:\/\/graziamagazine.com\/mx\/wp-json\/wp\/v2\/categories?post=156484"}],"curies":[{"name":"wp","href":"https:\/\/api.w.org\/{rel}","templated":true}]}}