{"id":156283,"date":"2025-09-14T19:46:40","date_gmt":"2025-09-15T00:46:40","guid":{"rendered":"https:\/\/graziamagazine.com\/mx\/?post_type=articles&#038;p=156283"},"modified":"2025-09-19T13:16:32","modified_gmt":"2025-09-19T18:16:32","slug":"los-mejores-looks-de-la-alfombra-roja-de-los-emmy-2025","status":"publish","type":"articles","link":"https:\/\/graziamagazine.com\/mx\/articles\/los-mejores-looks-de-la-alfombra-roja-de-los-emmy-2025\/","title":{"rendered":"Los mejores looks de la alfombra roja de los Emmy 2025"},"content":{"rendered":"<p data-start=\"400\" data-end=\"734\">El domingo 14 de septiembre, la edici\u00f3n 77 de los Premios Emmy convirti\u00f3 la alfombra roja en el escenario m\u00e1s esperado del a\u00f1o. Las c\u00e1maras, los flashes y el murmullo de los fans solo pod\u00edan significar una cosa: la moda iba a hablar tan alto como los premios.<\/p>\n<p data-start=\"400\" data-end=\"734\">\u00bfQuieres recorrer con nosotros los looks m\u00e1s comentados de la noche?<\/p>\n<h3 data-start=\"736\" data-end=\"766\">Jenna Ortega en Givenchy y zapatos louboutin<img loading=\"lazy\" decoding=\"async\" class=\"alignnone wp-image-156294 size-full\" src=\"https:\/\/graziamagazine.com\/mx\/wp-content\/uploads\/sites\/13\/2025\/09\/WhatsApp-Image-2025-09-14-at-6.36.35-PM.jpeg\" alt=\"\" width=\"1066\" height=\"1600\" srcset=\"https:\/\/graziamagazine.com\/mx\/wp-content\/uploads\/sites\/13\/2025\/09\/WhatsApp-Image-2025-09-14-at-6.36.35-PM.jpeg 1066w, https:\/\/graziamagazine.com\/mx\/wp-content\/uploads\/sites\/13\/2025\/09\/WhatsApp-Image-2025-09-14-at-6.36.35-PM-300x450.jpeg 300w, https:\/\/graziamagazine.com\/mx\/wp-content\/uploads\/sites\/13\/2025\/09\/WhatsApp-Image-2025-09-14-at-6.36.35-PM-682x1024.jpeg 682w, https:\/\/graziamagazine.com\/mx\/wp-content\/uploads\/sites\/13\/2025\/09\/WhatsApp-Image-2025-09-14-at-6.36.35-PM-768x1153.jpeg 768w, https:\/\/graziamagazine.com\/mx\/wp-content\/uploads\/sites\/13\/2025\/09\/WhatsApp-Image-2025-09-14-at-6.36.35-PM-1023x1536.jpeg 1023w, https:\/\/graziamagazine.com\/mx\/wp-content\/uploads\/sites\/13\/2025\/09\/WhatsApp-Image-2025-09-14-at-6.36.35-PM-400x600.jpeg 400w, https:\/\/graziamagazine.com\/mx\/wp-content\/uploads\/sites\/13\/2025\/09\/WhatsApp-Image-2025-09-14-at-6.36.35-PM-143x215.jpeg 143w\" sizes=\"(max-width: 1066px) 100vw, 1066px\" \/><\/h3>\n<p data-start=\"767\" data-end=\"940\">Jenna llega y todas las miradas se dirigen hacia ella. El top brillante de cristales unido con hilos met\u00e1licos se roba el show, mientras la falda larga negra de Givenchy aporta el equilibrio perfecto. Un look oscuro, magn\u00e9tico y lleno de car\u00e1cter.<\/p>\n<h3 data-start=\"942\" data-end=\"977\">Lauren Graham y Alexis Bledel<img loading=\"lazy\" decoding=\"async\" class=\"alignnone wp-image-156300 size-full\" src=\"https:\/\/graziamagazine.com\/mx\/wp-content\/uploads\/sites\/13\/2025\/09\/Captura-de-Pantalla-2025-09-14-a-las-18.47.56.png\" alt=\"\" width=\"802\" height=\"1208\" srcset=\"https:\/\/graziamagazine.com\/mx\/wp-content\/uploads\/sites\/13\/2025\/09\/Captura-de-Pantalla-2025-09-14-a-las-18.47.56.png 802w, https:\/\/graziamagazine.com\/mx\/wp-content\/uploads\/sites\/13\/2025\/09\/Captura-de-Pantalla-2025-09-14-a-las-18.47.56-299x450.png 299w, https:\/\/graziamagazine.com\/mx\/wp-content\/uploads\/sites\/13\/2025\/09\/Captura-de-Pantalla-2025-09-14-a-las-18.47.56-680x1024.png 680w, https:\/\/graziamagazine.com\/mx\/wp-content\/uploads\/sites\/13\/2025\/09\/Captura-de-Pantalla-2025-09-14-a-las-18.47.56-768x1157.png 768w, https:\/\/graziamagazine.com\/mx\/wp-content\/uploads\/sites\/13\/2025\/09\/Captura-de-Pantalla-2025-09-14-a-las-18.47.56-400x602.png 400w, https:\/\/graziamagazine.com\/mx\/wp-content\/uploads\/sites\/13\/2025\/09\/Captura-de-Pantalla-2025-09-14-a-las-18.47.56-143x215.png 143w\" sizes=\"(max-width: 802px) 100vw, 802px\" \/><\/h3>\n<p data-start=\"1000\" data-end=\"1229\">La nostalgia entra en escena. Lauren Graham, en un vestido negro de flores, y Alexis Bledel, en un strapless plata, hacen suspirar a los fans de <em data-start=\"1145\" data-end=\"1160\">Gilmore Girls<\/em>. Madre e hija en la ficci\u00f3n, brillando juntas en la alfombra real.<\/p>\n<h3 data-start=\"1140\" data-end=\"1169\">Lisa en tul rosa chicle y zapatos louboutin<img loading=\"lazy\" decoding=\"async\" class=\"alignnone wp-image-156292 size-full\" src=\"https:\/\/graziamagazine.com\/mx\/wp-content\/uploads\/sites\/13\/2025\/09\/WhatsApp-Image-2025-09-14-at-6.36.34-PM.jpeg\" alt=\"\" width=\"1068\" height=\"1600\" srcset=\"https:\/\/graziamagazine.com\/mx\/wp-content\/uploads\/sites\/13\/2025\/09\/WhatsApp-Image-2025-09-14-at-6.36.34-PM.jpeg 1068w, https:\/\/graziamagazine.com\/mx\/wp-content\/uploads\/sites\/13\/2025\/09\/WhatsApp-Image-2025-09-14-at-6.36.34-PM-300x450.jpeg 300w, https:\/\/graziamagazine.com\/mx\/wp-content\/uploads\/sites\/13\/2025\/09\/WhatsApp-Image-2025-09-14-at-6.36.34-PM-684x1024.jpeg 684w, https:\/\/graziamagazine.com\/mx\/wp-content\/uploads\/sites\/13\/2025\/09\/WhatsApp-Image-2025-09-14-at-6.36.34-PM-768x1151.jpeg 768w, https:\/\/graziamagazine.com\/mx\/wp-content\/uploads\/sites\/13\/2025\/09\/WhatsApp-Image-2025-09-14-at-6.36.34-PM-1025x1536.jpeg 1025w, https:\/\/graziamagazine.com\/mx\/wp-content\/uploads\/sites\/13\/2025\/09\/WhatsApp-Image-2025-09-14-at-6.36.34-PM-400x599.jpeg 400w, https:\/\/graziamagazine.com\/mx\/wp-content\/uploads\/sites\/13\/2025\/09\/WhatsApp-Image-2025-09-14-at-6.36.34-PM-144x215.jpeg 144w\" sizes=\"(max-width: 1068px) 100vw, 1068px\" \/><\/h3>\n<p data-start=\"1261\" data-end=\"1435\">Los gritos de los fans de K-pop se escuchan apenas aparece Lisa. Su vestido asim\u00e9trico en tul rosa chicle no solo sorprende, tambi\u00e9n llena de frescura y fantas\u00eda el evento.<\/p>\n<h3 data-start=\"1303\" data-end=\"1346\">Scarlett Johansson radiante<img loading=\"lazy\" decoding=\"async\" class=\"alignnone wp-image-156286 size-full\" src=\"https:\/\/graziamagazine.com\/mx\/wp-content\/uploads\/sites\/13\/2025\/09\/Captura-de-Pantalla-2025-09-14-a-las-18.41.25.png\" alt=\"\" width=\"808\" height=\"1210\" srcset=\"https:\/\/graziamagazine.com\/mx\/wp-content\/uploads\/sites\/13\/2025\/09\/Captura-de-Pantalla-2025-09-14-a-las-18.41.25.png 808w, https:\/\/graziamagazine.com\/mx\/wp-content\/uploads\/sites\/13\/2025\/09\/Captura-de-Pantalla-2025-09-14-a-las-18.41.25-300x450.png 300w, https:\/\/graziamagazine.com\/mx\/wp-content\/uploads\/sites\/13\/2025\/09\/Captura-de-Pantalla-2025-09-14-a-las-18.41.25-684x1024.png 684w, https:\/\/graziamagazine.com\/mx\/wp-content\/uploads\/sites\/13\/2025\/09\/Captura-de-Pantalla-2025-09-14-a-las-18.41.25-768x1150.png 768w, https:\/\/graziamagazine.com\/mx\/wp-content\/uploads\/sites\/13\/2025\/09\/Captura-de-Pantalla-2025-09-14-a-las-18.41.25-400x599.png 400w, https:\/\/graziamagazine.com\/mx\/wp-content\/uploads\/sites\/13\/2025\/09\/Captura-de-Pantalla-2025-09-14-a-las-18.41.25-144x215.png 144w\" sizes=\"(max-width: 808px) 100vw, 808px\" \/><\/h3>\n<p data-start=\"1481\" data-end=\"1650\">Scarlett elige el minimalismo m\u00e1s audaz: un strapless off white con textura de vendas. Entre sencillez y dramatismo, logra uno de los looks m\u00e1s comentados de la noche.<\/p>\n<h3 data-start=\"1470\" data-end=\"1505\">Leighton Meester y Adam Brody<img loading=\"lazy\" decoding=\"async\" class=\"alignnone wp-image-156301 size-full\" src=\"https:\/\/graziamagazine.com\/mx\/wp-content\/uploads\/sites\/13\/2025\/09\/Captura-de-Pantalla-2025-09-14-a-las-18.52.24.png\" alt=\"\" width=\"872\" height=\"1304\" srcset=\"https:\/\/graziamagazine.com\/mx\/wp-content\/uploads\/sites\/13\/2025\/09\/Captura-de-Pantalla-2025-09-14-a-las-18.52.24.png 872w, https:\/\/graziamagazine.com\/mx\/wp-content\/uploads\/sites\/13\/2025\/09\/Captura-de-Pantalla-2025-09-14-a-las-18.52.24-301x450.png 301w, https:\/\/graziamagazine.com\/mx\/wp-content\/uploads\/sites\/13\/2025\/09\/Captura-de-Pantalla-2025-09-14-a-las-18.52.24-685x1024.png 685w, https:\/\/graziamagazine.com\/mx\/wp-content\/uploads\/sites\/13\/2025\/09\/Captura-de-Pantalla-2025-09-14-a-las-18.52.24-768x1148.png 768w, https:\/\/graziamagazine.com\/mx\/wp-content\/uploads\/sites\/13\/2025\/09\/Captura-de-Pantalla-2025-09-14-a-las-18.52.24-400x598.png 400w, https:\/\/graziamagazine.com\/mx\/wp-content\/uploads\/sites\/13\/2025\/09\/Captura-de-Pantalla-2025-09-14-a-las-18.52.24-144x215.png 144w\" sizes=\"(max-width: 872px) 100vw, 872px\" \/><\/h3>\n<p data-start=\"1688\" data-end=\"1858\">El d\u00fao pastel m\u00e1s tierno de la alfombra. Adam luce azul suave, mientras Leighton deslumbra en tonos rosados y celestes. Juntos, parecen salidos de una postal rom\u00e1ntica.<\/p>\n<h3 data-start=\"1635\" data-end=\"1663\">Pedro Pascal en Celine<img loading=\"lazy\" decoding=\"async\" class=\"alignnone wp-image-156293 size-full\" src=\"https:\/\/graziamagazine.com\/mx\/wp-content\/uploads\/sites\/13\/2025\/09\/WhatsApp-Image-2025-09-14-at-6.36.35-PM-1.jpeg\" alt=\"\" width=\"1066\" height=\"1600\" srcset=\"https:\/\/graziamagazine.com\/mx\/wp-content\/uploads\/sites\/13\/2025\/09\/WhatsApp-Image-2025-09-14-at-6.36.35-PM-1.jpeg 1066w, https:\/\/graziamagazine.com\/mx\/wp-content\/uploads\/sites\/13\/2025\/09\/WhatsApp-Image-2025-09-14-at-6.36.35-PM-1-300x450.jpeg 300w, https:\/\/graziamagazine.com\/mx\/wp-content\/uploads\/sites\/13\/2025\/09\/WhatsApp-Image-2025-09-14-at-6.36.35-PM-1-682x1024.jpeg 682w, https:\/\/graziamagazine.com\/mx\/wp-content\/uploads\/sites\/13\/2025\/09\/WhatsApp-Image-2025-09-14-at-6.36.35-PM-1-768x1153.jpeg 768w, https:\/\/graziamagazine.com\/mx\/wp-content\/uploads\/sites\/13\/2025\/09\/WhatsApp-Image-2025-09-14-at-6.36.35-PM-1-1023x1536.jpeg 1023w, https:\/\/graziamagazine.com\/mx\/wp-content\/uploads\/sites\/13\/2025\/09\/WhatsApp-Image-2025-09-14-at-6.36.35-PM-1-400x600.jpeg 400w, https:\/\/graziamagazine.com\/mx\/wp-content\/uploads\/sites\/13\/2025\/09\/WhatsApp-Image-2025-09-14-at-6.36.35-PM-1-143x215.jpeg 143w\" sizes=\"(max-width: 1066px) 100vw, 1066px\" \/><\/h3>\n<p data-start=\"1889\" data-end=\"2040\">El internet lo confirma: Pedro Pascal nunca falla. Con un traje oversize off white de Celine y sin corbata, mezcla elegancia con relajaci\u00f3n absoluta.<\/p>\n<h3 data-start=\"1785\" data-end=\"1822\">Selena Gomez en rojo asim\u00e9trico<img loading=\"lazy\" decoding=\"async\" class=\"alignnone size-large wp-image-156297\" src=\"https:\/\/graziamagazine.com\/mx\/wp-content\/uploads\/sites\/13\/2025\/09\/WhatsApp-Image-2025-09-14-at-6.36.37-PM-805x1024.jpeg\" alt=\"\" width=\"805\" height=\"1024\" srcset=\"https:\/\/graziamagazine.com\/mx\/wp-content\/uploads\/sites\/13\/2025\/09\/WhatsApp-Image-2025-09-14-at-6.36.37-PM-805x1024.jpeg 805w, https:\/\/graziamagazine.com\/mx\/wp-content\/uploads\/sites\/13\/2025\/09\/WhatsApp-Image-2025-09-14-at-6.36.37-PM-354x450.jpeg 354w, https:\/\/graziamagazine.com\/mx\/wp-content\/uploads\/sites\/13\/2025\/09\/WhatsApp-Image-2025-09-14-at-6.36.37-PM-768x977.jpeg 768w, https:\/\/graziamagazine.com\/mx\/wp-content\/uploads\/sites\/13\/2025\/09\/WhatsApp-Image-2025-09-14-at-6.36.37-PM-1208x1536.jpeg 1208w, https:\/\/graziamagazine.com\/mx\/wp-content\/uploads\/sites\/13\/2025\/09\/WhatsApp-Image-2025-09-14-at-6.36.37-PM-400x509.jpeg 400w, https:\/\/graziamagazine.com\/mx\/wp-content\/uploads\/sites\/13\/2025\/09\/WhatsApp-Image-2025-09-14-at-6.36.37-PM-155x197.jpeg 155w, https:\/\/graziamagazine.com\/mx\/wp-content\/uploads\/sites\/13\/2025\/09\/WhatsApp-Image-2025-09-14-at-6.36.37-PM.jpeg 1258w\" sizes=\"(max-width: 805px) 100vw, 805px\" \/><\/h3>\n<p data-start=\"2080\" data-end=\"2238\">Selena brilla con fuerza en un vestido largo rojo de cuello alto y escote asim\u00e9trico. Joyer\u00eda plata minimalista para dejar que el vestido hable por s\u00ed solo.<\/p>\n<h3 data-start=\"1947\" data-end=\"1985\">Justine Lupe en Carolina Herrera<img loading=\"lazy\" decoding=\"async\" class=\"alignnone wp-image-156291 size-full\" src=\"https:\/\/graziamagazine.com\/mx\/wp-content\/uploads\/sites\/13\/2025\/09\/Captura-de-Pantalla-2025-09-14-a-las-18.40.02.png\" alt=\"\" width=\"812\" height=\"1218\" srcset=\"https:\/\/graziamagazine.com\/mx\/wp-content\/uploads\/sites\/13\/2025\/09\/Captura-de-Pantalla-2025-09-14-a-las-18.40.02.png 812w, https:\/\/graziamagazine.com\/mx\/wp-content\/uploads\/sites\/13\/2025\/09\/Captura-de-Pantalla-2025-09-14-a-las-18.40.02-300x450.png 300w, https:\/\/graziamagazine.com\/mx\/wp-content\/uploads\/sites\/13\/2025\/09\/Captura-de-Pantalla-2025-09-14-a-las-18.40.02-683x1024.png 683w, https:\/\/graziamagazine.com\/mx\/wp-content\/uploads\/sites\/13\/2025\/09\/Captura-de-Pantalla-2025-09-14-a-las-18.40.02-768x1152.png 768w, https:\/\/graziamagazine.com\/mx\/wp-content\/uploads\/sites\/13\/2025\/09\/Captura-de-Pantalla-2025-09-14-a-las-18.40.02-400x600.png 400w, https:\/\/graziamagazine.com\/mx\/wp-content\/uploads\/sites\/13\/2025\/09\/Captura-de-Pantalla-2025-09-14-a-las-18.40.02-143x215.png 143w\" sizes=\"(max-width: 812px) 100vw, 812px\" \/><\/h3>\n<p data-start=\"2279\" data-end=\"2405\">La actriz deslumbra con transparencias sofisticadas de Carolina Herrera FW25. Un balance perfecto entre sensualidad y clase.<\/p>\n<h3 data-start=\"2109\" data-end=\"2149\">Krys Marshall en Sebastian Gunawan<img loading=\"lazy\" decoding=\"async\" class=\"alignnone wp-image-156290 size-full\" src=\"https:\/\/graziamagazine.com\/mx\/wp-content\/uploads\/sites\/13\/2025\/09\/Captura-de-Pantalla-2025-09-14-a-las-18.40.22.png\" alt=\"\" width=\"790\" height=\"1198\" srcset=\"https:\/\/graziamagazine.com\/mx\/wp-content\/uploads\/sites\/13\/2025\/09\/Captura-de-Pantalla-2025-09-14-a-las-18.40.22.png 790w, https:\/\/graziamagazine.com\/mx\/wp-content\/uploads\/sites\/13\/2025\/09\/Captura-de-Pantalla-2025-09-14-a-las-18.40.22-297x450.png 297w, https:\/\/graziamagazine.com\/mx\/wp-content\/uploads\/sites\/13\/2025\/09\/Captura-de-Pantalla-2025-09-14-a-las-18.40.22-675x1024.png 675w, https:\/\/graziamagazine.com\/mx\/wp-content\/uploads\/sites\/13\/2025\/09\/Captura-de-Pantalla-2025-09-14-a-las-18.40.22-768x1165.png 768w, https:\/\/graziamagazine.com\/mx\/wp-content\/uploads\/sites\/13\/2025\/09\/Captura-de-Pantalla-2025-09-14-a-las-18.40.22-400x607.png 400w, https:\/\/graziamagazine.com\/mx\/wp-content\/uploads\/sites\/13\/2025\/09\/Captura-de-Pantalla-2025-09-14-a-las-18.40.22-142x215.png 142w\" sizes=\"(max-width: 790px) 100vw, 790px\" \/><\/h3>\n<p data-start=\"2448\" data-end=\"2552\">Un strapless crema escultural convierte a Krys en una de las apariciones m\u00e1s sofisticadas de la noche.<\/p>\n<h3 data-start=\"2258\" data-end=\"2292\">Michelle Monaghan en Rabanne<img loading=\"lazy\" decoding=\"async\" class=\"alignnone wp-image-156289 size-full\" src=\"https:\/\/graziamagazine.com\/mx\/wp-content\/uploads\/sites\/13\/2025\/09\/Captura-de-Pantalla-2025-09-14-a-las-18.40.33.png\" alt=\"\" width=\"808\" height=\"1210\" srcset=\"https:\/\/graziamagazine.com\/mx\/wp-content\/uploads\/sites\/13\/2025\/09\/Captura-de-Pantalla-2025-09-14-a-las-18.40.33.png 808w, https:\/\/graziamagazine.com\/mx\/wp-content\/uploads\/sites\/13\/2025\/09\/Captura-de-Pantalla-2025-09-14-a-las-18.40.33-300x450.png 300w, https:\/\/graziamagazine.com\/mx\/wp-content\/uploads\/sites\/13\/2025\/09\/Captura-de-Pantalla-2025-09-14-a-las-18.40.33-684x1024.png 684w, https:\/\/graziamagazine.com\/mx\/wp-content\/uploads\/sites\/13\/2025\/09\/Captura-de-Pantalla-2025-09-14-a-las-18.40.33-768x1150.png 768w, https:\/\/graziamagazine.com\/mx\/wp-content\/uploads\/sites\/13\/2025\/09\/Captura-de-Pantalla-2025-09-14-a-las-18.40.33-400x599.png 400w, https:\/\/graziamagazine.com\/mx\/wp-content\/uploads\/sites\/13\/2025\/09\/Captura-de-Pantalla-2025-09-14-a-las-18.40.33-144x215.png 144w\" sizes=\"(max-width: 808px) 100vw, 808px\" \/><\/h3>\n<p data-start=\"2589\" data-end=\"2691\">Rabanne le da a Michelle un brillo met\u00e1lico que la hace destacar como una verdadera diosa futurista.<\/p>\n<h3 data-start=\"2386\" data-end=\"2419\">Britt Lower en Calvin Klein<img loading=\"lazy\" decoding=\"async\" class=\"alignnone wp-image-156288 size-full\" src=\"https:\/\/graziamagazine.com\/mx\/wp-content\/uploads\/sites\/13\/2025\/09\/Captura-de-Pantalla-2025-09-14-a-las-18.40.43.png\" alt=\"\" width=\"768\" height=\"1102\" srcset=\"https:\/\/graziamagazine.com\/mx\/wp-content\/uploads\/sites\/13\/2025\/09\/Captura-de-Pantalla-2025-09-14-a-las-18.40.43.png 768w, https:\/\/graziamagazine.com\/mx\/wp-content\/uploads\/sites\/13\/2025\/09\/Captura-de-Pantalla-2025-09-14-a-las-18.40.43-314x450.png 314w, https:\/\/graziamagazine.com\/mx\/wp-content\/uploads\/sites\/13\/2025\/09\/Captura-de-Pantalla-2025-09-14-a-las-18.40.43-714x1024.png 714w, https:\/\/graziamagazine.com\/mx\/wp-content\/uploads\/sites\/13\/2025\/09\/Captura-de-Pantalla-2025-09-14-a-las-18.40.43-400x574.png 400w, https:\/\/graziamagazine.com\/mx\/wp-content\/uploads\/sites\/13\/2025\/09\/Captura-de-Pantalla-2025-09-14-a-las-18.40.43-150x215.png 150w\" sizes=\"(max-width: 768px) 100vw, 768px\" \/><\/h3>\n<p data-start=\"2727\" data-end=\"2823\">Con un vestido color ladrillo, Britt demuestra que la sobriedad tambi\u00e9n puede ser inolvidable.<\/p>\n<h3 data-start=\"2515\" data-end=\"2548\">Colman Domingo en Valentino<img loading=\"lazy\" decoding=\"async\" class=\"alignnone wp-image-156295 size-full\" src=\"https:\/\/graziamagazine.com\/mx\/wp-content\/uploads\/sites\/13\/2025\/09\/WhatsApp-Image-2025-09-14-at-6.36.37-PM-1.jpeg\" alt=\"\" width=\"1100\" height=\"1600\" srcset=\"https:\/\/graziamagazine.com\/mx\/wp-content\/uploads\/sites\/13\/2025\/09\/WhatsApp-Image-2025-09-14-at-6.36.37-PM-1.jpeg 1100w, https:\/\/graziamagazine.com\/mx\/wp-content\/uploads\/sites\/13\/2025\/09\/WhatsApp-Image-2025-09-14-at-6.36.37-PM-1-309x450.jpeg 309w, https:\/\/graziamagazine.com\/mx\/wp-content\/uploads\/sites\/13\/2025\/09\/WhatsApp-Image-2025-09-14-at-6.36.37-PM-1-704x1024.jpeg 704w, https:\/\/graziamagazine.com\/mx\/wp-content\/uploads\/sites\/13\/2025\/09\/WhatsApp-Image-2025-09-14-at-6.36.37-PM-1-768x1117.jpeg 768w, https:\/\/graziamagazine.com\/mx\/wp-content\/uploads\/sites\/13\/2025\/09\/WhatsApp-Image-2025-09-14-at-6.36.37-PM-1-1056x1536.jpeg 1056w, https:\/\/graziamagazine.com\/mx\/wp-content\/uploads\/sites\/13\/2025\/09\/WhatsApp-Image-2025-09-14-at-6.36.37-PM-1-400x582.jpeg 400w, https:\/\/graziamagazine.com\/mx\/wp-content\/uploads\/sites\/13\/2025\/09\/WhatsApp-Image-2025-09-14-at-6.36.37-PM-1-148x215.jpeg 148w\" sizes=\"(max-width: 1100px) 100vw, 1100px\" \/><\/h3>\n<p data-start=\"2859\" data-end=\"2962\">Cristales, traje retro y joyas de Boucheron. Colman no solo viste moda, la transforma en espect\u00e1culo.<\/p>\n<h3 data-start=\"2665\" data-end=\"2698\">Michelle Williams en Chanel<img loading=\"lazy\" decoding=\"async\" class=\"alignnone wp-image-156287 size-full\" src=\"https:\/\/graziamagazine.com\/mx\/wp-content\/uploads\/sites\/13\/2025\/09\/Captura-de-Pantalla-2025-09-14-a-las-18.41.14.png\" alt=\"\" width=\"798\" height=\"1210\" srcset=\"https:\/\/graziamagazine.com\/mx\/wp-content\/uploads\/sites\/13\/2025\/09\/Captura-de-Pantalla-2025-09-14-a-las-18.41.14.png 798w, https:\/\/graziamagazine.com\/mx\/wp-content\/uploads\/sites\/13\/2025\/09\/Captura-de-Pantalla-2025-09-14-a-las-18.41.14-297x450.png 297w, https:\/\/graziamagazine.com\/mx\/wp-content\/uploads\/sites\/13\/2025\/09\/Captura-de-Pantalla-2025-09-14-a-las-18.41.14-675x1024.png 675w, https:\/\/graziamagazine.com\/mx\/wp-content\/uploads\/sites\/13\/2025\/09\/Captura-de-Pantalla-2025-09-14-a-las-18.41.14-768x1165.png 768w, https:\/\/graziamagazine.com\/mx\/wp-content\/uploads\/sites\/13\/2025\/09\/Captura-de-Pantalla-2025-09-14-a-las-18.41.14-400x607.png 400w, https:\/\/graziamagazine.com\/mx\/wp-content\/uploads\/sites\/13\/2025\/09\/Captura-de-Pantalla-2025-09-14-a-las-18.41.14-142x215.png 142w\" sizes=\"(max-width: 798px) 100vw, 798px\" \/><\/h3>\n<p data-start=\"2998\" data-end=\"3088\">Michelle opta por un dise\u00f1o vintage bridal de Chanel. Romanticismo puro en cada detalle.<\/p>\n<h3 data-start=\"2795\" data-end=\"2836\">Sydney Sweeney en Oscar de la Renta<img loading=\"lazy\" decoding=\"async\" class=\"alignnone wp-image-156298 size-full\" src=\"https:\/\/graziamagazine.com\/mx\/wp-content\/uploads\/sites\/13\/2025\/09\/WhatsApp-Image-2025-09-14-at-6.36.40-PM-1.jpeg\" alt=\"\" width=\"1068\" height=\"1600\" srcset=\"https:\/\/graziamagazine.com\/mx\/wp-content\/uploads\/sites\/13\/2025\/09\/WhatsApp-Image-2025-09-14-at-6.36.40-PM-1.jpeg 1068w, https:\/\/graziamagazine.com\/mx\/wp-content\/uploads\/sites\/13\/2025\/09\/WhatsApp-Image-2025-09-14-at-6.36.40-PM-1-300x450.jpeg 300w, https:\/\/graziamagazine.com\/mx\/wp-content\/uploads\/sites\/13\/2025\/09\/WhatsApp-Image-2025-09-14-at-6.36.40-PM-1-684x1024.jpeg 684w, https:\/\/graziamagazine.com\/mx\/wp-content\/uploads\/sites\/13\/2025\/09\/WhatsApp-Image-2025-09-14-at-6.36.40-PM-1-768x1151.jpeg 768w, https:\/\/graziamagazine.com\/mx\/wp-content\/uploads\/sites\/13\/2025\/09\/WhatsApp-Image-2025-09-14-at-6.36.40-PM-1-1025x1536.jpeg 1025w, https:\/\/graziamagazine.com\/mx\/wp-content\/uploads\/sites\/13\/2025\/09\/WhatsApp-Image-2025-09-14-at-6.36.40-PM-1-400x599.jpeg 400w, https:\/\/graziamagazine.com\/mx\/wp-content\/uploads\/sites\/13\/2025\/09\/WhatsApp-Image-2025-09-14-at-6.36.40-PM-1-144x215.jpeg 144w\" sizes=\"(max-width: 1068px) 100vw, 1068px\" \/><\/h3>\n<p data-start=\"3132\" data-end=\"3218\">El Old Hollywood revive con Sydney. Glamour, elegancia y un aire de estrella eterna.<\/p>\n<h3 data-start=\"2935\" data-end=\"2969\">Sarah Paulson en Marc Jacobs<img loading=\"lazy\" decoding=\"async\" class=\"alignnone wp-image-156285 size-full\" src=\"https:\/\/graziamagazine.com\/mx\/wp-content\/uploads\/sites\/13\/2025\/09\/Captura-de-Pantalla-2025-09-14-a-las-18.41.37.png\" alt=\"\" width=\"794\" height=\"1200\" srcset=\"https:\/\/graziamagazine.com\/mx\/wp-content\/uploads\/sites\/13\/2025\/09\/Captura-de-Pantalla-2025-09-14-a-las-18.41.37.png 794w, https:\/\/graziamagazine.com\/mx\/wp-content\/uploads\/sites\/13\/2025\/09\/Captura-de-Pantalla-2025-09-14-a-las-18.41.37-298x450.png 298w, https:\/\/graziamagazine.com\/mx\/wp-content\/uploads\/sites\/13\/2025\/09\/Captura-de-Pantalla-2025-09-14-a-las-18.41.37-678x1024.png 678w, https:\/\/graziamagazine.com\/mx\/wp-content\/uploads\/sites\/13\/2025\/09\/Captura-de-Pantalla-2025-09-14-a-las-18.41.37-768x1161.png 768w, https:\/\/graziamagazine.com\/mx\/wp-content\/uploads\/sites\/13\/2025\/09\/Captura-de-Pantalla-2025-09-14-a-las-18.41.37-400x605.png 400w, https:\/\/graziamagazine.com\/mx\/wp-content\/uploads\/sites\/13\/2025\/09\/Captura-de-Pantalla-2025-09-14-a-las-18.41.37-142x215.png 142w\" sizes=\"(max-width: 794px) 100vw, 794px\" \/><\/h3>\n<p data-start=\"2970\" data-end=\"3048\">Sarah apuesta por el dramatismo con un dise\u00f1o de plumas que acapara miradas.<\/p>\n<h3 data-start=\"3050\" data-end=\"3098\">Catherine Zeta-Jones en encaje encorsetado<img loading=\"lazy\" decoding=\"async\" class=\"alignnone wp-image-156284 size-full\" src=\"https:\/\/graziamagazine.com\/mx\/wp-content\/uploads\/sites\/13\/2025\/09\/Captura-de-Pantalla-2025-09-14-a-las-18.41.49.png\" alt=\"\" width=\"804\" height=\"1214\" srcset=\"https:\/\/graziamagazine.com\/mx\/wp-content\/uploads\/sites\/13\/2025\/09\/Captura-de-Pantalla-2025-09-14-a-las-18.41.49.png 804w, https:\/\/graziamagazine.com\/mx\/wp-content\/uploads\/sites\/13\/2025\/09\/Captura-de-Pantalla-2025-09-14-a-las-18.41.49-298x450.png 298w, https:\/\/graziamagazine.com\/mx\/wp-content\/uploads\/sites\/13\/2025\/09\/Captura-de-Pantalla-2025-09-14-a-las-18.41.49-678x1024.png 678w, https:\/\/graziamagazine.com\/mx\/wp-content\/uploads\/sites\/13\/2025\/09\/Captura-de-Pantalla-2025-09-14-a-las-18.41.49-768x1160.png 768w, https:\/\/graziamagazine.com\/mx\/wp-content\/uploads\/sites\/13\/2025\/09\/Captura-de-Pantalla-2025-09-14-a-las-18.41.49-400x604.png 400w, https:\/\/graziamagazine.com\/mx\/wp-content\/uploads\/sites\/13\/2025\/09\/Captura-de-Pantalla-2025-09-14-a-las-18.41.49-142x215.png 142w\" sizes=\"(max-width: 804px) 100vw, 804px\" \/><\/h3>\n<p data-start=\"3099\" data-end=\"3225\">Catherine canaliza el glamour g\u00f3tico con una silueta encorsetada con detalles de encaje, reafirmando su esencia sofisticada.<\/p>\n<p data-start=\"3099\" data-end=\"3225\"><em><strong>*IMAGEN: Google Images<\/strong><\/em><\/p>\n","protected":false},"author":28953,"featured_media":156299,"template":"","format":"standard","categories":[4],"acf":[],"yoast_head":"<!-- This site is optimized with the Yoast SEO Premium plugin v18.5 (Yoast SEO v20.4) - https:\/\/yoast.com\/wordpress\/plugins\/seo\/ -->\n<title>Los mejores looks de la alfombra roja de los Emmy 2025<\/title>\n<meta name=\"description\" content=\"La alfombra roja de los Emmy 2025 celebra la moda y re\u00fane a grandes talentos en looks cl\u00e1sicos, vanguardistas y absolutamente memorables.\" \/>\n<meta name=\"robots\" content=\"index, follow, max-snippet:-1, max-image-preview:large, max-video-preview:-1\" \/>\n<link rel=\"canonical\" href=\"https:\/\/graziamagazine.com\/mx\/articles\/los-mejores-looks-de-la-alfombra-roja-de-los-emmy-2025\/\" \/>\n<meta property=\"og:locale\" content=\"es_MX\" \/>\n<meta property=\"og:type\" content=\"article\" \/>\n<meta property=\"og:title\" content=\"Los mejores looks de la alfombra roja de los Emmy 2025\" \/>\n<meta property=\"og:description\" content=\"La alfombra roja de los Emmy 2025 celebra la moda y re\u00fane a grandes talentos en looks cl\u00e1sicos, vanguardistas y absolutamente memorables.\" \/>\n<meta property=\"og:url\" content=\"https:\/\/graziamagazine.com\/mx\/articles\/los-mejores-looks-de-la-alfombra-roja-de-los-emmy-2025\/\" \/>\n<meta property=\"og:site_name\" content=\"Grazia M\u00e9xico y Latinoam\u00e9rica\" \/>\n<meta property=\"article:modified_time\" content=\"2025-09-19T18:16:32+00:00\" \/>\n<meta property=\"og:image\" content=\"https:\/\/graziamagazine.com\/mx\/wp-content\/uploads\/sites\/13\/2025\/09\/WhatsApp-Image-2025-09-14-at-6.36.40-PM-e1757897182706.jpeg\" \/>\n\t<meta property=\"og:image:width\" content=\"1125\" \/>\n\t<meta property=\"og:image:height\" content=\"759\" \/>\n\t<meta property=\"og:image:type\" content=\"image\/jpeg\" \/>\n<meta name=\"twitter:card\" content=\"summary_large_image\" \/>\n<meta name=\"twitter:label1\" content=\"Est. reading time\" \/>\n\t<meta name=\"twitter:data1\" content=\"6 minutos\" \/>\n<script type=\"application\/ld+json\" class=\"yoast-schema-graph\">{\"@context\":\"https:\/\/schema.org\",\"@graph\":[{\"@type\":\"WebPage\",\"@id\":\"https:\/\/graziamagazine.com\/mx\/articles\/los-mejores-looks-de-la-alfombra-roja-de-los-emmy-2025\/\",\"url\":\"https:\/\/graziamagazine.com\/mx\/articles\/los-mejores-looks-de-la-alfombra-roja-de-los-emmy-2025\/\",\"name\":\"Los mejores looks de la alfombra roja de los Emmy 2025\",\"isPartOf\":{\"@id\":\"https:\/\/graziamagazine.com\/mx\/#website\"},\"datePublished\":\"2025-09-15T00:46:40+00:00\",\"dateModified\":\"2025-09-19T18:16:32+00:00\",\"description\":\"La alfombra roja de los Emmy 2025 celebra la moda y re\u00fane a grandes talentos en looks cl\u00e1sicos, vanguardistas y absolutamente memorables.\",\"breadcrumb\":{\"@id\":\"https:\/\/graziamagazine.com\/mx\/articles\/los-mejores-looks-de-la-alfombra-roja-de-los-emmy-2025\/#breadcrumb\"},\"inLanguage\":\"es-MX\",\"potentialAction\":[{\"@type\":\"ReadAction\",\"target\":[\"https:\/\/graziamagazine.com\/mx\/articles\/los-mejores-looks-de-la-alfombra-roja-de-los-emmy-2025\/\"]}]},{\"@type\":\"BreadcrumbList\",\"@id\":\"https:\/\/graziamagazine.com\/mx\/articles\/los-mejores-looks-de-la-alfombra-roja-de-los-emmy-2025\/#breadcrumb\",\"itemListElement\":[{\"@type\":\"ListItem\",\"position\":1,\"name\":\"Home\",\"item\":\"https:\/\/graziamagazine.com\/mx\/\"},{\"@type\":\"ListItem\",\"position\":2,\"name\":\"Los mejores looks de la alfombra roja de los Emmy 2025\"}]},{\"@type\":\"WebSite\",\"@id\":\"https:\/\/graziamagazine.com\/mx\/#website\",\"url\":\"https:\/\/graziamagazine.com\/mx\/\",\"name\":\"Grazia M\u00e9xico y Latinoam\u00e9rica\",\"description\":\"Grazia es moda, belleza y noticias  de actualidad \",\"potentialAction\":[{\"@type\":\"SearchAction\",\"target\":{\"@type\":\"EntryPoint\",\"urlTemplate\":\"https:\/\/graziamagazine.com\/mx\/?s={search_term_string}\"},\"query-input\":\"required name=search_term_string\"}],\"inLanguage\":\"es-MX\"}]}<\/script>\n<!-- \/ Yoast SEO Premium plugin. -->","yoast_head_json":{"title":"Los mejores looks de la alfombra roja de los Emmy 2025","description":"La alfombra roja de los Emmy 2025 celebra la moda y re\u00fane a grandes talentos en looks cl\u00e1sicos, vanguardistas y absolutamente memorables.","robots":{"index":"index","follow":"follow","max-snippet":"max-snippet:-1","max-image-preview":"max-image-preview:large","max-video-preview":"max-video-preview:-1"},"canonical":"https:\/\/graziamagazine.com\/mx\/articles\/los-mejores-looks-de-la-alfombra-roja-de-los-emmy-2025\/","og_locale":"es_MX","og_type":"article","og_title":"Los mejores looks de la alfombra roja de los Emmy 2025","og_description":"La alfombra roja de los Emmy 2025 celebra la moda y re\u00fane a grandes talentos en looks cl\u00e1sicos, vanguardistas y absolutamente memorables.","og_url":"https:\/\/graziamagazine.com\/mx\/articles\/los-mejores-looks-de-la-alfombra-roja-de-los-emmy-2025\/","og_site_name":"Grazia M\u00e9xico y Latinoam\u00e9rica","article_modified_time":"2025-09-19T18:16:32+00:00","og_image":[{"width":1125,"height":759,"url":"https:\/\/graziamagazine.com\/mx\/wp-content\/uploads\/sites\/13\/2025\/09\/WhatsApp-Image-2025-09-14-at-6.36.40-PM-e1757897182706.jpeg","type":"image\/jpeg"}],"twitter_card":"summary_large_image","twitter_misc":{"Est. reading time":"6 minutos"},"schema":{"@context":"https:\/\/schema.org","@graph":[{"@type":"WebPage","@id":"https:\/\/graziamagazine.com\/mx\/articles\/los-mejores-looks-de-la-alfombra-roja-de-los-emmy-2025\/","url":"https:\/\/graziamagazine.com\/mx\/articles\/los-mejores-looks-de-la-alfombra-roja-de-los-emmy-2025\/","name":"Los mejores looks de la alfombra roja de los Emmy 2025","isPartOf":{"@id":"https:\/\/graziamagazine.com\/mx\/#website"},"datePublished":"2025-09-15T00:46:40+00:00","dateModified":"2025-09-19T18:16:32+00:00","description":"La alfombra roja de los Emmy 2025 celebra la moda y re\u00fane a grandes talentos en looks cl\u00e1sicos, vanguardistas y absolutamente memorables.","breadcrumb":{"@id":"https:\/\/graziamagazine.com\/mx\/articles\/los-mejores-looks-de-la-alfombra-roja-de-los-emmy-2025\/#breadcrumb"},"inLanguage":"es-MX","potentialAction":[{"@type":"ReadAction","target":["https:\/\/graziamagazine.com\/mx\/articles\/los-mejores-looks-de-la-alfombra-roja-de-los-emmy-2025\/"]}]},{"@type":"BreadcrumbList","@id":"https:\/\/graziamagazine.com\/mx\/articles\/los-mejores-looks-de-la-alfombra-roja-de-los-emmy-2025\/#breadcrumb","itemListElement":[{"@type":"ListItem","position":1,"name":"Home","item":"https:\/\/graziamagazine.com\/mx\/"},{"@type":"ListItem","position":2,"name":"Los mejores looks de la alfombra roja de los Emmy 2025"}]},{"@type":"WebSite","@id":"https:\/\/graziamagazine.com\/mx\/#website","url":"https:\/\/graziamagazine.com\/mx\/","name":"Grazia M\u00e9xico y Latinoam\u00e9rica","description":"Grazia es moda, belleza y noticias  de actualidad ","potentialAction":[{"@type":"SearchAction","target":{"@type":"EntryPoint","urlTemplate":"https:\/\/graziamagazine.com\/mx\/?s={search_term_string}"},"query-input":"required name=search_term_string"}],"inLanguage":"es-MX"}]}},"jetpack_sharing_enabled":true,"distributor_meta":false,"distributor_terms":false,"distributor_media":false,"distributor_original_site_name":"Grazia M\u00e9xico y Latinoam\u00e9rica","distributor_original_site_url":"https:\/\/graziamagazine.com\/mx","push-errors":false,"_links":{"self":[{"href":"https:\/\/graziamagazine.com\/mx\/wp-json\/wp\/v2\/articles\/156283"}],"collection":[{"href":"https:\/\/graziamagazine.com\/mx\/wp-json\/wp\/v2\/articles"}],"about":[{"href":"https:\/\/graziamagazine.com\/mx\/wp-json\/wp\/v2\/types\/articles"}],"author":[{"embeddable":true,"href":"https:\/\/graziamagazine.com\/mx\/wp-json\/wp\/v2\/users\/28953"}],"wp:featuredmedia":[{"embeddable":true,"href":"https:\/\/graziamagazine.com\/mx\/wp-json\/wp\/v2\/media\/156299"}],"wp:attachment":[{"href":"https:\/\/graziamagazine.com\/mx\/wp-json\/wp\/v2\/media?parent=156283"}],"wp:term":[{"taxonomy":"category","embeddable":true,"href":"https:\/\/graziamagazine.com\/mx\/wp-json\/wp\/v2\/categories?post=156283"}],"curies":[{"name":"wp","href":"https:\/\/api.w.org\/{rel}","templated":true}]}}