{"id":156266,"date":"2025-09-12T13:56:35","date_gmt":"2025-09-12T18:56:35","guid":{"rendered":"https:\/\/graziamagazine.com\/mx\/?post_type=articles&#038;p=156266"},"modified":"2025-09-12T13:57:59","modified_gmt":"2025-09-12T18:57:59","slug":"asi-es-el-estilo-de-talita-von-furstenberg","status":"publish","type":"articles","link":"https:\/\/graziamagazine.com\/mx\/articles\/asi-es-el-estilo-de-talita-von-furstenberg\/","title":{"rendered":"As\u00ed es el estilo de Talita Von Furstenberg"},"content":{"rendered":"<p><span style=\"font-weight: 400\">El apellido Von Furstenberg es sin\u00f3nimo de moda, estilo, innovaci\u00f3n y poder femenino. Por tal raz\u00f3n Talita Von Furstenberg, nieta de la legendaria Diane Von Furstenberg, se ha convertido en la nueva musa de estilo que capta todas las miradas a donde quiera que vaya. Aunque lleva en la sangre la herencia de una de las dise\u00f1adoras m\u00e1s influyentes de la historia, Talita ha sabido construir una identidad propia, marcada por un estilo fresco y propio.<\/span><\/p>\n<p><img loading=\"lazy\" decoding=\"async\" class=\"alignnone size-medium wp-image-156267\" src=\"https:\/\/graziamagazine.com\/mx\/wp-content\/uploads\/sites\/13\/2025\/09\/333-380x450.jpg\" alt=\"\" width=\"380\" height=\"450\" srcset=\"https:\/\/graziamagazine.com\/mx\/wp-content\/uploads\/sites\/13\/2025\/09\/333-380x450.jpg 380w, https:\/\/graziamagazine.com\/mx\/wp-content\/uploads\/sites\/13\/2025\/09\/333-400x473.jpg 400w, https:\/\/graziamagazine.com\/mx\/wp-content\/uploads\/sites\/13\/2025\/09\/333-155x183.jpg 155w, https:\/\/graziamagazine.com\/mx\/wp-content\/uploads\/sites\/13\/2025\/09\/333.jpg 420w\" sizes=\"(max-width: 380px) 100vw, 380px\" \/><\/p>\n<p><span style=\"font-weight: 400\">Su forma de vestir se distingue por la mezcla perfecta entre el glamour effortless y la modernidad. Talita juega con siluetas rom\u00e1nticas, vestidos sencillos, estampados y un toque de minimalismo que le da ese aire europeo y juvenil. En sus apariciones p\u00fablicas, ya sea en la primera fila de un desfile o en eventos de gala, ha sido fiel a su estilo en el que no necesita exagerar para destacar.<\/span><\/p>\n<p><img loading=\"lazy\" decoding=\"async\" class=\"alignnone size-medium wp-image-156270\" src=\"https:\/\/graziamagazine.com\/mx\/wp-content\/uploads\/sites\/13\/2025\/09\/4514-396x450.jpg\" alt=\"\" width=\"396\" height=\"450\" srcset=\"https:\/\/graziamagazine.com\/mx\/wp-content\/uploads\/sites\/13\/2025\/09\/4514-396x450.jpg 396w, https:\/\/graziamagazine.com\/mx\/wp-content\/uploads\/sites\/13\/2025\/09\/4514-400x455.jpg 400w, https:\/\/graziamagazine.com\/mx\/wp-content\/uploads\/sites\/13\/2025\/09\/4514-155x176.jpg 155w, https:\/\/graziamagazine.com\/mx\/wp-content\/uploads\/sites\/13\/2025\/09\/4514.jpg 440w\" sizes=\"(max-width: 396px) 100vw, 396px\" \/><\/p>\n<p><span style=\"font-weight: 400\">Adem\u00e1s de su sentido de la moda, Talita representa a una nueva generaci\u00f3n de mujeres que entienden el lujo de manera consciente. Su apuesta por prendas vers\u00e1tiles y su capacidad para mezclar piezas cl\u00e1sicas con tendencias actuales la convierten en referente de un estilo que inspira a j\u00f3venes alrededor del mundo. En sus looks se aprecia un balance entre lo aspiracional y lo alcanzable, una f\u00f3rmula que conquista a todas sus seguidoras.<\/span><\/p>\n<p><img loading=\"lazy\" decoding=\"async\" class=\"alignnone size-medium wp-image-156269\" src=\"https:\/\/graziamagazine.com\/mx\/wp-content\/uploads\/sites\/13\/2025\/09\/888-1-249x450.jpg\" alt=\"\" width=\"249\" height=\"450\" srcset=\"https:\/\/graziamagazine.com\/mx\/wp-content\/uploads\/sites\/13\/2025\/09\/888-1-249x450.jpg 249w, https:\/\/graziamagazine.com\/mx\/wp-content\/uploads\/sites\/13\/2025\/09\/888-1-119x215.jpg 119w, https:\/\/graziamagazine.com\/mx\/wp-content\/uploads\/sites\/13\/2025\/09\/888-1.jpg 316w\" sizes=\"(max-width: 249px) 100vw, 249px\" \/><\/p>\n<p><span style=\"font-weight: 400\">Talita Von Furstenberg ha heredado un legado, reinvent\u00e1ndolo. Su incomparable estilo se ha filtrado tambi\u00e9n en su trabajo profesional, ya que cre\u00f3 TVF para DVF, una submarca de la marca hom\u00f3nima de su abuela, con prendas inspiradas en su natal Los \u00c1ngeles.<\/span><\/p>\n<p><img loading=\"lazy\" decoding=\"async\" class=\"alignnone size-medium wp-image-156271\" src=\"https:\/\/graziamagazine.com\/mx\/wp-content\/uploads\/sites\/13\/2025\/09\/65965-396x450.jpg\" alt=\"\" width=\"396\" height=\"450\" srcset=\"https:\/\/graziamagazine.com\/mx\/wp-content\/uploads\/sites\/13\/2025\/09\/65965-396x450.jpg 396w, https:\/\/graziamagazine.com\/mx\/wp-content\/uploads\/sites\/13\/2025\/09\/65965-400x455.jpg 400w, https:\/\/graziamagazine.com\/mx\/wp-content\/uploads\/sites\/13\/2025\/09\/65965-155x176.jpg 155w, https:\/\/graziamagazine.com\/mx\/wp-content\/uploads\/sites\/13\/2025\/09\/65965.jpg 513w\" sizes=\"(max-width: 396px) 100vw, 396px\" \/><\/p>\n","protected":false},"author":11628,"featured_media":156268,"template":"","format":"standard","categories":[4],"acf":[],"yoast_head":"<!-- This site is optimized with the Yoast SEO Premium plugin v18.5 (Yoast SEO v20.4) - https:\/\/yoast.com\/wordpress\/plugins\/seo\/ -->\n<title>As\u00ed es el estilo de Talita Von Furstenberg<\/title>\n<meta name=\"description\" content=\"El apellido Von Furstenberg es sin\u00f3nimo de moda, estilo, innovaci\u00f3n y poder femenino. Por tal raz\u00f3n Talita Von Furstenberg, nieta de la legendaria Diane\" \/>\n<meta name=\"robots\" content=\"index, follow, max-snippet:-1, max-image-preview:large, max-video-preview:-1\" \/>\n<link rel=\"canonical\" href=\"https:\/\/graziamagazine.com\/mx\/articles\/asi-es-el-estilo-de-talita-von-furstenberg\/\" \/>\n<meta property=\"og:locale\" content=\"es_MX\" \/>\n<meta property=\"og:type\" content=\"article\" \/>\n<meta property=\"og:title\" content=\"As\u00ed es el estilo de Talita Von Furstenberg\" \/>\n<meta property=\"og:description\" content=\"El apellido Von Furstenberg es sin\u00f3nimo de moda, estilo, innovaci\u00f3n y poder femenino. Por tal raz\u00f3n Talita Von Furstenberg, nieta de la legendaria Diane\" \/>\n<meta property=\"og:url\" content=\"https:\/\/graziamagazine.com\/mx\/articles\/asi-es-el-estilo-de-talita-von-furstenberg\/\" \/>\n<meta property=\"og:site_name\" content=\"Grazia M\u00e9xico y Latinoam\u00e9rica\" \/>\n<meta property=\"article:modified_time\" content=\"2025-09-12T18:57:59+00:00\" \/>\n<meta property=\"og:image\" content=\"https:\/\/graziamagazine.com\/mx\/wp-content\/uploads\/sites\/13\/2025\/09\/848-1.jpg\" \/>\n\t<meta property=\"og:image:width\" content=\"667\" \/>\n\t<meta property=\"og:image:height\" content=\"382\" \/>\n\t<meta property=\"og:image:type\" content=\"image\/jpeg\" \/>\n<meta name=\"twitter:card\" content=\"summary_large_image\" \/>\n<meta name=\"twitter:label1\" content=\"Est. reading time\" \/>\n\t<meta name=\"twitter:data1\" content=\"2 minutos\" \/>\n<script type=\"application\/ld+json\" class=\"yoast-schema-graph\">{\"@context\":\"https:\/\/schema.org\",\"@graph\":[{\"@type\":\"WebPage\",\"@id\":\"https:\/\/graziamagazine.com\/mx\/articles\/asi-es-el-estilo-de-talita-von-furstenberg\/\",\"url\":\"https:\/\/graziamagazine.com\/mx\/articles\/asi-es-el-estilo-de-talita-von-furstenberg\/\",\"name\":\"As\u00ed es el estilo de Talita Von Furstenberg\",\"isPartOf\":{\"@id\":\"https:\/\/graziamagazine.com\/mx\/#website\"},\"datePublished\":\"2025-09-12T18:56:35+00:00\",\"dateModified\":\"2025-09-12T18:57:59+00:00\",\"description\":\"El apellido Von Furstenberg es sin\u00f3nimo de moda, estilo, innovaci\u00f3n y poder femenino. Por tal raz\u00f3n Talita Von Furstenberg, nieta de la legendaria Diane\",\"breadcrumb\":{\"@id\":\"https:\/\/graziamagazine.com\/mx\/articles\/asi-es-el-estilo-de-talita-von-furstenberg\/#breadcrumb\"},\"inLanguage\":\"es-MX\",\"potentialAction\":[{\"@type\":\"ReadAction\",\"target\":[\"https:\/\/graziamagazine.com\/mx\/articles\/asi-es-el-estilo-de-talita-von-furstenberg\/\"]}]},{\"@type\":\"BreadcrumbList\",\"@id\":\"https:\/\/graziamagazine.com\/mx\/articles\/asi-es-el-estilo-de-talita-von-furstenberg\/#breadcrumb\",\"itemListElement\":[{\"@type\":\"ListItem\",\"position\":1,\"name\":\"Home\",\"item\":\"https:\/\/graziamagazine.com\/mx\/\"},{\"@type\":\"ListItem\",\"position\":2,\"name\":\"As\u00ed es el estilo de Talita Von Furstenberg\"}]},{\"@type\":\"WebSite\",\"@id\":\"https:\/\/graziamagazine.com\/mx\/#website\",\"url\":\"https:\/\/graziamagazine.com\/mx\/\",\"name\":\"Grazia M\u00e9xico y Latinoam\u00e9rica\",\"description\":\"Grazia es moda, belleza y noticias  de actualidad \",\"potentialAction\":[{\"@type\":\"SearchAction\",\"target\":{\"@type\":\"EntryPoint\",\"urlTemplate\":\"https:\/\/graziamagazine.com\/mx\/?s={search_term_string}\"},\"query-input\":\"required name=search_term_string\"}],\"inLanguage\":\"es-MX\"}]}<\/script>\n<!-- \/ Yoast SEO Premium plugin. -->","yoast_head_json":{"title":"As\u00ed es el estilo de Talita Von Furstenberg","description":"El apellido Von Furstenberg es sin\u00f3nimo de moda, estilo, innovaci\u00f3n y poder femenino. Por tal raz\u00f3n Talita Von Furstenberg, nieta de la legendaria Diane","robots":{"index":"index","follow":"follow","max-snippet":"max-snippet:-1","max-image-preview":"max-image-preview:large","max-video-preview":"max-video-preview:-1"},"canonical":"https:\/\/graziamagazine.com\/mx\/articles\/asi-es-el-estilo-de-talita-von-furstenberg\/","og_locale":"es_MX","og_type":"article","og_title":"As\u00ed es el estilo de Talita Von Furstenberg","og_description":"El apellido Von Furstenberg es sin\u00f3nimo de moda, estilo, innovaci\u00f3n y poder femenino. Por tal raz\u00f3n Talita Von Furstenberg, nieta de la legendaria Diane","og_url":"https:\/\/graziamagazine.com\/mx\/articles\/asi-es-el-estilo-de-talita-von-furstenberg\/","og_site_name":"Grazia M\u00e9xico y Latinoam\u00e9rica","article_modified_time":"2025-09-12T18:57:59+00:00","og_image":[{"width":667,"height":382,"url":"https:\/\/graziamagazine.com\/mx\/wp-content\/uploads\/sites\/13\/2025\/09\/848-1.jpg","type":"image\/jpeg"}],"twitter_card":"summary_large_image","twitter_misc":{"Est. reading time":"2 minutos"},"schema":{"@context":"https:\/\/schema.org","@graph":[{"@type":"WebPage","@id":"https:\/\/graziamagazine.com\/mx\/articles\/asi-es-el-estilo-de-talita-von-furstenberg\/","url":"https:\/\/graziamagazine.com\/mx\/articles\/asi-es-el-estilo-de-talita-von-furstenberg\/","name":"As\u00ed es el estilo de Talita Von Furstenberg","isPartOf":{"@id":"https:\/\/graziamagazine.com\/mx\/#website"},"datePublished":"2025-09-12T18:56:35+00:00","dateModified":"2025-09-12T18:57:59+00:00","description":"El apellido Von Furstenberg es sin\u00f3nimo de moda, estilo, innovaci\u00f3n y poder femenino. Por tal raz\u00f3n Talita Von Furstenberg, nieta de la legendaria Diane","breadcrumb":{"@id":"https:\/\/graziamagazine.com\/mx\/articles\/asi-es-el-estilo-de-talita-von-furstenberg\/#breadcrumb"},"inLanguage":"es-MX","potentialAction":[{"@type":"ReadAction","target":["https:\/\/graziamagazine.com\/mx\/articles\/asi-es-el-estilo-de-talita-von-furstenberg\/"]}]},{"@type":"BreadcrumbList","@id":"https:\/\/graziamagazine.com\/mx\/articles\/asi-es-el-estilo-de-talita-von-furstenberg\/#breadcrumb","itemListElement":[{"@type":"ListItem","position":1,"name":"Home","item":"https:\/\/graziamagazine.com\/mx\/"},{"@type":"ListItem","position":2,"name":"As\u00ed es el estilo de Talita Von Furstenberg"}]},{"@type":"WebSite","@id":"https:\/\/graziamagazine.com\/mx\/#website","url":"https:\/\/graziamagazine.com\/mx\/","name":"Grazia M\u00e9xico y Latinoam\u00e9rica","description":"Grazia es moda, belleza y noticias  de actualidad ","potentialAction":[{"@type":"SearchAction","target":{"@type":"EntryPoint","urlTemplate":"https:\/\/graziamagazine.com\/mx\/?s={search_term_string}"},"query-input":"required name=search_term_string"}],"inLanguage":"es-MX"}]}},"jetpack_sharing_enabled":true,"distributor_meta":false,"distributor_terms":false,"distributor_media":false,"distributor_original_site_name":"Grazia M\u00e9xico y Latinoam\u00e9rica","distributor_original_site_url":"https:\/\/graziamagazine.com\/mx","push-errors":false,"_links":{"self":[{"href":"https:\/\/graziamagazine.com\/mx\/wp-json\/wp\/v2\/articles\/156266"}],"collection":[{"href":"https:\/\/graziamagazine.com\/mx\/wp-json\/wp\/v2\/articles"}],"about":[{"href":"https:\/\/graziamagazine.com\/mx\/wp-json\/wp\/v2\/types\/articles"}],"author":[{"embeddable":true,"href":"https:\/\/graziamagazine.com\/mx\/wp-json\/wp\/v2\/users\/11628"}],"wp:featuredmedia":[{"embeddable":true,"href":"https:\/\/graziamagazine.com\/mx\/wp-json\/wp\/v2\/media\/156268"}],"wp:attachment":[{"href":"https:\/\/graziamagazine.com\/mx\/wp-json\/wp\/v2\/media?parent=156266"}],"wp:term":[{"taxonomy":"category","embeddable":true,"href":"https:\/\/graziamagazine.com\/mx\/wp-json\/wp\/v2\/categories?post=156266"}],"curies":[{"name":"wp","href":"https:\/\/api.w.org\/{rel}","templated":true}]}}