{"id":156179,"date":"2025-09-11T15:29:25","date_gmt":"2025-09-11T20:29:25","guid":{"rendered":"https:\/\/graziamagazine.com\/mx\/?post_type=articles&#038;p=156179"},"modified":"2025-09-11T15:32:43","modified_gmt":"2025-09-11T20:32:43","slug":"michael-kors-presenta-su-coleccion-primavera-verano-2026-en-la-nyfw","status":"publish","type":"articles","link":"https:\/\/graziamagazine.com\/mx\/articles\/michael-kors-presenta-su-coleccion-primavera-verano-2026-en-la-nyfw\/","title":{"rendered":"Michael Kors presenta su colecci\u00f3n Primavera\/Verano 2026 en la NYFW"},"content":{"rendered":"<p><span style=\"font-weight: 400\">Este jueves 11 de septiembre Michael Kors inaugur\u00f3 oficialmente la Semana de la Moda de Nueva York 2025. Miembros de la industria y celebridades se reunieron esta ma\u00f1ana en una sala con paredes de vidrio y ladrillo en Terminal Warehouse, el lugar predilecto de las grandes marcas.<\/span><\/p>\n<p><span style=\"font-weight: 400\">Suki Waterhouse, Lisa Rinna, Olivia Wilde, Leslie Bibb (y su corte bob) y Lili Reinhart, fueron algunas de las celebridades que observaron el show desde la primera fila.<\/span><\/p>\n<p><span style=\"font-weight: 400\">Michael Kors present\u00f3 conjuntos en caf\u00e9, negro y blanco con texturas, como pantalones harem transparentes o faldas con flecos, para a\u00f1adir un toque de profundidad a la interpretaci\u00f3n monocrom\u00e1tica de la paleta primaveral.\u00a0<\/span><\/p>\n<p><span style=\"font-weight: 400\">Los accesorios tomaron absoluto protagonismo en esta colecci\u00f3n. Los collares de metal con colgantes son lo suficientemente grandes como para reflejar la luz. Los bolsos de cuero arrugado se pueden doblar como un clutch, en lugar de llevarlos cruzados. Y, de hecho, Kors propone olvidarse del bolso por completo y llevar la cartera con una correa larga alrededor del cuello.\u00a0<\/span><\/p>\n<p><span style=\"font-weight: 400\">&#8220;Soy el primero en admitir que Lance [Le Pere, su esposo] y yo somos adictos a los viajes. Sobre todo \u00faltimamente, cuando pienso que el mundo est\u00e1 patas arriba, muy fren\u00e9tico. Creo que la Sra. [Diana] Vreeland fue inteligente; la mirada tiene que viajar&#8221;, dijo Kors antes del desfile.\u00a0<\/span><\/p>\n<p><span style=\"font-weight: 400\">El dise\u00f1ador cit\u00f3 Sicilia como inspiraci\u00f3n para la rusticidad de la colecci\u00f3n, sus tonos que van del amanecer al atardecer y los tonos naturales, pero tambi\u00e9n dej\u00f3 ver la eliminaci\u00f3n de las estructuras r\u00edgidas de las chamarras y la incorporaci\u00f3n de flecos artesanales a los bolsos y vestuarios f\u00e1ciles de llevar para las mujeres en movimiento.<\/span><\/p>\n<p><span style=\"font-weight: 400\">\u201cEl desfile y esta colecci\u00f3n son muy relajados, pero elegantes. Es sensual, no un sexy encapsulado. Lo ver\u00e1n en el casting: son mujeres de todas las edades, mujeres de todas las tallas, y una palabra que ya nadie usa: sofisticada. No es una palabra sucia\u201d, explic\u00f3 Michael Kors.<\/span><\/p>\n<p><span style=\"font-weight: 400\">Estos son nuestros estilos favoritos de la colecci\u00f3n:<\/span><\/p>\n<div class=\"content-gallery\"><div class=\"gallery-placeholder\"><div class=\"spinner\"><\/div><\/div><span class=\"gallery-pagination\"><\/span><div id=\"gallery-1\" class=\"gallery galleryid-156179 gallery-columns- gallery-size-medium\"><figure class=\"gallery-item\"><div class=\"gallery-icon landscape\"><img loading=\"lazy\" decoding=\"async\" width=\"568\" height=\"896\" src=\"https:\/\/graziamagazine.com\/mx\/wp-content\/uploads\/sites\/13\/2025\/09\/16.jpg\" class=\"lazy\" alt=\"\" srcset=\"https:\/\/graziamagazine.com\/mx\/wp-content\/uploads\/sites\/13\/2025\/09\/16.jpg 568w, https:\/\/graziamagazine.com\/mx\/wp-content\/uploads\/sites\/13\/2025\/09\/16-285x450.jpg 285w, https:\/\/graziamagazine.com\/mx\/wp-content\/uploads\/sites\/13\/2025\/09\/16-400x631.jpg 400w, https:\/\/graziamagazine.com\/mx\/wp-content\/uploads\/sites\/13\/2025\/09\/16-136x215.jpg 136w\" sizes=\"(max-width: 568px) 100vw, 568px\" \/><\/div><\/figure><figure class=\"gallery-item\"><div class=\"gallery-icon landscape\"><img loading=\"lazy\" decoding=\"async\" width=\"574\" height=\"883\" src=\"https:\/\/graziamagazine.com\/mx\/wp-content\/uploads\/sites\/13\/2025\/09\/20.jpg\" class=\"lazy\" alt=\"\" srcset=\"https:\/\/graziamagazine.com\/mx\/wp-content\/uploads\/sites\/13\/2025\/09\/20.jpg 574w, https:\/\/graziamagazine.com\/mx\/wp-content\/uploads\/sites\/13\/2025\/09\/20-293x450.jpg 293w, https:\/\/graziamagazine.com\/mx\/wp-content\/uploads\/sites\/13\/2025\/09\/20-400x615.jpg 400w, https:\/\/graziamagazine.com\/mx\/wp-content\/uploads\/sites\/13\/2025\/09\/20-140x215.jpg 140w\" sizes=\"(max-width: 574px) 100vw, 574px\" \/><\/div><\/figure><figure class=\"gallery-item\"><div class=\"gallery-icon landscape\"><img loading=\"lazy\" decoding=\"async\" width=\"593\" height=\"887\" src=\"https:\/\/graziamagazine.com\/mx\/wp-content\/uploads\/sites\/13\/2025\/09\/19.jpg\" class=\"lazy\" alt=\"\" srcset=\"https:\/\/graziamagazine.com\/mx\/wp-content\/uploads\/sites\/13\/2025\/09\/19.jpg 593w, https:\/\/graziamagazine.com\/mx\/wp-content\/uploads\/sites\/13\/2025\/09\/19-301x450.jpg 301w, https:\/\/graziamagazine.com\/mx\/wp-content\/uploads\/sites\/13\/2025\/09\/19-400x598.jpg 400w, https:\/\/graziamagazine.com\/mx\/wp-content\/uploads\/sites\/13\/2025\/09\/19-144x215.jpg 144w\" sizes=\"(max-width: 593px) 100vw, 593px\" \/><\/div><\/figure><figure class=\"gallery-item\"><div class=\"gallery-icon landscape\"><img loading=\"lazy\" decoding=\"async\" width=\"557\" height=\"869\" src=\"https:\/\/graziamagazine.com\/mx\/wp-content\/uploads\/sites\/13\/2025\/09\/18.jpg\" class=\"lazy\" alt=\"\" srcset=\"https:\/\/graziamagazine.com\/mx\/wp-content\/uploads\/sites\/13\/2025\/09\/18.jpg 557w, https:\/\/graziamagazine.com\/mx\/wp-content\/uploads\/sites\/13\/2025\/09\/18-288x450.jpg 288w, https:\/\/graziamagazine.com\/mx\/wp-content\/uploads\/sites\/13\/2025\/09\/18-400x624.jpg 400w, https:\/\/graziamagazine.com\/mx\/wp-content\/uploads\/sites\/13\/2025\/09\/18-138x215.jpg 138w\" sizes=\"(max-width: 557px) 100vw, 557px\" \/><\/div><\/figure><figure class=\"gallery-item\"><div class=\"gallery-icon landscape\"><img loading=\"lazy\" decoding=\"async\" width=\"575\" height=\"885\" src=\"https:\/\/graziamagazine.com\/mx\/wp-content\/uploads\/sites\/13\/2025\/09\/17.jpg\" class=\"lazy\" alt=\"\" srcset=\"https:\/\/graziamagazine.com\/mx\/wp-content\/uploads\/sites\/13\/2025\/09\/17.jpg 575w, https:\/\/graziamagazine.com\/mx\/wp-content\/uploads\/sites\/13\/2025\/09\/17-292x450.jpg 292w, https:\/\/graziamagazine.com\/mx\/wp-content\/uploads\/sites\/13\/2025\/09\/17-400x616.jpg 400w, https:\/\/graziamagazine.com\/mx\/wp-content\/uploads\/sites\/13\/2025\/09\/17-140x215.jpg 140w\" sizes=\"(max-width: 575px) 100vw, 575px\" \/><\/div><\/figure><figure class=\"gallery-item\"><div class=\"gallery-icon landscape\"><img loading=\"lazy\" decoding=\"async\" width=\"576\" height=\"894\" src=\"https:\/\/graziamagazine.com\/mx\/wp-content\/uploads\/sites\/13\/2025\/09\/15.jpg\" class=\"lazy\" alt=\"\" srcset=\"https:\/\/graziamagazine.com\/mx\/wp-content\/uploads\/sites\/13\/2025\/09\/15.jpg 576w, https:\/\/graziamagazine.com\/mx\/wp-content\/uploads\/sites\/13\/2025\/09\/15-290x450.jpg 290w, https:\/\/graziamagazine.com\/mx\/wp-content\/uploads\/sites\/13\/2025\/09\/15-400x621.jpg 400w, https:\/\/graziamagazine.com\/mx\/wp-content\/uploads\/sites\/13\/2025\/09\/15-139x215.jpg 139w\" sizes=\"(max-width: 576px) 100vw, 576px\" \/><\/div><\/figure><figure class=\"gallery-item\"><div class=\"gallery-icon landscape\"><img loading=\"lazy\" decoding=\"async\" width=\"567\" height=\"873\" src=\"https:\/\/graziamagazine.com\/mx\/wp-content\/uploads\/sites\/13\/2025\/09\/14.jpg\" class=\"lazy\" alt=\"\" srcset=\"https:\/\/graziamagazine.com\/mx\/wp-content\/uploads\/sites\/13\/2025\/09\/14.jpg 567w, https:\/\/graziamagazine.com\/mx\/wp-content\/uploads\/sites\/13\/2025\/09\/14-292x450.jpg 292w, https:\/\/graziamagazine.com\/mx\/wp-content\/uploads\/sites\/13\/2025\/09\/14-400x616.jpg 400w, https:\/\/graziamagazine.com\/mx\/wp-content\/uploads\/sites\/13\/2025\/09\/14-140x215.jpg 140w\" sizes=\"(max-width: 567px) 100vw, 567px\" \/><\/div><\/figure><figure class=\"gallery-item\"><div class=\"gallery-icon landscape\"><img loading=\"lazy\" decoding=\"async\" width=\"572\" height=\"891\" src=\"https:\/\/graziamagazine.com\/mx\/wp-content\/uploads\/sites\/13\/2025\/09\/13.jpg\" class=\"lazy\" alt=\"\" srcset=\"https:\/\/graziamagazine.com\/mx\/wp-content\/uploads\/sites\/13\/2025\/09\/13.jpg 572w, https:\/\/graziamagazine.com\/mx\/wp-content\/uploads\/sites\/13\/2025\/09\/13-289x450.jpg 289w, https:\/\/graziamagazine.com\/mx\/wp-content\/uploads\/sites\/13\/2025\/09\/13-400x623.jpg 400w, https:\/\/graziamagazine.com\/mx\/wp-content\/uploads\/sites\/13\/2025\/09\/13-138x215.jpg 138w\" sizes=\"(max-width: 572px) 100vw, 572px\" \/><\/div><\/figure><figure class=\"gallery-item\"><div class=\"gallery-icon landscape\"><img loading=\"lazy\" decoding=\"async\" width=\"589\" height=\"892\" src=\"https:\/\/graziamagazine.com\/mx\/wp-content\/uploads\/sites\/13\/2025\/09\/4-1.jpg\" class=\"lazy\" alt=\"\" srcset=\"https:\/\/graziamagazine.com\/mx\/wp-content\/uploads\/sites\/13\/2025\/09\/4-1.jpg 589w, https:\/\/graziamagazine.com\/mx\/wp-content\/uploads\/sites\/13\/2025\/09\/4-1-297x450.jpg 297w, https:\/\/graziamagazine.com\/mx\/wp-content\/uploads\/sites\/13\/2025\/09\/4-1-400x606.jpg 400w, https:\/\/graziamagazine.com\/mx\/wp-content\/uploads\/sites\/13\/2025\/09\/4-1-142x215.jpg 142w\" sizes=\"(max-width: 589px) 100vw, 589px\" \/><\/div><\/figure><figure class=\"gallery-item\"><div class=\"gallery-icon landscape\"><img loading=\"lazy\" decoding=\"async\" width=\"596\" height=\"888\" src=\"https:\/\/graziamagazine.com\/mx\/wp-content\/uploads\/sites\/13\/2025\/09\/5-1.jpg\" class=\"lazy\" alt=\"\" srcset=\"https:\/\/graziamagazine.com\/mx\/wp-content\/uploads\/sites\/13\/2025\/09\/5-1.jpg 596w, https:\/\/graziamagazine.com\/mx\/wp-content\/uploads\/sites\/13\/2025\/09\/5-1-302x450.jpg 302w, https:\/\/graziamagazine.com\/mx\/wp-content\/uploads\/sites\/13\/2025\/09\/5-1-400x596.jpg 400w, https:\/\/graziamagazine.com\/mx\/wp-content\/uploads\/sites\/13\/2025\/09\/5-1-144x215.jpg 144w\" sizes=\"(max-width: 596px) 100vw, 596px\" \/><\/div><\/figure><figure class=\"gallery-item\"><div class=\"gallery-icon landscape\"><img loading=\"lazy\" decoding=\"async\" width=\"589\" height=\"898\" src=\"https:\/\/graziamagazine.com\/mx\/wp-content\/uploads\/sites\/13\/2025\/09\/6-1.jpg\" class=\"lazy\" alt=\"\" srcset=\"https:\/\/graziamagazine.com\/mx\/wp-content\/uploads\/sites\/13\/2025\/09\/6-1.jpg 589w, https:\/\/graziamagazine.com\/mx\/wp-content\/uploads\/sites\/13\/2025\/09\/6-1-295x450.jpg 295w, https:\/\/graziamagazine.com\/mx\/wp-content\/uploads\/sites\/13\/2025\/09\/6-1-400x610.jpg 400w, https:\/\/graziamagazine.com\/mx\/wp-content\/uploads\/sites\/13\/2025\/09\/6-1-141x215.jpg 141w\" sizes=\"(max-width: 589px) 100vw, 589px\" \/><\/div><\/figure><figure class=\"gallery-item\"><div class=\"gallery-icon landscape\"><img loading=\"lazy\" decoding=\"async\" width=\"591\" height=\"898\" src=\"https:\/\/graziamagazine.com\/mx\/wp-content\/uploads\/sites\/13\/2025\/09\/7-1.jpg\" class=\"lazy\" alt=\"\" srcset=\"https:\/\/graziamagazine.com\/mx\/wp-content\/uploads\/sites\/13\/2025\/09\/7-1.jpg 591w, https:\/\/graziamagazine.com\/mx\/wp-content\/uploads\/sites\/13\/2025\/09\/7-1-296x450.jpg 296w, https:\/\/graziamagazine.com\/mx\/wp-content\/uploads\/sites\/13\/2025\/09\/7-1-400x608.jpg 400w, https:\/\/graziamagazine.com\/mx\/wp-content\/uploads\/sites\/13\/2025\/09\/7-1-141x215.jpg 141w\" sizes=\"(max-width: 591px) 100vw, 591px\" \/><\/div><\/figure><figure class=\"gallery-item\"><div class=\"gallery-icon landscape\"><img loading=\"lazy\" decoding=\"async\" width=\"593\" height=\"889\" src=\"https:\/\/graziamagazine.com\/mx\/wp-content\/uploads\/sites\/13\/2025\/09\/8-1.jpg\" class=\"lazy\" alt=\"\" srcset=\"https:\/\/graziamagazine.com\/mx\/wp-content\/uploads\/sites\/13\/2025\/09\/8-1.jpg 593w, https:\/\/graziamagazine.com\/mx\/wp-content\/uploads\/sites\/13\/2025\/09\/8-1-300x450.jpg 300w, https:\/\/graziamagazine.com\/mx\/wp-content\/uploads\/sites\/13\/2025\/09\/8-1-400x600.jpg 400w, https:\/\/graziamagazine.com\/mx\/wp-content\/uploads\/sites\/13\/2025\/09\/8-1-143x215.jpg 143w\" sizes=\"(max-width: 593px) 100vw, 593px\" \/><\/div><\/figure><figure class=\"gallery-item\"><div class=\"gallery-icon landscape\"><img loading=\"lazy\" decoding=\"async\" width=\"583\" height=\"895\" src=\"https:\/\/graziamagazine.com\/mx\/wp-content\/uploads\/sites\/13\/2025\/09\/9-1.jpg\" class=\"lazy\" alt=\"\" srcset=\"https:\/\/graziamagazine.com\/mx\/wp-content\/uploads\/sites\/13\/2025\/09\/9-1.jpg 583w, https:\/\/graziamagazine.com\/mx\/wp-content\/uploads\/sites\/13\/2025\/09\/9-1-293x450.jpg 293w, https:\/\/graziamagazine.com\/mx\/wp-content\/uploads\/sites\/13\/2025\/09\/9-1-400x614.jpg 400w, https:\/\/graziamagazine.com\/mx\/wp-content\/uploads\/sites\/13\/2025\/09\/9-1-140x215.jpg 140w\" sizes=\"(max-width: 583px) 100vw, 583px\" \/><\/div><\/figure><figure class=\"gallery-item\"><div class=\"gallery-icon landscape\"><img loading=\"lazy\" decoding=\"async\" width=\"547\" height=\"899\" src=\"https:\/\/graziamagazine.com\/mx\/wp-content\/uploads\/sites\/13\/2025\/09\/10-1.jpg\" class=\"lazy\" alt=\"\" srcset=\"https:\/\/graziamagazine.com\/mx\/wp-content\/uploads\/sites\/13\/2025\/09\/10-1.jpg 547w, https:\/\/graziamagazine.com\/mx\/wp-content\/uploads\/sites\/13\/2025\/09\/10-1-274x450.jpg 274w, https:\/\/graziamagazine.com\/mx\/wp-content\/uploads\/sites\/13\/2025\/09\/10-1-400x657.jpg 400w, https:\/\/graziamagazine.com\/mx\/wp-content\/uploads\/sites\/13\/2025\/09\/10-1-131x215.jpg 131w\" sizes=\"(max-width: 547px) 100vw, 547px\" \/><\/div><\/figure><figure class=\"gallery-item\"><div class=\"gallery-icon landscape\"><img loading=\"lazy\" decoding=\"async\" width=\"594\" height=\"887\" src=\"https:\/\/graziamagazine.com\/mx\/wp-content\/uploads\/sites\/13\/2025\/09\/11.jpg\" class=\"lazy\" alt=\"\" srcset=\"https:\/\/graziamagazine.com\/mx\/wp-content\/uploads\/sites\/13\/2025\/09\/11.jpg 594w, https:\/\/graziamagazine.com\/mx\/wp-content\/uploads\/sites\/13\/2025\/09\/11-301x450.jpg 301w, https:\/\/graziamagazine.com\/mx\/wp-content\/uploads\/sites\/13\/2025\/09\/11-400x597.jpg 400w, https:\/\/graziamagazine.com\/mx\/wp-content\/uploads\/sites\/13\/2025\/09\/11-144x215.jpg 144w\" sizes=\"(max-width: 594px) 100vw, 594px\" \/><\/div><\/figure><figure class=\"gallery-item\"><div class=\"gallery-icon landscape\"><img loading=\"lazy\" decoding=\"async\" width=\"591\" height=\"893\" src=\"https:\/\/graziamagazine.com\/mx\/wp-content\/uploads\/sites\/13\/2025\/09\/12.jpg\" class=\"lazy\" alt=\"\" srcset=\"https:\/\/graziamagazine.com\/mx\/wp-content\/uploads\/sites\/13\/2025\/09\/12.jpg 591w, https:\/\/graziamagazine.com\/mx\/wp-content\/uploads\/sites\/13\/2025\/09\/12-298x450.jpg 298w, https:\/\/graziamagazine.com\/mx\/wp-content\/uploads\/sites\/13\/2025\/09\/12-400x604.jpg 400w, https:\/\/graziamagazine.com\/mx\/wp-content\/uploads\/sites\/13\/2025\/09\/12-142x215.jpg 142w\" sizes=\"(max-width: 591px) 100vw, 591px\" \/><\/div><\/figure><figure class=\"gallery-item\"><div class=\"gallery-icon landscape\"><img loading=\"lazy\" decoding=\"async\" width=\"592\" height=\"894\" src=\"https:\/\/graziamagazine.com\/mx\/wp-content\/uploads\/sites\/13\/2025\/09\/3-2.jpg\" class=\"lazy\" alt=\"\" srcset=\"https:\/\/graziamagazine.com\/mx\/wp-content\/uploads\/sites\/13\/2025\/09\/3-2.jpg 592w, https:\/\/graziamagazine.com\/mx\/wp-content\/uploads\/sites\/13\/2025\/09\/3-2-298x450.jpg 298w, https:\/\/graziamagazine.com\/mx\/wp-content\/uploads\/sites\/13\/2025\/09\/3-2-400x604.jpg 400w, https:\/\/graziamagazine.com\/mx\/wp-content\/uploads\/sites\/13\/2025\/09\/3-2-142x215.jpg 142w\" sizes=\"(max-width: 592px) 100vw, 592px\" \/><\/div><\/figure><figure class=\"gallery-item\"><div class=\"gallery-icon landscape\"><img loading=\"lazy\" decoding=\"async\" width=\"565\" height=\"881\" src=\"https:\/\/graziamagazine.com\/mx\/wp-content\/uploads\/sites\/13\/2025\/09\/2-1.jpg\" class=\"lazy\" alt=\"\" srcset=\"https:\/\/graziamagazine.com\/mx\/wp-content\/uploads\/sites\/13\/2025\/09\/2-1.jpg 565w, https:\/\/graziamagazine.com\/mx\/wp-content\/uploads\/sites\/13\/2025\/09\/2-1-289x450.jpg 289w, https:\/\/graziamagazine.com\/mx\/wp-content\/uploads\/sites\/13\/2025\/09\/2-1-400x624.jpg 400w, https:\/\/graziamagazine.com\/mx\/wp-content\/uploads\/sites\/13\/2025\/09\/2-1-138x215.jpg 138w\" sizes=\"(max-width: 565px) 100vw, 565px\" \/><\/div><\/figure><figure class=\"gallery-item\"><div class=\"gallery-icon landscape\"><img loading=\"lazy\" decoding=\"async\" width=\"601\" height=\"903\" src=\"https:\/\/graziamagazine.com\/mx\/wp-content\/uploads\/sites\/13\/2025\/09\/1-1.jpg\" class=\"lazy\" alt=\"\" srcset=\"https:\/\/graziamagazine.com\/mx\/wp-content\/uploads\/sites\/13\/2025\/09\/1-1.jpg 601w, https:\/\/graziamagazine.com\/mx\/wp-content\/uploads\/sites\/13\/2025\/09\/1-1-300x450.jpg 300w, https:\/\/graziamagazine.com\/mx\/wp-content\/uploads\/sites\/13\/2025\/09\/1-1-400x601.jpg 400w, https:\/\/graziamagazine.com\/mx\/wp-content\/uploads\/sites\/13\/2025\/09\/1-1-143x215.jpg 143w\" sizes=\"(max-width: 601px) 100vw, 601px\" \/><\/div><\/figure><\/div><\/div>\n","protected":false},"author":11628,"featured_media":156200,"template":"","format":"standard","categories":[4],"acf":[],"yoast_head":"<!-- This site is optimized with the Yoast SEO Premium plugin v18.5 (Yoast SEO v20.4) - https:\/\/yoast.com\/wordpress\/plugins\/seo\/ -->\n<title>Michael Kors presenta su colecci\u00f3n Primavera\/Verano 2026 en la NYFW<\/title>\n<meta name=\"description\" content=\"Este jueves 11 de septiembre Michael Kors inaugur\u00f3 oficialmente la Semana de la Moda de Nueva York 2025. Miembros de la industria y celebridades se\" \/>\n<meta name=\"robots\" content=\"index, follow, max-snippet:-1, max-image-preview:large, max-video-preview:-1\" \/>\n<link rel=\"canonical\" href=\"https:\/\/graziamagazine.com\/mx\/articles\/michael-kors-presenta-su-coleccion-primavera-verano-2026-en-la-nyfw\/\" \/>\n<meta property=\"og:locale\" content=\"es_MX\" \/>\n<meta property=\"og:type\" content=\"article\" \/>\n<meta property=\"og:title\" content=\"Michael Kors presenta su colecci\u00f3n Primavera\/Verano 2026 en la NYFW\" \/>\n<meta property=\"og:description\" content=\"Este jueves 11 de septiembre Michael Kors inaugur\u00f3 oficialmente la Semana de la Moda de Nueva York 2025. Miembros de la industria y celebridades se\" \/>\n<meta property=\"og:url\" content=\"https:\/\/graziamagazine.com\/mx\/articles\/michael-kors-presenta-su-coleccion-primavera-verano-2026-en-la-nyfw\/\" \/>\n<meta property=\"og:site_name\" content=\"Grazia M\u00e9xico y Latinoam\u00e9rica\" \/>\n<meta property=\"article:modified_time\" content=\"2025-09-11T20:32:43+00:00\" \/>\n<meta property=\"og:image\" content=\"https:\/\/graziamagazine.com\/mx\/wp-content\/uploads\/sites\/13\/2025\/09\/96595.jpg\" \/>\n\t<meta property=\"og:image:width\" content=\"605\" \/>\n\t<meta property=\"og:image:height\" content=\"306\" \/>\n\t<meta property=\"og:image:type\" content=\"image\/jpeg\" \/>\n<meta name=\"twitter:card\" content=\"summary_large_image\" \/>\n<meta name=\"twitter:label1\" content=\"Est. reading time\" \/>\n\t<meta name=\"twitter:data1\" content=\"2 minutos\" \/>\n<script type=\"application\/ld+json\" class=\"yoast-schema-graph\">{\"@context\":\"https:\/\/schema.org\",\"@graph\":[{\"@type\":\"WebPage\",\"@id\":\"https:\/\/graziamagazine.com\/mx\/articles\/michael-kors-presenta-su-coleccion-primavera-verano-2026-en-la-nyfw\/\",\"url\":\"https:\/\/graziamagazine.com\/mx\/articles\/michael-kors-presenta-su-coleccion-primavera-verano-2026-en-la-nyfw\/\",\"name\":\"Michael Kors presenta su colecci\u00f3n Primavera\/Verano 2026 en la NYFW\",\"isPartOf\":{\"@id\":\"https:\/\/graziamagazine.com\/mx\/#website\"},\"datePublished\":\"2025-09-11T20:29:25+00:00\",\"dateModified\":\"2025-09-11T20:32:43+00:00\",\"description\":\"Este jueves 11 de septiembre Michael Kors inaugur\u00f3 oficialmente la Semana de la Moda de Nueva York 2025. Miembros de la industria y celebridades se\",\"breadcrumb\":{\"@id\":\"https:\/\/graziamagazine.com\/mx\/articles\/michael-kors-presenta-su-coleccion-primavera-verano-2026-en-la-nyfw\/#breadcrumb\"},\"inLanguage\":\"es-MX\",\"potentialAction\":[{\"@type\":\"ReadAction\",\"target\":[\"https:\/\/graziamagazine.com\/mx\/articles\/michael-kors-presenta-su-coleccion-primavera-verano-2026-en-la-nyfw\/\"]}]},{\"@type\":\"BreadcrumbList\",\"@id\":\"https:\/\/graziamagazine.com\/mx\/articles\/michael-kors-presenta-su-coleccion-primavera-verano-2026-en-la-nyfw\/#breadcrumb\",\"itemListElement\":[{\"@type\":\"ListItem\",\"position\":1,\"name\":\"Home\",\"item\":\"https:\/\/graziamagazine.com\/mx\/\"},{\"@type\":\"ListItem\",\"position\":2,\"name\":\"Michael Kors presenta su colecci\u00f3n Primavera\/Verano 2026 en la NYFW\"}]},{\"@type\":\"WebSite\",\"@id\":\"https:\/\/graziamagazine.com\/mx\/#website\",\"url\":\"https:\/\/graziamagazine.com\/mx\/\",\"name\":\"Grazia M\u00e9xico y Latinoam\u00e9rica\",\"description\":\"Grazia es moda, belleza y noticias  de actualidad \",\"potentialAction\":[{\"@type\":\"SearchAction\",\"target\":{\"@type\":\"EntryPoint\",\"urlTemplate\":\"https:\/\/graziamagazine.com\/mx\/?s={search_term_string}\"},\"query-input\":\"required name=search_term_string\"}],\"inLanguage\":\"es-MX\"}]}<\/script>\n<!-- \/ Yoast SEO Premium plugin. -->","yoast_head_json":{"title":"Michael Kors presenta su colecci\u00f3n Primavera\/Verano 2026 en la NYFW","description":"Este jueves 11 de septiembre Michael Kors inaugur\u00f3 oficialmente la Semana de la Moda de Nueva York 2025. Miembros de la industria y celebridades se","robots":{"index":"index","follow":"follow","max-snippet":"max-snippet:-1","max-image-preview":"max-image-preview:large","max-video-preview":"max-video-preview:-1"},"canonical":"https:\/\/graziamagazine.com\/mx\/articles\/michael-kors-presenta-su-coleccion-primavera-verano-2026-en-la-nyfw\/","og_locale":"es_MX","og_type":"article","og_title":"Michael Kors presenta su colecci\u00f3n Primavera\/Verano 2026 en la NYFW","og_description":"Este jueves 11 de septiembre Michael Kors inaugur\u00f3 oficialmente la Semana de la Moda de Nueva York 2025. Miembros de la industria y celebridades se","og_url":"https:\/\/graziamagazine.com\/mx\/articles\/michael-kors-presenta-su-coleccion-primavera-verano-2026-en-la-nyfw\/","og_site_name":"Grazia M\u00e9xico y Latinoam\u00e9rica","article_modified_time":"2025-09-11T20:32:43+00:00","og_image":[{"width":605,"height":306,"url":"https:\/\/graziamagazine.com\/mx\/wp-content\/uploads\/sites\/13\/2025\/09\/96595.jpg","type":"image\/jpeg"}],"twitter_card":"summary_large_image","twitter_misc":{"Est. reading time":"2 minutos"},"schema":{"@context":"https:\/\/schema.org","@graph":[{"@type":"WebPage","@id":"https:\/\/graziamagazine.com\/mx\/articles\/michael-kors-presenta-su-coleccion-primavera-verano-2026-en-la-nyfw\/","url":"https:\/\/graziamagazine.com\/mx\/articles\/michael-kors-presenta-su-coleccion-primavera-verano-2026-en-la-nyfw\/","name":"Michael Kors presenta su colecci\u00f3n Primavera\/Verano 2026 en la NYFW","isPartOf":{"@id":"https:\/\/graziamagazine.com\/mx\/#website"},"datePublished":"2025-09-11T20:29:25+00:00","dateModified":"2025-09-11T20:32:43+00:00","description":"Este jueves 11 de septiembre Michael Kors inaugur\u00f3 oficialmente la Semana de la Moda de Nueva York 2025. Miembros de la industria y celebridades se","breadcrumb":{"@id":"https:\/\/graziamagazine.com\/mx\/articles\/michael-kors-presenta-su-coleccion-primavera-verano-2026-en-la-nyfw\/#breadcrumb"},"inLanguage":"es-MX","potentialAction":[{"@type":"ReadAction","target":["https:\/\/graziamagazine.com\/mx\/articles\/michael-kors-presenta-su-coleccion-primavera-verano-2026-en-la-nyfw\/"]}]},{"@type":"BreadcrumbList","@id":"https:\/\/graziamagazine.com\/mx\/articles\/michael-kors-presenta-su-coleccion-primavera-verano-2026-en-la-nyfw\/#breadcrumb","itemListElement":[{"@type":"ListItem","position":1,"name":"Home","item":"https:\/\/graziamagazine.com\/mx\/"},{"@type":"ListItem","position":2,"name":"Michael Kors presenta su colecci\u00f3n Primavera\/Verano 2026 en la NYFW"}]},{"@type":"WebSite","@id":"https:\/\/graziamagazine.com\/mx\/#website","url":"https:\/\/graziamagazine.com\/mx\/","name":"Grazia M\u00e9xico y Latinoam\u00e9rica","description":"Grazia es moda, belleza y noticias  de actualidad ","potentialAction":[{"@type":"SearchAction","target":{"@type":"EntryPoint","urlTemplate":"https:\/\/graziamagazine.com\/mx\/?s={search_term_string}"},"query-input":"required name=search_term_string"}],"inLanguage":"es-MX"}]}},"jetpack_sharing_enabled":true,"distributor_meta":false,"distributor_terms":false,"distributor_media":false,"distributor_original_site_name":"Grazia M\u00e9xico y Latinoam\u00e9rica","distributor_original_site_url":"https:\/\/graziamagazine.com\/mx","push-errors":false,"_links":{"self":[{"href":"https:\/\/graziamagazine.com\/mx\/wp-json\/wp\/v2\/articles\/156179"}],"collection":[{"href":"https:\/\/graziamagazine.com\/mx\/wp-json\/wp\/v2\/articles"}],"about":[{"href":"https:\/\/graziamagazine.com\/mx\/wp-json\/wp\/v2\/types\/articles"}],"author":[{"embeddable":true,"href":"https:\/\/graziamagazine.com\/mx\/wp-json\/wp\/v2\/users\/11628"}],"wp:featuredmedia":[{"embeddable":true,"href":"https:\/\/graziamagazine.com\/mx\/wp-json\/wp\/v2\/media\/156200"}],"wp:attachment":[{"href":"https:\/\/graziamagazine.com\/mx\/wp-json\/wp\/v2\/media?parent=156179"}],"wp:term":[{"taxonomy":"category","embeddable":true,"href":"https:\/\/graziamagazine.com\/mx\/wp-json\/wp\/v2\/categories?post=156179"}],"curies":[{"name":"wp","href":"https:\/\/api.w.org\/{rel}","templated":true}]}}