{"id":156163,"date":"2025-09-11T12:52:33","date_gmt":"2025-09-11T17:52:33","guid":{"rendered":"https:\/\/graziamagazine.com\/mx\/?post_type=articles&#038;p=156163"},"modified":"2025-09-17T11:44:51","modified_gmt":"2025-09-17T16:44:51","slug":"track-pants-la-tendencia-que-regresa","status":"publish","type":"articles","link":"https:\/\/graziamagazine.com\/mx\/articles\/track-pants-la-tendencia-que-regresa\/","title":{"rendered":"\u2018Track pants\u2019, la tendencia que regresa"},"content":{"rendered":"<p><span style=\"font-weight: 400\">Este oto\u00f1o, los <\/span><i><span style=\"font-weight: 400\">track pants<\/span><\/i><span style=\"font-weight: 400\"> regresan con fuerza, reivindicando ese espacio dejado por los jeans r\u00edgidos y las faldas serias. Lo que antes se consideraba exclusivamente deportivo hoy se readapta al d\u00eda a d\u00eda, con propuestas llenas de comodidad, nostalgia y estilo urbano.\u00a0<\/span><\/p>\n<p><span style=\"font-weight: 400\">En este regreso podemos ver el triunfo del athleisure como lenguaje diario, la aceptaci\u00f3n de lo relajado sin perder el lujo, y una nostalgia directa al a\u00f1o 2000.<\/span><\/p>\n<p><img loading=\"lazy\" decoding=\"async\" class=\"alignnone wp-image-156166 size-full\" src=\"https:\/\/graziamagazine.com\/mx\/wp-content\/uploads\/sites\/13\/2025\/09\/56156.jpg\" alt=\"\" width=\"523\" height=\"733\" srcset=\"https:\/\/graziamagazine.com\/mx\/wp-content\/uploads\/sites\/13\/2025\/09\/56156.jpg 523w, https:\/\/graziamagazine.com\/mx\/wp-content\/uploads\/sites\/13\/2025\/09\/56156-321x450.jpg 321w, https:\/\/graziamagazine.com\/mx\/wp-content\/uploads\/sites\/13\/2025\/09\/56156-400x561.jpg 400w, https:\/\/graziamagazine.com\/mx\/wp-content\/uploads\/sites\/13\/2025\/09\/56156-153x215.jpg 153w\" sizes=\"(max-width: 523px) 100vw, 523px\" \/><\/p>\n<p><span style=\"font-weight: 400\">La mejor manera de vestir estos pants de manera correcta est\u00e1 en abandonar las reglas antiguas, pues ya no se trata solo de combinarlos con sudaderas o tenis, sino integrarlos con prendas aparentemente opuestas. Por ejemplo, una camisa oversized de vestir, un blazer sastre o una chaqueta retro tipo deportiva que aporte contraste visual. Esa mezcla entre lo urbano y lo deportivo es lo que eleva la prenda.<\/span><\/p>\n<p><span style=\"font-weight: 400\">Por otro lado, los accesorios y el calzado juegan un papel crucial. No se trata de usar lo deportivo hasta el cansancio, sino de encontrar puntos de tensi\u00f3n como bailarinas planas, botas de combate o de punta redonda se convierten en opciones ideales para modernizar el look y hacerlo m\u00e1s urbano.\u00a0<\/span><\/p>\n<p><img loading=\"lazy\" decoding=\"async\" class=\"alignnone wp-image-156164 size-full\" src=\"https:\/\/graziamagazine.com\/mx\/wp-content\/uploads\/sites\/13\/2025\/09\/8556.jpg\" alt=\"\" width=\"278\" height=\"426\" srcset=\"https:\/\/graziamagazine.com\/mx\/wp-content\/uploads\/sites\/13\/2025\/09\/8556.jpg 278w, https:\/\/graziamagazine.com\/mx\/wp-content\/uploads\/sites\/13\/2025\/09\/8556-140x215.jpg 140w\" sizes=\"(max-width: 278px) 100vw, 278px\" \/><\/p>\n<p><span style=\"font-weight: 400\">Respecto a los materiales, no se limitan al nylon, sino a versiones en terciopelo y acabados en piel para ofrecer texturas que se sienten m\u00e1s de la \u00e9poca, especialmente en entornos donde el fr\u00edo pide prendas que adem\u00e1s calienten.<\/span><\/p>\n<p><span style=\"font-weight: 400\">As\u00ed que si est\u00e1s pensando en la prendas que comprar\u00e1s para este oto\u00f1o, vale la pena darle espacio a los track pants para que esa comodidad a la que estamos acostumbradas tambi\u00e9n se exprese con estilo.<\/span><\/p>\n","protected":false},"author":11628,"featured_media":156165,"template":"","format":"standard","categories":[4],"acf":[],"yoast_head":"<!-- This site is optimized with the Yoast SEO Premium plugin v18.5 (Yoast SEO v20.4) - https:\/\/yoast.com\/wordpress\/plugins\/seo\/ -->\n<title>\u2018Track pants\u2019, la tendencia que regresa<\/title>\n<meta name=\"description\" content=\"Este oto\u00f1o, los track pants regresan con fuerza, reivindicando ese espacio dejado por los jeans r\u00edgidos y las faldas serias. Lo que antes se consideraba\" \/>\n<meta name=\"robots\" content=\"index, follow, max-snippet:-1, max-image-preview:large, max-video-preview:-1\" \/>\n<link rel=\"canonical\" href=\"https:\/\/graziamagazine.com\/mx\/articles\/track-pants-la-tendencia-que-regresa\/\" \/>\n<meta property=\"og:locale\" content=\"es_MX\" \/>\n<meta property=\"og:type\" content=\"article\" \/>\n<meta property=\"og:title\" content=\"\u2018Track pants\u2019, la tendencia que regresa\" \/>\n<meta property=\"og:description\" content=\"Este oto\u00f1o, los track pants regresan con fuerza, reivindicando ese espacio dejado por los jeans r\u00edgidos y las faldas serias. Lo que antes se consideraba\" \/>\n<meta property=\"og:url\" content=\"https:\/\/graziamagazine.com\/mx\/articles\/track-pants-la-tendencia-que-regresa\/\" \/>\n<meta property=\"og:site_name\" content=\"Grazia M\u00e9xico y Latinoam\u00e9rica\" \/>\n<meta property=\"article:modified_time\" content=\"2025-09-17T16:44:51+00:00\" \/>\n<meta property=\"og:image\" content=\"https:\/\/graziamagazine.com\/mx\/wp-content\/uploads\/sites\/13\/2025\/09\/8588.jpg\" \/>\n\t<meta property=\"og:image:width\" content=\"528\" \/>\n\t<meta property=\"og:image:height\" content=\"311\" \/>\n\t<meta property=\"og:image:type\" content=\"image\/jpeg\" \/>\n<meta name=\"twitter:card\" content=\"summary_large_image\" \/>\n<meta name=\"twitter:label1\" content=\"Est. reading time\" \/>\n\t<meta name=\"twitter:data1\" content=\"2 minutos\" \/>\n<script type=\"application\/ld+json\" class=\"yoast-schema-graph\">{\"@context\":\"https:\/\/schema.org\",\"@graph\":[{\"@type\":\"WebPage\",\"@id\":\"https:\/\/graziamagazine.com\/mx\/articles\/track-pants-la-tendencia-que-regresa\/\",\"url\":\"https:\/\/graziamagazine.com\/mx\/articles\/track-pants-la-tendencia-que-regresa\/\",\"name\":\"\u2018Track pants\u2019, la tendencia que regresa\",\"isPartOf\":{\"@id\":\"https:\/\/graziamagazine.com\/mx\/#website\"},\"datePublished\":\"2025-09-11T17:52:33+00:00\",\"dateModified\":\"2025-09-17T16:44:51+00:00\",\"description\":\"Este oto\u00f1o, los track pants regresan con fuerza, reivindicando ese espacio dejado por los jeans r\u00edgidos y las faldas serias. Lo que antes se consideraba\",\"breadcrumb\":{\"@id\":\"https:\/\/graziamagazine.com\/mx\/articles\/track-pants-la-tendencia-que-regresa\/#breadcrumb\"},\"inLanguage\":\"es-MX\",\"potentialAction\":[{\"@type\":\"ReadAction\",\"target\":[\"https:\/\/graziamagazine.com\/mx\/articles\/track-pants-la-tendencia-que-regresa\/\"]}]},{\"@type\":\"BreadcrumbList\",\"@id\":\"https:\/\/graziamagazine.com\/mx\/articles\/track-pants-la-tendencia-que-regresa\/#breadcrumb\",\"itemListElement\":[{\"@type\":\"ListItem\",\"position\":1,\"name\":\"Home\",\"item\":\"https:\/\/graziamagazine.com\/mx\/\"},{\"@type\":\"ListItem\",\"position\":2,\"name\":\"\u2018Track pants\u2019, la tendencia que regresa\"}]},{\"@type\":\"WebSite\",\"@id\":\"https:\/\/graziamagazine.com\/mx\/#website\",\"url\":\"https:\/\/graziamagazine.com\/mx\/\",\"name\":\"Grazia M\u00e9xico y Latinoam\u00e9rica\",\"description\":\"Grazia es moda, belleza y noticias  de actualidad \",\"potentialAction\":[{\"@type\":\"SearchAction\",\"target\":{\"@type\":\"EntryPoint\",\"urlTemplate\":\"https:\/\/graziamagazine.com\/mx\/?s={search_term_string}\"},\"query-input\":\"required name=search_term_string\"}],\"inLanguage\":\"es-MX\"}]}<\/script>\n<!-- \/ Yoast SEO Premium plugin. -->","yoast_head_json":{"title":"\u2018Track pants\u2019, la tendencia que regresa","description":"Este oto\u00f1o, los track pants regresan con fuerza, reivindicando ese espacio dejado por los jeans r\u00edgidos y las faldas serias. Lo que antes se consideraba","robots":{"index":"index","follow":"follow","max-snippet":"max-snippet:-1","max-image-preview":"max-image-preview:large","max-video-preview":"max-video-preview:-1"},"canonical":"https:\/\/graziamagazine.com\/mx\/articles\/track-pants-la-tendencia-que-regresa\/","og_locale":"es_MX","og_type":"article","og_title":"\u2018Track pants\u2019, la tendencia que regresa","og_description":"Este oto\u00f1o, los track pants regresan con fuerza, reivindicando ese espacio dejado por los jeans r\u00edgidos y las faldas serias. Lo que antes se consideraba","og_url":"https:\/\/graziamagazine.com\/mx\/articles\/track-pants-la-tendencia-que-regresa\/","og_site_name":"Grazia M\u00e9xico y Latinoam\u00e9rica","article_modified_time":"2025-09-17T16:44:51+00:00","og_image":[{"width":528,"height":311,"url":"https:\/\/graziamagazine.com\/mx\/wp-content\/uploads\/sites\/13\/2025\/09\/8588.jpg","type":"image\/jpeg"}],"twitter_card":"summary_large_image","twitter_misc":{"Est. reading time":"2 minutos"},"schema":{"@context":"https:\/\/schema.org","@graph":[{"@type":"WebPage","@id":"https:\/\/graziamagazine.com\/mx\/articles\/track-pants-la-tendencia-que-regresa\/","url":"https:\/\/graziamagazine.com\/mx\/articles\/track-pants-la-tendencia-que-regresa\/","name":"\u2018Track pants\u2019, la tendencia que regresa","isPartOf":{"@id":"https:\/\/graziamagazine.com\/mx\/#website"},"datePublished":"2025-09-11T17:52:33+00:00","dateModified":"2025-09-17T16:44:51+00:00","description":"Este oto\u00f1o, los track pants regresan con fuerza, reivindicando ese espacio dejado por los jeans r\u00edgidos y las faldas serias. Lo que antes se consideraba","breadcrumb":{"@id":"https:\/\/graziamagazine.com\/mx\/articles\/track-pants-la-tendencia-que-regresa\/#breadcrumb"},"inLanguage":"es-MX","potentialAction":[{"@type":"ReadAction","target":["https:\/\/graziamagazine.com\/mx\/articles\/track-pants-la-tendencia-que-regresa\/"]}]},{"@type":"BreadcrumbList","@id":"https:\/\/graziamagazine.com\/mx\/articles\/track-pants-la-tendencia-que-regresa\/#breadcrumb","itemListElement":[{"@type":"ListItem","position":1,"name":"Home","item":"https:\/\/graziamagazine.com\/mx\/"},{"@type":"ListItem","position":2,"name":"\u2018Track pants\u2019, la tendencia que regresa"}]},{"@type":"WebSite","@id":"https:\/\/graziamagazine.com\/mx\/#website","url":"https:\/\/graziamagazine.com\/mx\/","name":"Grazia M\u00e9xico y Latinoam\u00e9rica","description":"Grazia es moda, belleza y noticias  de actualidad ","potentialAction":[{"@type":"SearchAction","target":{"@type":"EntryPoint","urlTemplate":"https:\/\/graziamagazine.com\/mx\/?s={search_term_string}"},"query-input":"required name=search_term_string"}],"inLanguage":"es-MX"}]}},"jetpack_sharing_enabled":true,"distributor_meta":false,"distributor_terms":false,"distributor_media":false,"distributor_original_site_name":"Grazia M\u00e9xico y Latinoam\u00e9rica","distributor_original_site_url":"https:\/\/graziamagazine.com\/mx","push-errors":false,"_links":{"self":[{"href":"https:\/\/graziamagazine.com\/mx\/wp-json\/wp\/v2\/articles\/156163"}],"collection":[{"href":"https:\/\/graziamagazine.com\/mx\/wp-json\/wp\/v2\/articles"}],"about":[{"href":"https:\/\/graziamagazine.com\/mx\/wp-json\/wp\/v2\/types\/articles"}],"author":[{"embeddable":true,"href":"https:\/\/graziamagazine.com\/mx\/wp-json\/wp\/v2\/users\/11628"}],"wp:featuredmedia":[{"embeddable":true,"href":"https:\/\/graziamagazine.com\/mx\/wp-json\/wp\/v2\/media\/156165"}],"wp:attachment":[{"href":"https:\/\/graziamagazine.com\/mx\/wp-json\/wp\/v2\/media?parent=156163"}],"wp:term":[{"taxonomy":"category","embeddable":true,"href":"https:\/\/graziamagazine.com\/mx\/wp-json\/wp\/v2\/categories?post=156163"}],"curies":[{"name":"wp","href":"https:\/\/api.w.org\/{rel}","templated":true}]}}