{"id":156010,"date":"2025-09-08T13:48:48","date_gmt":"2025-09-08T18:48:48","guid":{"rendered":"https:\/\/graziamagazine.com\/mx\/?post_type=articles&#038;p=156010"},"modified":"2025-09-08T13:49:55","modified_gmt":"2025-09-08T18:49:55","slug":"las-tendencias-de-maquillaje-del-2016-estan-de-vuelta","status":"publish","type":"articles","link":"https:\/\/graziamagazine.com\/mx\/articles\/las-tendencias-de-maquillaje-del-2016-estan-de-vuelta\/","title":{"rendered":"Las tendencias de maquillaje del 2016 est\u00e1n de vuelta"},"content":{"rendered":"<p><span style=\"font-weight: 400\">Las tendencias no mueren, solo se transforman, y eso incluye al maquillaje. Aquel estilo que domin\u00f3 en 2016, con sus<\/span><i><span style=\"font-weight: 400\"> cut-crease<\/span><\/i><span style=\"font-weight: 400\"> perfectamente marcados y labios mate en tonos intensos, ahora est\u00e1 de vuelta con un giro m\u00e1s moderno y sencillo, gracias a las celebridades que han rescatado esta est\u00e9tica, pero con un toque m\u00e1s minimalista y <\/span><i><span style=\"font-weight: 400\">ad hoc<\/span><\/i><span style=\"font-weight: 400\"> con esta nueva \u00e9poca.<\/span><\/p>\n<p><span style=\"font-weight: 400\">Por si no recuerdas, el <\/span><i><span style=\"font-weight: 400\">cut-crease<\/span><\/i><span style=\"font-weight: 400\"> es aquella t\u00e9cnica que defin\u00eda con precisi\u00f3n la cuenca del ojo para un efecto m\u00e1s dram\u00e1tico y despierto, y ahora ha dejado de ser exclusivo de looks de noche o de alfombra roja. Celebridades como Hailey Bieber lo est\u00e1n mostrando en versiones m\u00e1s suaves, con difuminados estrat\u00e9gicos y colores neutros que se funden de manera natural con la piel.\u00a0<\/span><\/p>\n<p><img loading=\"lazy\" decoding=\"async\" class=\"alignnone size-medium wp-image-156011\" src=\"https:\/\/graziamagazine.com\/mx\/wp-content\/uploads\/sites\/13\/2025\/09\/3-1-450x342.jpg\" alt=\"\" width=\"450\" height=\"342\" srcset=\"https:\/\/graziamagazine.com\/mx\/wp-content\/uploads\/sites\/13\/2025\/09\/3-1-450x342.jpg 450w, https:\/\/graziamagazine.com\/mx\/wp-content\/uploads\/sites\/13\/2025\/09\/3-1-400x304.jpg 400w, https:\/\/graziamagazine.com\/mx\/wp-content\/uploads\/sites\/13\/2025\/09\/3-1-155x118.jpg 155w, https:\/\/graziamagazine.com\/mx\/wp-content\/uploads\/sites\/13\/2025\/09\/3-1.jpg 569w\" sizes=\"(max-width: 450px) 100vw, 450px\" \/><\/p>\n<p><span style=\"font-weight: 400\">De tal manera que est\u00e1 tendencia de maquillaje conserva la intensidad del 2016, pero con la frescura y naturalidad que exige 2025.<\/span><\/p>\n<p><img loading=\"lazy\" decoding=\"async\" class=\"alignnone size-medium wp-image-156013\" src=\"https:\/\/graziamagazine.com\/mx\/wp-content\/uploads\/sites\/13\/2025\/09\/5232-450x300.jpg\" alt=\"\" width=\"450\" height=\"300\" srcset=\"https:\/\/graziamagazine.com\/mx\/wp-content\/uploads\/sites\/13\/2025\/09\/5232-450x300.jpg 450w, https:\/\/graziamagazine.com\/mx\/wp-content\/uploads\/sites\/13\/2025\/09\/5232-400x267.jpg 400w, https:\/\/graziamagazine.com\/mx\/wp-content\/uploads\/sites\/13\/2025\/09\/5232-155x103.jpg 155w, https:\/\/graziamagazine.com\/mx\/wp-content\/uploads\/sites\/13\/2025\/09\/5232.jpg 634w\" sizes=\"(max-width: 450px) 100vw, 450px\" \/><\/p>\n<p><span style=\"font-weight: 400\">Los labios mate, por su parte, tambi\u00e9n est\u00e1n de regreso con labiales de nueva generaci\u00f3n con texturas aterciopeladas, ligeras y llenas de hidrataci\u00f3n. El furor por los tonos vino, nude y terracota en acabado mate vuelve a colarse en los looks de las alfombras rojas.<\/span><\/p>\n<p><img loading=\"lazy\" decoding=\"async\" class=\"alignnone size-medium wp-image-156012\" src=\"https:\/\/graziamagazine.com\/mx\/wp-content\/uploads\/sites\/13\/2025\/09\/5151-450x356.jpg\" alt=\"\" width=\"450\" height=\"356\" srcset=\"https:\/\/graziamagazine.com\/mx\/wp-content\/uploads\/sites\/13\/2025\/09\/5151-450x356.jpg 450w, https:\/\/graziamagazine.com\/mx\/wp-content\/uploads\/sites\/13\/2025\/09\/5151-400x317.jpg 400w, https:\/\/graziamagazine.com\/mx\/wp-content\/uploads\/sites\/13\/2025\/09\/5151-155x123.jpg 155w, https:\/\/graziamagazine.com\/mx\/wp-content\/uploads\/sites\/13\/2025\/09\/5151.jpg 629w\" sizes=\"(max-width: 450px) 100vw, 450px\" \/><\/p>\n<p><span style=\"font-weight: 400\">Lo que llama la atenci\u00f3n de este renacer de la tendencia es c\u00f3mo se mezcla con la cultura actual del \u201cmenos es m\u00e1s\u201d. El maquillaje 2016 reloaded no pretende ser una copia exacta de lo que ya vimos, sino una adaptaci\u00f3n que combina t\u00e9cnicas precisas con la naturalidad del clean look.\u00a0<\/span><\/p>\n","protected":false},"author":11628,"featured_media":156014,"template":"","format":"standard","categories":[3],"acf":[],"yoast_head":"<!-- This site is optimized with the Yoast SEO Premium plugin v18.5 (Yoast SEO v20.4) - https:\/\/yoast.com\/wordpress\/plugins\/seo\/ -->\n<title>Las tendencias de maquillaje del 2016 est\u00e1n de vuelta<\/title>\n<meta name=\"description\" content=\"Las tendencias no mueren, solo se transforman, y eso incluye al maquillaje. Aquel estilo que domin\u00f3 en 2016, con sus cut-crease perfectamente marcados y\" \/>\n<meta name=\"robots\" content=\"index, follow, max-snippet:-1, max-image-preview:large, max-video-preview:-1\" \/>\n<link rel=\"canonical\" href=\"https:\/\/graziamagazine.com\/mx\/articles\/las-tendencias-de-maquillaje-del-2016-estan-de-vuelta\/\" \/>\n<meta property=\"og:locale\" content=\"es_MX\" \/>\n<meta property=\"og:type\" content=\"article\" \/>\n<meta property=\"og:title\" content=\"Las tendencias de maquillaje del 2016 est\u00e1n de vuelta\" \/>\n<meta property=\"og:description\" content=\"Las tendencias no mueren, solo se transforman, y eso incluye al maquillaje. Aquel estilo que domin\u00f3 en 2016, con sus cut-crease perfectamente marcados y\" \/>\n<meta property=\"og:url\" content=\"https:\/\/graziamagazine.com\/mx\/articles\/las-tendencias-de-maquillaje-del-2016-estan-de-vuelta\/\" \/>\n<meta property=\"og:site_name\" content=\"Grazia M\u00e9xico y Latinoam\u00e9rica\" \/>\n<meta property=\"article:modified_time\" content=\"2025-09-08T18:49:55+00:00\" \/>\n<meta property=\"og:image\" content=\"https:\/\/graziamagazine.com\/mx\/wp-content\/uploads\/sites\/13\/2025\/09\/84848.jpg\" \/>\n\t<meta property=\"og:image:width\" content=\"680\" \/>\n\t<meta property=\"og:image:height\" content=\"399\" \/>\n\t<meta property=\"og:image:type\" content=\"image\/jpeg\" \/>\n<meta name=\"twitter:card\" content=\"summary_large_image\" \/>\n<meta name=\"twitter:label1\" content=\"Est. reading time\" \/>\n\t<meta name=\"twitter:data1\" content=\"2 minutos\" \/>\n<script type=\"application\/ld+json\" class=\"yoast-schema-graph\">{\"@context\":\"https:\/\/schema.org\",\"@graph\":[{\"@type\":\"WebPage\",\"@id\":\"https:\/\/graziamagazine.com\/mx\/articles\/las-tendencias-de-maquillaje-del-2016-estan-de-vuelta\/\",\"url\":\"https:\/\/graziamagazine.com\/mx\/articles\/las-tendencias-de-maquillaje-del-2016-estan-de-vuelta\/\",\"name\":\"Las tendencias de maquillaje del 2016 est\u00e1n de vuelta\",\"isPartOf\":{\"@id\":\"https:\/\/graziamagazine.com\/mx\/#website\"},\"datePublished\":\"2025-09-08T18:48:48+00:00\",\"dateModified\":\"2025-09-08T18:49:55+00:00\",\"description\":\"Las tendencias no mueren, solo se transforman, y eso incluye al maquillaje. Aquel estilo que domin\u00f3 en 2016, con sus cut-crease perfectamente marcados y\",\"breadcrumb\":{\"@id\":\"https:\/\/graziamagazine.com\/mx\/articles\/las-tendencias-de-maquillaje-del-2016-estan-de-vuelta\/#breadcrumb\"},\"inLanguage\":\"es-MX\",\"potentialAction\":[{\"@type\":\"ReadAction\",\"target\":[\"https:\/\/graziamagazine.com\/mx\/articles\/las-tendencias-de-maquillaje-del-2016-estan-de-vuelta\/\"]}]},{\"@type\":\"BreadcrumbList\",\"@id\":\"https:\/\/graziamagazine.com\/mx\/articles\/las-tendencias-de-maquillaje-del-2016-estan-de-vuelta\/#breadcrumb\",\"itemListElement\":[{\"@type\":\"ListItem\",\"position\":1,\"name\":\"Home\",\"item\":\"https:\/\/graziamagazine.com\/mx\/\"},{\"@type\":\"ListItem\",\"position\":2,\"name\":\"Las tendencias de maquillaje del 2016 est\u00e1n de vuelta\"}]},{\"@type\":\"WebSite\",\"@id\":\"https:\/\/graziamagazine.com\/mx\/#website\",\"url\":\"https:\/\/graziamagazine.com\/mx\/\",\"name\":\"Grazia M\u00e9xico y Latinoam\u00e9rica\",\"description\":\"Grazia es moda, belleza y noticias  de actualidad \",\"potentialAction\":[{\"@type\":\"SearchAction\",\"target\":{\"@type\":\"EntryPoint\",\"urlTemplate\":\"https:\/\/graziamagazine.com\/mx\/?s={search_term_string}\"},\"query-input\":\"required name=search_term_string\"}],\"inLanguage\":\"es-MX\"}]}<\/script>\n<!-- \/ Yoast SEO Premium plugin. -->","yoast_head_json":{"title":"Las tendencias de maquillaje del 2016 est\u00e1n de vuelta","description":"Las tendencias no mueren, solo se transforman, y eso incluye al maquillaje. Aquel estilo que domin\u00f3 en 2016, con sus cut-crease perfectamente marcados y","robots":{"index":"index","follow":"follow","max-snippet":"max-snippet:-1","max-image-preview":"max-image-preview:large","max-video-preview":"max-video-preview:-1"},"canonical":"https:\/\/graziamagazine.com\/mx\/articles\/las-tendencias-de-maquillaje-del-2016-estan-de-vuelta\/","og_locale":"es_MX","og_type":"article","og_title":"Las tendencias de maquillaje del 2016 est\u00e1n de vuelta","og_description":"Las tendencias no mueren, solo se transforman, y eso incluye al maquillaje. Aquel estilo que domin\u00f3 en 2016, con sus cut-crease perfectamente marcados y","og_url":"https:\/\/graziamagazine.com\/mx\/articles\/las-tendencias-de-maquillaje-del-2016-estan-de-vuelta\/","og_site_name":"Grazia M\u00e9xico y Latinoam\u00e9rica","article_modified_time":"2025-09-08T18:49:55+00:00","og_image":[{"width":680,"height":399,"url":"https:\/\/graziamagazine.com\/mx\/wp-content\/uploads\/sites\/13\/2025\/09\/84848.jpg","type":"image\/jpeg"}],"twitter_card":"summary_large_image","twitter_misc":{"Est. reading time":"2 minutos"},"schema":{"@context":"https:\/\/schema.org","@graph":[{"@type":"WebPage","@id":"https:\/\/graziamagazine.com\/mx\/articles\/las-tendencias-de-maquillaje-del-2016-estan-de-vuelta\/","url":"https:\/\/graziamagazine.com\/mx\/articles\/las-tendencias-de-maquillaje-del-2016-estan-de-vuelta\/","name":"Las tendencias de maquillaje del 2016 est\u00e1n de vuelta","isPartOf":{"@id":"https:\/\/graziamagazine.com\/mx\/#website"},"datePublished":"2025-09-08T18:48:48+00:00","dateModified":"2025-09-08T18:49:55+00:00","description":"Las tendencias no mueren, solo se transforman, y eso incluye al maquillaje. Aquel estilo que domin\u00f3 en 2016, con sus cut-crease perfectamente marcados y","breadcrumb":{"@id":"https:\/\/graziamagazine.com\/mx\/articles\/las-tendencias-de-maquillaje-del-2016-estan-de-vuelta\/#breadcrumb"},"inLanguage":"es-MX","potentialAction":[{"@type":"ReadAction","target":["https:\/\/graziamagazine.com\/mx\/articles\/las-tendencias-de-maquillaje-del-2016-estan-de-vuelta\/"]}]},{"@type":"BreadcrumbList","@id":"https:\/\/graziamagazine.com\/mx\/articles\/las-tendencias-de-maquillaje-del-2016-estan-de-vuelta\/#breadcrumb","itemListElement":[{"@type":"ListItem","position":1,"name":"Home","item":"https:\/\/graziamagazine.com\/mx\/"},{"@type":"ListItem","position":2,"name":"Las tendencias de maquillaje del 2016 est\u00e1n de vuelta"}]},{"@type":"WebSite","@id":"https:\/\/graziamagazine.com\/mx\/#website","url":"https:\/\/graziamagazine.com\/mx\/","name":"Grazia M\u00e9xico y Latinoam\u00e9rica","description":"Grazia es moda, belleza y noticias  de actualidad ","potentialAction":[{"@type":"SearchAction","target":{"@type":"EntryPoint","urlTemplate":"https:\/\/graziamagazine.com\/mx\/?s={search_term_string}"},"query-input":"required name=search_term_string"}],"inLanguage":"es-MX"}]}},"jetpack_sharing_enabled":true,"distributor_meta":false,"distributor_terms":false,"distributor_media":false,"distributor_original_site_name":"Grazia M\u00e9xico y Latinoam\u00e9rica","distributor_original_site_url":"https:\/\/graziamagazine.com\/mx","push-errors":false,"_links":{"self":[{"href":"https:\/\/graziamagazine.com\/mx\/wp-json\/wp\/v2\/articles\/156010"}],"collection":[{"href":"https:\/\/graziamagazine.com\/mx\/wp-json\/wp\/v2\/articles"}],"about":[{"href":"https:\/\/graziamagazine.com\/mx\/wp-json\/wp\/v2\/types\/articles"}],"author":[{"embeddable":true,"href":"https:\/\/graziamagazine.com\/mx\/wp-json\/wp\/v2\/users\/11628"}],"wp:featuredmedia":[{"embeddable":true,"href":"https:\/\/graziamagazine.com\/mx\/wp-json\/wp\/v2\/media\/156014"}],"wp:attachment":[{"href":"https:\/\/graziamagazine.com\/mx\/wp-json\/wp\/v2\/media?parent=156010"}],"wp:term":[{"taxonomy":"category","embeddable":true,"href":"https:\/\/graziamagazine.com\/mx\/wp-json\/wp\/v2\/categories?post=156010"}],"curies":[{"name":"wp","href":"https:\/\/api.w.org\/{rel}","templated":true}]}}