{"id":155696,"date":"2025-09-01T15:31:16","date_gmt":"2025-09-01T20:31:16","guid":{"rendered":"https:\/\/graziamagazine.com\/mx\/?post_type=articles&#038;p=155696"},"modified":"2025-09-05T15:40:37","modified_gmt":"2025-09-05T20:40:37","slug":"barbara-de-regil-la-reina-de-la-accion-regresa-con-fuerza","status":"publish","type":"articles","link":"https:\/\/graziamagazine.com\/mx\/articles\/barbara-de-regil-la-reina-de-la-accion-regresa-con-fuerza\/","title":{"rendered":"B\u00e1rbara de Regil: la reina de la acci\u00f3n regresa con fuerza"},"content":{"rendered":"<p><strong>La actriz mexicana que marc\u00f3 un antes y un despu\u00e9s con Rosario Tijeras se prepara para una nueva temporada y reafirma su lugar como referente en las historias de acci\u00f3n.<\/strong><\/p>\n<p>En el panorama actual de la televisi\u00f3n mexicana, pocos nombres resuenan con la fuerza y la constancia de B\u00e1rbara de Regil. Actriz, mujer multifac\u00e9tica y personalidad magn\u00e9tica, ha sabido construir una carrera que la ha colocado como referente indiscutible en el g\u00e9nero de acci\u00f3n, donde pocas int\u00e9rpretes han alcanzado su nivel de impacto y reconocimiento. Con una energ\u00eda imparable y un compromiso absoluto con cada proyecto, B\u00e1rbara se ha ganado a pulso el cari\u00f1o del p\u00fablico y el respeto de la industria.<\/p>\n<p>Su nombre est\u00e1 inevitablemente ligado a Rosario Tijeras, una de las producciones m\u00e1s exitosas de los \u00faltimos a\u00f1os en la televisi\u00f3n. Con este personaje, la actriz no solo dio vida a una mujer compleja y llena de matices, sino que tambi\u00e9n ofreci\u00f3 un retrato profundo de la fuerza femenina en un contexto marcado por la violencia, la pasi\u00f3n y la supervivencia. El resultado fue una interpretaci\u00f3n que r\u00e1pidamente se volvi\u00f3 ic\u00f3nica y que catapult\u00f3 a B\u00e1rbara a un lugar de privilegio dentro del imaginario colectivo.<\/p>\n<p><strong>El fen\u00f3meno fue tal que Rosario Tijeras no solo rompi\u00f3 r\u00e9cords de audiencia en su momento, sino que trascendi\u00f3 como una historia de culto para nuevas generaciones de espectadores que encontraron en Rosario a una hero\u00edna distinta: vulnerable y fuerte a la vez, capaz de conmover y de imponerse en un mismo gesto. Hoy, la confirmaci\u00f3n de una quinta temporada es recibida como un acontecimiento que despierta entusiasmo, nostalgia y expectativa.<\/strong><\/p>\n<p><img loading=\"lazy\" decoding=\"async\" class=\"size-full wp-image-155700 aligncenter\" src=\"https:\/\/graziamagazine.com\/mx\/wp-content\/uploads\/sites\/13\/2025\/09\/Captura-de-Pantalla-2025-09-05-a-las-14.37.58.png\" alt=\"\" width=\"416\" height=\"566\" srcset=\"https:\/\/graziamagazine.com\/mx\/wp-content\/uploads\/sites\/13\/2025\/09\/Captura-de-Pantalla-2025-09-05-a-las-14.37.58.png 416w, https:\/\/graziamagazine.com\/mx\/wp-content\/uploads\/sites\/13\/2025\/09\/Captura-de-Pantalla-2025-09-05-a-las-14.37.58-331x450.png 331w, https:\/\/graziamagazine.com\/mx\/wp-content\/uploads\/sites\/13\/2025\/09\/Captura-de-Pantalla-2025-09-05-a-las-14.37.58-400x544.png 400w, https:\/\/graziamagazine.com\/mx\/wp-content\/uploads\/sites\/13\/2025\/09\/Captura-de-Pantalla-2025-09-05-a-las-14.37.58-155x211.png 155w\" sizes=\"(max-width: 416px) 100vw, 416px\" \/><\/p>\n<p>Para B\u00e1rbara, volver a encarnar a Rosario significa tambi\u00e9n reencontrarse con una parte vital de su trayectoria. El personaje le abri\u00f3 puertas, le permiti\u00f3 conectar con p\u00fablicos de toda Am\u00e9rica Latina y se convirti\u00f3 en un escaparate que mostr\u00f3 su capacidad para sostener un rol protagonista durante varias temporadas, en medio de un g\u00e9nero que exige intensidad f\u00edsica y emocional.<\/p>\n<blockquote><p>\u201cRosario es un personaje que vive en m\u00ed, que me ense\u00f1\u00f3 a confiar en mi fuerza y que me sigue retando en cada temporada\u201d, ha compartido en m\u00e1s de una ocasi\u00f3n.<\/p><\/blockquote>\n<p>Pero limitar su carrera a un solo papel ser\u00eda quedarse corto. B\u00e1rbara ha demostrado con creces que su talento trasciende la ficci\u00f3n televisiva. Su presencia en el cine, en otros proyectos de televisi\u00f3n y en las plataformas digitales la han consolidado como una figura vers\u00e1til y de gran alcance. Su autenticidad y cercan\u00eda con sus seguidores en redes sociales son prueba de que sabe equilibrar la intensidad de la pantalla con la frescura de la vida cotidiana, compartiendo mensajes de bienestar, disciplina y motivaci\u00f3n que inspiran a miles de personas.<\/p>\n<p>Ese equilibrio entre personaje y persona es uno de los secretos de su \u00e9xito. En una industria que constantemente pone a prueba a sus protagonistas, B\u00e1rbara ha sabido mantenerse fiel a s\u00ed misma, sin perder la capacidad de reinventarse. Su disciplina como actriz va de la mano con su compromiso con la salud y el fitness, una faceta que ha convertido en parte de su identidad p\u00fablica y que se refleja en la preparaci\u00f3n f\u00edsica que exige un papel como el de Rosario Tijeras. Cada escena de acci\u00f3n, cada secuencia intensa, est\u00e1 respaldada por a\u00f1os de entrenamiento y dedicaci\u00f3n.<\/p>\n<p>La quinta temporada de Rosario Tijeras llega en un momento clave: la televisi\u00f3n vive una etapa de transformaci\u00f3n, marcada por la competencia con las plataformas digitales y la necesidad de ofrecer historias potentes y de calidad. En este contexto, el regreso de un t\u00edtulo tan emblem\u00e1tico significa no solo un gui\u00f1o a la nostalgia, sino tambi\u00e9n una apuesta por reafirmar que las narrativas locales tienen el poder de conectar con audiencias globales. Y en el centro de todo, est\u00e1 B\u00e1rbara, como rostro, voz y coraz\u00f3n de una historia que sigue vigente.<\/p>\n<p>M\u00e1s all\u00e1 de los n\u00fameros de audiencia, lo que verdaderamente distingue a B\u00e1rbara de Regil es su capacidad para generar conversaci\u00f3n. Sus proyectos no pasan desapercibidos: despiertan debates, cr\u00edticas, elogios y, sobre todo, una fidelidad inquebrantable de parte de quienes la admiran. Ella representa esa figura medi\u00e1tica que entiende la dualidad de la fama contempor\u00e1nea: ser actriz y a la vez ser influencer, ser estrella de ficci\u00f3n y al mismo tiempo referente en el d\u00eda a d\u00eda de millones de seguidores.<\/p>\n<p>Hablar de B\u00e1rbara es hablar de fuerza. Una fuerza que se expresa en pantalla, pero tambi\u00e9n en su manera de enfrentar la vida. Su autenticidad, lejos de ser un recurso calculado, se ha vuelto su sello personal. \u201cYo creo en ser real, en no pretender lo que no soy. Esa es la \u00fanica manera de conectar de verdad con la gente\u201d, ha dicho en entrevistas. Esa honestidad, sumada a su disciplina, es lo que la mantiene vigente y relevante.<\/p>\n<p>Con la confirmaci\u00f3n de Rosario Tijeras en su quinta entrega, B\u00e1rbara de Regil no solo regresa al papel que defini\u00f3 su carrera, sino que reafirma su lugar en la cima de las historias de acci\u00f3n. Es un regreso esperado, cargado de simbolismo y de emoci\u00f3n, que promete volver a encender la pantalla con la intensidad que solo ella sabe transmitir.<\/p>\n<p>En tiempos en que la televisi\u00f3n busca h\u00e9roes y hero\u00ednas capaces de reflejar las complejidades de la sociedad, B\u00e1rbara se alza como un ejemplo de resiliencia y compromiso. Su camino no ha estado exento de retos, pero cada paso dado ha sido una declaraci\u00f3n de convicci\u00f3n. Y hoy, m\u00e1s que nunca, su figura inspira a quienes creen que la fuerza puede tener muchas formas: la del cuerpo, la del car\u00e1cter y, sobre todo, la del coraz\u00f3n<img loading=\"lazy\" decoding=\"async\" class=\"size-full wp-image-155699 aligncenter\" src=\"https:\/\/graziamagazine.com\/mx\/wp-content\/uploads\/sites\/13\/2025\/09\/Captura-de-Pantalla-2025-09-05-a-las-14.38.07.png\" alt=\"\" width=\"390\" height=\"579\" srcset=\"https:\/\/graziamagazine.com\/mx\/wp-content\/uploads\/sites\/13\/2025\/09\/Captura-de-Pantalla-2025-09-05-a-las-14.38.07.png 390w, https:\/\/graziamagazine.com\/mx\/wp-content\/uploads\/sites\/13\/2025\/09\/Captura-de-Pantalla-2025-09-05-a-las-14.38.07-303x450.png 303w, https:\/\/graziamagazine.com\/mx\/wp-content\/uploads\/sites\/13\/2025\/09\/Captura-de-Pantalla-2025-09-05-a-las-14.38.07-145x215.png 145w\" sizes=\"(max-width: 390px) 100vw, 390px\" \/><\/p>\n","protected":false},"author":42739,"featured_media":155698,"template":"","format":"standard","categories":[],"acf":[],"yoast_head":"<!-- This site is optimized with the Yoast SEO Premium plugin v18.5 (Yoast SEO v20.4) - https:\/\/yoast.com\/wordpress\/plugins\/seo\/ -->\n<title>B\u00e1rbara de Regil: la reina de la acci\u00f3n regresa con fuerza | Grazia M\u00e9xico y Latinoam\u00e9rica<\/title>\n<meta name=\"description\" content=\"La actriz mexicana que marc\u00f3 un antes y un despu\u00e9s con Rosario Tijeras se prepara para una nueva temporada y reafirma su lugar como referente en las\" \/>\n<meta name=\"robots\" content=\"index, follow, max-snippet:-1, max-image-preview:large, max-video-preview:-1\" \/>\n<link rel=\"canonical\" href=\"https:\/\/graziamagazine.com\/mx\/articles\/barbara-de-regil-la-reina-de-la-accion-regresa-con-fuerza\/\" \/>\n<meta property=\"og:locale\" content=\"es_MX\" \/>\n<meta property=\"og:type\" content=\"article\" \/>\n<meta property=\"og:title\" content=\"B\u00e1rbara de Regil: la reina de la acci\u00f3n regresa con fuerza\" \/>\n<meta property=\"og:description\" content=\"La actriz mexicana que marc\u00f3 un antes y un despu\u00e9s con Rosario Tijeras se prepara para una nueva temporada y reafirma su lugar como referente en las\" \/>\n<meta property=\"og:url\" content=\"https:\/\/graziamagazine.com\/mx\/articles\/barbara-de-regil-la-reina-de-la-accion-regresa-con-fuerza\/\" \/>\n<meta property=\"og:site_name\" content=\"Grazia M\u00e9xico y Latinoam\u00e9rica\" \/>\n<meta property=\"article:modified_time\" content=\"2025-09-05T20:40:37+00:00\" \/>\n<meta property=\"og:image\" content=\"https:\/\/graziamagazine.com\/mx\/wp-content\/uploads\/sites\/13\/2025\/09\/IMG_2177-scaled.jpg\" \/>\n\t<meta property=\"og:image:width\" content=\"1707\" \/>\n\t<meta property=\"og:image:height\" content=\"2560\" \/>\n\t<meta property=\"og:image:type\" content=\"image\/jpeg\" \/>\n<meta name=\"twitter:card\" content=\"summary_large_image\" \/>\n<meta name=\"twitter:label1\" content=\"Est. reading time\" \/>\n\t<meta name=\"twitter:data1\" content=\"5 minutos\" \/>\n<script type=\"application\/ld+json\" class=\"yoast-schema-graph\">{\"@context\":\"https:\/\/schema.org\",\"@graph\":[{\"@type\":\"WebPage\",\"@id\":\"https:\/\/graziamagazine.com\/mx\/articles\/barbara-de-regil-la-reina-de-la-accion-regresa-con-fuerza\/\",\"url\":\"https:\/\/graziamagazine.com\/mx\/articles\/barbara-de-regil-la-reina-de-la-accion-regresa-con-fuerza\/\",\"name\":\"B\u00e1rbara de Regil: la reina de la acci\u00f3n regresa con fuerza | Grazia M\u00e9xico y Latinoam\u00e9rica\",\"isPartOf\":{\"@id\":\"https:\/\/graziamagazine.com\/mx\/#website\"},\"datePublished\":\"2025-09-01T20:31:16+00:00\",\"dateModified\":\"2025-09-05T20:40:37+00:00\",\"description\":\"La actriz mexicana que marc\u00f3 un antes y un despu\u00e9s con Rosario Tijeras se prepara para una nueva temporada y reafirma su lugar como referente en las\",\"breadcrumb\":{\"@id\":\"https:\/\/graziamagazine.com\/mx\/articles\/barbara-de-regil-la-reina-de-la-accion-regresa-con-fuerza\/#breadcrumb\"},\"inLanguage\":\"es-MX\",\"potentialAction\":[{\"@type\":\"ReadAction\",\"target\":[\"https:\/\/graziamagazine.com\/mx\/articles\/barbara-de-regil-la-reina-de-la-accion-regresa-con-fuerza\/\"]}]},{\"@type\":\"BreadcrumbList\",\"@id\":\"https:\/\/graziamagazine.com\/mx\/articles\/barbara-de-regil-la-reina-de-la-accion-regresa-con-fuerza\/#breadcrumb\",\"itemListElement\":[{\"@type\":\"ListItem\",\"position\":1,\"name\":\"Home\",\"item\":\"https:\/\/graziamagazine.com\/mx\/\"},{\"@type\":\"ListItem\",\"position\":2,\"name\":\"B\u00e1rbara de Regil: la reina de la acci\u00f3n regresa con fuerza\"}]},{\"@type\":\"WebSite\",\"@id\":\"https:\/\/graziamagazine.com\/mx\/#website\",\"url\":\"https:\/\/graziamagazine.com\/mx\/\",\"name\":\"Grazia M\u00e9xico y Latinoam\u00e9rica\",\"description\":\"Grazia es moda, belleza y noticias  de actualidad \",\"potentialAction\":[{\"@type\":\"SearchAction\",\"target\":{\"@type\":\"EntryPoint\",\"urlTemplate\":\"https:\/\/graziamagazine.com\/mx\/?s={search_term_string}\"},\"query-input\":\"required name=search_term_string\"}],\"inLanguage\":\"es-MX\"}]}<\/script>\n<!-- \/ Yoast SEO Premium plugin. -->","yoast_head_json":{"title":"B\u00e1rbara de Regil: la reina de la acci\u00f3n regresa con fuerza | Grazia M\u00e9xico y Latinoam\u00e9rica","description":"La actriz mexicana que marc\u00f3 un antes y un despu\u00e9s con Rosario Tijeras se prepara para una nueva temporada y reafirma su lugar como referente en las","robots":{"index":"index","follow":"follow","max-snippet":"max-snippet:-1","max-image-preview":"max-image-preview:large","max-video-preview":"max-video-preview:-1"},"canonical":"https:\/\/graziamagazine.com\/mx\/articles\/barbara-de-regil-la-reina-de-la-accion-regresa-con-fuerza\/","og_locale":"es_MX","og_type":"article","og_title":"B\u00e1rbara de Regil: la reina de la acci\u00f3n regresa con fuerza","og_description":"La actriz mexicana que marc\u00f3 un antes y un despu\u00e9s con Rosario Tijeras se prepara para una nueva temporada y reafirma su lugar como referente en las","og_url":"https:\/\/graziamagazine.com\/mx\/articles\/barbara-de-regil-la-reina-de-la-accion-regresa-con-fuerza\/","og_site_name":"Grazia M\u00e9xico y Latinoam\u00e9rica","article_modified_time":"2025-09-05T20:40:37+00:00","og_image":[{"width":1707,"height":2560,"url":"https:\/\/graziamagazine.com\/mx\/wp-content\/uploads\/sites\/13\/2025\/09\/IMG_2177-scaled.jpg","type":"image\/jpeg"}],"twitter_card":"summary_large_image","twitter_misc":{"Est. reading time":"5 minutos"},"schema":{"@context":"https:\/\/schema.org","@graph":[{"@type":"WebPage","@id":"https:\/\/graziamagazine.com\/mx\/articles\/barbara-de-regil-la-reina-de-la-accion-regresa-con-fuerza\/","url":"https:\/\/graziamagazine.com\/mx\/articles\/barbara-de-regil-la-reina-de-la-accion-regresa-con-fuerza\/","name":"B\u00e1rbara de Regil: la reina de la acci\u00f3n regresa con fuerza | Grazia M\u00e9xico y Latinoam\u00e9rica","isPartOf":{"@id":"https:\/\/graziamagazine.com\/mx\/#website"},"datePublished":"2025-09-01T20:31:16+00:00","dateModified":"2025-09-05T20:40:37+00:00","description":"La actriz mexicana que marc\u00f3 un antes y un despu\u00e9s con Rosario Tijeras se prepara para una nueva temporada y reafirma su lugar como referente en las","breadcrumb":{"@id":"https:\/\/graziamagazine.com\/mx\/articles\/barbara-de-regil-la-reina-de-la-accion-regresa-con-fuerza\/#breadcrumb"},"inLanguage":"es-MX","potentialAction":[{"@type":"ReadAction","target":["https:\/\/graziamagazine.com\/mx\/articles\/barbara-de-regil-la-reina-de-la-accion-regresa-con-fuerza\/"]}]},{"@type":"BreadcrumbList","@id":"https:\/\/graziamagazine.com\/mx\/articles\/barbara-de-regil-la-reina-de-la-accion-regresa-con-fuerza\/#breadcrumb","itemListElement":[{"@type":"ListItem","position":1,"name":"Home","item":"https:\/\/graziamagazine.com\/mx\/"},{"@type":"ListItem","position":2,"name":"B\u00e1rbara de Regil: la reina de la acci\u00f3n regresa con fuerza"}]},{"@type":"WebSite","@id":"https:\/\/graziamagazine.com\/mx\/#website","url":"https:\/\/graziamagazine.com\/mx\/","name":"Grazia M\u00e9xico y Latinoam\u00e9rica","description":"Grazia es moda, belleza y noticias  de actualidad ","potentialAction":[{"@type":"SearchAction","target":{"@type":"EntryPoint","urlTemplate":"https:\/\/graziamagazine.com\/mx\/?s={search_term_string}"},"query-input":"required name=search_term_string"}],"inLanguage":"es-MX"}]}},"jetpack_sharing_enabled":true,"distributor_meta":false,"distributor_terms":false,"distributor_media":false,"distributor_original_site_name":"Grazia M\u00e9xico y Latinoam\u00e9rica","distributor_original_site_url":"https:\/\/graziamagazine.com\/mx","push-errors":false,"_links":{"self":[{"href":"https:\/\/graziamagazine.com\/mx\/wp-json\/wp\/v2\/articles\/155696"}],"collection":[{"href":"https:\/\/graziamagazine.com\/mx\/wp-json\/wp\/v2\/articles"}],"about":[{"href":"https:\/\/graziamagazine.com\/mx\/wp-json\/wp\/v2\/types\/articles"}],"author":[{"embeddable":true,"href":"https:\/\/graziamagazine.com\/mx\/wp-json\/wp\/v2\/users\/42739"}],"wp:featuredmedia":[{"embeddable":true,"href":"https:\/\/graziamagazine.com\/mx\/wp-json\/wp\/v2\/media\/155698"}],"wp:attachment":[{"href":"https:\/\/graziamagazine.com\/mx\/wp-json\/wp\/v2\/media?parent=155696"}],"wp:term":[{"taxonomy":"category","embeddable":true,"href":"https:\/\/graziamagazine.com\/mx\/wp-json\/wp\/v2\/categories?post=155696"}],"curies":[{"name":"wp","href":"https:\/\/api.w.org\/{rel}","templated":true}]}}