{"id":155661,"date":"2025-09-05T12:06:38","date_gmt":"2025-09-05T17:06:38","guid":{"rendered":"https:\/\/graziamagazine.com\/mx\/?post_type=articles&#038;p=155661"},"modified":"2025-09-05T13:02:47","modified_gmt":"2025-09-05T18:02:47","slug":"goth-girl-autumn-la-estetica-oscura-que-marca-el-otono","status":"publish","type":"articles","link":"https:\/\/graziamagazine.com\/mx\/articles\/goth-girl-autumn-la-estetica-oscura-que-marca-el-otono\/","title":{"rendered":"&#8216;Goth Girl Autumn&#8217;, la est\u00e9tica oscura que marca el oto\u00f1o"},"content":{"rendered":"<p>El oto\u00f1o es sin\u00f3nimo de su\u00e9teres cozy, calcetines afelpados y bebidas calientes. Pero en cuesti\u00f3n de\u00a0<em>fashion &amp; beauty,\u00a0<\/em>lleg\u00f3 una tendencia particular: la de Goth Girl Autumn. A\u00fan con el clima tan impredecible, la est\u00e9tica\u00a0<em>dark <\/em>que llega con fuerza esta temporada alude a una paleta de colores oscuros con mezcla de prendas semi-g\u00f3ticas (piensa en medias de encaje, transparencias y outfits <em>total black<\/em>) y maquillaje tirando hacia lo opaco con un toque extravagante. \u00bfC\u00f3mo adaptarla este oto\u00f1o 2025?<\/p>\n<figure id=\"attachment_155665\" aria-describedby=\"caption-attachment-155665\" style=\"width: 900px\" class=\"wp-caption alignnone\"><img loading=\"lazy\" decoding=\"async\" class=\"wp-image-155665 size-full\" src=\"https:\/\/graziamagazine.com\/mx\/wp-content\/uploads\/sites\/13\/2025\/09\/goth-girl-autumn-la-estetica-oscura-que-marca-el-otono-5-1.jpg\" alt=\"'Goth Girl Autumn', la est\u00e9tica oscura que marca el oto\u00f1o\" width=\"900\" height=\"1200\" srcset=\"https:\/\/graziamagazine.com\/mx\/wp-content\/uploads\/sites\/13\/2025\/09\/goth-girl-autumn-la-estetica-oscura-que-marca-el-otono-5-1.jpg 900w, https:\/\/graziamagazine.com\/mx\/wp-content\/uploads\/sites\/13\/2025\/09\/goth-girl-autumn-la-estetica-oscura-que-marca-el-otono-5-1-338x450.jpg 338w, https:\/\/graziamagazine.com\/mx\/wp-content\/uploads\/sites\/13\/2025\/09\/goth-girl-autumn-la-estetica-oscura-que-marca-el-otono-5-1-768x1024.jpg 768w, https:\/\/graziamagazine.com\/mx\/wp-content\/uploads\/sites\/13\/2025\/09\/goth-girl-autumn-la-estetica-oscura-que-marca-el-otono-5-1-400x533.jpg 400w, https:\/\/graziamagazine.com\/mx\/wp-content\/uploads\/sites\/13\/2025\/09\/goth-girl-autumn-la-estetica-oscura-que-marca-el-otono-5-1-155x207.jpg 155w\" sizes=\"(max-width: 900px) 100vw, 900px\" \/><figcaption id=\"caption-attachment-155665\" class=\"wp-caption-text\">Jenna Ortega, la Goth Girl por excelencia.<\/figcaption><\/figure>\n<h2>La tendencia del &#8216;Goth Girl Autumn&#8217;<\/h2>\n<p>De acuerdo con la revista\u00a0<em>Time,\u00a0<\/em>la est\u00e9tica de lo g\u00f3tico deriva de la era victoriana, &#8220;y lo goth fue adoptado como una subcultura envuelta en negro por los seguidores de bandas brit\u00e1nicas de rock melanc\u00f3licas de los a\u00f1os ochenta, como The Cure y Cocteau Twins&#8221;. Afirman que es una mira hacia el terciopelo y encaje, a los vampiros y brujas, gatos negros, velas consumidas y sesiones espiritistas con un tablero de Ouija. \u00bfC\u00f3mo se lleva esto a niveles de moda y belleza? La transici\u00f3n ha sido interesante.<\/p>\n<p>El glamour g\u00f3tico surgi\u00f3 de la escena post-punk a finales de los sesenta y principios de los ochenta, mezclando la est\u00e9tica oscura del punk con las pr\u00e1cticas del luto de la \u00e9poca victoriana. Se volvi\u00f3 una fascinaci\u00f3n por lo macabro y lo rom\u00e1ntico, distinguida por colores oscuros (mucho negro), siluetas dram\u00e1ticas, encaje, cuero, cors\u00e9s \u2014y en maquillaje es llevar la piel p\u00e1lida contrastada con labios y ojos intensos.<\/p>\n<figure id=\"attachment_155666\" aria-describedby=\"caption-attachment-155666\" style=\"width: 900px\" class=\"wp-caption alignnone\"><img loading=\"lazy\" decoding=\"async\" class=\"wp-image-155666 size-full\" src=\"https:\/\/graziamagazine.com\/mx\/wp-content\/uploads\/sites\/13\/2025\/09\/goth-girl-autumn-la-estetica-oscura-que-marca-el-otono-5.jpg\" alt=\"'Goth Girl Autumn', la est\u00e9tica oscura que marca el oto\u00f1o\" width=\"900\" height=\"1200\" srcset=\"https:\/\/graziamagazine.com\/mx\/wp-content\/uploads\/sites\/13\/2025\/09\/goth-girl-autumn-la-estetica-oscura-que-marca-el-otono-5.jpg 900w, https:\/\/graziamagazine.com\/mx\/wp-content\/uploads\/sites\/13\/2025\/09\/goth-girl-autumn-la-estetica-oscura-que-marca-el-otono-5-338x450.jpg 338w, https:\/\/graziamagazine.com\/mx\/wp-content\/uploads\/sites\/13\/2025\/09\/goth-girl-autumn-la-estetica-oscura-que-marca-el-otono-5-768x1024.jpg 768w, https:\/\/graziamagazine.com\/mx\/wp-content\/uploads\/sites\/13\/2025\/09\/goth-girl-autumn-la-estetica-oscura-que-marca-el-otono-5-400x533.jpg 400w, https:\/\/graziamagazine.com\/mx\/wp-content\/uploads\/sites\/13\/2025\/09\/goth-girl-autumn-la-estetica-oscura-que-marca-el-otono-5-155x207.jpg 155w\" sizes=\"(max-width: 900px) 100vw, 900px\" \/><figcaption id=\"caption-attachment-155666\" class=\"wp-caption-text\">Rick Owens.<\/figcaption><\/figure>\n<p>Para oto\u00f1o\/invierno 2025 hay inspiraci\u00f3n de colecciones de Vivienne Westwood, Junya Watanabe y Rick Owens, por mencionar algunos. Y si hay celebridades que han marcado esta tendencia con fortaleza, son Jenna Ortega, Mia Goth, Winona Ryder y hasta <a href=\"https:\/\/graziamagazine.com\/mx\/articles\/todos-los-detalles-sobre-el-video-de-lady-gaga-en-xochimilco-por-tim-burton\/\">Lady Gaga con su nuevo video musical de\u00a0<\/a><em>The Dead Dance.<\/em><\/p>\n<h2>C\u00f3mo llevar la est\u00e9tica &#8216;Goth Girl Autumn&#8217;<\/h2>\n<p>Desde un\u00a0<em>little black dress\u00a0<\/em>hasta la decoloraci\u00f3n total de cejas tal y como la protagonista de Wednesday hizo, para tener un oto\u00f1o de Chica G\u00f3tica no se necesitan muchas complicaciones.<\/p>\n<figure id=\"attachment_155663\" aria-describedby=\"caption-attachment-155663\" style=\"width: 900px\" class=\"wp-caption alignnone\"><img loading=\"lazy\" decoding=\"async\" class=\"wp-image-155663 size-full\" src=\"https:\/\/graziamagazine.com\/mx\/wp-content\/uploads\/sites\/13\/2025\/09\/goth-girl-autumn-la-estetica-oscura-que-marca-el-otono-2.jpg\" alt=\"'Goth Girl Autumn', la est\u00e9tica oscura que marca el oto\u00f1o\" width=\"900\" height=\"1200\" srcset=\"https:\/\/graziamagazine.com\/mx\/wp-content\/uploads\/sites\/13\/2025\/09\/goth-girl-autumn-la-estetica-oscura-que-marca-el-otono-2.jpg 900w, https:\/\/graziamagazine.com\/mx\/wp-content\/uploads\/sites\/13\/2025\/09\/goth-girl-autumn-la-estetica-oscura-que-marca-el-otono-2-338x450.jpg 338w, https:\/\/graziamagazine.com\/mx\/wp-content\/uploads\/sites\/13\/2025\/09\/goth-girl-autumn-la-estetica-oscura-que-marca-el-otono-2-768x1024.jpg 768w, https:\/\/graziamagazine.com\/mx\/wp-content\/uploads\/sites\/13\/2025\/09\/goth-girl-autumn-la-estetica-oscura-que-marca-el-otono-2-400x533.jpg 400w, https:\/\/graziamagazine.com\/mx\/wp-content\/uploads\/sites\/13\/2025\/09\/goth-girl-autumn-la-estetica-oscura-que-marca-el-otono-2-155x207.jpg 155w\" sizes=\"(max-width: 900px) 100vw, 900px\" \/><figcaption id=\"caption-attachment-155663\" class=\"wp-caption-text\">Vivienne Westwood<\/figcaption><\/figure>\n<ul>\n<li>Vestidos satinados, con estampado vichy en tonos oscuros (como rojo quemado o gris) o de estilo baby doll para vestir, que bien puedes combinar con biker boots y chamarras de cuero.<\/li>\n<li>En tops o playeras de manga larga o corta, busca el cuello Peter Pan (o cuello bobo), que tenga alg\u00fan detalle en los pu\u00f1os al estilo de la moda victoriana; estos bordes ondulados y un tanto cursis hacen gran referencia a la moda g\u00f3tica.<\/li>\n<li>Cualquier falda con detalles de encaje, faldas de cuero o con holanes (siempre y cuando sea de color oscuro), que puedes combinar con medias para elevar tu look.<\/li>\n<li>Y en cuanto a calzado, todo lo que sea chunky (como unas Dr. Martens) y tambi\u00e9n de encaje o transparencias (como los ballerina flats) pueden coordinar con el lado rom\u00e1ntico o rebelde del estilo g\u00f3tico.<\/li>\n<\/ul>\n<figure id=\"attachment_155664\" aria-describedby=\"caption-attachment-155664\" style=\"width: 900px\" class=\"wp-caption alignnone\"><img loading=\"lazy\" decoding=\"async\" class=\"wp-image-155664 size-full\" src=\"https:\/\/graziamagazine.com\/mx\/wp-content\/uploads\/sites\/13\/2025\/09\/goth-girl-autumn-la-estetica-oscura-que-marca-el-otono-4.jpg\" alt=\"'Goth Girl Autumn', la est\u00e9tica oscura que marca el oto\u00f1o\" width=\"900\" height=\"1200\" srcset=\"https:\/\/graziamagazine.com\/mx\/wp-content\/uploads\/sites\/13\/2025\/09\/goth-girl-autumn-la-estetica-oscura-que-marca-el-otono-4.jpg 900w, https:\/\/graziamagazine.com\/mx\/wp-content\/uploads\/sites\/13\/2025\/09\/goth-girl-autumn-la-estetica-oscura-que-marca-el-otono-4-338x450.jpg 338w, https:\/\/graziamagazine.com\/mx\/wp-content\/uploads\/sites\/13\/2025\/09\/goth-girl-autumn-la-estetica-oscura-que-marca-el-otono-4-768x1024.jpg 768w, https:\/\/graziamagazine.com\/mx\/wp-content\/uploads\/sites\/13\/2025\/09\/goth-girl-autumn-la-estetica-oscura-que-marca-el-otono-4-400x533.jpg 400w, https:\/\/graziamagazine.com\/mx\/wp-content\/uploads\/sites\/13\/2025\/09\/goth-girl-autumn-la-estetica-oscura-que-marca-el-otono-4-155x207.jpg 155w\" sizes=\"(max-width: 900px) 100vw, 900px\" \/><figcaption id=\"caption-attachment-155664\" class=\"wp-caption-text\">Vivienne Westwood<\/figcaption><\/figure>\n<figure id=\"attachment_155662\" aria-describedby=\"caption-attachment-155662\" style=\"width: 900px\" class=\"wp-caption alignnone\"><img loading=\"lazy\" decoding=\"async\" class=\"wp-image-155662 size-full\" src=\"https:\/\/graziamagazine.com\/mx\/wp-content\/uploads\/sites\/13\/2025\/09\/goth-girl-autumn-la-estetica-oscura-que-marca-el-otono-1.jpg\" alt=\"'Goth Girl Autumn', la est\u00e9tica oscura que marca el oto\u00f1o\" width=\"900\" height=\"1200\" srcset=\"https:\/\/graziamagazine.com\/mx\/wp-content\/uploads\/sites\/13\/2025\/09\/goth-girl-autumn-la-estetica-oscura-que-marca-el-otono-1.jpg 900w, https:\/\/graziamagazine.com\/mx\/wp-content\/uploads\/sites\/13\/2025\/09\/goth-girl-autumn-la-estetica-oscura-que-marca-el-otono-1-338x450.jpg 338w, https:\/\/graziamagazine.com\/mx\/wp-content\/uploads\/sites\/13\/2025\/09\/goth-girl-autumn-la-estetica-oscura-que-marca-el-otono-1-768x1024.jpg 768w, https:\/\/graziamagazine.com\/mx\/wp-content\/uploads\/sites\/13\/2025\/09\/goth-girl-autumn-la-estetica-oscura-que-marca-el-otono-1-400x533.jpg 400w, https:\/\/graziamagazine.com\/mx\/wp-content\/uploads\/sites\/13\/2025\/09\/goth-girl-autumn-la-estetica-oscura-que-marca-el-otono-1-155x207.jpg 155w\" sizes=\"(max-width: 900px) 100vw, 900px\" \/><figcaption id=\"caption-attachment-155662\" class=\"wp-caption-text\">Junya Watanabe<\/figcaption><\/figure>\n<p>En maquillaje, la clave est\u00e1 en suavizar las l\u00edneas duras y experimentar con m\u00e1s colores y acabados, sin perder la esencia dark y rom\u00e1ntica de este estilo. El rostro se lleva con un acabado de &#8220;cloud skin&#8221; (una piel aterciopelada y satinada que deja ver la textura natural), que puedes lograr con bases ligeras y polvos trasl\u00facidos suaves.<\/p>\n<figure id=\"attachment_155668\" aria-describedby=\"caption-attachment-155668\" style=\"width: 900px\" class=\"wp-caption alignnone\"><img loading=\"lazy\" decoding=\"async\" class=\"wp-image-155668 size-full\" src=\"https:\/\/graziamagazine.com\/mx\/wp-content\/uploads\/sites\/13\/2025\/09\/goth-girl-autumn-la-estetica-oscura-que-marca-el-otono-7.jpg\" alt=\"'Goth Girl Autumn', la est\u00e9tica oscura que marca el oto\u00f1o\" width=\"900\" height=\"1200\" srcset=\"https:\/\/graziamagazine.com\/mx\/wp-content\/uploads\/sites\/13\/2025\/09\/goth-girl-autumn-la-estetica-oscura-que-marca-el-otono-7.jpg 900w, https:\/\/graziamagazine.com\/mx\/wp-content\/uploads\/sites\/13\/2025\/09\/goth-girl-autumn-la-estetica-oscura-que-marca-el-otono-7-338x450.jpg 338w, https:\/\/graziamagazine.com\/mx\/wp-content\/uploads\/sites\/13\/2025\/09\/goth-girl-autumn-la-estetica-oscura-que-marca-el-otono-7-768x1024.jpg 768w, https:\/\/graziamagazine.com\/mx\/wp-content\/uploads\/sites\/13\/2025\/09\/goth-girl-autumn-la-estetica-oscura-que-marca-el-otono-7-400x533.jpg 400w, https:\/\/graziamagazine.com\/mx\/wp-content\/uploads\/sites\/13\/2025\/09\/goth-girl-autumn-la-estetica-oscura-que-marca-el-otono-7-155x207.jpg 155w\" sizes=\"(max-width: 900px) 100vw, 900px\" \/><figcaption id=\"caption-attachment-155668\" class=\"wp-caption-text\">Maquillaje g\u00f3tico de forma sutil en Mia Goth.<\/figcaption><\/figure>\n<p>En los ojos, el delineado dram\u00e1tico tiene ese efecto smokey con delineado grunge. Tambi\u00e9n se incorporan detalles modernos, como el doble delineado o el &#8220;kitten eye&#8221;, en colores como burdeos, ciruela o gris fr\u00edo con toques met\u00e1licos. Los labios se llevan con acabados brillantes o mates profundos, algo que nunca pasar\u00e1 de moda: berry, oxblood y nude son los favoritos de la temporada.<\/p>\n<figure id=\"attachment_155667\" aria-describedby=\"caption-attachment-155667\" style=\"width: 900px\" class=\"wp-caption alignnone\"><img loading=\"lazy\" decoding=\"async\" class=\"wp-image-155667 size-full\" src=\"https:\/\/graziamagazine.com\/mx\/wp-content\/uploads\/sites\/13\/2025\/09\/goth-girl-autumn-la-estetica-oscura-que-marca-el-otono-6.jpg\" alt=\"'Goth Girl Autumn', la est\u00e9tica oscura que marca el oto\u00f1o\" width=\"900\" height=\"1200\" srcset=\"https:\/\/graziamagazine.com\/mx\/wp-content\/uploads\/sites\/13\/2025\/09\/goth-girl-autumn-la-estetica-oscura-que-marca-el-otono-6.jpg 900w, https:\/\/graziamagazine.com\/mx\/wp-content\/uploads\/sites\/13\/2025\/09\/goth-girl-autumn-la-estetica-oscura-que-marca-el-otono-6-338x450.jpg 338w, https:\/\/graziamagazine.com\/mx\/wp-content\/uploads\/sites\/13\/2025\/09\/goth-girl-autumn-la-estetica-oscura-que-marca-el-otono-6-768x1024.jpg 768w, https:\/\/graziamagazine.com\/mx\/wp-content\/uploads\/sites\/13\/2025\/09\/goth-girl-autumn-la-estetica-oscura-que-marca-el-otono-6-400x533.jpg 400w, https:\/\/graziamagazine.com\/mx\/wp-content\/uploads\/sites\/13\/2025\/09\/goth-girl-autumn-la-estetica-oscura-que-marca-el-otono-6-155x207.jpg 155w\" sizes=\"(max-width: 900px) 100vw, 900px\" \/><figcaption id=\"caption-attachment-155667\" class=\"wp-caption-text\">Winona Ryder tiene el delineado grunge perfecto para esta tendencia.<\/figcaption><\/figure>\n","protected":false},"author":42761,"featured_media":155669,"template":"","format":"standard","categories":[4],"acf":[],"yoast_head":"<!-- This site is optimized with the Yoast SEO Premium plugin v18.5 (Yoast SEO v20.4) - https:\/\/yoast.com\/wordpress\/plugins\/seo\/ -->\n<title>&#039;Goth Girl Autumn&#039;, la est\u00e9tica oscura que marca el oto\u00f1o | Grazia M\u00e9xico y Latinoam\u00e9rica<\/title>\n<meta name=\"description\" content=\"El oto\u00f1o es sin\u00f3nimo de su\u00e9teres cozy, calcetines afelpados y bebidas calientes. Pero en cuesti\u00f3n de\u00a0fashion &amp; beauty,\u00a0lleg\u00f3 una tendencia particular:\" \/>\n<meta name=\"robots\" content=\"index, follow, max-snippet:-1, max-image-preview:large, max-video-preview:-1\" \/>\n<link rel=\"canonical\" href=\"https:\/\/graziamagazine.com\/mx\/articles\/goth-girl-autumn-la-estetica-oscura-que-marca-el-otono\/\" \/>\n<meta property=\"og:locale\" content=\"es_MX\" \/>\n<meta property=\"og:type\" content=\"article\" \/>\n<meta property=\"og:title\" content=\"&#039;Goth Girl Autumn&#039;, la est\u00e9tica oscura que marca el oto\u00f1o\" \/>\n<meta property=\"og:description\" content=\"El oto\u00f1o es sin\u00f3nimo de su\u00e9teres cozy, calcetines afelpados y bebidas calientes. Pero en cuesti\u00f3n de\u00a0fashion &amp; beauty,\u00a0lleg\u00f3 una tendencia particular:\" \/>\n<meta property=\"og:url\" content=\"https:\/\/graziamagazine.com\/mx\/articles\/goth-girl-autumn-la-estetica-oscura-que-marca-el-otono\/\" \/>\n<meta property=\"og:site_name\" content=\"Grazia M\u00e9xico y Latinoam\u00e9rica\" \/>\n<meta property=\"article:modified_time\" content=\"2025-09-05T18:02:47+00:00\" \/>\n<meta property=\"og:image\" content=\"https:\/\/graziamagazine.com\/mx\/wp-content\/uploads\/sites\/13\/2025\/09\/goth-girl-autumn-la-estetica-oscura-que-marca-el-otono-8.jpg\" \/>\n\t<meta property=\"og:image:width\" content=\"1280\" \/>\n\t<meta property=\"og:image:height\" content=\"720\" \/>\n\t<meta property=\"og:image:type\" content=\"image\/jpeg\" \/>\n<meta name=\"twitter:card\" content=\"summary_large_image\" \/>\n<meta name=\"twitter:label1\" content=\"Est. reading time\" \/>\n\t<meta name=\"twitter:data1\" content=\"5 minutos\" \/>\n<script type=\"application\/ld+json\" class=\"yoast-schema-graph\">{\"@context\":\"https:\/\/schema.org\",\"@graph\":[{\"@type\":\"WebPage\",\"@id\":\"https:\/\/graziamagazine.com\/mx\/articles\/goth-girl-autumn-la-estetica-oscura-que-marca-el-otono\/\",\"url\":\"https:\/\/graziamagazine.com\/mx\/articles\/goth-girl-autumn-la-estetica-oscura-que-marca-el-otono\/\",\"name\":\"'Goth Girl Autumn', la est\u00e9tica oscura que marca el oto\u00f1o | Grazia M\u00e9xico y Latinoam\u00e9rica\",\"isPartOf\":{\"@id\":\"https:\/\/graziamagazine.com\/mx\/#website\"},\"datePublished\":\"2025-09-05T17:06:38+00:00\",\"dateModified\":\"2025-09-05T18:02:47+00:00\",\"description\":\"El oto\u00f1o es sin\u00f3nimo de su\u00e9teres cozy, calcetines afelpados y bebidas calientes. Pero en cuesti\u00f3n de\u00a0fashion &amp; beauty,\u00a0lleg\u00f3 una tendencia particular:\",\"breadcrumb\":{\"@id\":\"https:\/\/graziamagazine.com\/mx\/articles\/goth-girl-autumn-la-estetica-oscura-que-marca-el-otono\/#breadcrumb\"},\"inLanguage\":\"es-MX\",\"potentialAction\":[{\"@type\":\"ReadAction\",\"target\":[\"https:\/\/graziamagazine.com\/mx\/articles\/goth-girl-autumn-la-estetica-oscura-que-marca-el-otono\/\"]}]},{\"@type\":\"BreadcrumbList\",\"@id\":\"https:\/\/graziamagazine.com\/mx\/articles\/goth-girl-autumn-la-estetica-oscura-que-marca-el-otono\/#breadcrumb\",\"itemListElement\":[{\"@type\":\"ListItem\",\"position\":1,\"name\":\"Home\",\"item\":\"https:\/\/graziamagazine.com\/mx\/\"},{\"@type\":\"ListItem\",\"position\":2,\"name\":\"&#8216;Goth Girl Autumn&#8217;, la est\u00e9tica oscura que marca el oto\u00f1o\"}]},{\"@type\":\"WebSite\",\"@id\":\"https:\/\/graziamagazine.com\/mx\/#website\",\"url\":\"https:\/\/graziamagazine.com\/mx\/\",\"name\":\"Grazia M\u00e9xico y Latinoam\u00e9rica\",\"description\":\"Grazia es moda, belleza y noticias  de actualidad \",\"potentialAction\":[{\"@type\":\"SearchAction\",\"target\":{\"@type\":\"EntryPoint\",\"urlTemplate\":\"https:\/\/graziamagazine.com\/mx\/?s={search_term_string}\"},\"query-input\":\"required name=search_term_string\"}],\"inLanguage\":\"es-MX\"}]}<\/script>\n<!-- \/ Yoast SEO Premium plugin. -->","yoast_head_json":{"title":"'Goth Girl Autumn', la est\u00e9tica oscura que marca el oto\u00f1o | Grazia M\u00e9xico y Latinoam\u00e9rica","description":"El oto\u00f1o es sin\u00f3nimo de su\u00e9teres cozy, calcetines afelpados y bebidas calientes. Pero en cuesti\u00f3n de\u00a0fashion &amp; beauty,\u00a0lleg\u00f3 una tendencia particular:","robots":{"index":"index","follow":"follow","max-snippet":"max-snippet:-1","max-image-preview":"max-image-preview:large","max-video-preview":"max-video-preview:-1"},"canonical":"https:\/\/graziamagazine.com\/mx\/articles\/goth-girl-autumn-la-estetica-oscura-que-marca-el-otono\/","og_locale":"es_MX","og_type":"article","og_title":"'Goth Girl Autumn', la est\u00e9tica oscura que marca el oto\u00f1o","og_description":"El oto\u00f1o es sin\u00f3nimo de su\u00e9teres cozy, calcetines afelpados y bebidas calientes. Pero en cuesti\u00f3n de\u00a0fashion &amp; beauty,\u00a0lleg\u00f3 una tendencia particular:","og_url":"https:\/\/graziamagazine.com\/mx\/articles\/goth-girl-autumn-la-estetica-oscura-que-marca-el-otono\/","og_site_name":"Grazia M\u00e9xico y Latinoam\u00e9rica","article_modified_time":"2025-09-05T18:02:47+00:00","og_image":[{"width":1280,"height":720,"url":"https:\/\/graziamagazine.com\/mx\/wp-content\/uploads\/sites\/13\/2025\/09\/goth-girl-autumn-la-estetica-oscura-que-marca-el-otono-8.jpg","type":"image\/jpeg"}],"twitter_card":"summary_large_image","twitter_misc":{"Est. reading time":"5 minutos"},"schema":{"@context":"https:\/\/schema.org","@graph":[{"@type":"WebPage","@id":"https:\/\/graziamagazine.com\/mx\/articles\/goth-girl-autumn-la-estetica-oscura-que-marca-el-otono\/","url":"https:\/\/graziamagazine.com\/mx\/articles\/goth-girl-autumn-la-estetica-oscura-que-marca-el-otono\/","name":"'Goth Girl Autumn', la est\u00e9tica oscura que marca el oto\u00f1o | Grazia M\u00e9xico y Latinoam\u00e9rica","isPartOf":{"@id":"https:\/\/graziamagazine.com\/mx\/#website"},"datePublished":"2025-09-05T17:06:38+00:00","dateModified":"2025-09-05T18:02:47+00:00","description":"El oto\u00f1o es sin\u00f3nimo de su\u00e9teres cozy, calcetines afelpados y bebidas calientes. Pero en cuesti\u00f3n de\u00a0fashion &amp; beauty,\u00a0lleg\u00f3 una tendencia particular:","breadcrumb":{"@id":"https:\/\/graziamagazine.com\/mx\/articles\/goth-girl-autumn-la-estetica-oscura-que-marca-el-otono\/#breadcrumb"},"inLanguage":"es-MX","potentialAction":[{"@type":"ReadAction","target":["https:\/\/graziamagazine.com\/mx\/articles\/goth-girl-autumn-la-estetica-oscura-que-marca-el-otono\/"]}]},{"@type":"BreadcrumbList","@id":"https:\/\/graziamagazine.com\/mx\/articles\/goth-girl-autumn-la-estetica-oscura-que-marca-el-otono\/#breadcrumb","itemListElement":[{"@type":"ListItem","position":1,"name":"Home","item":"https:\/\/graziamagazine.com\/mx\/"},{"@type":"ListItem","position":2,"name":"&#8216;Goth Girl Autumn&#8217;, la est\u00e9tica oscura que marca el oto\u00f1o"}]},{"@type":"WebSite","@id":"https:\/\/graziamagazine.com\/mx\/#website","url":"https:\/\/graziamagazine.com\/mx\/","name":"Grazia M\u00e9xico y Latinoam\u00e9rica","description":"Grazia es moda, belleza y noticias  de actualidad ","potentialAction":[{"@type":"SearchAction","target":{"@type":"EntryPoint","urlTemplate":"https:\/\/graziamagazine.com\/mx\/?s={search_term_string}"},"query-input":"required name=search_term_string"}],"inLanguage":"es-MX"}]}},"jetpack_sharing_enabled":true,"distributor_meta":false,"distributor_terms":false,"distributor_media":false,"distributor_original_site_name":"Grazia M\u00e9xico y Latinoam\u00e9rica","distributor_original_site_url":"https:\/\/graziamagazine.com\/mx","push-errors":false,"_links":{"self":[{"href":"https:\/\/graziamagazine.com\/mx\/wp-json\/wp\/v2\/articles\/155661"}],"collection":[{"href":"https:\/\/graziamagazine.com\/mx\/wp-json\/wp\/v2\/articles"}],"about":[{"href":"https:\/\/graziamagazine.com\/mx\/wp-json\/wp\/v2\/types\/articles"}],"author":[{"embeddable":true,"href":"https:\/\/graziamagazine.com\/mx\/wp-json\/wp\/v2\/users\/42761"}],"wp:featuredmedia":[{"embeddable":true,"href":"https:\/\/graziamagazine.com\/mx\/wp-json\/wp\/v2\/media\/155669"}],"wp:attachment":[{"href":"https:\/\/graziamagazine.com\/mx\/wp-json\/wp\/v2\/media?parent=155661"}],"wp:term":[{"taxonomy":"category","embeddable":true,"href":"https:\/\/graziamagazine.com\/mx\/wp-json\/wp\/v2\/categories?post=155661"}],"curies":[{"name":"wp","href":"https:\/\/api.w.org\/{rel}","templated":true}]}}