{"id":155646,"date":"2025-09-05T11:17:22","date_gmt":"2025-09-05T16:17:22","guid":{"rendered":"https:\/\/graziamagazine.com\/mx\/?post_type=articles&#038;p=155646"},"modified":"2025-09-05T11:27:29","modified_gmt":"2025-09-05T16:27:29","slug":"karla-souza-debuta-con-hiedra-en-venecia","status":"publish","type":"articles","link":"https:\/\/graziamagazine.com\/mx\/articles\/karla-souza-debuta-con-hiedra-en-venecia\/","title":{"rendered":"Karla Souza debuta con Hiedra en Venecia"},"content":{"rendered":"<p data-start=\"279\" data-end=\"749\">El Festival Internacional de Cine de Venecia se convierte este a\u00f1o en escenario de un nuevo cap\u00edtulo en la carrera de Karla Souza. Reconocida por su talento actoral, la mexicana llega con <em data-start=\"467\" data-end=\"475\">Hiedra<\/em>, su debut oficial como productora, una coproducci\u00f3n entre M\u00e9xico y Ecuador dirigida por la cineasta Ana Cristina Barrag\u00e1n. La cinta compite en la secci\u00f3n Horizontes, consolidando la apuesta de Souza por un cine de riesgo que desaf\u00eda convenciones narrativas y emocionales.<\/p>\n<blockquote>\n<p data-start=\"751\" data-end=\"1075\">Para la actriz, este logro representa mucho m\u00e1s que un cambio de rol. \u201cQue mi primer proyecto como productora est\u00e9 en un festival de renombre internacional es halagador y emocionante\u201d, expres\u00f3 con orgullo.<\/p>\n<\/blockquote>\n<p data-start=\"751\" data-end=\"1075\">Con <em data-start=\"961\" data-end=\"969\">Hiedra<\/em>, Souza redescubre su manera de acercarse al cine, esta vez desde la producci\u00f3n creativa y colaborativa.<\/p>\n<figure id=\"attachment_155647\" aria-describedby=\"caption-attachment-155647\" style=\"width: 662px\" class=\"wp-caption alignnone\"><img loading=\"lazy\" decoding=\"async\" class=\"size-large wp-image-155647\" src=\"https:\/\/graziamagazine.com\/mx\/wp-content\/uploads\/sites\/13\/2025\/09\/Captura-de-Pantalla-2025-09-05-a-las-10.23.10-662x1024.png\" alt=\"Karla Souza debuta con Hiedra en Venecia\" width=\"662\" height=\"1024\" srcset=\"https:\/\/graziamagazine.com\/mx\/wp-content\/uploads\/sites\/13\/2025\/09\/Captura-de-Pantalla-2025-09-05-a-las-10.23.10-662x1024.png 662w, https:\/\/graziamagazine.com\/mx\/wp-content\/uploads\/sites\/13\/2025\/09\/Captura-de-Pantalla-2025-09-05-a-las-10.23.10-291x450.png 291w, https:\/\/graziamagazine.com\/mx\/wp-content\/uploads\/sites\/13\/2025\/09\/Captura-de-Pantalla-2025-09-05-a-las-10.23.10-768x1189.png 768w, https:\/\/graziamagazine.com\/mx\/wp-content\/uploads\/sites\/13\/2025\/09\/Captura-de-Pantalla-2025-09-05-a-las-10.23.10-400x619.png 400w, https:\/\/graziamagazine.com\/mx\/wp-content\/uploads\/sites\/13\/2025\/09\/Captura-de-Pantalla-2025-09-05-a-las-10.23.10-139x215.png 139w, https:\/\/graziamagazine.com\/mx\/wp-content\/uploads\/sites\/13\/2025\/09\/Captura-de-Pantalla-2025-09-05-a-las-10.23.10.png 840w\" sizes=\"(max-width: 662px) 100vw, 662px\" \/><figcaption id=\"caption-attachment-155647\" class=\"wp-caption-text\">Karla Souza debuta con Hiedra en Venecia<\/figcaption><\/figure>\n<p data-start=\"1077\" data-end=\"1594\">El origen del proyecto se remonta a 2017, cuando Souza conoci\u00f3 a Barrag\u00e1n en un encuentro acad\u00e9mico en Careyes. De esa experiencia naci\u00f3 el germen del personaje de Azucena, creado a partir de improvisaciones en Quito.<\/p>\n<p data-start=\"1077\" data-end=\"1594\">Aunque la actriz no participa en pantalla, s\u00ed aport\u00f3 en la construcci\u00f3n de este universo y posteriormente dio vida a la pel\u00edcula como productora. \u201cFue la primera vez que entregu\u00e9 mi mente y mi cuerpo a un personaje para despu\u00e9s soltarlo. Ver a otra actriz interpretarlo fue conmovedor\u201d, comparti\u00f3.<\/p>\n<figure id=\"attachment_155649\" aria-describedby=\"caption-attachment-155649\" style=\"width: 813px\" class=\"wp-caption alignnone\"><img loading=\"lazy\" decoding=\"async\" class=\"size-large wp-image-155649\" src=\"https:\/\/graziamagazine.com\/mx\/wp-content\/uploads\/sites\/13\/2025\/09\/Captura-de-Pantalla-2025-09-05-a-las-10.23.32-813x1024.png\" alt=\"Karla Souza debuta con Hiedra en Venecia\" width=\"813\" height=\"1024\" srcset=\"https:\/\/graziamagazine.com\/mx\/wp-content\/uploads\/sites\/13\/2025\/09\/Captura-de-Pantalla-2025-09-05-a-las-10.23.32-813x1024.png 813w, https:\/\/graziamagazine.com\/mx\/wp-content\/uploads\/sites\/13\/2025\/09\/Captura-de-Pantalla-2025-09-05-a-las-10.23.32-357x450.png 357w, https:\/\/graziamagazine.com\/mx\/wp-content\/uploads\/sites\/13\/2025\/09\/Captura-de-Pantalla-2025-09-05-a-las-10.23.32-768x967.png 768w, https:\/\/graziamagazine.com\/mx\/wp-content\/uploads\/sites\/13\/2025\/09\/Captura-de-Pantalla-2025-09-05-a-las-10.23.32-400x504.png 400w, https:\/\/graziamagazine.com\/mx\/wp-content\/uploads\/sites\/13\/2025\/09\/Captura-de-Pantalla-2025-09-05-a-las-10.23.32-155x195.png 155w, https:\/\/graziamagazine.com\/mx\/wp-content\/uploads\/sites\/13\/2025\/09\/Captura-de-Pantalla-2025-09-05-a-las-10.23.32.png 1142w\" sizes=\"(max-width: 813px) 100vw, 813px\" \/><figcaption id=\"caption-attachment-155649\" class=\"wp-caption-text\">Karla Souza debuta con Hiedra en Venecia<\/figcaption><\/figure>\n<p data-start=\"1596\" data-end=\"2120\">Protagonizada por Simone Bucio y Francis Edd\u00fa Llumiquinga, <em data-start=\"1655\" data-end=\"1663\">Hiedra<\/em> narra la historia de una mujer de treinta a\u00f1os marcada por un trauma infantil que desarrolla una obsesi\u00f3n con un joven de diecisiete en un orfanato. Se trata de una trama compleja que explora temas como el s\u00edndrome de Edipo, la enfermedad y la muerte, siempre desde la vulnerabilidad humana.<\/p>\n<blockquote>\n<p data-start=\"1596\" data-end=\"2120\">Souza destaca la originalidad de este enfoque: \u201cExplorar el mundo de los hu\u00e9rfanos, de los ni\u00f1os invisibles para la sociedad, fue una experiencia transformadora\u201d.<\/p>\n<\/blockquote>\n<figure id=\"attachment_155648\" aria-describedby=\"caption-attachment-155648\" style=\"width: 1024px\" class=\"wp-caption alignnone\"><img loading=\"lazy\" decoding=\"async\" class=\"size-large wp-image-155648\" src=\"https:\/\/graziamagazine.com\/mx\/wp-content\/uploads\/sites\/13\/2025\/09\/Captura-de-Pantalla-2025-09-05-a-las-10.23.24-1024x759.png\" alt=\"Karla Souza debuta con Hiedra en Venecia\" width=\"1024\" height=\"759\" srcset=\"https:\/\/graziamagazine.com\/mx\/wp-content\/uploads\/sites\/13\/2025\/09\/Captura-de-Pantalla-2025-09-05-a-las-10.23.24-1024x759.png 1024w, https:\/\/graziamagazine.com\/mx\/wp-content\/uploads\/sites\/13\/2025\/09\/Captura-de-Pantalla-2025-09-05-a-las-10.23.24-450x333.png 450w, https:\/\/graziamagazine.com\/mx\/wp-content\/uploads\/sites\/13\/2025\/09\/Captura-de-Pantalla-2025-09-05-a-las-10.23.24-768x569.png 768w, https:\/\/graziamagazine.com\/mx\/wp-content\/uploads\/sites\/13\/2025\/09\/Captura-de-Pantalla-2025-09-05-a-las-10.23.24-1536x1138.png 1536w, https:\/\/graziamagazine.com\/mx\/wp-content\/uploads\/sites\/13\/2025\/09\/Captura-de-Pantalla-2025-09-05-a-las-10.23.24-400x296.png 400w, https:\/\/graziamagazine.com\/mx\/wp-content\/uploads\/sites\/13\/2025\/09\/Captura-de-Pantalla-2025-09-05-a-las-10.23.24-155x115.png 155w, https:\/\/graziamagazine.com\/mx\/wp-content\/uploads\/sites\/13\/2025\/09\/Captura-de-Pantalla-2025-09-05-a-las-10.23.24.png 1922w\" sizes=\"(max-width: 1024px) 100vw, 1024px\" \/><figcaption id=\"caption-attachment-155648\" class=\"wp-caption-text\">Karla Souza debuta con Hiedra en Venecia<\/figcaption><\/figure>\n<p data-start=\"2122\" data-end=\"2497\">El estreno de <em data-start=\"2136\" data-end=\"2144\">Hiedra<\/em> no solo representa un avance art\u00edstico, sino tambi\u00e9n un s\u00edmbolo de la creciente representaci\u00f3n femenina en la industria. Souza compartir\u00e1 secci\u00f3n con creadoras de gran relevancia, lo que considera un honor en un momento crucial de su vida y carrera. \u201cEstar a las v\u00edsperas de mis cuarenta a\u00f1os con este logro me llena de l\u00e1grimas de alegr\u00eda\u201d, confes\u00f3.<\/p>\n<p data-start=\"2499\" data-end=\"2796\">Adem\u00e1s, envi\u00f3 un mensaje inspirador a las nuevas generaciones: la autenticidad y el cuestionamiento son claves para transformar el proceso creativo. Con <em data-start=\"2652\" data-end=\"2660\">Hiedra<\/em>, Karla Souza se consolida como una voz que trasciende la actuaci\u00f3n para convertirse en referente de innovaci\u00f3n y valent\u00eda en el cine.<\/p>\n<p data-start=\"2499\" data-end=\"2796\"><em><strong>*IMAGEN: Google Images<\/strong><\/em><\/p>\n","protected":false},"author":28953,"featured_media":155650,"template":"","format":"standard","categories":[114],"acf":[],"yoast_head":"<!-- This site is optimized with the Yoast SEO Premium plugin v18.5 (Yoast SEO v20.4) - https:\/\/yoast.com\/wordpress\/plugins\/seo\/ -->\n<title>Karla Souza debuta con Hiedra en Venecia<\/title>\n<meta name=\"description\" content=\"La actriz mexicana llega a Venecia con su primera producci\u00f3n cinematogr\u00e1fica, un proyecto arriesgado que celebra la autenticidad femenina en el cine.\" \/>\n<meta name=\"robots\" content=\"index, follow, max-snippet:-1, max-image-preview:large, max-video-preview:-1\" \/>\n<link rel=\"canonical\" href=\"https:\/\/graziamagazine.com\/mx\/articles\/karla-souza-debuta-con-hiedra-en-venecia\/\" \/>\n<meta property=\"og:locale\" content=\"es_MX\" \/>\n<meta property=\"og:type\" content=\"article\" \/>\n<meta property=\"og:title\" content=\"Karla Souza debuta con Hiedra en Venecia\" \/>\n<meta property=\"og:description\" content=\"La actriz mexicana llega a Venecia con su primera producci\u00f3n cinematogr\u00e1fica, un proyecto arriesgado que celebra la autenticidad femenina en el cine.\" \/>\n<meta property=\"og:url\" content=\"https:\/\/graziamagazine.com\/mx\/articles\/karla-souza-debuta-con-hiedra-en-venecia\/\" \/>\n<meta property=\"og:site_name\" content=\"Grazia M\u00e9xico y Latinoam\u00e9rica\" \/>\n<meta property=\"article:modified_time\" content=\"2025-09-05T16:27:29+00:00\" \/>\n<meta property=\"og:image\" content=\"https:\/\/graziamagazine.com\/mx\/wp-content\/uploads\/sites\/13\/2025\/09\/Captura-de-Pantalla-2025-09-05-a-las-10.23.38-1024x632.png\" \/>\n\t<meta property=\"og:image:width\" content=\"1024\" \/>\n\t<meta property=\"og:image:height\" content=\"632\" \/>\n\t<meta property=\"og:image:type\" content=\"image\/png\" \/>\n<meta name=\"twitter:card\" content=\"summary_large_image\" \/>\n<meta name=\"twitter:label1\" content=\"Est. reading time\" \/>\n\t<meta name=\"twitter:data1\" content=\"3 minutos\" \/>\n<script type=\"application\/ld+json\" class=\"yoast-schema-graph\">{\"@context\":\"https:\/\/schema.org\",\"@graph\":[{\"@type\":\"WebPage\",\"@id\":\"https:\/\/graziamagazine.com\/mx\/articles\/karla-souza-debuta-con-hiedra-en-venecia\/\",\"url\":\"https:\/\/graziamagazine.com\/mx\/articles\/karla-souza-debuta-con-hiedra-en-venecia\/\",\"name\":\"Karla Souza debuta con Hiedra en Venecia\",\"isPartOf\":{\"@id\":\"https:\/\/graziamagazine.com\/mx\/#website\"},\"datePublished\":\"2025-09-05T16:17:22+00:00\",\"dateModified\":\"2025-09-05T16:27:29+00:00\",\"description\":\"La actriz mexicana llega a Venecia con su primera producci\u00f3n cinematogr\u00e1fica, un proyecto arriesgado que celebra la autenticidad femenina en el cine.\",\"breadcrumb\":{\"@id\":\"https:\/\/graziamagazine.com\/mx\/articles\/karla-souza-debuta-con-hiedra-en-venecia\/#breadcrumb\"},\"inLanguage\":\"es-MX\",\"potentialAction\":[{\"@type\":\"ReadAction\",\"target\":[\"https:\/\/graziamagazine.com\/mx\/articles\/karla-souza-debuta-con-hiedra-en-venecia\/\"]}]},{\"@type\":\"BreadcrumbList\",\"@id\":\"https:\/\/graziamagazine.com\/mx\/articles\/karla-souza-debuta-con-hiedra-en-venecia\/#breadcrumb\",\"itemListElement\":[{\"@type\":\"ListItem\",\"position\":1,\"name\":\"Home\",\"item\":\"https:\/\/graziamagazine.com\/mx\/\"},{\"@type\":\"ListItem\",\"position\":2,\"name\":\"Karla Souza debuta con Hiedra en Venecia\"}]},{\"@type\":\"WebSite\",\"@id\":\"https:\/\/graziamagazine.com\/mx\/#website\",\"url\":\"https:\/\/graziamagazine.com\/mx\/\",\"name\":\"Grazia M\u00e9xico y Latinoam\u00e9rica\",\"description\":\"Grazia es moda, belleza y noticias  de actualidad \",\"potentialAction\":[{\"@type\":\"SearchAction\",\"target\":{\"@type\":\"EntryPoint\",\"urlTemplate\":\"https:\/\/graziamagazine.com\/mx\/?s={search_term_string}\"},\"query-input\":\"required name=search_term_string\"}],\"inLanguage\":\"es-MX\"}]}<\/script>\n<!-- \/ Yoast SEO Premium plugin. -->","yoast_head_json":{"title":"Karla Souza debuta con Hiedra en Venecia","description":"La actriz mexicana llega a Venecia con su primera producci\u00f3n cinematogr\u00e1fica, un proyecto arriesgado que celebra la autenticidad femenina en el cine.","robots":{"index":"index","follow":"follow","max-snippet":"max-snippet:-1","max-image-preview":"max-image-preview:large","max-video-preview":"max-video-preview:-1"},"canonical":"https:\/\/graziamagazine.com\/mx\/articles\/karla-souza-debuta-con-hiedra-en-venecia\/","og_locale":"es_MX","og_type":"article","og_title":"Karla Souza debuta con Hiedra en Venecia","og_description":"La actriz mexicana llega a Venecia con su primera producci\u00f3n cinematogr\u00e1fica, un proyecto arriesgado que celebra la autenticidad femenina en el cine.","og_url":"https:\/\/graziamagazine.com\/mx\/articles\/karla-souza-debuta-con-hiedra-en-venecia\/","og_site_name":"Grazia M\u00e9xico y Latinoam\u00e9rica","article_modified_time":"2025-09-05T16:27:29+00:00","og_image":[{"width":1024,"height":632,"url":"https:\/\/graziamagazine.com\/mx\/wp-content\/uploads\/sites\/13\/2025\/09\/Captura-de-Pantalla-2025-09-05-a-las-10.23.38-1024x632.png","type":"image\/png"}],"twitter_card":"summary_large_image","twitter_misc":{"Est. reading time":"3 minutos"},"schema":{"@context":"https:\/\/schema.org","@graph":[{"@type":"WebPage","@id":"https:\/\/graziamagazine.com\/mx\/articles\/karla-souza-debuta-con-hiedra-en-venecia\/","url":"https:\/\/graziamagazine.com\/mx\/articles\/karla-souza-debuta-con-hiedra-en-venecia\/","name":"Karla Souza debuta con Hiedra en Venecia","isPartOf":{"@id":"https:\/\/graziamagazine.com\/mx\/#website"},"datePublished":"2025-09-05T16:17:22+00:00","dateModified":"2025-09-05T16:27:29+00:00","description":"La actriz mexicana llega a Venecia con su primera producci\u00f3n cinematogr\u00e1fica, un proyecto arriesgado que celebra la autenticidad femenina en el cine.","breadcrumb":{"@id":"https:\/\/graziamagazine.com\/mx\/articles\/karla-souza-debuta-con-hiedra-en-venecia\/#breadcrumb"},"inLanguage":"es-MX","potentialAction":[{"@type":"ReadAction","target":["https:\/\/graziamagazine.com\/mx\/articles\/karla-souza-debuta-con-hiedra-en-venecia\/"]}]},{"@type":"BreadcrumbList","@id":"https:\/\/graziamagazine.com\/mx\/articles\/karla-souza-debuta-con-hiedra-en-venecia\/#breadcrumb","itemListElement":[{"@type":"ListItem","position":1,"name":"Home","item":"https:\/\/graziamagazine.com\/mx\/"},{"@type":"ListItem","position":2,"name":"Karla Souza debuta con Hiedra en Venecia"}]},{"@type":"WebSite","@id":"https:\/\/graziamagazine.com\/mx\/#website","url":"https:\/\/graziamagazine.com\/mx\/","name":"Grazia M\u00e9xico y Latinoam\u00e9rica","description":"Grazia es moda, belleza y noticias  de actualidad ","potentialAction":[{"@type":"SearchAction","target":{"@type":"EntryPoint","urlTemplate":"https:\/\/graziamagazine.com\/mx\/?s={search_term_string}"},"query-input":"required name=search_term_string"}],"inLanguage":"es-MX"}]}},"jetpack_sharing_enabled":true,"distributor_meta":false,"distributor_terms":false,"distributor_media":false,"distributor_original_site_name":"Grazia M\u00e9xico y Latinoam\u00e9rica","distributor_original_site_url":"https:\/\/graziamagazine.com\/mx","push-errors":false,"_links":{"self":[{"href":"https:\/\/graziamagazine.com\/mx\/wp-json\/wp\/v2\/articles\/155646"}],"collection":[{"href":"https:\/\/graziamagazine.com\/mx\/wp-json\/wp\/v2\/articles"}],"about":[{"href":"https:\/\/graziamagazine.com\/mx\/wp-json\/wp\/v2\/types\/articles"}],"author":[{"embeddable":true,"href":"https:\/\/graziamagazine.com\/mx\/wp-json\/wp\/v2\/users\/28953"}],"wp:featuredmedia":[{"embeddable":true,"href":"https:\/\/graziamagazine.com\/mx\/wp-json\/wp\/v2\/media\/155650"}],"wp:attachment":[{"href":"https:\/\/graziamagazine.com\/mx\/wp-json\/wp\/v2\/media?parent=155646"}],"wp:term":[{"taxonomy":"category","embeddable":true,"href":"https:\/\/graziamagazine.com\/mx\/wp-json\/wp\/v2\/categories?post=155646"}],"curies":[{"name":"wp","href":"https:\/\/api.w.org\/{rel}","templated":true}]}}