{"id":155512,"date":"2025-09-03T13:32:36","date_gmt":"2025-09-03T18:32:36","guid":{"rendered":"https:\/\/graziamagazine.com\/mx\/?post_type=articles&#038;p=155512"},"modified":"2025-09-03T13:38:38","modified_gmt":"2025-09-03T18:38:38","slug":"chloe-moretz-novia-azul-cenicienta","status":"publish","type":"articles","link":"https:\/\/graziamagazine.com\/mx\/articles\/chloe-moretz-novia-azul-cenicienta\/","title":{"rendered":"Chlo\u00eb Moretz Novia Azul Cenicienta"},"content":{"rendered":"<p data-start=\"388\" data-end=\"706\">El mundo de la moda se rinde ante una boda que no solo simboliza amor, sino tambi\u00e9n estilo y audacia. Chlo\u00eb Grace Moretz, actriz aclamada desde su ni\u00f1ez, y Kate Harrison, modelo y fot\u00f3grafa, sellaron su uni\u00f3n con una ceremonia \u00edntima en septiembre de 2025, donde los vestidos de novia fueron protagonistas absolutos.<\/p>\n<p data-start=\"748\" data-end=\"1201\">Lejos de la tradici\u00f3n, Moretz sorprendi\u00f3 con un vestido de novia azul dise\u00f1ado por Nicolas Ghesqui\u00e8re para Louis Vuitton. La pieza, de silueta rom\u00e1ntica y tono helado, evocaba la magia de Cenicienta. El detalle m\u00e1s especial fue el lazo rojo en la cintura, un gui\u00f1o a su personalidad audaz. \u201cNo imaginaba un vestido de ni\u00f1a en blanco, quer\u00eda algo distinto\u201d, declar\u00f3 la actriz. Su look se complet\u00f3 con un peinado sencillo que realz\u00f3 su frescura juvenil.<\/p>\n<figure id=\"attachment_155532\" aria-describedby=\"caption-attachment-155532\" style=\"width: 816px\" class=\"wp-caption alignnone\"><img loading=\"lazy\" decoding=\"async\" class=\"size-large wp-image-155532\" src=\"https:\/\/graziamagazine.com\/mx\/wp-content\/uploads\/sites\/13\/2025\/09\/Captura-de-Pantalla-2025-09-03-a-las-12.33.57-816x1024.png\" alt=\"Chlo\u00eb Moretz Novia Azul Cenicienta\" width=\"816\" height=\"1024\" srcset=\"https:\/\/graziamagazine.com\/mx\/wp-content\/uploads\/sites\/13\/2025\/09\/Captura-de-Pantalla-2025-09-03-a-las-12.33.57-816x1024.png 816w, https:\/\/graziamagazine.com\/mx\/wp-content\/uploads\/sites\/13\/2025\/09\/Captura-de-Pantalla-2025-09-03-a-las-12.33.57-359x450.png 359w, https:\/\/graziamagazine.com\/mx\/wp-content\/uploads\/sites\/13\/2025\/09\/Captura-de-Pantalla-2025-09-03-a-las-12.33.57-768x963.png 768w, https:\/\/graziamagazine.com\/mx\/wp-content\/uploads\/sites\/13\/2025\/09\/Captura-de-Pantalla-2025-09-03-a-las-12.33.57-1225x1536.png 1225w, https:\/\/graziamagazine.com\/mx\/wp-content\/uploads\/sites\/13\/2025\/09\/Captura-de-Pantalla-2025-09-03-a-las-12.33.57-400x502.png 400w, https:\/\/graziamagazine.com\/mx\/wp-content\/uploads\/sites\/13\/2025\/09\/Captura-de-Pantalla-2025-09-03-a-las-12.33.57-155x194.png 155w, https:\/\/graziamagazine.com\/mx\/wp-content\/uploads\/sites\/13\/2025\/09\/Captura-de-Pantalla-2025-09-03-a-las-12.33.57.png 1416w\" sizes=\"(max-width: 816px) 100vw, 816px\" \/><figcaption id=\"caption-attachment-155532\" class=\"wp-caption-text\">Chlo\u00eb Moretz Novia Azul Cenicienta<\/figcaption><\/figure>\n<p data-start=\"1249\" data-end=\"1660\">Harrison, que tambi\u00e9n confi\u00f3 en Louis Vuitton, luci\u00f3 un vestido cl\u00e1sico con un aire moderno que reflejaba su estilo sobrio y sofisticado. La complicidad con Moretz fue evidente: ambas hicieron pruebas en Par\u00eds antes del gran d\u00eda, aunque fieles a la tradici\u00f3n, no vieron los vestidos terminados hasta la boda. Su look contrast\u00f3 y complement\u00f3 al de su esposa, demostrando la armon\u00eda que caracteriza su relaci\u00f3n.<\/p>\n<p data-start=\"1713\" data-end=\"2143\">Las novias intercambiaron anillos \u00fanicos, dise\u00f1ados con diamantes victorianos reengastados como futuras reliquias familiares. Este detalle artesanal no solo reforz\u00f3 el v\u00ednculo emocional, sino tambi\u00e9n el esp\u00edritu de atemporalidad que ambas quer\u00edan proyectar en su enlace. Tiffany &amp; Co. aport\u00f3 piezas delicadas para Moretz, mientras que Harrison opt\u00f3 por joyas discretas, subrayando la elegancia sin robar protagonismo al vestido.<\/p>\n<figure id=\"attachment_155531\" aria-describedby=\"caption-attachment-155531\" style=\"width: 811px\" class=\"wp-caption alignnone\"><img loading=\"lazy\" decoding=\"async\" class=\"size-large wp-image-155531\" src=\"https:\/\/graziamagazine.com\/mx\/wp-content\/uploads\/sites\/13\/2025\/09\/Captura-de-Pantalla-2025-09-03-a-las-12.33.50-811x1024.png\" alt=\"Chlo\u00eb Moretz Novia Azul Cenicienta\" width=\"811\" height=\"1024\" srcset=\"https:\/\/graziamagazine.com\/mx\/wp-content\/uploads\/sites\/13\/2025\/09\/Captura-de-Pantalla-2025-09-03-a-las-12.33.50-811x1024.png 811w, https:\/\/graziamagazine.com\/mx\/wp-content\/uploads\/sites\/13\/2025\/09\/Captura-de-Pantalla-2025-09-03-a-las-12.33.50-356x450.png 356w, https:\/\/graziamagazine.com\/mx\/wp-content\/uploads\/sites\/13\/2025\/09\/Captura-de-Pantalla-2025-09-03-a-las-12.33.50-768x970.png 768w, https:\/\/graziamagazine.com\/mx\/wp-content\/uploads\/sites\/13\/2025\/09\/Captura-de-Pantalla-2025-09-03-a-las-12.33.50-1216x1536.png 1216w, https:\/\/graziamagazine.com\/mx\/wp-content\/uploads\/sites\/13\/2025\/09\/Captura-de-Pantalla-2025-09-03-a-las-12.33.50-400x505.png 400w, https:\/\/graziamagazine.com\/mx\/wp-content\/uploads\/sites\/13\/2025\/09\/Captura-de-Pantalla-2025-09-03-a-las-12.33.50-155x196.png 155w, https:\/\/graziamagazine.com\/mx\/wp-content\/uploads\/sites\/13\/2025\/09\/Captura-de-Pantalla-2025-09-03-a-las-12.33.50.png 1398w\" sizes=\"(max-width: 811px) 100vw, 811px\" \/><figcaption id=\"caption-attachment-155531\" class=\"wp-caption-text\">Chlo\u00eb Moretz Novia Azul Cenicienta<\/figcaption><\/figure>\n<p data-start=\"2199\" data-end=\"2554\">La boda tambi\u00e9n destac\u00f3 por el ambiente \u00edntimo y familiar. Amigas cercanas como Kiersey Clemons acompa\u00f1aron a las novias en los preparativos, donde las risas y l\u00e1grimas de emoci\u00f3n marcaron cada momento. \u201cGran parte de nuestra relaci\u00f3n se basa en la amistad\u201d, confes\u00f3 Moretz, resaltando el papel de su c\u00edrculo m\u00e1s cercano en este cap\u00edtulo tan importante.<\/p>\n<p data-start=\"2556\" data-end=\"2839\">La elecci\u00f3n de un vestido azul para una boda redefine lo que significa ser novia en la actualidad. Moretz y Harrison no solo compartieron un d\u00eda inolvidable, sino que dejaron claro que la moda es un espacio de autoexpresi\u00f3n, autenticidad y celebraci\u00f3n del amor en todas sus formas.<\/p>\n<p data-start=\"2556\" data-end=\"2839\"><em><strong>*IMAGEN: Google Images<\/strong><\/em><\/p>\n","protected":false},"author":28953,"featured_media":155530,"template":"","format":"standard","categories":[4],"acf":[],"yoast_head":"<!-- This site is optimized with the Yoast SEO Premium plugin v18.5 (Yoast SEO v20.4) - https:\/\/yoast.com\/wordpress\/plugins\/seo\/ -->\n<title>Chlo\u00eb Moretz Novia Azul Cenicienta<\/title>\n<meta name=\"description\" content=\"La actriz y la modelo Kate Harrison celebran su boda con vestidos dise\u00f1ados por Louis Vuitton, deslumbrando con creatividad, elegancia y personalidad.\" \/>\n<meta name=\"robots\" content=\"index, follow, max-snippet:-1, max-image-preview:large, max-video-preview:-1\" \/>\n<link rel=\"canonical\" href=\"https:\/\/graziamagazine.com\/mx\/articles\/chloe-moretz-novia-azul-cenicienta\/\" \/>\n<meta property=\"og:locale\" content=\"es_MX\" \/>\n<meta property=\"og:type\" content=\"article\" \/>\n<meta property=\"og:title\" content=\"Chlo\u00eb Moretz Novia Azul Cenicienta\" \/>\n<meta property=\"og:description\" content=\"La actriz y la modelo Kate Harrison celebran su boda con vestidos dise\u00f1ados por Louis Vuitton, deslumbrando con creatividad, elegancia y personalidad.\" \/>\n<meta property=\"og:url\" content=\"https:\/\/graziamagazine.com\/mx\/articles\/chloe-moretz-novia-azul-cenicienta\/\" \/>\n<meta property=\"og:site_name\" content=\"Grazia M\u00e9xico y Latinoam\u00e9rica\" \/>\n<meta property=\"article:modified_time\" content=\"2025-09-03T18:38:38+00:00\" \/>\n<meta property=\"og:image\" content=\"https:\/\/graziamagazine.com\/mx\/wp-content\/uploads\/sites\/13\/2025\/09\/Captura-de-Pantalla-2025-09-03-a-las-12.33.45-e1756924640992-1024x823.png\" \/>\n\t<meta property=\"og:image:width\" content=\"1024\" \/>\n\t<meta property=\"og:image:height\" content=\"823\" \/>\n\t<meta property=\"og:image:type\" content=\"image\/png\" \/>\n<meta name=\"twitter:card\" content=\"summary_large_image\" \/>\n<meta name=\"twitter:label1\" content=\"Est. reading time\" \/>\n\t<meta name=\"twitter:data1\" content=\"3 minutos\" \/>\n<script type=\"application\/ld+json\" class=\"yoast-schema-graph\">{\"@context\":\"https:\/\/schema.org\",\"@graph\":[{\"@type\":\"WebPage\",\"@id\":\"https:\/\/graziamagazine.com\/mx\/articles\/chloe-moretz-novia-azul-cenicienta\/\",\"url\":\"https:\/\/graziamagazine.com\/mx\/articles\/chloe-moretz-novia-azul-cenicienta\/\",\"name\":\"Chlo\u00eb Moretz Novia Azul Cenicienta\",\"isPartOf\":{\"@id\":\"https:\/\/graziamagazine.com\/mx\/#website\"},\"datePublished\":\"2025-09-03T18:32:36+00:00\",\"dateModified\":\"2025-09-03T18:38:38+00:00\",\"description\":\"La actriz y la modelo Kate Harrison celebran su boda con vestidos dise\u00f1ados por Louis Vuitton, deslumbrando con creatividad, elegancia y personalidad.\",\"breadcrumb\":{\"@id\":\"https:\/\/graziamagazine.com\/mx\/articles\/chloe-moretz-novia-azul-cenicienta\/#breadcrumb\"},\"inLanguage\":\"es-MX\",\"potentialAction\":[{\"@type\":\"ReadAction\",\"target\":[\"https:\/\/graziamagazine.com\/mx\/articles\/chloe-moretz-novia-azul-cenicienta\/\"]}]},{\"@type\":\"BreadcrumbList\",\"@id\":\"https:\/\/graziamagazine.com\/mx\/articles\/chloe-moretz-novia-azul-cenicienta\/#breadcrumb\",\"itemListElement\":[{\"@type\":\"ListItem\",\"position\":1,\"name\":\"Home\",\"item\":\"https:\/\/graziamagazine.com\/mx\/\"},{\"@type\":\"ListItem\",\"position\":2,\"name\":\"Chlo\u00eb Moretz Novia Azul Cenicienta\"}]},{\"@type\":\"WebSite\",\"@id\":\"https:\/\/graziamagazine.com\/mx\/#website\",\"url\":\"https:\/\/graziamagazine.com\/mx\/\",\"name\":\"Grazia M\u00e9xico y Latinoam\u00e9rica\",\"description\":\"Grazia es moda, belleza y noticias  de actualidad \",\"potentialAction\":[{\"@type\":\"SearchAction\",\"target\":{\"@type\":\"EntryPoint\",\"urlTemplate\":\"https:\/\/graziamagazine.com\/mx\/?s={search_term_string}\"},\"query-input\":\"required name=search_term_string\"}],\"inLanguage\":\"es-MX\"}]}<\/script>\n<!-- \/ Yoast SEO Premium plugin. -->","yoast_head_json":{"title":"Chlo\u00eb Moretz Novia Azul Cenicienta","description":"La actriz y la modelo Kate Harrison celebran su boda con vestidos dise\u00f1ados por Louis Vuitton, deslumbrando con creatividad, elegancia y personalidad.","robots":{"index":"index","follow":"follow","max-snippet":"max-snippet:-1","max-image-preview":"max-image-preview:large","max-video-preview":"max-video-preview:-1"},"canonical":"https:\/\/graziamagazine.com\/mx\/articles\/chloe-moretz-novia-azul-cenicienta\/","og_locale":"es_MX","og_type":"article","og_title":"Chlo\u00eb Moretz Novia Azul Cenicienta","og_description":"La actriz y la modelo Kate Harrison celebran su boda con vestidos dise\u00f1ados por Louis Vuitton, deslumbrando con creatividad, elegancia y personalidad.","og_url":"https:\/\/graziamagazine.com\/mx\/articles\/chloe-moretz-novia-azul-cenicienta\/","og_site_name":"Grazia M\u00e9xico y Latinoam\u00e9rica","article_modified_time":"2025-09-03T18:38:38+00:00","og_image":[{"width":1024,"height":823,"url":"https:\/\/graziamagazine.com\/mx\/wp-content\/uploads\/sites\/13\/2025\/09\/Captura-de-Pantalla-2025-09-03-a-las-12.33.45-e1756924640992-1024x823.png","type":"image\/png"}],"twitter_card":"summary_large_image","twitter_misc":{"Est. reading time":"3 minutos"},"schema":{"@context":"https:\/\/schema.org","@graph":[{"@type":"WebPage","@id":"https:\/\/graziamagazine.com\/mx\/articles\/chloe-moretz-novia-azul-cenicienta\/","url":"https:\/\/graziamagazine.com\/mx\/articles\/chloe-moretz-novia-azul-cenicienta\/","name":"Chlo\u00eb Moretz Novia Azul Cenicienta","isPartOf":{"@id":"https:\/\/graziamagazine.com\/mx\/#website"},"datePublished":"2025-09-03T18:32:36+00:00","dateModified":"2025-09-03T18:38:38+00:00","description":"La actriz y la modelo Kate Harrison celebran su boda con vestidos dise\u00f1ados por Louis Vuitton, deslumbrando con creatividad, elegancia y personalidad.","breadcrumb":{"@id":"https:\/\/graziamagazine.com\/mx\/articles\/chloe-moretz-novia-azul-cenicienta\/#breadcrumb"},"inLanguage":"es-MX","potentialAction":[{"@type":"ReadAction","target":["https:\/\/graziamagazine.com\/mx\/articles\/chloe-moretz-novia-azul-cenicienta\/"]}]},{"@type":"BreadcrumbList","@id":"https:\/\/graziamagazine.com\/mx\/articles\/chloe-moretz-novia-azul-cenicienta\/#breadcrumb","itemListElement":[{"@type":"ListItem","position":1,"name":"Home","item":"https:\/\/graziamagazine.com\/mx\/"},{"@type":"ListItem","position":2,"name":"Chlo\u00eb Moretz Novia Azul Cenicienta"}]},{"@type":"WebSite","@id":"https:\/\/graziamagazine.com\/mx\/#website","url":"https:\/\/graziamagazine.com\/mx\/","name":"Grazia M\u00e9xico y Latinoam\u00e9rica","description":"Grazia es moda, belleza y noticias  de actualidad ","potentialAction":[{"@type":"SearchAction","target":{"@type":"EntryPoint","urlTemplate":"https:\/\/graziamagazine.com\/mx\/?s={search_term_string}"},"query-input":"required name=search_term_string"}],"inLanguage":"es-MX"}]}},"jetpack_sharing_enabled":true,"distributor_meta":false,"distributor_terms":false,"distributor_media":false,"distributor_original_site_name":"Grazia M\u00e9xico y Latinoam\u00e9rica","distributor_original_site_url":"https:\/\/graziamagazine.com\/mx","push-errors":false,"_links":{"self":[{"href":"https:\/\/graziamagazine.com\/mx\/wp-json\/wp\/v2\/articles\/155512"}],"collection":[{"href":"https:\/\/graziamagazine.com\/mx\/wp-json\/wp\/v2\/articles"}],"about":[{"href":"https:\/\/graziamagazine.com\/mx\/wp-json\/wp\/v2\/types\/articles"}],"author":[{"embeddable":true,"href":"https:\/\/graziamagazine.com\/mx\/wp-json\/wp\/v2\/users\/28953"}],"wp:featuredmedia":[{"embeddable":true,"href":"https:\/\/graziamagazine.com\/mx\/wp-json\/wp\/v2\/media\/155530"}],"wp:attachment":[{"href":"https:\/\/graziamagazine.com\/mx\/wp-json\/wp\/v2\/media?parent=155512"}],"wp:term":[{"taxonomy":"category","embeddable":true,"href":"https:\/\/graziamagazine.com\/mx\/wp-json\/wp\/v2\/categories?post=155512"}],"curies":[{"name":"wp","href":"https:\/\/api.w.org\/{rel}","templated":true}]}}