{"id":154965,"date":"2025-08-22T11:13:39","date_gmt":"2025-08-22T16:13:39","guid":{"rendered":"https:\/\/graziamagazine.com\/mx\/?post_type=articles&#038;p=154965"},"modified":"2025-08-26T17:21:04","modified_gmt":"2025-08-26T22:21:04","slug":"hm-y-lorena-saravia-colaboran","status":"publish","type":"articles","link":"https:\/\/graziamagazine.com\/mx\/articles\/hm-y-lorena-saravia-colaboran\/","title":{"rendered":"H&amp;M y Lorena Saravia Colaboran"},"content":{"rendered":"<p data-start=\"483\" data-end=\"860\">La moda se convierte en un lenguaje universal cuando un creador logra conectar su visi\u00f3n personal con la esencia de su herencia cultural. Este es el caso de <strong data-start=\"671\" data-end=\"689\">Lorena Saravia<\/strong>, quien presenta su esperada colaboraci\u00f3n con H&amp;M.<\/p>\n<p data-start=\"483\" data-end=\"860\">La dise\u00f1adora mexicana ofrece un recorrido por sus ra\u00edces a trav\u00e9s de piezas que combinan fuerza, elegancia y un marcado sentido de identidad.<\/p>\n<h3 data-start=\"867\" data-end=\"907\">Una voz mexicana en la moda global<\/h3>\n<figure id=\"attachment_154970\" aria-describedby=\"caption-attachment-154970\" style=\"width: 1810px\" class=\"wp-caption alignnone\"><img loading=\"lazy\" decoding=\"async\" class=\"wp-image-154970 size-full\" src=\"https:\/\/graziamagazine.com\/mx\/wp-content\/uploads\/sites\/13\/2025\/08\/image005-scaled.jpg\" alt=\"H&amp;M y Lorena Saravia Colaboran\" width=\"1810\" height=\"2560\" srcset=\"https:\/\/graziamagazine.com\/mx\/wp-content\/uploads\/sites\/13\/2025\/08\/image005-scaled.jpg 1810w, https:\/\/graziamagazine.com\/mx\/wp-content\/uploads\/sites\/13\/2025\/08\/image005-318x450.jpg 318w, https:\/\/graziamagazine.com\/mx\/wp-content\/uploads\/sites\/13\/2025\/08\/image005-724x1024.jpg 724w, https:\/\/graziamagazine.com\/mx\/wp-content\/uploads\/sites\/13\/2025\/08\/image005-768x1086.jpg 768w, https:\/\/graziamagazine.com\/mx\/wp-content\/uploads\/sites\/13\/2025\/08\/image005-1086x1536.jpg 1086w, https:\/\/graziamagazine.com\/mx\/wp-content\/uploads\/sites\/13\/2025\/08\/image005-1448x2048.jpg 1448w, https:\/\/graziamagazine.com\/mx\/wp-content\/uploads\/sites\/13\/2025\/08\/image005-400x566.jpg 400w, https:\/\/graziamagazine.com\/mx\/wp-content\/uploads\/sites\/13\/2025\/08\/image005-152x215.jpg 152w\" sizes=\"(max-width: 1810px) 100vw, 1810px\" \/><figcaption id=\"caption-attachment-154970\" class=\"wp-caption-text\">H&amp;M y Lorena Saravia Colaboran<\/figcaption><\/figure>\n<p data-start=\"908\" data-end=\"1391\">La propuesta est\u00e1 compuesta por 29 piezas que muestran la dualidad entre lo urbano y lo sofisticado. La fuerza de las siluetas estructuradas, como la chaqueta de mezclilla y las chaparreras, dialoga con la sensualidad de blusas drapeadas y vestidos de espalda descubierta.<\/p>\n<p data-start=\"908\" data-end=\"1391\">La colecci\u00f3n invita a la mujer contempor\u00e1nea a jugar con distintas facetas de su estilo, equilibrando practicidad y sofisticaci\u00f3n en un mismo guardarropa.<\/p>\n<h3 data-start=\"1398\" data-end=\"1429\">Creatividad sin fronteras<\/h3>\n<figure id=\"attachment_154966\" aria-describedby=\"caption-attachment-154966\" style=\"width: 1024px\" class=\"wp-caption alignnone\"><img loading=\"lazy\" decoding=\"async\" class=\"size-large wp-image-154966\" src=\"https:\/\/graziamagazine.com\/mx\/wp-content\/uploads\/sites\/13\/2025\/08\/image001-1024x724.jpg\" alt=\"H&amp;M y Lorena Saravia Colaboran\" width=\"1024\" height=\"724\" srcset=\"https:\/\/graziamagazine.com\/mx\/wp-content\/uploads\/sites\/13\/2025\/08\/image001-1024x724.jpg 1024w, https:\/\/graziamagazine.com\/mx\/wp-content\/uploads\/sites\/13\/2025\/08\/image001-450x318.jpg 450w, https:\/\/graziamagazine.com\/mx\/wp-content\/uploads\/sites\/13\/2025\/08\/image001-768x543.jpg 768w, https:\/\/graziamagazine.com\/mx\/wp-content\/uploads\/sites\/13\/2025\/08\/image001-1536x1086.jpg 1536w, https:\/\/graziamagazine.com\/mx\/wp-content\/uploads\/sites\/13\/2025\/08\/image001-2048x1448.jpg 2048w, https:\/\/graziamagazine.com\/mx\/wp-content\/uploads\/sites\/13\/2025\/08\/image001-400x283.jpg 400w, https:\/\/graziamagazine.com\/mx\/wp-content\/uploads\/sites\/13\/2025\/08\/image001-155x110.jpg 155w\" sizes=\"(max-width: 1024px) 100vw, 1024px\" \/><figcaption id=\"caption-attachment-154966\" class=\"wp-caption-text\">H&amp;M y Lorena Saravia Colaboran<\/figcaption><\/figure>\n<p data-start=\"1430\" data-end=\"1858\">Cada prenda se convierte en un homenaje a M\u00e9xico. Los textiles tipo workwear, los detalles artesanales y las botas vaqueras evocan la esencia del pa\u00eds mientras que la paleta de tonos des\u00e9rticos imprime un car\u00e1cter po\u00e9tico y atemporal.<\/p>\n<p data-start=\"1430\" data-end=\"1858\">Lejos de ser un simple recurso est\u00e9tico, estos elementos transmiten orgullo cultural y autenticidad, demostrando que la moda mexicana tiene la capacidad de dialogar con el mundo sin perder su identidad.<\/p>\n<h3 data-start=\"1865\" data-end=\"1898\">Una colecci\u00f3n con identidad<\/h3>\n<div class=\"content-gallery\"><div class=\"gallery-placeholder\"><div class=\"spinner\"><\/div><\/div><span class=\"gallery-pagination\"><\/span><div id=\"gallery-1\" class=\"gallery galleryid-154965 gallery-columns- gallery-size-\"><figure class=\"gallery-item\"><div class=\"gallery-icon landscape\"><img loading=\"lazy\" decoding=\"async\" width=\"1810\" height=\"2560\" src=\"https:\/\/graziamagazine.com\/mx\/wp-content\/uploads\/sites\/13\/2025\/08\/2041-Pina-PR-Portrait-A4-sRGB-300ppi-17-scaled.jpg\" class=\"lazy\" alt=\"H&amp;M y Lorena Saravia Colaboran\" srcset=\"https:\/\/graziamagazine.com\/mx\/wp-content\/uploads\/sites\/13\/2025\/08\/2041-Pina-PR-Portrait-A4-sRGB-300ppi-17-scaled.jpg 1810w, https:\/\/graziamagazine.com\/mx\/wp-content\/uploads\/sites\/13\/2025\/08\/2041-Pina-PR-Portrait-A4-sRGB-300ppi-17-318x450.jpg 318w, https:\/\/graziamagazine.com\/mx\/wp-content\/uploads\/sites\/13\/2025\/08\/2041-Pina-PR-Portrait-A4-sRGB-300ppi-17-724x1024.jpg 724w, https:\/\/graziamagazine.com\/mx\/wp-content\/uploads\/sites\/13\/2025\/08\/2041-Pina-PR-Portrait-A4-sRGB-300ppi-17-768x1086.jpg 768w, https:\/\/graziamagazine.com\/mx\/wp-content\/uploads\/sites\/13\/2025\/08\/2041-Pina-PR-Portrait-A4-sRGB-300ppi-17-1086x1536.jpg 1086w, https:\/\/graziamagazine.com\/mx\/wp-content\/uploads\/sites\/13\/2025\/08\/2041-Pina-PR-Portrait-A4-sRGB-300ppi-17-1448x2048.jpg 1448w, https:\/\/graziamagazine.com\/mx\/wp-content\/uploads\/sites\/13\/2025\/08\/2041-Pina-PR-Portrait-A4-sRGB-300ppi-17-400x566.jpg 400w, https:\/\/graziamagazine.com\/mx\/wp-content\/uploads\/sites\/13\/2025\/08\/2041-Pina-PR-Portrait-A4-sRGB-300ppi-17-152x215.jpg 152w\" sizes=\"(max-width: 1810px) 100vw, 1810px\" \/><\/div><\/figure><figure class=\"gallery-item\"><div class=\"gallery-icon landscape\"><img loading=\"lazy\" decoding=\"async\" width=\"1810\" height=\"2560\" src=\"https:\/\/graziamagazine.com\/mx\/wp-content\/uploads\/sites\/13\/2025\/08\/2041-Pina-PR-Portrait-A4-sRGB-300ppi-18-scaled.jpg\" class=\"lazy\" alt=\"\" srcset=\"https:\/\/graziamagazine.com\/mx\/wp-content\/uploads\/sites\/13\/2025\/08\/2041-Pina-PR-Portrait-A4-sRGB-300ppi-18-scaled.jpg 1810w, https:\/\/graziamagazine.com\/mx\/wp-content\/uploads\/sites\/13\/2025\/08\/2041-Pina-PR-Portrait-A4-sRGB-300ppi-18-318x450.jpg 318w, https:\/\/graziamagazine.com\/mx\/wp-content\/uploads\/sites\/13\/2025\/08\/2041-Pina-PR-Portrait-A4-sRGB-300ppi-18-724x1024.jpg 724w, https:\/\/graziamagazine.com\/mx\/wp-content\/uploads\/sites\/13\/2025\/08\/2041-Pina-PR-Portrait-A4-sRGB-300ppi-18-768x1086.jpg 768w, https:\/\/graziamagazine.com\/mx\/wp-content\/uploads\/sites\/13\/2025\/08\/2041-Pina-PR-Portrait-A4-sRGB-300ppi-18-1086x1536.jpg 1086w, https:\/\/graziamagazine.com\/mx\/wp-content\/uploads\/sites\/13\/2025\/08\/2041-Pina-PR-Portrait-A4-sRGB-300ppi-18-1448x2048.jpg 1448w, https:\/\/graziamagazine.com\/mx\/wp-content\/uploads\/sites\/13\/2025\/08\/2041-Pina-PR-Portrait-A4-sRGB-300ppi-18-400x566.jpg 400w, https:\/\/graziamagazine.com\/mx\/wp-content\/uploads\/sites\/13\/2025\/08\/2041-Pina-PR-Portrait-A4-sRGB-300ppi-18-152x215.jpg 152w\" sizes=\"(max-width: 1810px) 100vw, 1810px\" \/><\/div><\/figure><figure class=\"gallery-item\"><div class=\"gallery-icon landscape\"><img loading=\"lazy\" decoding=\"async\" width=\"1810\" height=\"2560\" src=\"https:\/\/graziamagazine.com\/mx\/wp-content\/uploads\/sites\/13\/2025\/08\/2041-Pina-PR-Portrait-A4-sRGB-300ppi-16-scaled.jpg\" class=\"lazy\" alt=\"\" srcset=\"https:\/\/graziamagazine.com\/mx\/wp-content\/uploads\/sites\/13\/2025\/08\/2041-Pina-PR-Portrait-A4-sRGB-300ppi-16-scaled.jpg 1810w, https:\/\/graziamagazine.com\/mx\/wp-content\/uploads\/sites\/13\/2025\/08\/2041-Pina-PR-Portrait-A4-sRGB-300ppi-16-318x450.jpg 318w, https:\/\/graziamagazine.com\/mx\/wp-content\/uploads\/sites\/13\/2025\/08\/2041-Pina-PR-Portrait-A4-sRGB-300ppi-16-724x1024.jpg 724w, https:\/\/graziamagazine.com\/mx\/wp-content\/uploads\/sites\/13\/2025\/08\/2041-Pina-PR-Portrait-A4-sRGB-300ppi-16-768x1086.jpg 768w, https:\/\/graziamagazine.com\/mx\/wp-content\/uploads\/sites\/13\/2025\/08\/2041-Pina-PR-Portrait-A4-sRGB-300ppi-16-1086x1536.jpg 1086w, https:\/\/graziamagazine.com\/mx\/wp-content\/uploads\/sites\/13\/2025\/08\/2041-Pina-PR-Portrait-A4-sRGB-300ppi-16-1448x2048.jpg 1448w, https:\/\/graziamagazine.com\/mx\/wp-content\/uploads\/sites\/13\/2025\/08\/2041-Pina-PR-Portrait-A4-sRGB-300ppi-16-400x566.jpg 400w, https:\/\/graziamagazine.com\/mx\/wp-content\/uploads\/sites\/13\/2025\/08\/2041-Pina-PR-Portrait-A4-sRGB-300ppi-16-152x215.jpg 152w\" sizes=\"(max-width: 1810px) 100vw, 1810px\" \/><\/div><\/figure><\/div><\/div>\n<p data-start=\"2337\" data-end=\"2381\">La colecci\u00f3n tambi\u00e9n se enriquece con complementos que cuentan historias. Los aretes de le\u00f3n que pertenecieron a la abuela de Lorena inspiraron tanto las piezas de joyer\u00eda como los botones, aportando una dimensi\u00f3n \u00edntima y emotiva.<\/p>\n<p data-start=\"2337\" data-end=\"2381\">A ellos se suman botas de gamuza caf\u00e9, un sombrero de ala ancha y un cintur\u00f3n decorativo que refuerzan la narrativa de fuerza, car\u00e1cter y sofisticaci\u00f3n. Cada accesorio eleva la colecci\u00f3n hacia un estilo inconfundible.<\/p>\n<h3 data-start=\"2337\" data-end=\"2381\">M\u00e9xico en el centro de la conversaci\u00f3n<\/h3>\n<figure id=\"attachment_154976\" aria-describedby=\"caption-attachment-154976\" style=\"width: 1024px\" class=\"wp-caption alignnone\"><img loading=\"lazy\" decoding=\"async\" class=\"size-large wp-image-154976\" src=\"https:\/\/graziamagazine.com\/mx\/wp-content\/uploads\/sites\/13\/2025\/08\/2042-Pina-PR-Landscape-A4-sRGB-300ppi-9-1024x724.jpg\" alt=\"H&amp;M y Lorena Saravia Colaboran\" width=\"1024\" height=\"724\" srcset=\"https:\/\/graziamagazine.com\/mx\/wp-content\/uploads\/sites\/13\/2025\/08\/2042-Pina-PR-Landscape-A4-sRGB-300ppi-9-1024x724.jpg 1024w, https:\/\/graziamagazine.com\/mx\/wp-content\/uploads\/sites\/13\/2025\/08\/2042-Pina-PR-Landscape-A4-sRGB-300ppi-9-450x318.jpg 450w, https:\/\/graziamagazine.com\/mx\/wp-content\/uploads\/sites\/13\/2025\/08\/2042-Pina-PR-Landscape-A4-sRGB-300ppi-9-768x543.jpg 768w, https:\/\/graziamagazine.com\/mx\/wp-content\/uploads\/sites\/13\/2025\/08\/2042-Pina-PR-Landscape-A4-sRGB-300ppi-9-1536x1086.jpg 1536w, https:\/\/graziamagazine.com\/mx\/wp-content\/uploads\/sites\/13\/2025\/08\/2042-Pina-PR-Landscape-A4-sRGB-300ppi-9-2048x1448.jpg 2048w, https:\/\/graziamagazine.com\/mx\/wp-content\/uploads\/sites\/13\/2025\/08\/2042-Pina-PR-Landscape-A4-sRGB-300ppi-9-400x283.jpg 400w, https:\/\/graziamagazine.com\/mx\/wp-content\/uploads\/sites\/13\/2025\/08\/2042-Pina-PR-Landscape-A4-sRGB-300ppi-9-155x110.jpg 155w\" sizes=\"(max-width: 1024px) 100vw, 1024px\" \/><figcaption id=\"caption-attachment-154976\" class=\"wp-caption-text\">H&amp;M y Lorena Saravia Colaboran<\/figcaption><\/figure>\n<p data-start=\"2792\" data-end=\"3047\">Lorena Saravia x H&amp;M estar\u00e1 disponible en tiendas seleccionadas y en l\u00ednea a partir del 16 de octubre de 2025. M\u00e1s all\u00e1 de la moda, este lanzamiento representa un reconocimiento al talento mexicano en la escena internacional.<\/p>\n<p data-start=\"2792\" data-end=\"3047\">Saravia no solo comparte su visi\u00f3n est\u00e9tica, tambi\u00e9n abre un camino para que la herencia cultural mexicana ocupe un lugar central en la conversaci\u00f3n global.<\/p>\n<p data-start=\"2792\" data-end=\"3047\"><em><strong>*IMAGEN: Cortes\u00eda<\/strong><\/em><\/p>\n","protected":false},"author":28953,"featured_media":154974,"template":"","format":"standard","categories":[4],"acf":[],"yoast_head":"<!-- This site is optimized with the Yoast SEO Premium plugin v18.5 (Yoast SEO v20.4) - https:\/\/yoast.com\/wordpress\/plugins\/seo\/ -->\n<title>H&amp;M y Lorena Saravia Colaboran<\/title>\n<meta name=\"description\" content=\"La firma sueca une fuerzas con la dise\u00f1adora mexicana para una colecci\u00f3n global que celebra creatividad, elegancia y ra\u00edces culturales contempor\u00e1neas.\" \/>\n<meta name=\"robots\" content=\"index, follow, max-snippet:-1, max-image-preview:large, max-video-preview:-1\" \/>\n<link rel=\"canonical\" href=\"https:\/\/graziamagazine.com\/mx\/articles\/hm-y-lorena-saravia-colaboran\/\" \/>\n<meta property=\"og:locale\" content=\"es_MX\" \/>\n<meta property=\"og:type\" content=\"article\" \/>\n<meta property=\"og:title\" content=\"H&amp;M y Lorena Saravia Colaboran\" \/>\n<meta property=\"og:description\" content=\"La firma sueca une fuerzas con la dise\u00f1adora mexicana para una colecci\u00f3n global que celebra creatividad, elegancia y ra\u00edces culturales contempor\u00e1neas.\" \/>\n<meta property=\"og:url\" content=\"https:\/\/graziamagazine.com\/mx\/articles\/hm-y-lorena-saravia-colaboran\/\" \/>\n<meta property=\"og:site_name\" content=\"Grazia M\u00e9xico y Latinoam\u00e9rica\" \/>\n<meta property=\"article:modified_time\" content=\"2025-08-26T22:21:04+00:00\" \/>\n<meta property=\"og:image\" content=\"https:\/\/graziamagazine.com\/mx\/wp-content\/uploads\/sites\/13\/2025\/08\/2042-Pina-PR-Landscape-A4-sRGB-300ppi-5-scaled.jpg\" \/>\n\t<meta property=\"og:image:width\" content=\"2560\" \/>\n\t<meta property=\"og:image:height\" content=\"1810\" \/>\n\t<meta property=\"og:image:type\" content=\"image\/jpeg\" \/>\n<meta name=\"twitter:card\" content=\"summary_large_image\" \/>\n<meta name=\"twitter:label1\" content=\"Est. reading time\" \/>\n\t<meta name=\"twitter:data1\" content=\"3 minutos\" \/>\n<script type=\"application\/ld+json\" class=\"yoast-schema-graph\">{\"@context\":\"https:\/\/schema.org\",\"@graph\":[{\"@type\":\"WebPage\",\"@id\":\"https:\/\/graziamagazine.com\/mx\/articles\/hm-y-lorena-saravia-colaboran\/\",\"url\":\"https:\/\/graziamagazine.com\/mx\/articles\/hm-y-lorena-saravia-colaboran\/\",\"name\":\"H&M y Lorena Saravia Colaboran\",\"isPartOf\":{\"@id\":\"https:\/\/graziamagazine.com\/mx\/#website\"},\"datePublished\":\"2025-08-22T16:13:39+00:00\",\"dateModified\":\"2025-08-26T22:21:04+00:00\",\"description\":\"La firma sueca une fuerzas con la dise\u00f1adora mexicana para una colecci\u00f3n global que celebra creatividad, elegancia y ra\u00edces culturales contempor\u00e1neas.\",\"breadcrumb\":{\"@id\":\"https:\/\/graziamagazine.com\/mx\/articles\/hm-y-lorena-saravia-colaboran\/#breadcrumb\"},\"inLanguage\":\"es-MX\",\"potentialAction\":[{\"@type\":\"ReadAction\",\"target\":[\"https:\/\/graziamagazine.com\/mx\/articles\/hm-y-lorena-saravia-colaboran\/\"]}]},{\"@type\":\"BreadcrumbList\",\"@id\":\"https:\/\/graziamagazine.com\/mx\/articles\/hm-y-lorena-saravia-colaboran\/#breadcrumb\",\"itemListElement\":[{\"@type\":\"ListItem\",\"position\":1,\"name\":\"Home\",\"item\":\"https:\/\/graziamagazine.com\/mx\/\"},{\"@type\":\"ListItem\",\"position\":2,\"name\":\"H&amp;M y Lorena Saravia Colaboran\"}]},{\"@type\":\"WebSite\",\"@id\":\"https:\/\/graziamagazine.com\/mx\/#website\",\"url\":\"https:\/\/graziamagazine.com\/mx\/\",\"name\":\"Grazia M\u00e9xico y Latinoam\u00e9rica\",\"description\":\"Grazia es moda, belleza y noticias  de actualidad \",\"potentialAction\":[{\"@type\":\"SearchAction\",\"target\":{\"@type\":\"EntryPoint\",\"urlTemplate\":\"https:\/\/graziamagazine.com\/mx\/?s={search_term_string}\"},\"query-input\":\"required name=search_term_string\"}],\"inLanguage\":\"es-MX\"}]}<\/script>\n<!-- \/ Yoast SEO Premium plugin. -->","yoast_head_json":{"title":"H&M y Lorena Saravia Colaboran","description":"La firma sueca une fuerzas con la dise\u00f1adora mexicana para una colecci\u00f3n global que celebra creatividad, elegancia y ra\u00edces culturales contempor\u00e1neas.","robots":{"index":"index","follow":"follow","max-snippet":"max-snippet:-1","max-image-preview":"max-image-preview:large","max-video-preview":"max-video-preview:-1"},"canonical":"https:\/\/graziamagazine.com\/mx\/articles\/hm-y-lorena-saravia-colaboran\/","og_locale":"es_MX","og_type":"article","og_title":"H&amp;M y Lorena Saravia Colaboran","og_description":"La firma sueca une fuerzas con la dise\u00f1adora mexicana para una colecci\u00f3n global que celebra creatividad, elegancia y ra\u00edces culturales contempor\u00e1neas.","og_url":"https:\/\/graziamagazine.com\/mx\/articles\/hm-y-lorena-saravia-colaboran\/","og_site_name":"Grazia M\u00e9xico y Latinoam\u00e9rica","article_modified_time":"2025-08-26T22:21:04+00:00","og_image":[{"width":2560,"height":1810,"url":"https:\/\/graziamagazine.com\/mx\/wp-content\/uploads\/sites\/13\/2025\/08\/2042-Pina-PR-Landscape-A4-sRGB-300ppi-5-scaled.jpg","type":"image\/jpeg"}],"twitter_card":"summary_large_image","twitter_misc":{"Est. reading time":"3 minutos"},"schema":{"@context":"https:\/\/schema.org","@graph":[{"@type":"WebPage","@id":"https:\/\/graziamagazine.com\/mx\/articles\/hm-y-lorena-saravia-colaboran\/","url":"https:\/\/graziamagazine.com\/mx\/articles\/hm-y-lorena-saravia-colaboran\/","name":"H&M y Lorena Saravia Colaboran","isPartOf":{"@id":"https:\/\/graziamagazine.com\/mx\/#website"},"datePublished":"2025-08-22T16:13:39+00:00","dateModified":"2025-08-26T22:21:04+00:00","description":"La firma sueca une fuerzas con la dise\u00f1adora mexicana para una colecci\u00f3n global que celebra creatividad, elegancia y ra\u00edces culturales contempor\u00e1neas.","breadcrumb":{"@id":"https:\/\/graziamagazine.com\/mx\/articles\/hm-y-lorena-saravia-colaboran\/#breadcrumb"},"inLanguage":"es-MX","potentialAction":[{"@type":"ReadAction","target":["https:\/\/graziamagazine.com\/mx\/articles\/hm-y-lorena-saravia-colaboran\/"]}]},{"@type":"BreadcrumbList","@id":"https:\/\/graziamagazine.com\/mx\/articles\/hm-y-lorena-saravia-colaboran\/#breadcrumb","itemListElement":[{"@type":"ListItem","position":1,"name":"Home","item":"https:\/\/graziamagazine.com\/mx\/"},{"@type":"ListItem","position":2,"name":"H&amp;M y Lorena Saravia Colaboran"}]},{"@type":"WebSite","@id":"https:\/\/graziamagazine.com\/mx\/#website","url":"https:\/\/graziamagazine.com\/mx\/","name":"Grazia M\u00e9xico y Latinoam\u00e9rica","description":"Grazia es moda, belleza y noticias  de actualidad ","potentialAction":[{"@type":"SearchAction","target":{"@type":"EntryPoint","urlTemplate":"https:\/\/graziamagazine.com\/mx\/?s={search_term_string}"},"query-input":"required name=search_term_string"}],"inLanguage":"es-MX"}]}},"jetpack_sharing_enabled":true,"distributor_meta":false,"distributor_terms":false,"distributor_media":false,"distributor_original_site_name":"Grazia M\u00e9xico y Latinoam\u00e9rica","distributor_original_site_url":"https:\/\/graziamagazine.com\/mx","push-errors":false,"_links":{"self":[{"href":"https:\/\/graziamagazine.com\/mx\/wp-json\/wp\/v2\/articles\/154965"}],"collection":[{"href":"https:\/\/graziamagazine.com\/mx\/wp-json\/wp\/v2\/articles"}],"about":[{"href":"https:\/\/graziamagazine.com\/mx\/wp-json\/wp\/v2\/types\/articles"}],"author":[{"embeddable":true,"href":"https:\/\/graziamagazine.com\/mx\/wp-json\/wp\/v2\/users\/28953"}],"wp:featuredmedia":[{"embeddable":true,"href":"https:\/\/graziamagazine.com\/mx\/wp-json\/wp\/v2\/media\/154974"}],"wp:attachment":[{"href":"https:\/\/graziamagazine.com\/mx\/wp-json\/wp\/v2\/media?parent=154965"}],"wp:term":[{"taxonomy":"category","embeddable":true,"href":"https:\/\/graziamagazine.com\/mx\/wp-json\/wp\/v2\/categories?post=154965"}],"curies":[{"name":"wp","href":"https:\/\/api.w.org\/{rel}","templated":true}]}}