{"id":154942,"date":"2025-08-21T12:02:34","date_gmt":"2025-08-21T17:02:34","guid":{"rendered":"https:\/\/graziamagazine.com\/mx\/?post_type=articles&#038;p=154942"},"modified":"2025-08-21T12:10:18","modified_gmt":"2025-08-21T17:10:18","slug":"los-mejores-bloqueadores-solares-para-lo-que-queda-del-verano","status":"publish","type":"articles","link":"https:\/\/graziamagazine.com\/mx\/articles\/los-mejores-bloqueadores-solares-para-lo-que-queda-del-verano\/","title":{"rendered":"Los mejores bloqueadores solares para lo que queda del verano"},"content":{"rendered":"<p><span style=\"font-weight: 400\">Aunque el calendario indique que el verano est\u00e1 en sus \u00faltimas semanas, los rayos del sol siguen siendo intensos y peligrosos para la piel. Los dermat\u00f3logos insisten en que el protector solar no es exclusivo de las vacaciones en la playa ni de la temporada de calor, sino un h\u00e1bito de belleza y salud que deber\u00eda acompa\u00f1arnos todos los d\u00edas del a\u00f1o.\u00a0<\/span><\/p>\n<p><span style=\"font-weight: 400\">Sin embargo, con las altas temperaturas todav\u00eda presentes, es el momento perfecto para encontrar un bloqueador que nos proteja, se sienta ligero en la piel y, de paso, aporte beneficios extras como hidrataci\u00f3n, control de grasa o un toque de color.<\/span><\/p>\n<p><span style=\"font-weight: 400\">Te recomendamos 5 marcas de bloqueadores solares y sus beneficios:<\/span><\/p>\n<p><strong>La Roche-Posay Anthelios UVmune 400 FPS 50+<\/strong><\/p>\n<ul>\n<li><span style=\"font-weight: 400\">\u00a0Protecci\u00f3n avanzada contra rayos UVA y UVB (tecnolog\u00eda UVmune 400)<\/span><\/li>\n<li><span style=\"font-weight: 400\">\u00a0F\u00f3rmula ligera y de r\u00e1pida absorci\u00f3n<\/span><\/li>\n<li><span style=\"font-weight: 400\">\u00a0Ideal para pieles sensibles y propensas a alergias<\/span><\/li>\n<li><span style=\"font-weight: 400\">\u00a0Resistente al agua y sudor<\/span><\/li>\n<\/ul>\n<p><img loading=\"lazy\" decoding=\"async\" class=\"alignnone size-medium wp-image-154947\" src=\"https:\/\/graziamagazine.com\/mx\/wp-content\/uploads\/sites\/13\/2025\/08\/555-4-253x450.jpg\" alt=\"\" width=\"253\" height=\"450\" srcset=\"https:\/\/graziamagazine.com\/mx\/wp-content\/uploads\/sites\/13\/2025\/08\/555-4-253x450.jpg 253w, https:\/\/graziamagazine.com\/mx\/wp-content\/uploads\/sites\/13\/2025\/08\/555-4-121x215.jpg 121w, https:\/\/graziamagazine.com\/mx\/wp-content\/uploads\/sites\/13\/2025\/08\/555-4.jpg 262w\" sizes=\"(max-width: 253px) 100vw, 253px\" \/><\/p>\n<p><strong>ISDIN Fusion Water FPS 50+<\/strong><\/p>\n<ul>\n<li><span style=\"font-weight: 400\">Textura ultraligera, no deja sensaci\u00f3n grasa<\/span><\/li>\n<li><span style=\"font-weight: 400\">No irrita los ojos (perfecto para uso diario)<\/span><\/li>\n<li><span style=\"font-weight: 400\">\u00a0Protege contra luz azul, ideal si pasas horas frente a pantallas<\/span><\/li>\n<li><span style=\"font-weight: 400\">\u00a0Hidratante y apto para todo tipo de piel<\/span><\/li>\n<\/ul>\n<p><img loading=\"lazy\" decoding=\"async\" class=\"alignnone size-full wp-image-154946\" src=\"https:\/\/graziamagazine.com\/mx\/wp-content\/uploads\/sites\/13\/2025\/08\/66-2.jpg\" alt=\"\" width=\"286\" height=\"396\" srcset=\"https:\/\/graziamagazine.com\/mx\/wp-content\/uploads\/sites\/13\/2025\/08\/66-2.jpg 286w, https:\/\/graziamagazine.com\/mx\/wp-content\/uploads\/sites\/13\/2025\/08\/66-2-155x215.jpg 155w\" sizes=\"(max-width: 286px) 100vw, 286px\" \/><\/p>\n<p><strong>Eucerin Sun Gel-Cream Oil Control FPS 50+<\/strong><\/p>\n<ul>\n<li><span style=\"font-weight: 400\">\u00a0Controla la grasa y el brillo hasta por 8 horas (ideal para piel mixta\/grasa)<\/span><\/li>\n<li><span style=\"font-weight: 400\">\u00a0Protecci\u00f3n contra luz azul y radicales libres<\/span><\/li>\n<li><span style=\"font-weight: 400\">\u00a0F\u00f3rmula no comedog\u00e9nica, perfecta para piel propensa al acn\u00e9<\/span><\/li>\n<li><span style=\"font-weight: 400\">\u00a0Sensaci\u00f3n ligera y acabado mate<\/span><\/li>\n<\/ul>\n<p><img loading=\"lazy\" decoding=\"async\" class=\"alignnone size-medium wp-image-154945\" src=\"https:\/\/graziamagazine.com\/mx\/wp-content\/uploads\/sites\/13\/2025\/08\/99-3-190x450.jpg\" alt=\"\" width=\"190\" height=\"450\" srcset=\"https:\/\/graziamagazine.com\/mx\/wp-content\/uploads\/sites\/13\/2025\/08\/99-3-190x450.jpg 190w, https:\/\/graziamagazine.com\/mx\/wp-content\/uploads\/sites\/13\/2025\/08\/99-3-91x215.jpg 91w, https:\/\/graziamagazine.com\/mx\/wp-content\/uploads\/sites\/13\/2025\/08\/99-3.jpg 195w\" sizes=\"(max-width: 190px) 100vw, 190px\" \/><\/p>\n<p><strong>Heliocare 360\u00b0 Gel Oil-Free FPS 50+<\/strong><\/p>\n<ul>\n<li><span style=\"font-weight: 400\">Protecci\u00f3n 360\u00b0: UVB, UVA, luz azul y radicales libres<\/span><\/li>\n<li><span style=\"font-weight: 400\">Textura en gel de r\u00e1pida absorci\u00f3n, ideal para piel grasa<\/span><\/li>\n<li><span style=\"font-weight: 400\">Contiene Fernblock\u00ae, un antioxidante potente que previene el fotoenvejecimiento<\/span><\/li>\n<li><span style=\"font-weight: 400\">\u00a0Resistente al agua y al sudor<\/span><\/li>\n<\/ul>\n<p><img loading=\"lazy\" decoding=\"async\" class=\"alignnone size-medium wp-image-154944\" src=\"https:\/\/graziamagazine.com\/mx\/wp-content\/uploads\/sites\/13\/2025\/08\/888-199x450.jpg\" alt=\"\" width=\"199\" height=\"450\" srcset=\"https:\/\/graziamagazine.com\/mx\/wp-content\/uploads\/sites\/13\/2025\/08\/888-199x450.jpg 199w, https:\/\/graziamagazine.com\/mx\/wp-content\/uploads\/sites\/13\/2025\/08\/888-95x215.jpg 95w, https:\/\/graziamagazine.com\/mx\/wp-content\/uploads\/sites\/13\/2025\/08\/888.jpg 215w\" sizes=\"(max-width: 199px) 100vw, 199px\" \/><\/p>\n<p><strong>Biore UV Aqua Rich Watery Essence FPS 50+<\/strong><\/p>\n<ul>\n<li><span style=\"font-weight: 400\">\u00a0F\u00f3rmula japonesa s\u00faper ligera tipo esencia<\/span><\/li>\n<li><span style=\"font-weight: 400\">\u00a0Se absorbe r\u00e1pido y deja un acabado invisible en la piel<\/span><\/li>\n<li><span style=\"font-weight: 400\">\u00a0Hidrata sin sensaci\u00f3n pegajosa, perfecta para piel normal a seca<\/span><\/li>\n<li><span style=\"font-weight: 400\">\u00a0Resistente al agua y al sudor<\/span><\/li>\n<\/ul>\n<p><img loading=\"lazy\" decoding=\"async\" class=\"alignnone size-full wp-image-154943\" src=\"https:\/\/graziamagazine.com\/mx\/wp-content\/uploads\/sites\/13\/2025\/08\/7878.jpg\" alt=\"\" width=\"213\" height=\"394\" srcset=\"https:\/\/graziamagazine.com\/mx\/wp-content\/uploads\/sites\/13\/2025\/08\/7878.jpg 213w, https:\/\/graziamagazine.com\/mx\/wp-content\/uploads\/sites\/13\/2025\/08\/7878-116x215.jpg 116w\" sizes=\"(max-width: 213px) 100vw, 213px\" \/><\/p>\n<p><span style=\"font-weight: 400\">Estas opciones te garantizan una protecci\u00f3n 24\/7, incluso si pasas el d\u00eda en casa. \u00bfPor cu\u00e1l te decides?<\/span><\/p>\n","protected":false},"author":11628,"featured_media":154948,"template":"","format":"standard","categories":[3],"acf":[],"yoast_head":"<!-- This site is optimized with the Yoast SEO Premium plugin v18.5 (Yoast SEO v20.4) - https:\/\/yoast.com\/wordpress\/plugins\/seo\/ -->\n<title>Los mejores bloqueadores solares para lo que queda del verano<\/title>\n<meta name=\"description\" content=\"Aunque el calendario indique que el verano est\u00e1 en sus \u00faltimas semanas, los rayos del sol siguen siendo intensos y peligrosos para la piel. Los\" \/>\n<meta name=\"robots\" content=\"index, follow, max-snippet:-1, max-image-preview:large, max-video-preview:-1\" \/>\n<link rel=\"canonical\" href=\"https:\/\/graziamagazine.com\/mx\/articles\/los-mejores-bloqueadores-solares-para-lo-que-queda-del-verano\/\" \/>\n<meta property=\"og:locale\" content=\"es_MX\" \/>\n<meta property=\"og:type\" content=\"article\" \/>\n<meta property=\"og:title\" content=\"Los mejores bloqueadores solares para lo que queda del verano\" \/>\n<meta property=\"og:description\" content=\"Aunque el calendario indique que el verano est\u00e1 en sus \u00faltimas semanas, los rayos del sol siguen siendo intensos y peligrosos para la piel. Los\" \/>\n<meta property=\"og:url\" content=\"https:\/\/graziamagazine.com\/mx\/articles\/los-mejores-bloqueadores-solares-para-lo-que-queda-del-verano\/\" \/>\n<meta property=\"og:site_name\" content=\"Grazia M\u00e9xico y Latinoam\u00e9rica\" \/>\n<meta property=\"article:modified_time\" content=\"2025-08-21T17:10:18+00:00\" \/>\n<meta property=\"og:image\" content=\"https:\/\/graziamagazine.com\/mx\/wp-content\/uploads\/sites\/13\/2025\/08\/88-1.jpg\" \/>\n\t<meta property=\"og:image:width\" content=\"583\" \/>\n\t<meta property=\"og:image:height\" content=\"344\" \/>\n\t<meta property=\"og:image:type\" content=\"image\/jpeg\" \/>\n<meta name=\"twitter:card\" content=\"summary_large_image\" \/>\n<meta name=\"twitter:label1\" content=\"Est. reading time\" \/>\n\t<meta name=\"twitter:data1\" content=\"3 minutos\" \/>\n<script type=\"application\/ld+json\" class=\"yoast-schema-graph\">{\"@context\":\"https:\/\/schema.org\",\"@graph\":[{\"@type\":\"WebPage\",\"@id\":\"https:\/\/graziamagazine.com\/mx\/articles\/los-mejores-bloqueadores-solares-para-lo-que-queda-del-verano\/\",\"url\":\"https:\/\/graziamagazine.com\/mx\/articles\/los-mejores-bloqueadores-solares-para-lo-que-queda-del-verano\/\",\"name\":\"Los mejores bloqueadores solares para lo que queda del verano\",\"isPartOf\":{\"@id\":\"https:\/\/graziamagazine.com\/mx\/#website\"},\"datePublished\":\"2025-08-21T17:02:34+00:00\",\"dateModified\":\"2025-08-21T17:10:18+00:00\",\"description\":\"Aunque el calendario indique que el verano est\u00e1 en sus \u00faltimas semanas, los rayos del sol siguen siendo intensos y peligrosos para la piel. Los\",\"breadcrumb\":{\"@id\":\"https:\/\/graziamagazine.com\/mx\/articles\/los-mejores-bloqueadores-solares-para-lo-que-queda-del-verano\/#breadcrumb\"},\"inLanguage\":\"es-MX\",\"potentialAction\":[{\"@type\":\"ReadAction\",\"target\":[\"https:\/\/graziamagazine.com\/mx\/articles\/los-mejores-bloqueadores-solares-para-lo-que-queda-del-verano\/\"]}]},{\"@type\":\"BreadcrumbList\",\"@id\":\"https:\/\/graziamagazine.com\/mx\/articles\/los-mejores-bloqueadores-solares-para-lo-que-queda-del-verano\/#breadcrumb\",\"itemListElement\":[{\"@type\":\"ListItem\",\"position\":1,\"name\":\"Home\",\"item\":\"https:\/\/graziamagazine.com\/mx\/\"},{\"@type\":\"ListItem\",\"position\":2,\"name\":\"Los mejores bloqueadores solares para lo que queda del verano\"}]},{\"@type\":\"WebSite\",\"@id\":\"https:\/\/graziamagazine.com\/mx\/#website\",\"url\":\"https:\/\/graziamagazine.com\/mx\/\",\"name\":\"Grazia M\u00e9xico y Latinoam\u00e9rica\",\"description\":\"Grazia es moda, belleza y noticias  de actualidad \",\"potentialAction\":[{\"@type\":\"SearchAction\",\"target\":{\"@type\":\"EntryPoint\",\"urlTemplate\":\"https:\/\/graziamagazine.com\/mx\/?s={search_term_string}\"},\"query-input\":\"required name=search_term_string\"}],\"inLanguage\":\"es-MX\"}]}<\/script>\n<!-- \/ Yoast SEO Premium plugin. -->","yoast_head_json":{"title":"Los mejores bloqueadores solares para lo que queda del verano","description":"Aunque el calendario indique que el verano est\u00e1 en sus \u00faltimas semanas, los rayos del sol siguen siendo intensos y peligrosos para la piel. Los","robots":{"index":"index","follow":"follow","max-snippet":"max-snippet:-1","max-image-preview":"max-image-preview:large","max-video-preview":"max-video-preview:-1"},"canonical":"https:\/\/graziamagazine.com\/mx\/articles\/los-mejores-bloqueadores-solares-para-lo-que-queda-del-verano\/","og_locale":"es_MX","og_type":"article","og_title":"Los mejores bloqueadores solares para lo que queda del verano","og_description":"Aunque el calendario indique que el verano est\u00e1 en sus \u00faltimas semanas, los rayos del sol siguen siendo intensos y peligrosos para la piel. Los","og_url":"https:\/\/graziamagazine.com\/mx\/articles\/los-mejores-bloqueadores-solares-para-lo-que-queda-del-verano\/","og_site_name":"Grazia M\u00e9xico y Latinoam\u00e9rica","article_modified_time":"2025-08-21T17:10:18+00:00","og_image":[{"width":583,"height":344,"url":"https:\/\/graziamagazine.com\/mx\/wp-content\/uploads\/sites\/13\/2025\/08\/88-1.jpg","type":"image\/jpeg"}],"twitter_card":"summary_large_image","twitter_misc":{"Est. reading time":"3 minutos"},"schema":{"@context":"https:\/\/schema.org","@graph":[{"@type":"WebPage","@id":"https:\/\/graziamagazine.com\/mx\/articles\/los-mejores-bloqueadores-solares-para-lo-que-queda-del-verano\/","url":"https:\/\/graziamagazine.com\/mx\/articles\/los-mejores-bloqueadores-solares-para-lo-que-queda-del-verano\/","name":"Los mejores bloqueadores solares para lo que queda del verano","isPartOf":{"@id":"https:\/\/graziamagazine.com\/mx\/#website"},"datePublished":"2025-08-21T17:02:34+00:00","dateModified":"2025-08-21T17:10:18+00:00","description":"Aunque el calendario indique que el verano est\u00e1 en sus \u00faltimas semanas, los rayos del sol siguen siendo intensos y peligrosos para la piel. Los","breadcrumb":{"@id":"https:\/\/graziamagazine.com\/mx\/articles\/los-mejores-bloqueadores-solares-para-lo-que-queda-del-verano\/#breadcrumb"},"inLanguage":"es-MX","potentialAction":[{"@type":"ReadAction","target":["https:\/\/graziamagazine.com\/mx\/articles\/los-mejores-bloqueadores-solares-para-lo-que-queda-del-verano\/"]}]},{"@type":"BreadcrumbList","@id":"https:\/\/graziamagazine.com\/mx\/articles\/los-mejores-bloqueadores-solares-para-lo-que-queda-del-verano\/#breadcrumb","itemListElement":[{"@type":"ListItem","position":1,"name":"Home","item":"https:\/\/graziamagazine.com\/mx\/"},{"@type":"ListItem","position":2,"name":"Los mejores bloqueadores solares para lo que queda del verano"}]},{"@type":"WebSite","@id":"https:\/\/graziamagazine.com\/mx\/#website","url":"https:\/\/graziamagazine.com\/mx\/","name":"Grazia M\u00e9xico y Latinoam\u00e9rica","description":"Grazia es moda, belleza y noticias  de actualidad ","potentialAction":[{"@type":"SearchAction","target":{"@type":"EntryPoint","urlTemplate":"https:\/\/graziamagazine.com\/mx\/?s={search_term_string}"},"query-input":"required name=search_term_string"}],"inLanguage":"es-MX"}]}},"jetpack_sharing_enabled":true,"distributor_meta":false,"distributor_terms":false,"distributor_media":false,"distributor_original_site_name":"Grazia M\u00e9xico y Latinoam\u00e9rica","distributor_original_site_url":"https:\/\/graziamagazine.com\/mx","push-errors":false,"_links":{"self":[{"href":"https:\/\/graziamagazine.com\/mx\/wp-json\/wp\/v2\/articles\/154942"}],"collection":[{"href":"https:\/\/graziamagazine.com\/mx\/wp-json\/wp\/v2\/articles"}],"about":[{"href":"https:\/\/graziamagazine.com\/mx\/wp-json\/wp\/v2\/types\/articles"}],"author":[{"embeddable":true,"href":"https:\/\/graziamagazine.com\/mx\/wp-json\/wp\/v2\/users\/11628"}],"wp:featuredmedia":[{"embeddable":true,"href":"https:\/\/graziamagazine.com\/mx\/wp-json\/wp\/v2\/media\/154948"}],"wp:attachment":[{"href":"https:\/\/graziamagazine.com\/mx\/wp-json\/wp\/v2\/media?parent=154942"}],"wp:term":[{"taxonomy":"category","embeddable":true,"href":"https:\/\/graziamagazine.com\/mx\/wp-json\/wp\/v2\/categories?post=154942"}],"curies":[{"name":"wp","href":"https:\/\/api.w.org\/{rel}","templated":true}]}}