{"id":154916,"date":"2025-08-21T11:29:18","date_gmt":"2025-08-21T16:29:18","guid":{"rendered":"https:\/\/graziamagazine.com\/mx\/?post_type=articles&#038;p=154916"},"modified":"2025-08-21T11:50:23","modified_gmt":"2025-08-21T16:50:23","slug":"cortes-de-cabello-en-tendencia-otono-2025","status":"publish","type":"articles","link":"https:\/\/graziamagazine.com\/mx\/articles\/cortes-de-cabello-en-tendencia-otono-2025\/","title":{"rendered":"Cortes de Cabello en Tendencia Oto\u00f1o 2025"},"content":{"rendered":"<p data-start=\"437\" data-end=\"477\">El oto\u00f1o trae consigo una nueva forma de entender el cabello: cortes que evocan d\u00e9cadas pasadas, estilos que celebran la naturalidad y propuestas que invitan a experimentar con frescura y car\u00e1cter.<\/p>\n<p data-start=\"437\" data-end=\"477\">Esta temporada, la melena se convierte en el lienzo perfecto para jugar con texturas, vol\u00famenes y longitudes. Desde el encanto minimalista del pixie hasta la sofisticaci\u00f3n retro del bob noventero, siete cortes se perfilan como los grandes protagonistas.<\/p>\n<p data-start=\"437\" data-end=\"477\">\u00bfLista para descubrir cu\u00e1l refleja mejor tu personalidad este oto\u00f1o?<\/p>\n<h3 data-start=\"437\" data-end=\"477\">El pixie: ultra femenino y moderno<\/h3>\n<figure id=\"attachment_154921\" aria-describedby=\"caption-attachment-154921\" style=\"width: 500px\" class=\"wp-caption alignnone\"><img loading=\"lazy\" decoding=\"async\" class=\"wp-image-154921\" src=\"https:\/\/graziamagazine.com\/mx\/wp-content\/uploads\/sites\/13\/2025\/08\/9302f453b1440d50c1d00c4893abd198-732x1024.jpg\" alt=\"Cortes de Cabello en Tendencia Oto\u00f1o 2025\" width=\"500\" height=\"699\" srcset=\"https:\/\/graziamagazine.com\/mx\/wp-content\/uploads\/sites\/13\/2025\/08\/9302f453b1440d50c1d00c4893abd198-732x1024.jpg 732w, https:\/\/graziamagazine.com\/mx\/wp-content\/uploads\/sites\/13\/2025\/08\/9302f453b1440d50c1d00c4893abd198-322x450.jpg 322w, https:\/\/graziamagazine.com\/mx\/wp-content\/uploads\/sites\/13\/2025\/08\/9302f453b1440d50c1d00c4893abd198-768x1074.jpg 768w, https:\/\/graziamagazine.com\/mx\/wp-content\/uploads\/sites\/13\/2025\/08\/9302f453b1440d50c1d00c4893abd198-400x559.jpg 400w, https:\/\/graziamagazine.com\/mx\/wp-content\/uploads\/sites\/13\/2025\/08\/9302f453b1440d50c1d00c4893abd198.jpg 864w\" sizes=\"(max-width: 500px) 100vw, 500px\" \/><figcaption id=\"caption-attachment-154921\" class=\"wp-caption-text\">Cortes de Cabello en Tendencia Oto\u00f1o 2025<\/figcaption><\/figure>\n<p data-start=\"478\" data-end=\"805\">El corte pixie regresa con fuerza este oto\u00f1o. Inspirado en la est\u00e9tica delicada y elegante, su encanto reside en el flequillo lateral que enmarca el rostro y suaviza las facciones. Perfecto para quienes buscan un aire femenino y audaz, este estilo minimalista logra resaltar la belleza natural con un toque refinado y actual.<\/p>\n<h3 data-start=\"812\" data-end=\"857\">Shagg MODERNO: movimiento con actitud<\/h3>\n<figure id=\"attachment_154918\" aria-describedby=\"caption-attachment-154918\" style=\"width: 500px\" class=\"wp-caption alignnone\"><img loading=\"lazy\" decoding=\"async\" class=\"wp-image-154918\" src=\"https:\/\/graziamagazine.com\/mx\/wp-content\/uploads\/sites\/13\/2025\/08\/44f7f58d7b9df588b540cdf2318f36d6.jpg\" alt=\"Cortes de Cabello en Tendencia Oto\u00f1o 2025\" width=\"500\" height=\"625\" srcset=\"https:\/\/graziamagazine.com\/mx\/wp-content\/uploads\/sites\/13\/2025\/08\/44f7f58d7b9df588b540cdf2318f36d6.jpg 660w, https:\/\/graziamagazine.com\/mx\/wp-content\/uploads\/sites\/13\/2025\/08\/44f7f58d7b9df588b540cdf2318f36d6-360x450.jpg 360w, https:\/\/graziamagazine.com\/mx\/wp-content\/uploads\/sites\/13\/2025\/08\/44f7f58d7b9df588b540cdf2318f36d6-400x500.jpg 400w, https:\/\/graziamagazine.com\/mx\/wp-content\/uploads\/sites\/13\/2025\/08\/44f7f58d7b9df588b540cdf2318f36d6-155x194.jpg 155w\" sizes=\"(max-width: 500px) 100vw, 500px\" \/><figcaption id=\"caption-attachment-154918\" class=\"wp-caption-text\">Cortes de Cabello en Tendencia Oto\u00f1o 2025<\/figcaption><\/figure>\n<p data-start=\"858\" data-end=\"1187\">El shagg contin\u00faa en tendencia, evocando a las estrellas de rock de los a\u00f1os setenta. Sus capas en V hacia el rostro otorgan ligereza y dinamismo, creando un look con car\u00e1cter. Puede llevarse con un flequillo recto o con uno m\u00e1s vaporoso estilo mariposa, adapt\u00e1ndose tanto a melenas rizadas como a cabellos con textura natural.<\/p>\n<h3 data-start=\"1194\" data-end=\"1235\">Capas de los setenta: volumen retro<\/h3>\n<figure id=\"attachment_154923\" aria-describedby=\"caption-attachment-154923\" style=\"width: 500px\" class=\"wp-caption alignnone\"><img loading=\"lazy\" decoding=\"async\" class=\"wp-image-154923\" src=\"https:\/\/graziamagazine.com\/mx\/wp-content\/uploads\/sites\/13\/2025\/08\/f2b6626b126603101d42acd2611eb6d9-683x1024.jpg\" alt=\"Cortes de Cabello en Tendencia Oto\u00f1o 2025\" width=\"500\" height=\"750\" srcset=\"https:\/\/graziamagazine.com\/mx\/wp-content\/uploads\/sites\/13\/2025\/08\/f2b6626b126603101d42acd2611eb6d9-683x1024.jpg 683w, https:\/\/graziamagazine.com\/mx\/wp-content\/uploads\/sites\/13\/2025\/08\/f2b6626b126603101d42acd2611eb6d9-300x450.jpg 300w, https:\/\/graziamagazine.com\/mx\/wp-content\/uploads\/sites\/13\/2025\/08\/f2b6626b126603101d42acd2611eb6d9-400x600.jpg 400w, https:\/\/graziamagazine.com\/mx\/wp-content\/uploads\/sites\/13\/2025\/08\/f2b6626b126603101d42acd2611eb6d9-143x215.jpg 143w, https:\/\/graziamagazine.com\/mx\/wp-content\/uploads\/sites\/13\/2025\/08\/f2b6626b126603101d42acd2611eb6d9.jpg 690w\" sizes=\"(max-width: 500px) 100vw, 500px\" \/><figcaption id=\"caption-attachment-154923\" class=\"wp-caption-text\">Cortes de Cabello en Tendencia Oto\u00f1o 2025<\/figcaption><\/figure>\n<p data-start=\"1236\" data-end=\"1511\">El corte en capas propio de los setenta revive con fuerza. Midi, degrafilado y con fleco de lado, es ideal para quienes buscan volumen y un aire elegante. Peinado con cepillo redondo y mucho movimiento, este estilo celebra la sofisticaci\u00f3n retro con un toque contempor\u00e1neo.<\/p>\n<h3 data-start=\"1518\" data-end=\"1554\">Bob franc\u00e9s: chic sin esfuerzo<\/h3>\n<figure id=\"attachment_154919\" aria-describedby=\"caption-attachment-154919\" style=\"width: 500px\" class=\"wp-caption alignnone\"><img loading=\"lazy\" decoding=\"async\" class=\"wp-image-154919\" src=\"https:\/\/graziamagazine.com\/mx\/wp-content\/uploads\/sites\/13\/2025\/08\/090e1827390040cbd77f035ac1e44955-757x1024.jpg\" alt=\"Cortes de Cabello en Tendencia Oto\u00f1o 2025\" width=\"500\" height=\"676\" srcset=\"https:\/\/graziamagazine.com\/mx\/wp-content\/uploads\/sites\/13\/2025\/08\/090e1827390040cbd77f035ac1e44955-757x1024.jpg 757w, https:\/\/graziamagazine.com\/mx\/wp-content\/uploads\/sites\/13\/2025\/08\/090e1827390040cbd77f035ac1e44955-333x450.jpg 333w, https:\/\/graziamagazine.com\/mx\/wp-content\/uploads\/sites\/13\/2025\/08\/090e1827390040cbd77f035ac1e44955-768x1039.jpg 768w, https:\/\/graziamagazine.com\/mx\/wp-content\/uploads\/sites\/13\/2025\/08\/090e1827390040cbd77f035ac1e44955-400x541.jpg 400w, https:\/\/graziamagazine.com\/mx\/wp-content\/uploads\/sites\/13\/2025\/08\/090e1827390040cbd77f035ac1e44955-155x210.jpg 155w, https:\/\/graziamagazine.com\/mx\/wp-content\/uploads\/sites\/13\/2025\/08\/090e1827390040cbd77f035ac1e44955.jpg 935w\" sizes=\"(max-width: 500px) 100vw, 500px\" \/><figcaption id=\"caption-attachment-154919\" class=\"wp-caption-text\">Cortes de Cabello en Tendencia Oto\u00f1o 2025<\/figcaption><\/figure>\n<p data-start=\"1555\" data-end=\"1843\">El bob franc\u00e9s, a la altura de los labios, es un corte que equilibra naturalidad y estilo. M\u00e1s relajado que el bob recto, favorece a las melenas onduladas y permite un look effortless chic, como si se tratara de un peinado que no requiere mayor preparaci\u00f3n, pero siempre luce impecable.<\/p>\n<h3 data-start=\"1850\" data-end=\"1886\">Bob escalado: textura y estilo<\/h3>\n<figure id=\"attachment_154922\" aria-describedby=\"caption-attachment-154922\" style=\"width: 500px\" class=\"wp-caption alignnone\"><img loading=\"lazy\" decoding=\"async\" class=\"wp-image-154922\" src=\"https:\/\/graziamagazine.com\/mx\/wp-content\/uploads\/sites\/13\/2025\/08\/733112f2ca2bcb44ddaa5cb7237941b0-683x1024.jpg\" alt=\"Cortes de Cabello en Tendencia Oto\u00f1o 2025\" width=\"500\" height=\"750\" srcset=\"https:\/\/graziamagazine.com\/mx\/wp-content\/uploads\/sites\/13\/2025\/08\/733112f2ca2bcb44ddaa5cb7237941b0-683x1024.jpg 683w, https:\/\/graziamagazine.com\/mx\/wp-content\/uploads\/sites\/13\/2025\/08\/733112f2ca2bcb44ddaa5cb7237941b0-300x450.jpg 300w, https:\/\/graziamagazine.com\/mx\/wp-content\/uploads\/sites\/13\/2025\/08\/733112f2ca2bcb44ddaa5cb7237941b0-400x600.jpg 400w, https:\/\/graziamagazine.com\/mx\/wp-content\/uploads\/sites\/13\/2025\/08\/733112f2ca2bcb44ddaa5cb7237941b0-143x215.jpg 143w, https:\/\/graziamagazine.com\/mx\/wp-content\/uploads\/sites\/13\/2025\/08\/733112f2ca2bcb44ddaa5cb7237941b0.jpg 736w\" sizes=\"(max-width: 500px) 100vw, 500px\" \/><figcaption id=\"caption-attachment-154922\" class=\"wp-caption-text\">Cortes de Cabello en Tendencia Oto\u00f1o 2025<\/figcaption><\/figure>\n<p data-start=\"1887\" data-end=\"2166\">El bob escalado se presenta como una versi\u00f3n moderna del cl\u00e1sico bob. Sus capas finas aportan volumen y movimiento, lo que lo convierte en un corte ideal para cabellos finos. Este estilo transmite frescura y sofisticaci\u00f3n, adem\u00e1s de ser sumamente vers\u00e1til en cualquier ocasi\u00f3n.<\/p>\n<h3 data-start=\"2173\" data-end=\"2228\">Flequillo de cortina largo: versatilidad absoluta<\/h3>\n<figure id=\"attachment_154917\" aria-describedby=\"caption-attachment-154917\" style=\"width: 500px\" class=\"wp-caption alignnone\"><img loading=\"lazy\" decoding=\"async\" class=\"wp-image-154917\" src=\"https:\/\/graziamagazine.com\/mx\/wp-content\/uploads\/sites\/13\/2025\/08\/23d3c0f69413aa81d916f03327c82139.jpg\" alt=\"Cortes de Cabello en Tendencia Oto\u00f1o 2025\" width=\"500\" height=\"750\" srcset=\"https:\/\/graziamagazine.com\/mx\/wp-content\/uploads\/sites\/13\/2025\/08\/23d3c0f69413aa81d916f03327c82139.jpg 683w, https:\/\/graziamagazine.com\/mx\/wp-content\/uploads\/sites\/13\/2025\/08\/23d3c0f69413aa81d916f03327c82139-300x450.jpg 300w, https:\/\/graziamagazine.com\/mx\/wp-content\/uploads\/sites\/13\/2025\/08\/23d3c0f69413aa81d916f03327c82139-400x600.jpg 400w, https:\/\/graziamagazine.com\/mx\/wp-content\/uploads\/sites\/13\/2025\/08\/23d3c0f69413aa81d916f03327c82139-143x215.jpg 143w\" sizes=\"(max-width: 500px) 100vw, 500px\" \/><figcaption id=\"caption-attachment-154917\" class=\"wp-caption-text\">Cortes de Cabello en Tendencia Oto\u00f1o 2025<\/figcaption><\/figure>\n<p data-start=\"2229\" data-end=\"2525\">El flequillo largo, que llega a la altura de los p\u00f3mulos, contin\u00faa como favorito. Su versatilidad lo hace perfecto para acompa\u00f1ar melenas XL o cortes m\u00e1s cortos con estilo shaggy. Su mayor atractivo radica en la capacidad de enmarcar el rostro y destacar facciones con un aire sutil y elegante.<\/p>\n<h3 data-start=\"2532\" data-end=\"2572\">Bob noventero: sofisticaci\u00f3n retro<\/h3>\n<p><img loading=\"lazy\" decoding=\"async\" class=\"wp-image-154920\" src=\"https:\/\/graziamagazine.com\/mx\/wp-content\/uploads\/sites\/13\/2025\/08\/7300ad0183c510e1c7cd90d1e2e7edac.jpg\" alt=\"Cortes de Cabello en Tendencia Oto\u00f1o 2025\" width=\"500\" height=\"692\" srcset=\"https:\/\/graziamagazine.com\/mx\/wp-content\/uploads\/sites\/13\/2025\/08\/7300ad0183c510e1c7cd90d1e2e7edac.jpg 736w, https:\/\/graziamagazine.com\/mx\/wp-content\/uploads\/sites\/13\/2025\/08\/7300ad0183c510e1c7cd90d1e2e7edac-325x450.jpg 325w, https:\/\/graziamagazine.com\/mx\/wp-content\/uploads\/sites\/13\/2025\/08\/7300ad0183c510e1c7cd90d1e2e7edac-400x554.jpg 400w, https:\/\/graziamagazine.com\/mx\/wp-content\/uploads\/sites\/13\/2025\/08\/7300ad0183c510e1c7cd90d1e2e7edac-155x215.jpg 155w\" sizes=\"(max-width: 500px) 100vw, 500px\" \/><\/p>\n<p data-start=\"2573\" data-end=\"2847\">Finalmente, el bob corto y parejo, propio de los noventa, regresa con un aire sofisticado. Sus capas y volumen ofrecen una textura pulida que recuerda a las supermodelos de aquella \u00e9poca. Elegante y con car\u00e1cter, este corte es un gui\u00f1o al pasado con una ejecuci\u00f3n moderna.<\/p>\n<p data-start=\"2573\" data-end=\"2847\"><em><strong>*IMAGEN: Google Images<\/strong><\/em><\/p>\n","protected":false},"author":28953,"featured_media":154924,"template":"","format":"standard","categories":[3,4],"acf":[],"yoast_head":"<!-- This site is optimized with the Yoast SEO Premium plugin v18.5 (Yoast SEO v20.4) - https:\/\/yoast.com\/wordpress\/plugins\/seo\/ -->\n<title>Cortes de Cabello en Tendencia Oto\u00f1o 2025<\/title>\n<meta name=\"description\" content=\"Este oto\u00f1o siete estilos dominar\u00e1n la temporada, fusionando inspiraci\u00f3n retro, frescura contempor\u00e1nea y personalidad en cada textura, largo y movimiento.\" \/>\n<meta name=\"robots\" content=\"index, follow, max-snippet:-1, max-image-preview:large, max-video-preview:-1\" \/>\n<link rel=\"canonical\" href=\"https:\/\/graziamagazine.com\/mx\/articles\/cortes-de-cabello-en-tendencia-otono-2025\/\" \/>\n<meta property=\"og:locale\" content=\"es_MX\" \/>\n<meta property=\"og:type\" content=\"article\" \/>\n<meta property=\"og:title\" content=\"Cortes de Cabello en Tendencia Oto\u00f1o 2025\" \/>\n<meta property=\"og:description\" content=\"Este oto\u00f1o siete estilos dominar\u00e1n la temporada, fusionando inspiraci\u00f3n retro, frescura contempor\u00e1nea y personalidad en cada textura, largo y movimiento.\" \/>\n<meta property=\"og:url\" content=\"https:\/\/graziamagazine.com\/mx\/articles\/cortes-de-cabello-en-tendencia-otono-2025\/\" \/>\n<meta property=\"og:site_name\" content=\"Grazia M\u00e9xico y Latinoam\u00e9rica\" \/>\n<meta property=\"article:modified_time\" content=\"2025-08-21T16:50:23+00:00\" \/>\n<meta property=\"og:image\" content=\"https:\/\/graziamagazine.com\/mx\/wp-content\/uploads\/sites\/13\/2025\/08\/Captura-de-Pantalla-2025-08-21-a-las-10.49.01.png\" \/>\n\t<meta property=\"og:image:width\" content=\"1190\" \/>\n\t<meta property=\"og:image:height\" content=\"832\" \/>\n\t<meta property=\"og:image:type\" content=\"image\/png\" \/>\n<meta name=\"twitter:card\" content=\"summary_large_image\" \/>\n<meta name=\"twitter:label1\" content=\"Est. reading time\" \/>\n\t<meta name=\"twitter:data1\" content=\"4 minutos\" \/>\n<script type=\"application\/ld+json\" class=\"yoast-schema-graph\">{\"@context\":\"https:\/\/schema.org\",\"@graph\":[{\"@type\":\"WebPage\",\"@id\":\"https:\/\/graziamagazine.com\/mx\/articles\/cortes-de-cabello-en-tendencia-otono-2025\/\",\"url\":\"https:\/\/graziamagazine.com\/mx\/articles\/cortes-de-cabello-en-tendencia-otono-2025\/\",\"name\":\"Cortes de Cabello en Tendencia Oto\u00f1o 2025\",\"isPartOf\":{\"@id\":\"https:\/\/graziamagazine.com\/mx\/#website\"},\"datePublished\":\"2025-08-21T16:29:18+00:00\",\"dateModified\":\"2025-08-21T16:50:23+00:00\",\"description\":\"Este oto\u00f1o siete estilos dominar\u00e1n la temporada, fusionando inspiraci\u00f3n retro, frescura contempor\u00e1nea y personalidad en cada textura, largo y movimiento.\",\"breadcrumb\":{\"@id\":\"https:\/\/graziamagazine.com\/mx\/articles\/cortes-de-cabello-en-tendencia-otono-2025\/#breadcrumb\"},\"inLanguage\":\"es-MX\",\"potentialAction\":[{\"@type\":\"ReadAction\",\"target\":[\"https:\/\/graziamagazine.com\/mx\/articles\/cortes-de-cabello-en-tendencia-otono-2025\/\"]}]},{\"@type\":\"BreadcrumbList\",\"@id\":\"https:\/\/graziamagazine.com\/mx\/articles\/cortes-de-cabello-en-tendencia-otono-2025\/#breadcrumb\",\"itemListElement\":[{\"@type\":\"ListItem\",\"position\":1,\"name\":\"Home\",\"item\":\"https:\/\/graziamagazine.com\/mx\/\"},{\"@type\":\"ListItem\",\"position\":2,\"name\":\"Cortes de Cabello en Tendencia Oto\u00f1o 2025\"}]},{\"@type\":\"WebSite\",\"@id\":\"https:\/\/graziamagazine.com\/mx\/#website\",\"url\":\"https:\/\/graziamagazine.com\/mx\/\",\"name\":\"Grazia M\u00e9xico y Latinoam\u00e9rica\",\"description\":\"Grazia es moda, belleza y noticias  de actualidad \",\"potentialAction\":[{\"@type\":\"SearchAction\",\"target\":{\"@type\":\"EntryPoint\",\"urlTemplate\":\"https:\/\/graziamagazine.com\/mx\/?s={search_term_string}\"},\"query-input\":\"required name=search_term_string\"}],\"inLanguage\":\"es-MX\"}]}<\/script>\n<!-- \/ Yoast SEO Premium plugin. -->","yoast_head_json":{"title":"Cortes de Cabello en Tendencia Oto\u00f1o 2025","description":"Este oto\u00f1o siete estilos dominar\u00e1n la temporada, fusionando inspiraci\u00f3n retro, frescura contempor\u00e1nea y personalidad en cada textura, largo y movimiento.","robots":{"index":"index","follow":"follow","max-snippet":"max-snippet:-1","max-image-preview":"max-image-preview:large","max-video-preview":"max-video-preview:-1"},"canonical":"https:\/\/graziamagazine.com\/mx\/articles\/cortes-de-cabello-en-tendencia-otono-2025\/","og_locale":"es_MX","og_type":"article","og_title":"Cortes de Cabello en Tendencia Oto\u00f1o 2025","og_description":"Este oto\u00f1o siete estilos dominar\u00e1n la temporada, fusionando inspiraci\u00f3n retro, frescura contempor\u00e1nea y personalidad en cada textura, largo y movimiento.","og_url":"https:\/\/graziamagazine.com\/mx\/articles\/cortes-de-cabello-en-tendencia-otono-2025\/","og_site_name":"Grazia M\u00e9xico y Latinoam\u00e9rica","article_modified_time":"2025-08-21T16:50:23+00:00","og_image":[{"width":1190,"height":832,"url":"https:\/\/graziamagazine.com\/mx\/wp-content\/uploads\/sites\/13\/2025\/08\/Captura-de-Pantalla-2025-08-21-a-las-10.49.01.png","type":"image\/png"}],"twitter_card":"summary_large_image","twitter_misc":{"Est. reading time":"4 minutos"},"schema":{"@context":"https:\/\/schema.org","@graph":[{"@type":"WebPage","@id":"https:\/\/graziamagazine.com\/mx\/articles\/cortes-de-cabello-en-tendencia-otono-2025\/","url":"https:\/\/graziamagazine.com\/mx\/articles\/cortes-de-cabello-en-tendencia-otono-2025\/","name":"Cortes de Cabello en Tendencia Oto\u00f1o 2025","isPartOf":{"@id":"https:\/\/graziamagazine.com\/mx\/#website"},"datePublished":"2025-08-21T16:29:18+00:00","dateModified":"2025-08-21T16:50:23+00:00","description":"Este oto\u00f1o siete estilos dominar\u00e1n la temporada, fusionando inspiraci\u00f3n retro, frescura contempor\u00e1nea y personalidad en cada textura, largo y movimiento.","breadcrumb":{"@id":"https:\/\/graziamagazine.com\/mx\/articles\/cortes-de-cabello-en-tendencia-otono-2025\/#breadcrumb"},"inLanguage":"es-MX","potentialAction":[{"@type":"ReadAction","target":["https:\/\/graziamagazine.com\/mx\/articles\/cortes-de-cabello-en-tendencia-otono-2025\/"]}]},{"@type":"BreadcrumbList","@id":"https:\/\/graziamagazine.com\/mx\/articles\/cortes-de-cabello-en-tendencia-otono-2025\/#breadcrumb","itemListElement":[{"@type":"ListItem","position":1,"name":"Home","item":"https:\/\/graziamagazine.com\/mx\/"},{"@type":"ListItem","position":2,"name":"Cortes de Cabello en Tendencia Oto\u00f1o 2025"}]},{"@type":"WebSite","@id":"https:\/\/graziamagazine.com\/mx\/#website","url":"https:\/\/graziamagazine.com\/mx\/","name":"Grazia M\u00e9xico y Latinoam\u00e9rica","description":"Grazia es moda, belleza y noticias  de actualidad ","potentialAction":[{"@type":"SearchAction","target":{"@type":"EntryPoint","urlTemplate":"https:\/\/graziamagazine.com\/mx\/?s={search_term_string}"},"query-input":"required name=search_term_string"}],"inLanguage":"es-MX"}]}},"jetpack_sharing_enabled":true,"distributor_meta":false,"distributor_terms":false,"distributor_media":false,"distributor_original_site_name":"Grazia M\u00e9xico y Latinoam\u00e9rica","distributor_original_site_url":"https:\/\/graziamagazine.com\/mx","push-errors":false,"_links":{"self":[{"href":"https:\/\/graziamagazine.com\/mx\/wp-json\/wp\/v2\/articles\/154916"}],"collection":[{"href":"https:\/\/graziamagazine.com\/mx\/wp-json\/wp\/v2\/articles"}],"about":[{"href":"https:\/\/graziamagazine.com\/mx\/wp-json\/wp\/v2\/types\/articles"}],"author":[{"embeddable":true,"href":"https:\/\/graziamagazine.com\/mx\/wp-json\/wp\/v2\/users\/28953"}],"wp:featuredmedia":[{"embeddable":true,"href":"https:\/\/graziamagazine.com\/mx\/wp-json\/wp\/v2\/media\/154924"}],"wp:attachment":[{"href":"https:\/\/graziamagazine.com\/mx\/wp-json\/wp\/v2\/media?parent=154916"}],"wp:term":[{"taxonomy":"category","embeddable":true,"href":"https:\/\/graziamagazine.com\/mx\/wp-json\/wp\/v2\/categories?post=154916"}],"curies":[{"name":"wp","href":"https:\/\/api.w.org\/{rel}","templated":true}]}}