{"id":154824,"date":"2025-08-19T12:42:56","date_gmt":"2025-08-19T17:42:56","guid":{"rendered":"https:\/\/graziamagazine.com\/mx\/?post_type=articles&#038;p=154824"},"modified":"2025-08-20T05:31:17","modified_gmt":"2025-08-20T10:31:17","slug":"el-verde-es-el-nuevo-cafe-cuando-hablamos-de-bolsos","status":"publish","type":"articles","link":"https:\/\/graziamagazine.com\/mx\/articles\/el-verde-es-el-nuevo-cafe-cuando-hablamos-de-bolsos\/","title":{"rendered":"El verde es el nuevo caf\u00e9 cuando hablamos de bolsos"},"content":{"rendered":"<p><span style=\"font-weight: 400\">Para el oto\u00f1o que est\u00e1 por comenzar, los bolsos han decidido cambiar de piel y, contra todo pron\u00f3stico, el color caf\u00e9 \u2013 el cl\u00e1sico infalible de esta temporada \u2013 ha cedido protagonismo al verde en sus distintas tonalidades.\u00a0<\/span><\/p>\n<p><span style=\"font-weight: 400\">As\u00ed como lo hemos visto en el street style alrededor del mundo, el verde se impone como la elecci\u00f3n segura que redefine lo que entendemos por accesorios de oto\u00f1o. La neutralidad del caf\u00e9 ya no basta, siendo ahora los tonos verdes &#8211; desde el oliva hasta el esmeralda &#8211; los que marcan el pulso de la temporada que est\u00e1 por iniciar.<\/span><\/p>\n<p><img loading=\"lazy\" decoding=\"async\" class=\"alignnone wp-image-154828 size-full\" src=\"https:\/\/graziamagazine.com\/mx\/wp-content\/uploads\/sites\/13\/2025\/08\/555-2.jpg\" alt=\"\" width=\"705\" height=\"759\" srcset=\"https:\/\/graziamagazine.com\/mx\/wp-content\/uploads\/sites\/13\/2025\/08\/555-2.jpg 705w, https:\/\/graziamagazine.com\/mx\/wp-content\/uploads\/sites\/13\/2025\/08\/555-2-418x450.jpg 418w, https:\/\/graziamagazine.com\/mx\/wp-content\/uploads\/sites\/13\/2025\/08\/555-2-400x431.jpg 400w, https:\/\/graziamagazine.com\/mx\/wp-content\/uploads\/sites\/13\/2025\/08\/555-2-155x167.jpg 155w\" sizes=\"(max-width: 705px) 100vw, 705px\" \/><\/p>\n<p><span style=\"font-weight: 400\">El fen\u00f3meno tiene l\u00f3gica. Mientras el caf\u00e9 se percibe como seguro, discreto y atemporal, el verde aporta un aire de frescura a inspiraci\u00f3n en la naturaleza, lo que va ligado directamente con nuestra actitud, sin importar la estaci\u00f3n del a\u00f1o.<\/span><\/p>\n<p><img loading=\"lazy\" decoding=\"async\" class=\"alignnone wp-image-154826 size-full\" src=\"https:\/\/graziamagazine.com\/mx\/wp-content\/uploads\/sites\/13\/2025\/08\/78787.jpg\" alt=\"\" width=\"402\" height=\"503\" srcset=\"https:\/\/graziamagazine.com\/mx\/wp-content\/uploads\/sites\/13\/2025\/08\/78787.jpg 402w, https:\/\/graziamagazine.com\/mx\/wp-content\/uploads\/sites\/13\/2025\/08\/78787-360x450.jpg 360w, https:\/\/graziamagazine.com\/mx\/wp-content\/uploads\/sites\/13\/2025\/08\/78787-400x500.jpg 400w, https:\/\/graziamagazine.com\/mx\/wp-content\/uploads\/sites\/13\/2025\/08\/78787-155x194.jpg 155w\" sizes=\"(max-width: 402px) 100vw, 402px\" \/><\/p>\n<p><span style=\"font-weight: 400\">Para ejemplos, varios. Bottega Veneta convirti\u00f3 el verde en su sello hace algunas temporadas, pero ahora marcas como Valentino, Jacquemus y Loewe lo han incorporado en bolsos estructurados, shoppers y clutches que funcionan tanto para el d\u00eda como la noche.\u00a0<\/span><\/p>\n<p><img loading=\"lazy\" decoding=\"async\" class=\"alignnone wp-image-154829 size-full\" src=\"https:\/\/graziamagazine.com\/mx\/wp-content\/uploads\/sites\/13\/2025\/08\/2626.jpg\" alt=\"\" width=\"820\" height=\"451\" srcset=\"https:\/\/graziamagazine.com\/mx\/wp-content\/uploads\/sites\/13\/2025\/08\/2626.jpg 820w, https:\/\/graziamagazine.com\/mx\/wp-content\/uploads\/sites\/13\/2025\/08\/2626-450x248.jpg 450w, https:\/\/graziamagazine.com\/mx\/wp-content\/uploads\/sites\/13\/2025\/08\/2626-768x422.jpg 768w, https:\/\/graziamagazine.com\/mx\/wp-content\/uploads\/sites\/13\/2025\/08\/2626-400x220.jpg 400w, https:\/\/graziamagazine.com\/mx\/wp-content\/uploads\/sites\/13\/2025\/08\/2626-155x85.jpg 155w\" sizes=\"(max-width: 820px) 100vw, 820px\" \/><\/p>\n<p><span style=\"font-weight: 400\">Lo m\u00e1s interesante de esta tendencia es su versatilidad. Un bolso verde puede funcionar como neutro, combinando con mezclilla, negro, beige o incluso con estampados; pero tambi\u00e9n puede ser el toque de contraste perfecto en un outfit monocrom\u00e1tico.\u00a0<\/span><\/p>\n<p><img loading=\"lazy\" decoding=\"async\" class=\"alignnone wp-image-154827 size-full\" src=\"https:\/\/graziamagazine.com\/mx\/wp-content\/uploads\/sites\/13\/2025\/08\/989-1.jpg\" alt=\"\" width=\"519\" height=\"381\" srcset=\"https:\/\/graziamagazine.com\/mx\/wp-content\/uploads\/sites\/13\/2025\/08\/989-1.jpg 519w, https:\/\/graziamagazine.com\/mx\/wp-content\/uploads\/sites\/13\/2025\/08\/989-1-450x330.jpg 450w, https:\/\/graziamagazine.com\/mx\/wp-content\/uploads\/sites\/13\/2025\/08\/989-1-400x294.jpg 400w, https:\/\/graziamagazine.com\/mx\/wp-content\/uploads\/sites\/13\/2025\/08\/989-1-155x114.jpg 155w\" sizes=\"(max-width: 519px) 100vw, 519px\" \/><\/p>\n<p><span style=\"font-weight: 400\">As\u00ed, el verde ha llegado como muestra de que tambi\u00e9n puede ser protagonista en climas fr\u00edos y que no hay excusa para quedarse en la zona de confort del caf\u00e9, siendo el bolso el accesorio ideal para usarlo.<\/span><\/p>\n","protected":false},"author":11628,"featured_media":154825,"template":"","format":"standard","categories":[4],"acf":[],"yoast_head":"<!-- This site is optimized with the Yoast SEO Premium plugin v18.5 (Yoast SEO v20.4) - https:\/\/yoast.com\/wordpress\/plugins\/seo\/ -->\n<title>El verde es el nuevo caf\u00e9 cuando hablamos de bolsos<\/title>\n<meta name=\"description\" content=\"Para el oto\u00f1o que est\u00e1 por comenzar, los bolsos han decidido cambiar de piel y, contra todo pron\u00f3stico, el color caf\u00e9 \u2013 el cl\u00e1sico infalible de esta\" \/>\n<meta name=\"robots\" content=\"index, follow, max-snippet:-1, max-image-preview:large, max-video-preview:-1\" \/>\n<link rel=\"canonical\" href=\"https:\/\/graziamagazine.com\/mx\/articles\/el-verde-es-el-nuevo-cafe-cuando-hablamos-de-bolsos\/\" \/>\n<meta property=\"og:locale\" content=\"es_MX\" \/>\n<meta property=\"og:type\" content=\"article\" \/>\n<meta property=\"og:title\" content=\"El verde es el nuevo caf\u00e9 cuando hablamos de bolsos\" \/>\n<meta property=\"og:description\" content=\"Para el oto\u00f1o que est\u00e1 por comenzar, los bolsos han decidido cambiar de piel y, contra todo pron\u00f3stico, el color caf\u00e9 \u2013 el cl\u00e1sico infalible de esta\" \/>\n<meta property=\"og:url\" content=\"https:\/\/graziamagazine.com\/mx\/articles\/el-verde-es-el-nuevo-cafe-cuando-hablamos-de-bolsos\/\" \/>\n<meta property=\"og:site_name\" content=\"Grazia M\u00e9xico y Latinoam\u00e9rica\" \/>\n<meta property=\"article:modified_time\" content=\"2025-08-20T10:31:17+00:00\" \/>\n<meta property=\"og:image\" content=\"https:\/\/graziamagazine.com\/mx\/wp-content\/uploads\/sites\/13\/2025\/08\/548476.jpg\" \/>\n\t<meta property=\"og:image:width\" content=\"689\" \/>\n\t<meta property=\"og:image:height\" content=\"402\" \/>\n\t<meta property=\"og:image:type\" content=\"image\/jpeg\" \/>\n<meta name=\"twitter:card\" content=\"summary_large_image\" \/>\n<meta name=\"twitter:label1\" content=\"Est. reading time\" \/>\n\t<meta name=\"twitter:data1\" content=\"2 minutos\" \/>\n<script type=\"application\/ld+json\" class=\"yoast-schema-graph\">{\"@context\":\"https:\/\/schema.org\",\"@graph\":[{\"@type\":\"WebPage\",\"@id\":\"https:\/\/graziamagazine.com\/mx\/articles\/el-verde-es-el-nuevo-cafe-cuando-hablamos-de-bolsos\/\",\"url\":\"https:\/\/graziamagazine.com\/mx\/articles\/el-verde-es-el-nuevo-cafe-cuando-hablamos-de-bolsos\/\",\"name\":\"El verde es el nuevo caf\u00e9 cuando hablamos de bolsos\",\"isPartOf\":{\"@id\":\"https:\/\/graziamagazine.com\/mx\/#website\"},\"datePublished\":\"2025-08-19T17:42:56+00:00\",\"dateModified\":\"2025-08-20T10:31:17+00:00\",\"description\":\"Para el oto\u00f1o que est\u00e1 por comenzar, los bolsos han decidido cambiar de piel y, contra todo pron\u00f3stico, el color caf\u00e9 \u2013 el cl\u00e1sico infalible de esta\",\"breadcrumb\":{\"@id\":\"https:\/\/graziamagazine.com\/mx\/articles\/el-verde-es-el-nuevo-cafe-cuando-hablamos-de-bolsos\/#breadcrumb\"},\"inLanguage\":\"es-MX\",\"potentialAction\":[{\"@type\":\"ReadAction\",\"target\":[\"https:\/\/graziamagazine.com\/mx\/articles\/el-verde-es-el-nuevo-cafe-cuando-hablamos-de-bolsos\/\"]}]},{\"@type\":\"BreadcrumbList\",\"@id\":\"https:\/\/graziamagazine.com\/mx\/articles\/el-verde-es-el-nuevo-cafe-cuando-hablamos-de-bolsos\/#breadcrumb\",\"itemListElement\":[{\"@type\":\"ListItem\",\"position\":1,\"name\":\"Home\",\"item\":\"https:\/\/graziamagazine.com\/mx\/\"},{\"@type\":\"ListItem\",\"position\":2,\"name\":\"El verde es el nuevo caf\u00e9 cuando hablamos de bolsos\"}]},{\"@type\":\"WebSite\",\"@id\":\"https:\/\/graziamagazine.com\/mx\/#website\",\"url\":\"https:\/\/graziamagazine.com\/mx\/\",\"name\":\"Grazia M\u00e9xico y Latinoam\u00e9rica\",\"description\":\"Grazia es moda, belleza y noticias  de actualidad \",\"potentialAction\":[{\"@type\":\"SearchAction\",\"target\":{\"@type\":\"EntryPoint\",\"urlTemplate\":\"https:\/\/graziamagazine.com\/mx\/?s={search_term_string}\"},\"query-input\":\"required name=search_term_string\"}],\"inLanguage\":\"es-MX\"}]}<\/script>\n<!-- \/ Yoast SEO Premium plugin. -->","yoast_head_json":{"title":"El verde es el nuevo caf\u00e9 cuando hablamos de bolsos","description":"Para el oto\u00f1o que est\u00e1 por comenzar, los bolsos han decidido cambiar de piel y, contra todo pron\u00f3stico, el color caf\u00e9 \u2013 el cl\u00e1sico infalible de esta","robots":{"index":"index","follow":"follow","max-snippet":"max-snippet:-1","max-image-preview":"max-image-preview:large","max-video-preview":"max-video-preview:-1"},"canonical":"https:\/\/graziamagazine.com\/mx\/articles\/el-verde-es-el-nuevo-cafe-cuando-hablamos-de-bolsos\/","og_locale":"es_MX","og_type":"article","og_title":"El verde es el nuevo caf\u00e9 cuando hablamos de bolsos","og_description":"Para el oto\u00f1o que est\u00e1 por comenzar, los bolsos han decidido cambiar de piel y, contra todo pron\u00f3stico, el color caf\u00e9 \u2013 el cl\u00e1sico infalible de esta","og_url":"https:\/\/graziamagazine.com\/mx\/articles\/el-verde-es-el-nuevo-cafe-cuando-hablamos-de-bolsos\/","og_site_name":"Grazia M\u00e9xico y Latinoam\u00e9rica","article_modified_time":"2025-08-20T10:31:17+00:00","og_image":[{"width":689,"height":402,"url":"https:\/\/graziamagazine.com\/mx\/wp-content\/uploads\/sites\/13\/2025\/08\/548476.jpg","type":"image\/jpeg"}],"twitter_card":"summary_large_image","twitter_misc":{"Est. reading time":"2 minutos"},"schema":{"@context":"https:\/\/schema.org","@graph":[{"@type":"WebPage","@id":"https:\/\/graziamagazine.com\/mx\/articles\/el-verde-es-el-nuevo-cafe-cuando-hablamos-de-bolsos\/","url":"https:\/\/graziamagazine.com\/mx\/articles\/el-verde-es-el-nuevo-cafe-cuando-hablamos-de-bolsos\/","name":"El verde es el nuevo caf\u00e9 cuando hablamos de bolsos","isPartOf":{"@id":"https:\/\/graziamagazine.com\/mx\/#website"},"datePublished":"2025-08-19T17:42:56+00:00","dateModified":"2025-08-20T10:31:17+00:00","description":"Para el oto\u00f1o que est\u00e1 por comenzar, los bolsos han decidido cambiar de piel y, contra todo pron\u00f3stico, el color caf\u00e9 \u2013 el cl\u00e1sico infalible de esta","breadcrumb":{"@id":"https:\/\/graziamagazine.com\/mx\/articles\/el-verde-es-el-nuevo-cafe-cuando-hablamos-de-bolsos\/#breadcrumb"},"inLanguage":"es-MX","potentialAction":[{"@type":"ReadAction","target":["https:\/\/graziamagazine.com\/mx\/articles\/el-verde-es-el-nuevo-cafe-cuando-hablamos-de-bolsos\/"]}]},{"@type":"BreadcrumbList","@id":"https:\/\/graziamagazine.com\/mx\/articles\/el-verde-es-el-nuevo-cafe-cuando-hablamos-de-bolsos\/#breadcrumb","itemListElement":[{"@type":"ListItem","position":1,"name":"Home","item":"https:\/\/graziamagazine.com\/mx\/"},{"@type":"ListItem","position":2,"name":"El verde es el nuevo caf\u00e9 cuando hablamos de bolsos"}]},{"@type":"WebSite","@id":"https:\/\/graziamagazine.com\/mx\/#website","url":"https:\/\/graziamagazine.com\/mx\/","name":"Grazia M\u00e9xico y Latinoam\u00e9rica","description":"Grazia es moda, belleza y noticias  de actualidad ","potentialAction":[{"@type":"SearchAction","target":{"@type":"EntryPoint","urlTemplate":"https:\/\/graziamagazine.com\/mx\/?s={search_term_string}"},"query-input":"required name=search_term_string"}],"inLanguage":"es-MX"}]}},"jetpack_sharing_enabled":true,"distributor_meta":false,"distributor_terms":false,"distributor_media":false,"distributor_original_site_name":"Grazia M\u00e9xico y Latinoam\u00e9rica","distributor_original_site_url":"https:\/\/graziamagazine.com\/mx","push-errors":false,"_links":{"self":[{"href":"https:\/\/graziamagazine.com\/mx\/wp-json\/wp\/v2\/articles\/154824"}],"collection":[{"href":"https:\/\/graziamagazine.com\/mx\/wp-json\/wp\/v2\/articles"}],"about":[{"href":"https:\/\/graziamagazine.com\/mx\/wp-json\/wp\/v2\/types\/articles"}],"author":[{"embeddable":true,"href":"https:\/\/graziamagazine.com\/mx\/wp-json\/wp\/v2\/users\/11628"}],"wp:featuredmedia":[{"embeddable":true,"href":"https:\/\/graziamagazine.com\/mx\/wp-json\/wp\/v2\/media\/154825"}],"wp:attachment":[{"href":"https:\/\/graziamagazine.com\/mx\/wp-json\/wp\/v2\/media?parent=154824"}],"wp:term":[{"taxonomy":"category","embeddable":true,"href":"https:\/\/graziamagazine.com\/mx\/wp-json\/wp\/v2\/categories?post=154824"}],"curies":[{"name":"wp","href":"https:\/\/api.w.org\/{rel}","templated":true}]}}