{"id":154636,"date":"2025-08-13T13:19:09","date_gmt":"2025-08-13T18:19:09","guid":{"rendered":"https:\/\/graziamagazine.com\/mx\/?post_type=articles&#038;p=154636"},"modified":"2025-08-13T13:21:39","modified_gmt":"2025-08-13T18:21:39","slug":"todos-los-detalles-sobre-el-anillo-de-compromiso-de-georgina-rodriguez","status":"publish","type":"articles","link":"https:\/\/graziamagazine.com\/mx\/articles\/todos-los-detalles-sobre-el-anillo-de-compromiso-de-georgina-rodriguez\/","title":{"rendered":"Todos los detalles sobre el anillo de compromiso de Georgina Rodr\u00edguez"},"content":{"rendered":"<p><span style=\"font-weight: 400\">Como te contamos al momento, Georgina Rodr\u00edguez y Cristiano Ronaldo est\u00e1n oficialmente comprometidos. Fue la modelo quien comparti\u00f3 el momento a trav\u00e9s de sus redes sociales, publicando una imagen de su mano entrelazada con la de \u00e9l mientras exhib\u00eda su nuevo anillo de compromiso.\u00a0<\/span><\/p>\n<p><span style=\"font-weight: 400\">Georgina acompa\u00f1\u00f3 la foto con un mensaje: \u201cS\u00ed, quiero. En esta y en todas mis vidas\u201d. Pero el tama\u00f1o de ese diamante que ahora est\u00e1 en su dedo, no pas\u00f3 desapercibido.<\/span><\/p>\n<p><span style=\"font-weight: 400\">La joya en cuesti\u00f3n gira en torno a un diamante central de corte ovalado, una elecci\u00f3n cl\u00e1sica que complementa con dos diamantes laterales en forma de tri\u00e1ngulo, multiplicando el impacto de la pieza. La montura, probablemente en oro blanco o platino, deja que la piedra hable por s\u00ed misma.<\/span><\/p>\n<p><img loading=\"lazy\" decoding=\"async\" class=\"alignnone size-full wp-image-154637\" src=\"https:\/\/graziamagazine.com\/mx\/wp-content\/uploads\/sites\/13\/2025\/08\/5215.jpg\" alt=\"\" width=\"320\" height=\"395\" srcset=\"https:\/\/graziamagazine.com\/mx\/wp-content\/uploads\/sites\/13\/2025\/08\/5215.jpg 320w, https:\/\/graziamagazine.com\/mx\/wp-content\/uploads\/sites\/13\/2025\/08\/5215-155x191.jpg 155w\" sizes=\"(max-width: 320px) 100vw, 320px\" \/><\/p>\n<p><span style=\"font-weight: 400\">El tama\u00f1o de esta joya ha superado cualquier expectativa. Expertos han estimado en redes sociales que el diamante central podr\u00eda pesar entre 40 y 45 quilates, lo que lo coloca entre los m\u00e1s grandes ofrecidos como anillo de compromiso.\u00a0<\/span><\/p>\n<p><span style=\"font-weight: 400\">En cuanto al valor, las cifras especuladas son igualmente sorprendentes. Joyeros y medios especializados coincidieron en que la joya podr\u00eda valer entre 2 y 3 millones de euros. Sin embargo, otras fuentes hablan de un valor de hasta 6 millones de euros, e incluso hay quienes hablan de un rango de 6 a 12 millones de euros.<\/span><\/p>\n<p><span style=\"font-weight: 400\">La pareja ha construido una familia a lo largo de nueve a\u00f1os de relaci\u00f3n, con cinco hijos, por lo que este compromiso era esperado y necesario.\u00a0<\/span><\/p>\n<p><img loading=\"lazy\" decoding=\"async\" class=\"alignnone size-medium wp-image-154525\" src=\"https:\/\/graziamagazine.com\/mx\/wp-content\/uploads\/sites\/13\/2025\/08\/Captura-de-Pantalla-2025-08-11-a-las-13.59.26-450x274.png\" alt=\"\" width=\"450\" height=\"274\" srcset=\"https:\/\/graziamagazine.com\/mx\/wp-content\/uploads\/sites\/13\/2025\/08\/Captura-de-Pantalla-2025-08-11-a-las-13.59.26-450x274.png 450w, https:\/\/graziamagazine.com\/mx\/wp-content\/uploads\/sites\/13\/2025\/08\/Captura-de-Pantalla-2025-08-11-a-las-13.59.26-400x244.png 400w, https:\/\/graziamagazine.com\/mx\/wp-content\/uploads\/sites\/13\/2025\/08\/Captura-de-Pantalla-2025-08-11-a-las-13.59.26-155x95.png 155w, https:\/\/graziamagazine.com\/mx\/wp-content\/uploads\/sites\/13\/2025\/08\/Captura-de-Pantalla-2025-08-11-a-las-13.59.26.png 510w\" sizes=\"(max-width: 450px) 100vw, 450px\" \/><\/p>\n<p><span style=\"font-weight: 400\">Desde la \u00f3ptica de moda, el anillo trasciende su funci\u00f3n simb\u00f3lica, convirti\u00e9ndose en una joya de poder\u00edo est\u00e9tico. El corte ovalado, favorecedor en m\u00faltiples tipos de mano, resaltado por el brillo de los diamantes triangulares, y montado en una montura minimalista, logra un equilibrio perfecto entre opulencia y refinamiento.\u00a0<\/span><\/p>\n","protected":false},"author":11628,"featured_media":154552,"template":"","format":"standard","categories":[2],"acf":[],"yoast_head":"<!-- This site is optimized with the Yoast SEO Premium plugin v18.5 (Yoast SEO v20.4) - https:\/\/yoast.com\/wordpress\/plugins\/seo\/ -->\n<title>Todos los detalles sobre el anillo de Georgina Rodr\u00edguez<\/title>\n<meta name=\"description\" content=\"Como te contamos al momento, Georgina Rodr\u00edguez y Cristiano Ronaldo est\u00e1n oficialmente comprometidos. Fue la modelo quien comparti\u00f3 el momento a trav\u00e9s de\" \/>\n<meta name=\"robots\" content=\"index, follow, max-snippet:-1, max-image-preview:large, max-video-preview:-1\" \/>\n<link rel=\"canonical\" href=\"https:\/\/graziamagazine.com\/mx\/articles\/todos-los-detalles-sobre-el-anillo-de-compromiso-de-georgina-rodriguez\/\" \/>\n<meta property=\"og:locale\" content=\"es_MX\" \/>\n<meta property=\"og:type\" content=\"article\" \/>\n<meta property=\"og:title\" content=\"Todos los detalles sobre el anillo de compromiso de Georgina Rodr\u00edguez\" \/>\n<meta property=\"og:description\" content=\"Como te contamos al momento, Georgina Rodr\u00edguez y Cristiano Ronaldo est\u00e1n oficialmente comprometidos. Fue la modelo quien comparti\u00f3 el momento a trav\u00e9s de\" \/>\n<meta property=\"og:url\" content=\"https:\/\/graziamagazine.com\/mx\/articles\/todos-los-detalles-sobre-el-anillo-de-compromiso-de-georgina-rodriguez\/\" \/>\n<meta property=\"og:site_name\" content=\"Grazia M\u00e9xico y Latinoam\u00e9rica\" \/>\n<meta property=\"article:modified_time\" content=\"2025-08-13T18:21:39+00:00\" \/>\n<meta property=\"og:image\" content=\"https:\/\/graziamagazine.com\/mx\/wp-content\/uploads\/sites\/13\/2025\/08\/GettyImages-1328893879-1024x683.jpg\" \/>\n\t<meta property=\"og:image:width\" content=\"1024\" \/>\n\t<meta property=\"og:image:height\" content=\"683\" \/>\n\t<meta property=\"og:image:type\" content=\"image\/jpeg\" \/>\n<meta name=\"twitter:card\" content=\"summary_large_image\" \/>\n<meta name=\"twitter:label1\" content=\"Est. reading time\" \/>\n\t<meta name=\"twitter:data1\" content=\"2 minutos\" \/>\n<script type=\"application\/ld+json\" class=\"yoast-schema-graph\">{\"@context\":\"https:\/\/schema.org\",\"@graph\":[{\"@type\":\"WebPage\",\"@id\":\"https:\/\/graziamagazine.com\/mx\/articles\/todos-los-detalles-sobre-el-anillo-de-compromiso-de-georgina-rodriguez\/\",\"url\":\"https:\/\/graziamagazine.com\/mx\/articles\/todos-los-detalles-sobre-el-anillo-de-compromiso-de-georgina-rodriguez\/\",\"name\":\"Todos los detalles sobre el anillo de Georgina Rodr\u00edguez\",\"isPartOf\":{\"@id\":\"https:\/\/graziamagazine.com\/mx\/#website\"},\"datePublished\":\"2025-08-13T18:19:09+00:00\",\"dateModified\":\"2025-08-13T18:21:39+00:00\",\"description\":\"Como te contamos al momento, Georgina Rodr\u00edguez y Cristiano Ronaldo est\u00e1n oficialmente comprometidos. Fue la modelo quien comparti\u00f3 el momento a trav\u00e9s de\",\"breadcrumb\":{\"@id\":\"https:\/\/graziamagazine.com\/mx\/articles\/todos-los-detalles-sobre-el-anillo-de-compromiso-de-georgina-rodriguez\/#breadcrumb\"},\"inLanguage\":\"es-MX\",\"potentialAction\":[{\"@type\":\"ReadAction\",\"target\":[\"https:\/\/graziamagazine.com\/mx\/articles\/todos-los-detalles-sobre-el-anillo-de-compromiso-de-georgina-rodriguez\/\"]}]},{\"@type\":\"BreadcrumbList\",\"@id\":\"https:\/\/graziamagazine.com\/mx\/articles\/todos-los-detalles-sobre-el-anillo-de-compromiso-de-georgina-rodriguez\/#breadcrumb\",\"itemListElement\":[{\"@type\":\"ListItem\",\"position\":1,\"name\":\"Home\",\"item\":\"https:\/\/graziamagazine.com\/mx\/\"},{\"@type\":\"ListItem\",\"position\":2,\"name\":\"Todos los detalles sobre el anillo de compromiso de Georgina Rodr\u00edguez\"}]},{\"@type\":\"WebSite\",\"@id\":\"https:\/\/graziamagazine.com\/mx\/#website\",\"url\":\"https:\/\/graziamagazine.com\/mx\/\",\"name\":\"Grazia M\u00e9xico y Latinoam\u00e9rica\",\"description\":\"Grazia es moda, belleza y noticias  de actualidad \",\"potentialAction\":[{\"@type\":\"SearchAction\",\"target\":{\"@type\":\"EntryPoint\",\"urlTemplate\":\"https:\/\/graziamagazine.com\/mx\/?s={search_term_string}\"},\"query-input\":\"required name=search_term_string\"}],\"inLanguage\":\"es-MX\"}]}<\/script>\n<!-- \/ Yoast SEO Premium plugin. -->","yoast_head_json":{"title":"Todos los detalles sobre el anillo de Georgina Rodr\u00edguez","description":"Como te contamos al momento, Georgina Rodr\u00edguez y Cristiano Ronaldo est\u00e1n oficialmente comprometidos. Fue la modelo quien comparti\u00f3 el momento a trav\u00e9s de","robots":{"index":"index","follow":"follow","max-snippet":"max-snippet:-1","max-image-preview":"max-image-preview:large","max-video-preview":"max-video-preview:-1"},"canonical":"https:\/\/graziamagazine.com\/mx\/articles\/todos-los-detalles-sobre-el-anillo-de-compromiso-de-georgina-rodriguez\/","og_locale":"es_MX","og_type":"article","og_title":"Todos los detalles sobre el anillo de compromiso de Georgina Rodr\u00edguez","og_description":"Como te contamos al momento, Georgina Rodr\u00edguez y Cristiano Ronaldo est\u00e1n oficialmente comprometidos. Fue la modelo quien comparti\u00f3 el momento a trav\u00e9s de","og_url":"https:\/\/graziamagazine.com\/mx\/articles\/todos-los-detalles-sobre-el-anillo-de-compromiso-de-georgina-rodriguez\/","og_site_name":"Grazia M\u00e9xico y Latinoam\u00e9rica","article_modified_time":"2025-08-13T18:21:39+00:00","og_image":[{"width":1024,"height":683,"url":"https:\/\/graziamagazine.com\/mx\/wp-content\/uploads\/sites\/13\/2025\/08\/GettyImages-1328893879-1024x683.jpg","type":"image\/jpeg"}],"twitter_card":"summary_large_image","twitter_misc":{"Est. reading time":"2 minutos"},"schema":{"@context":"https:\/\/schema.org","@graph":[{"@type":"WebPage","@id":"https:\/\/graziamagazine.com\/mx\/articles\/todos-los-detalles-sobre-el-anillo-de-compromiso-de-georgina-rodriguez\/","url":"https:\/\/graziamagazine.com\/mx\/articles\/todos-los-detalles-sobre-el-anillo-de-compromiso-de-georgina-rodriguez\/","name":"Todos los detalles sobre el anillo de Georgina Rodr\u00edguez","isPartOf":{"@id":"https:\/\/graziamagazine.com\/mx\/#website"},"datePublished":"2025-08-13T18:19:09+00:00","dateModified":"2025-08-13T18:21:39+00:00","description":"Como te contamos al momento, Georgina Rodr\u00edguez y Cristiano Ronaldo est\u00e1n oficialmente comprometidos. Fue la modelo quien comparti\u00f3 el momento a trav\u00e9s de","breadcrumb":{"@id":"https:\/\/graziamagazine.com\/mx\/articles\/todos-los-detalles-sobre-el-anillo-de-compromiso-de-georgina-rodriguez\/#breadcrumb"},"inLanguage":"es-MX","potentialAction":[{"@type":"ReadAction","target":["https:\/\/graziamagazine.com\/mx\/articles\/todos-los-detalles-sobre-el-anillo-de-compromiso-de-georgina-rodriguez\/"]}]},{"@type":"BreadcrumbList","@id":"https:\/\/graziamagazine.com\/mx\/articles\/todos-los-detalles-sobre-el-anillo-de-compromiso-de-georgina-rodriguez\/#breadcrumb","itemListElement":[{"@type":"ListItem","position":1,"name":"Home","item":"https:\/\/graziamagazine.com\/mx\/"},{"@type":"ListItem","position":2,"name":"Todos los detalles sobre el anillo de compromiso de Georgina Rodr\u00edguez"}]},{"@type":"WebSite","@id":"https:\/\/graziamagazine.com\/mx\/#website","url":"https:\/\/graziamagazine.com\/mx\/","name":"Grazia M\u00e9xico y Latinoam\u00e9rica","description":"Grazia es moda, belleza y noticias  de actualidad ","potentialAction":[{"@type":"SearchAction","target":{"@type":"EntryPoint","urlTemplate":"https:\/\/graziamagazine.com\/mx\/?s={search_term_string}"},"query-input":"required name=search_term_string"}],"inLanguage":"es-MX"}]}},"jetpack_sharing_enabled":true,"distributor_meta":false,"distributor_terms":false,"distributor_media":false,"distributor_original_site_name":"Grazia M\u00e9xico y Latinoam\u00e9rica","distributor_original_site_url":"https:\/\/graziamagazine.com\/mx","push-errors":false,"_links":{"self":[{"href":"https:\/\/graziamagazine.com\/mx\/wp-json\/wp\/v2\/articles\/154636"}],"collection":[{"href":"https:\/\/graziamagazine.com\/mx\/wp-json\/wp\/v2\/articles"}],"about":[{"href":"https:\/\/graziamagazine.com\/mx\/wp-json\/wp\/v2\/types\/articles"}],"author":[{"embeddable":true,"href":"https:\/\/graziamagazine.com\/mx\/wp-json\/wp\/v2\/users\/11628"}],"wp:featuredmedia":[{"embeddable":true,"href":"https:\/\/graziamagazine.com\/mx\/wp-json\/wp\/v2\/media\/154552"}],"wp:attachment":[{"href":"https:\/\/graziamagazine.com\/mx\/wp-json\/wp\/v2\/media?parent=154636"}],"wp:term":[{"taxonomy":"category","embeddable":true,"href":"https:\/\/graziamagazine.com\/mx\/wp-json\/wp\/v2\/categories?post=154636"}],"curies":[{"name":"wp","href":"https:\/\/api.w.org\/{rel}","templated":true}]}}