{"id":154632,"date":"2025-08-13T12:36:26","date_gmt":"2025-08-13T17:36:26","guid":{"rendered":"https:\/\/graziamagazine.com\/mx\/?post_type=articles&#038;p=154632"},"modified":"2025-08-13T12:39:09","modified_gmt":"2025-08-13T17:39:09","slug":"brooklyn-y-nicola-peltz-beckham-renuevan-sus-votos-matrimoniales","status":"publish","type":"articles","link":"https:\/\/graziamagazine.com\/mx\/articles\/brooklyn-y-nicola-peltz-beckham-renuevan-sus-votos-matrimoniales\/","title":{"rendered":"Brooklyn y Nicola Peltz-Beckham renuevan sus votos matrimoniales"},"content":{"rendered":"<p><span style=\"font-weight: 400\">Tres a\u00f1os despu\u00e9s de haber celebrado su boda, Brooklyn Beckham y Nicola Peltz-Beckham sellaron nuevamente su compromiso este mes de agosto, con una ceremonia \u00edntima al aire libre, todo lo contrario a su gigante boda en Palm Beach, Florida, en abril de 2022.\u00a0<\/span><\/p>\n<p><span style=\"font-weight: 400\">Esta renovaci\u00f3n de votos ocurri\u00f3 en la residencia familiar de los Peltz, ubicada en el condado de Westchester, Nueva York, y fue oficiada por el padre de la novia, Nelson Peltz. Entre los invitados predomin\u00f3 la presencia cercana de la familia Peltz y amigos \u00edntimos de la pareja. Notablemente, los Beckham \u2014David, Victoria y sus hijos Romeo, Cruz y Harper\u2014 no asistieron, avivando a\u00fan m\u00e1s las especulaciones sobre una brecha familiar.<\/span><\/p>\n<p><img loading=\"lazy\" decoding=\"async\" class=\"alignnone size-medium wp-image-154634\" src=\"https:\/\/graziamagazine.com\/mx\/wp-content\/uploads\/sites\/13\/2025\/08\/262-295x450.jpg\" alt=\"\" width=\"295\" height=\"450\" srcset=\"https:\/\/graziamagazine.com\/mx\/wp-content\/uploads\/sites\/13\/2025\/08\/262-295x450.jpg 295w, https:\/\/graziamagazine.com\/mx\/wp-content\/uploads\/sites\/13\/2025\/08\/262-141x215.jpg 141w, https:\/\/graziamagazine.com\/mx\/wp-content\/uploads\/sites\/13\/2025\/08\/262.jpg 370w\" sizes=\"(max-width: 295px) 100vw, 295px\" \/><\/p>\n<p><span style=\"font-weight: 400\">En lugar de vestir un dise\u00f1o nuevo, Nicola eligi\u00f3 llevar el vestido de novia que luci\u00f3 su madre, Claudia Heffner Peltz, en 1985. El dise\u00f1o de hombros descubiertos con mangas abullonadas y falda rom\u00e1ntica fue actualizado con un corpi\u00f1o estructurado m\u00e1s ajustado, una modernizaci\u00f3n que mantuvo intacta el estilo nost\u00e1lgico del original. La actriz complement\u00f3 este look con un tocado floral, similar al que su madre llev\u00f3 a\u00f1os atr\u00e1s.<\/span><\/p>\n<p><span style=\"font-weight: 400\">Para la celebraci\u00f3n posterior, Nicola se transform\u00f3 en una musa del vintage chic al enfundarse un vestido azul celeste de Dolce &amp; Gabbana de la colecci\u00f3n primavera de 1998, con falda transparente, corpi\u00f1o fruncido, aplicaciones de mariposas y una cola fluida que reutiliz\u00f3 como chal. Combin\u00f3 el look con sandalias de plataforma color nude.<\/span><\/p>\n<p><img loading=\"lazy\" decoding=\"async\" class=\"alignnone size-medium wp-image-154633\" src=\"https:\/\/graziamagazine.com\/mx\/wp-content\/uploads\/sites\/13\/2025\/08\/1-3-319x450.jpg\" alt=\"\" width=\"319\" height=\"450\" srcset=\"https:\/\/graziamagazine.com\/mx\/wp-content\/uploads\/sites\/13\/2025\/08\/1-3-319x450.jpg 319w, https:\/\/graziamagazine.com\/mx\/wp-content\/uploads\/sites\/13\/2025\/08\/1-3-152x215.jpg 152w, https:\/\/graziamagazine.com\/mx\/wp-content\/uploads\/sites\/13\/2025\/08\/1-3.jpg 391w\" sizes=\"(max-width: 319px) 100vw, 319px\" \/><\/p>\n<p><span style=\"font-weight: 400\">La ceremonia fue \u201cuna experiencia realmente hermosa\u201d, dijo Brooklyn al respecto en una entrevista, y confes\u00f3: \u201cPodr\u00eda renovar mis votos con ella cada d\u00eda\u201d. Adem\u00e1s, comparti\u00f3 c\u00f3mo su vida cotidiana con Nicola, sus cuatro perros y sus proyectos, como la marca Cloud23, ha \u201cnutrido su relaci\u00f3n de una manera aut\u00e9ntica y serena\u201d.<\/span><\/p>\n","protected":false},"author":11628,"featured_media":154635,"template":"","format":"standard","categories":[2],"acf":[],"yoast_head":"<!-- This site is optimized with the Yoast SEO Premium plugin v18.5 (Yoast SEO v20.4) - https:\/\/yoast.com\/wordpress\/plugins\/seo\/ -->\n<title>Brooklyn y Nicola Peltz-Beckham renuevan sus votos matrimoniales<\/title>\n<meta name=\"description\" content=\"Tres a\u00f1os despu\u00e9s de haber celebrado su boda, Brooklyn Beckham y Nicola Peltz-Beckham sellaron nuevamente su compromiso este mes de agosto, con una\" \/>\n<meta name=\"robots\" content=\"index, follow, max-snippet:-1, max-image-preview:large, max-video-preview:-1\" \/>\n<link rel=\"canonical\" href=\"https:\/\/graziamagazine.com\/mx\/articles\/brooklyn-y-nicola-peltz-beckham-renuevan-sus-votos-matrimoniales\/\" \/>\n<meta property=\"og:locale\" content=\"es_MX\" \/>\n<meta property=\"og:type\" content=\"article\" \/>\n<meta property=\"og:title\" content=\"Brooklyn y Nicola Peltz-Beckham renuevan sus votos matrimoniales\" \/>\n<meta property=\"og:description\" content=\"Tres a\u00f1os despu\u00e9s de haber celebrado su boda, Brooklyn Beckham y Nicola Peltz-Beckham sellaron nuevamente su compromiso este mes de agosto, con una\" \/>\n<meta property=\"og:url\" content=\"https:\/\/graziamagazine.com\/mx\/articles\/brooklyn-y-nicola-peltz-beckham-renuevan-sus-votos-matrimoniales\/\" \/>\n<meta property=\"og:site_name\" content=\"Grazia M\u00e9xico y Latinoam\u00e9rica\" \/>\n<meta property=\"article:modified_time\" content=\"2025-08-13T17:39:09+00:00\" \/>\n<meta property=\"og:image\" content=\"https:\/\/graziamagazine.com\/mx\/wp-content\/uploads\/sites\/13\/2025\/08\/526.jpg\" \/>\n\t<meta property=\"og:image:width\" content=\"440\" \/>\n\t<meta property=\"og:image:height\" content=\"282\" \/>\n\t<meta property=\"og:image:type\" content=\"image\/jpeg\" \/>\n<meta name=\"twitter:card\" content=\"summary_large_image\" \/>\n<meta name=\"twitter:label1\" content=\"Est. reading time\" \/>\n\t<meta name=\"twitter:data1\" content=\"2 minutos\" \/>\n<script type=\"application\/ld+json\" class=\"yoast-schema-graph\">{\"@context\":\"https:\/\/schema.org\",\"@graph\":[{\"@type\":\"WebPage\",\"@id\":\"https:\/\/graziamagazine.com\/mx\/articles\/brooklyn-y-nicola-peltz-beckham-renuevan-sus-votos-matrimoniales\/\",\"url\":\"https:\/\/graziamagazine.com\/mx\/articles\/brooklyn-y-nicola-peltz-beckham-renuevan-sus-votos-matrimoniales\/\",\"name\":\"Brooklyn y Nicola Peltz-Beckham renuevan sus votos matrimoniales\",\"isPartOf\":{\"@id\":\"https:\/\/graziamagazine.com\/mx\/#website\"},\"datePublished\":\"2025-08-13T17:36:26+00:00\",\"dateModified\":\"2025-08-13T17:39:09+00:00\",\"description\":\"Tres a\u00f1os despu\u00e9s de haber celebrado su boda, Brooklyn Beckham y Nicola Peltz-Beckham sellaron nuevamente su compromiso este mes de agosto, con una\",\"breadcrumb\":{\"@id\":\"https:\/\/graziamagazine.com\/mx\/articles\/brooklyn-y-nicola-peltz-beckham-renuevan-sus-votos-matrimoniales\/#breadcrumb\"},\"inLanguage\":\"es-MX\",\"potentialAction\":[{\"@type\":\"ReadAction\",\"target\":[\"https:\/\/graziamagazine.com\/mx\/articles\/brooklyn-y-nicola-peltz-beckham-renuevan-sus-votos-matrimoniales\/\"]}]},{\"@type\":\"BreadcrumbList\",\"@id\":\"https:\/\/graziamagazine.com\/mx\/articles\/brooklyn-y-nicola-peltz-beckham-renuevan-sus-votos-matrimoniales\/#breadcrumb\",\"itemListElement\":[{\"@type\":\"ListItem\",\"position\":1,\"name\":\"Home\",\"item\":\"https:\/\/graziamagazine.com\/mx\/\"},{\"@type\":\"ListItem\",\"position\":2,\"name\":\"Brooklyn y Nicola Peltz-Beckham renuevan sus votos matrimoniales\"}]},{\"@type\":\"WebSite\",\"@id\":\"https:\/\/graziamagazine.com\/mx\/#website\",\"url\":\"https:\/\/graziamagazine.com\/mx\/\",\"name\":\"Grazia M\u00e9xico y Latinoam\u00e9rica\",\"description\":\"Grazia es moda, belleza y noticias  de actualidad \",\"potentialAction\":[{\"@type\":\"SearchAction\",\"target\":{\"@type\":\"EntryPoint\",\"urlTemplate\":\"https:\/\/graziamagazine.com\/mx\/?s={search_term_string}\"},\"query-input\":\"required name=search_term_string\"}],\"inLanguage\":\"es-MX\"}]}<\/script>\n<!-- \/ Yoast SEO Premium plugin. -->","yoast_head_json":{"title":"Brooklyn y Nicola Peltz-Beckham renuevan sus votos matrimoniales","description":"Tres a\u00f1os despu\u00e9s de haber celebrado su boda, Brooklyn Beckham y Nicola Peltz-Beckham sellaron nuevamente su compromiso este mes de agosto, con una","robots":{"index":"index","follow":"follow","max-snippet":"max-snippet:-1","max-image-preview":"max-image-preview:large","max-video-preview":"max-video-preview:-1"},"canonical":"https:\/\/graziamagazine.com\/mx\/articles\/brooklyn-y-nicola-peltz-beckham-renuevan-sus-votos-matrimoniales\/","og_locale":"es_MX","og_type":"article","og_title":"Brooklyn y Nicola Peltz-Beckham renuevan sus votos matrimoniales","og_description":"Tres a\u00f1os despu\u00e9s de haber celebrado su boda, Brooklyn Beckham y Nicola Peltz-Beckham sellaron nuevamente su compromiso este mes de agosto, con una","og_url":"https:\/\/graziamagazine.com\/mx\/articles\/brooklyn-y-nicola-peltz-beckham-renuevan-sus-votos-matrimoniales\/","og_site_name":"Grazia M\u00e9xico y Latinoam\u00e9rica","article_modified_time":"2025-08-13T17:39:09+00:00","og_image":[{"width":440,"height":282,"url":"https:\/\/graziamagazine.com\/mx\/wp-content\/uploads\/sites\/13\/2025\/08\/526.jpg","type":"image\/jpeg"}],"twitter_card":"summary_large_image","twitter_misc":{"Est. reading time":"2 minutos"},"schema":{"@context":"https:\/\/schema.org","@graph":[{"@type":"WebPage","@id":"https:\/\/graziamagazine.com\/mx\/articles\/brooklyn-y-nicola-peltz-beckham-renuevan-sus-votos-matrimoniales\/","url":"https:\/\/graziamagazine.com\/mx\/articles\/brooklyn-y-nicola-peltz-beckham-renuevan-sus-votos-matrimoniales\/","name":"Brooklyn y Nicola Peltz-Beckham renuevan sus votos matrimoniales","isPartOf":{"@id":"https:\/\/graziamagazine.com\/mx\/#website"},"datePublished":"2025-08-13T17:36:26+00:00","dateModified":"2025-08-13T17:39:09+00:00","description":"Tres a\u00f1os despu\u00e9s de haber celebrado su boda, Brooklyn Beckham y Nicola Peltz-Beckham sellaron nuevamente su compromiso este mes de agosto, con una","breadcrumb":{"@id":"https:\/\/graziamagazine.com\/mx\/articles\/brooklyn-y-nicola-peltz-beckham-renuevan-sus-votos-matrimoniales\/#breadcrumb"},"inLanguage":"es-MX","potentialAction":[{"@type":"ReadAction","target":["https:\/\/graziamagazine.com\/mx\/articles\/brooklyn-y-nicola-peltz-beckham-renuevan-sus-votos-matrimoniales\/"]}]},{"@type":"BreadcrumbList","@id":"https:\/\/graziamagazine.com\/mx\/articles\/brooklyn-y-nicola-peltz-beckham-renuevan-sus-votos-matrimoniales\/#breadcrumb","itemListElement":[{"@type":"ListItem","position":1,"name":"Home","item":"https:\/\/graziamagazine.com\/mx\/"},{"@type":"ListItem","position":2,"name":"Brooklyn y Nicola Peltz-Beckham renuevan sus votos matrimoniales"}]},{"@type":"WebSite","@id":"https:\/\/graziamagazine.com\/mx\/#website","url":"https:\/\/graziamagazine.com\/mx\/","name":"Grazia M\u00e9xico y Latinoam\u00e9rica","description":"Grazia es moda, belleza y noticias  de actualidad ","potentialAction":[{"@type":"SearchAction","target":{"@type":"EntryPoint","urlTemplate":"https:\/\/graziamagazine.com\/mx\/?s={search_term_string}"},"query-input":"required name=search_term_string"}],"inLanguage":"es-MX"}]}},"jetpack_sharing_enabled":true,"distributor_meta":false,"distributor_terms":false,"distributor_media":false,"distributor_original_site_name":"Grazia M\u00e9xico y Latinoam\u00e9rica","distributor_original_site_url":"https:\/\/graziamagazine.com\/mx","push-errors":false,"_links":{"self":[{"href":"https:\/\/graziamagazine.com\/mx\/wp-json\/wp\/v2\/articles\/154632"}],"collection":[{"href":"https:\/\/graziamagazine.com\/mx\/wp-json\/wp\/v2\/articles"}],"about":[{"href":"https:\/\/graziamagazine.com\/mx\/wp-json\/wp\/v2\/types\/articles"}],"author":[{"embeddable":true,"href":"https:\/\/graziamagazine.com\/mx\/wp-json\/wp\/v2\/users\/11628"}],"wp:featuredmedia":[{"embeddable":true,"href":"https:\/\/graziamagazine.com\/mx\/wp-json\/wp\/v2\/media\/154635"}],"wp:attachment":[{"href":"https:\/\/graziamagazine.com\/mx\/wp-json\/wp\/v2\/media?parent=154632"}],"wp:term":[{"taxonomy":"category","embeddable":true,"href":"https:\/\/graziamagazine.com\/mx\/wp-json\/wp\/v2\/categories?post=154632"}],"curies":[{"name":"wp","href":"https:\/\/api.w.org\/{rel}","templated":true}]}}