{"id":154515,"date":"2025-08-11T12:54:34","date_gmt":"2025-08-11T17:54:34","guid":{"rendered":"https:\/\/graziamagazine.com\/mx\/?post_type=articles&#038;p=154515"},"modified":"2025-08-11T12:56:06","modified_gmt":"2025-08-11T17:56:06","slug":"otono-2025-el-naranja-es-el-nuevo-amarillo","status":"publish","type":"articles","link":"https:\/\/graziamagazine.com\/mx\/articles\/otono-2025-el-naranja-es-el-nuevo-amarillo\/","title":{"rendered":"Oto\u00f1o 2025: el naranja es el nuevo amarillo"},"content":{"rendered":"<p><span style=\"font-weight: 400\">Este pr\u00f3ximo oto\u00f1o, la industria de la moda nos prepara una jugada crom\u00e1tica inesperada. El color naranja se coronar\u00e1 como el nuevo protagonista, desplazando al amarillo que ha reinado en temporadas pasadas.\u00a0<\/span><\/p>\n<p><span style=\"font-weight: 400\">Los dise\u00f1adores lo han dejado claro en sus pasarelas: el naranja, en todas sus versiones, desde el mandarina hasta el terracota, ser\u00e1 el tono estrella en abrigos, sweaters, vestidos y accesorios. Es un cambio que se siente natural, pero que al mismo tiempo inyecta energ\u00eda a\u00a0 nuestros outfits oto\u00f1ales.<\/span><\/p>\n<p><img loading=\"lazy\" decoding=\"async\" class=\"alignnone size-full wp-image-154518\" src=\"https:\/\/graziamagazine.com\/mx\/wp-content\/uploads\/sites\/13\/2025\/08\/Captura-de-Pantalla-2025-08-11-a-las-11.52.18.png\" alt=\"\" width=\"258\" height=\"329\" srcset=\"https:\/\/graziamagazine.com\/mx\/wp-content\/uploads\/sites\/13\/2025\/08\/Captura-de-Pantalla-2025-08-11-a-las-11.52.18.png 258w, https:\/\/graziamagazine.com\/mx\/wp-content\/uploads\/sites\/13\/2025\/08\/Captura-de-Pantalla-2025-08-11-a-las-11.52.18-155x198.png 155w\" sizes=\"(max-width: 258px) 100vw, 258px\" \/><\/p>\n<p><span style=\"font-weight: 400\">Este relevo de color no es casualidad. El amarillo hab\u00eda sido un gesto de optimismo post-pandemia, pero el naranja llega para aportar calidez, convirti\u00e9ndose en el perfecto compa\u00f1ero de los colores terrosos, beiges y verdes boscosos t\u00edpicos de la estaci\u00f3n. Adem\u00e1s, es un color que favorece a diferentes tonos de piel, aportando un brillo saludable que ilumina el rostro.<\/span><\/p>\n<p><span style=\"font-weight: 400\">Las firmas m\u00e1s importantes ya han apostado por esta tendencia. En Max Mara vimos abrigos de lana en color naranja quemado, mientras que Valentino opt\u00f3 por vestidos fluidos en un tono zanahoria intenso, perfectos para destacar en eventos nocturnos. Incluso en los accesorios, el naranja se posiciona fuerte, con bolsos, botas y bufandas en este color que est\u00e1n listos para convertirse en piezas clave.<\/span><\/p>\n<p><img loading=\"lazy\" decoding=\"async\" class=\"alignnone size-full wp-image-154517\" src=\"https:\/\/graziamagazine.com\/mx\/wp-content\/uploads\/sites\/13\/2025\/08\/Captura-de-Pantalla-2025-08-11-a-las-11.53.15.png\" alt=\"\" width=\"268\" height=\"367\" srcset=\"https:\/\/graziamagazine.com\/mx\/wp-content\/uploads\/sites\/13\/2025\/08\/Captura-de-Pantalla-2025-08-11-a-las-11.53.15.png 268w, https:\/\/graziamagazine.com\/mx\/wp-content\/uploads\/sites\/13\/2025\/08\/Captura-de-Pantalla-2025-08-11-a-las-11.53.15-155x212.png 155w\" sizes=\"(max-width: 268px) 100vw, 268px\" \/><\/p>\n<p><span style=\"font-weight: 400\">Adoptar el naranja esta temporada no significa abandonar por completo el amarillo, sino dejar que este \u00faltimo tome un papel m\u00e1s secundario, apareciendo en detalles y accesorios. Sin duda, este oto\u00f1o la calidez y la vitalidad del naranja marcar\u00e1n el paso de la temporada.<\/span><\/p>\n","protected":false},"author":11628,"featured_media":154516,"template":"","format":"standard","categories":[4],"acf":[],"yoast_head":"<!-- This site is optimized with the Yoast SEO Premium plugin v18.5 (Yoast SEO v20.4) - https:\/\/yoast.com\/wordpress\/plugins\/seo\/ -->\n<title>Oto\u00f1o 2025: el naranja es el nuevo amarillo<\/title>\n<meta name=\"description\" content=\"Este pr\u00f3ximo oto\u00f1o, la industria de la moda nos prepara una jugada crom\u00e1tica inesperada. El color naranja se coronar\u00e1 como el nuevo protagonista,\" \/>\n<meta name=\"robots\" content=\"index, follow, max-snippet:-1, max-image-preview:large, max-video-preview:-1\" \/>\n<link rel=\"canonical\" href=\"https:\/\/graziamagazine.com\/mx\/articles\/otono-2025-el-naranja-es-el-nuevo-amarillo\/\" \/>\n<meta property=\"og:locale\" content=\"es_MX\" \/>\n<meta property=\"og:type\" content=\"article\" \/>\n<meta property=\"og:title\" content=\"Oto\u00f1o 2025: el naranja es el nuevo amarillo\" \/>\n<meta property=\"og:description\" content=\"Este pr\u00f3ximo oto\u00f1o, la industria de la moda nos prepara una jugada crom\u00e1tica inesperada. El color naranja se coronar\u00e1 como el nuevo protagonista,\" \/>\n<meta property=\"og:url\" content=\"https:\/\/graziamagazine.com\/mx\/articles\/otono-2025-el-naranja-es-el-nuevo-amarillo\/\" \/>\n<meta property=\"og:site_name\" content=\"Grazia M\u00e9xico y Latinoam\u00e9rica\" \/>\n<meta property=\"article:modified_time\" content=\"2025-08-11T17:56:06+00:00\" \/>\n<meta property=\"og:image\" content=\"https:\/\/graziamagazine.com\/mx\/wp-content\/uploads\/sites\/13\/2025\/08\/Captura-de-Pantalla-2025-08-11-a-las-11.53.39.png\" \/>\n\t<meta property=\"og:image:width\" content=\"561\" \/>\n\t<meta property=\"og:image:height\" content=\"265\" \/>\n\t<meta property=\"og:image:type\" content=\"image\/png\" \/>\n<meta name=\"twitter:card\" content=\"summary_large_image\" \/>\n<meta name=\"twitter:label1\" content=\"Est. reading time\" \/>\n\t<meta name=\"twitter:data1\" content=\"2 minutos\" \/>\n<script type=\"application\/ld+json\" class=\"yoast-schema-graph\">{\"@context\":\"https:\/\/schema.org\",\"@graph\":[{\"@type\":\"WebPage\",\"@id\":\"https:\/\/graziamagazine.com\/mx\/articles\/otono-2025-el-naranja-es-el-nuevo-amarillo\/\",\"url\":\"https:\/\/graziamagazine.com\/mx\/articles\/otono-2025-el-naranja-es-el-nuevo-amarillo\/\",\"name\":\"Oto\u00f1o 2025: el naranja es el nuevo amarillo\",\"isPartOf\":{\"@id\":\"https:\/\/graziamagazine.com\/mx\/#website\"},\"datePublished\":\"2025-08-11T17:54:34+00:00\",\"dateModified\":\"2025-08-11T17:56:06+00:00\",\"description\":\"Este pr\u00f3ximo oto\u00f1o, la industria de la moda nos prepara una jugada crom\u00e1tica inesperada. El color naranja se coronar\u00e1 como el nuevo protagonista,\",\"breadcrumb\":{\"@id\":\"https:\/\/graziamagazine.com\/mx\/articles\/otono-2025-el-naranja-es-el-nuevo-amarillo\/#breadcrumb\"},\"inLanguage\":\"es-MX\",\"potentialAction\":[{\"@type\":\"ReadAction\",\"target\":[\"https:\/\/graziamagazine.com\/mx\/articles\/otono-2025-el-naranja-es-el-nuevo-amarillo\/\"]}]},{\"@type\":\"BreadcrumbList\",\"@id\":\"https:\/\/graziamagazine.com\/mx\/articles\/otono-2025-el-naranja-es-el-nuevo-amarillo\/#breadcrumb\",\"itemListElement\":[{\"@type\":\"ListItem\",\"position\":1,\"name\":\"Home\",\"item\":\"https:\/\/graziamagazine.com\/mx\/\"},{\"@type\":\"ListItem\",\"position\":2,\"name\":\"Oto\u00f1o 2025: el naranja es el nuevo amarillo\"}]},{\"@type\":\"WebSite\",\"@id\":\"https:\/\/graziamagazine.com\/mx\/#website\",\"url\":\"https:\/\/graziamagazine.com\/mx\/\",\"name\":\"Grazia M\u00e9xico y Latinoam\u00e9rica\",\"description\":\"Grazia es moda, belleza y noticias  de actualidad \",\"potentialAction\":[{\"@type\":\"SearchAction\",\"target\":{\"@type\":\"EntryPoint\",\"urlTemplate\":\"https:\/\/graziamagazine.com\/mx\/?s={search_term_string}\"},\"query-input\":\"required name=search_term_string\"}],\"inLanguage\":\"es-MX\"}]}<\/script>\n<!-- \/ Yoast SEO Premium plugin. -->","yoast_head_json":{"title":"Oto\u00f1o 2025: el naranja es el nuevo amarillo","description":"Este pr\u00f3ximo oto\u00f1o, la industria de la moda nos prepara una jugada crom\u00e1tica inesperada. El color naranja se coronar\u00e1 como el nuevo protagonista,","robots":{"index":"index","follow":"follow","max-snippet":"max-snippet:-1","max-image-preview":"max-image-preview:large","max-video-preview":"max-video-preview:-1"},"canonical":"https:\/\/graziamagazine.com\/mx\/articles\/otono-2025-el-naranja-es-el-nuevo-amarillo\/","og_locale":"es_MX","og_type":"article","og_title":"Oto\u00f1o 2025: el naranja es el nuevo amarillo","og_description":"Este pr\u00f3ximo oto\u00f1o, la industria de la moda nos prepara una jugada crom\u00e1tica inesperada. El color naranja se coronar\u00e1 como el nuevo protagonista,","og_url":"https:\/\/graziamagazine.com\/mx\/articles\/otono-2025-el-naranja-es-el-nuevo-amarillo\/","og_site_name":"Grazia M\u00e9xico y Latinoam\u00e9rica","article_modified_time":"2025-08-11T17:56:06+00:00","og_image":[{"width":561,"height":265,"url":"https:\/\/graziamagazine.com\/mx\/wp-content\/uploads\/sites\/13\/2025\/08\/Captura-de-Pantalla-2025-08-11-a-las-11.53.39.png","type":"image\/png"}],"twitter_card":"summary_large_image","twitter_misc":{"Est. reading time":"2 minutos"},"schema":{"@context":"https:\/\/schema.org","@graph":[{"@type":"WebPage","@id":"https:\/\/graziamagazine.com\/mx\/articles\/otono-2025-el-naranja-es-el-nuevo-amarillo\/","url":"https:\/\/graziamagazine.com\/mx\/articles\/otono-2025-el-naranja-es-el-nuevo-amarillo\/","name":"Oto\u00f1o 2025: el naranja es el nuevo amarillo","isPartOf":{"@id":"https:\/\/graziamagazine.com\/mx\/#website"},"datePublished":"2025-08-11T17:54:34+00:00","dateModified":"2025-08-11T17:56:06+00:00","description":"Este pr\u00f3ximo oto\u00f1o, la industria de la moda nos prepara una jugada crom\u00e1tica inesperada. El color naranja se coronar\u00e1 como el nuevo protagonista,","breadcrumb":{"@id":"https:\/\/graziamagazine.com\/mx\/articles\/otono-2025-el-naranja-es-el-nuevo-amarillo\/#breadcrumb"},"inLanguage":"es-MX","potentialAction":[{"@type":"ReadAction","target":["https:\/\/graziamagazine.com\/mx\/articles\/otono-2025-el-naranja-es-el-nuevo-amarillo\/"]}]},{"@type":"BreadcrumbList","@id":"https:\/\/graziamagazine.com\/mx\/articles\/otono-2025-el-naranja-es-el-nuevo-amarillo\/#breadcrumb","itemListElement":[{"@type":"ListItem","position":1,"name":"Home","item":"https:\/\/graziamagazine.com\/mx\/"},{"@type":"ListItem","position":2,"name":"Oto\u00f1o 2025: el naranja es el nuevo amarillo"}]},{"@type":"WebSite","@id":"https:\/\/graziamagazine.com\/mx\/#website","url":"https:\/\/graziamagazine.com\/mx\/","name":"Grazia M\u00e9xico y Latinoam\u00e9rica","description":"Grazia es moda, belleza y noticias  de actualidad ","potentialAction":[{"@type":"SearchAction","target":{"@type":"EntryPoint","urlTemplate":"https:\/\/graziamagazine.com\/mx\/?s={search_term_string}"},"query-input":"required name=search_term_string"}],"inLanguage":"es-MX"}]}},"jetpack_sharing_enabled":true,"distributor_meta":false,"distributor_terms":false,"distributor_media":false,"distributor_original_site_name":"Grazia M\u00e9xico y Latinoam\u00e9rica","distributor_original_site_url":"https:\/\/graziamagazine.com\/mx","push-errors":false,"_links":{"self":[{"href":"https:\/\/graziamagazine.com\/mx\/wp-json\/wp\/v2\/articles\/154515"}],"collection":[{"href":"https:\/\/graziamagazine.com\/mx\/wp-json\/wp\/v2\/articles"}],"about":[{"href":"https:\/\/graziamagazine.com\/mx\/wp-json\/wp\/v2\/types\/articles"}],"author":[{"embeddable":true,"href":"https:\/\/graziamagazine.com\/mx\/wp-json\/wp\/v2\/users\/11628"}],"wp:featuredmedia":[{"embeddable":true,"href":"https:\/\/graziamagazine.com\/mx\/wp-json\/wp\/v2\/media\/154516"}],"wp:attachment":[{"href":"https:\/\/graziamagazine.com\/mx\/wp-json\/wp\/v2\/media?parent=154515"}],"wp:term":[{"taxonomy":"category","embeddable":true,"href":"https:\/\/graziamagazine.com\/mx\/wp-json\/wp\/v2\/categories?post=154515"}],"curies":[{"name":"wp","href":"https:\/\/api.w.org\/{rel}","templated":true}]}}