{"id":154385,"date":"2025-08-08T12:25:12","date_gmt":"2025-08-08T17:25:12","guid":{"rendered":"https:\/\/graziamagazine.com\/mx\/?post_type=articles&#038;p=154385"},"modified":"2025-08-08T12:27:17","modified_gmt":"2025-08-08T17:27:17","slug":"el-legado-de-estilo-de-audrey-hepburn-sigue-vive-este-verano","status":"publish","type":"articles","link":"https:\/\/graziamagazine.com\/mx\/articles\/el-legado-de-estilo-de-audrey-hepburn-sigue-vive-este-verano\/","title":{"rendered":"El legado de estilo de Audrey Hepburn sigue vive este verano"},"content":{"rendered":"<p><span style=\"font-weight: 400\">Hay iconos de moda que desaf\u00edan el paso del tiempo y Audrey Hepburn es, sin duda, una de ellas. Su elegancia, su estilo impecable y su capacidad para llevar la sencillez a otro nivel ha inspirado a muchas generaciones. Este verano, su legado sigue presente, con diversas celebridades haciendo eco de este legendario estilo.<\/span><\/p>\n<p><img loading=\"lazy\" decoding=\"async\" class=\"alignnone size-medium wp-image-154388\" src=\"https:\/\/graziamagazine.com\/mx\/wp-content\/uploads\/sites\/13\/2025\/08\/845-350x450.jpg\" alt=\"\" width=\"350\" height=\"450\" srcset=\"https:\/\/graziamagazine.com\/mx\/wp-content\/uploads\/sites\/13\/2025\/08\/845-350x450.jpg 350w, https:\/\/graziamagazine.com\/mx\/wp-content\/uploads\/sites\/13\/2025\/08\/845-400x514.jpg 400w, https:\/\/graziamagazine.com\/mx\/wp-content\/uploads\/sites\/13\/2025\/08\/845-155x199.jpg 155w, https:\/\/graziamagazine.com\/mx\/wp-content\/uploads\/sites\/13\/2025\/08\/845.jpg 444w\" sizes=\"(max-width: 350px) 100vw, 350px\" \/><\/p>\n<p><span style=\"font-weight: 400\">Las tendencias han rescatado su est\u00e9tica para a\u00f1adirle frescura contempor\u00e1nea: vestidos ligeros de l\u00edneas rectas, faldas midi, pantalones capri combinados con blusas sin mangas y, por supuesto, el ic\u00f3nico ballet flat que Audrey convirti\u00f3 en sin\u00f3nimo de comodidad chic. Incluso las firmas de lujo han reinterpretado su caracter\u00edstico estilo parisino con tejidos m\u00e1s ligeros y cortes m\u00e1s relajados, perfectos para el calor, pero sin perder la esencia.<\/span><\/p>\n<p><img loading=\"lazy\" decoding=\"async\" class=\"alignnone size-medium wp-image-154391\" src=\"https:\/\/graziamagazine.com\/mx\/wp-content\/uploads\/sites\/13\/2025\/08\/bgfbfgn-450x300.jpg\" alt=\"\" width=\"450\" height=\"300\" srcset=\"https:\/\/graziamagazine.com\/mx\/wp-content\/uploads\/sites\/13\/2025\/08\/bgfbfgn-450x300.jpg 450w, https:\/\/graziamagazine.com\/mx\/wp-content\/uploads\/sites\/13\/2025\/08\/bgfbfgn-400x267.jpg 400w, https:\/\/graziamagazine.com\/mx\/wp-content\/uploads\/sites\/13\/2025\/08\/bgfbfgn-155x103.jpg 155w, https:\/\/graziamagazine.com\/mx\/wp-content\/uploads\/sites\/13\/2025\/08\/bgfbfgn.jpg 639w\" sizes=\"(max-width: 450px) 100vw, 450px\" \/><\/p>\n<p><span style=\"font-weight: 400\">Este a\u00f1o, varias celebridades han decidido rendirle homenaje adoptando su est\u00e9tica cl\u00e1sica con su toque personal. Lily Collins, Selena Gomez, Ariana Grande, Kate Beckinsale y hasta Emma Stone, han tomado fragmentos de estilo de la legendaria actriz para llevarlos a su persona.<\/span><\/p>\n<p><img loading=\"lazy\" decoding=\"async\" class=\"alignnone size-medium wp-image-154390\" src=\"https:\/\/graziamagazine.com\/mx\/wp-content\/uploads\/sites\/13\/2025\/08\/6526526-450x231.jpg\" alt=\"\" width=\"450\" height=\"231\" srcset=\"https:\/\/graziamagazine.com\/mx\/wp-content\/uploads\/sites\/13\/2025\/08\/6526526-450x231.jpg 450w, https:\/\/graziamagazine.com\/mx\/wp-content\/uploads\/sites\/13\/2025\/08\/6526526-400x205.jpg 400w, https:\/\/graziamagazine.com\/mx\/wp-content\/uploads\/sites\/13\/2025\/08\/6526526-155x79.jpg 155w, https:\/\/graziamagazine.com\/mx\/wp-content\/uploads\/sites\/13\/2025\/08\/6526526.jpg 710w\" sizes=\"(max-width: 450px) 100vw, 450px\" \/><\/p>\n<p><span style=\"font-weight: 400\">Si quieres adoptar este estilo, la clave est\u00e1 en invertir en piezas atemporales. Un vestido negro sencillo, un par de flats elegantes, pantalones capri y una blusa blanca cl\u00e1sica. Completa con accesorios discretos como un pa\u00f1uelo de seda o unos lentes de sol grandes. El maquillaje debe ser fresco y natural, con un delineado sutil y labios suaves, y con chongo bajo o un bob como\u00a0 peinado.<\/span><\/p>\n<p><img loading=\"lazy\" decoding=\"async\" class=\"alignnone size-medium wp-image-154389\" src=\"https:\/\/graziamagazine.com\/mx\/wp-content\/uploads\/sites\/13\/2025\/08\/887-450x246.jpg\" alt=\"\" width=\"450\" height=\"246\" srcset=\"https:\/\/graziamagazine.com\/mx\/wp-content\/uploads\/sites\/13\/2025\/08\/887-450x246.jpg 450w, https:\/\/graziamagazine.com\/mx\/wp-content\/uploads\/sites\/13\/2025\/08\/887-400x218.jpg 400w, https:\/\/graziamagazine.com\/mx\/wp-content\/uploads\/sites\/13\/2025\/08\/887-155x85.jpg 155w, https:\/\/graziamagazine.com\/mx\/wp-content\/uploads\/sites\/13\/2025\/08\/887.jpg 709w\" sizes=\"(max-width: 450px) 100vw, 450px\" \/><\/p>\n<p><span style=\"font-weight: 400\">Lo fascinante de su influencia es la filosof\u00eda que hay detr\u00e1s. Audrey vest\u00eda para s\u00ed misma, sin perseguir tendencias, priorizando la calidad sobre la cantidad y apostando por piezas que pod\u00edan acompa\u00f1arla toda la vida. Esa mentalidad est\u00e1 funcionando hoy m\u00e1s que nunca en una era donde la moda consciente y el consumo responsable ganan terreno.\u00a0<\/span><\/p>\n<p><img loading=\"lazy\" decoding=\"async\" class=\"alignnone size-medium wp-image-154386\" src=\"https:\/\/graziamagazine.com\/mx\/wp-content\/uploads\/sites\/13\/2025\/08\/74-450x230.jpg\" alt=\"\" width=\"450\" height=\"230\" srcset=\"https:\/\/graziamagazine.com\/mx\/wp-content\/uploads\/sites\/13\/2025\/08\/74-450x230.jpg 450w, https:\/\/graziamagazine.com\/mx\/wp-content\/uploads\/sites\/13\/2025\/08\/74-400x205.jpg 400w, https:\/\/graziamagazine.com\/mx\/wp-content\/uploads\/sites\/13\/2025\/08\/74-155x79.jpg 155w, https:\/\/graziamagazine.com\/mx\/wp-content\/uploads\/sites\/13\/2025\/08\/74.jpg 707w\" sizes=\"(max-width: 450px) 100vw, 450px\" \/><\/p>\n","protected":false},"author":11628,"featured_media":154387,"template":"","format":"standard","categories":[2,4],"acf":[],"yoast_head":"<!-- This site is optimized with the Yoast SEO Premium plugin v18.5 (Yoast SEO v20.4) - https:\/\/yoast.com\/wordpress\/plugins\/seo\/ -->\n<title>El legado de estilo de Audrey Hepburn sigue vive este verano<\/title>\n<meta name=\"description\" content=\"Hay iconos de moda que desaf\u00edan el paso del tiempo y Audrey Hepburn es, sin duda, una de ellas. Su elegancia, su estilo impecable y su capacidad para\" \/>\n<meta name=\"robots\" content=\"index, follow, max-snippet:-1, max-image-preview:large, max-video-preview:-1\" \/>\n<link rel=\"canonical\" href=\"https:\/\/graziamagazine.com\/mx\/articles\/el-legado-de-estilo-de-audrey-hepburn-sigue-vive-este-verano\/\" \/>\n<meta property=\"og:locale\" content=\"es_MX\" \/>\n<meta property=\"og:type\" content=\"article\" \/>\n<meta property=\"og:title\" content=\"El legado de estilo de Audrey Hepburn sigue vive este verano\" \/>\n<meta property=\"og:description\" content=\"Hay iconos de moda que desaf\u00edan el paso del tiempo y Audrey Hepburn es, sin duda, una de ellas. Su elegancia, su estilo impecable y su capacidad para\" \/>\n<meta property=\"og:url\" content=\"https:\/\/graziamagazine.com\/mx\/articles\/el-legado-de-estilo-de-audrey-hepburn-sigue-vive-este-verano\/\" \/>\n<meta property=\"og:site_name\" content=\"Grazia M\u00e9xico y Latinoam\u00e9rica\" \/>\n<meta property=\"article:modified_time\" content=\"2025-08-08T17:27:17+00:00\" \/>\n<meta property=\"og:image\" content=\"https:\/\/graziamagazine.com\/mx\/wp-content\/uploads\/sites\/13\/2025\/08\/755.jpg\" \/>\n\t<meta property=\"og:image:width\" content=\"692\" \/>\n\t<meta property=\"og:image:height\" content=\"397\" \/>\n\t<meta property=\"og:image:type\" content=\"image\/jpeg\" \/>\n<meta name=\"twitter:card\" content=\"summary_large_image\" \/>\n<meta name=\"twitter:label1\" content=\"Est. reading time\" \/>\n\t<meta name=\"twitter:data1\" content=\"3 minutos\" \/>\n<script type=\"application\/ld+json\" class=\"yoast-schema-graph\">{\"@context\":\"https:\/\/schema.org\",\"@graph\":[{\"@type\":\"WebPage\",\"@id\":\"https:\/\/graziamagazine.com\/mx\/articles\/el-legado-de-estilo-de-audrey-hepburn-sigue-vive-este-verano\/\",\"url\":\"https:\/\/graziamagazine.com\/mx\/articles\/el-legado-de-estilo-de-audrey-hepburn-sigue-vive-este-verano\/\",\"name\":\"El legado de estilo de Audrey Hepburn sigue vive este verano\",\"isPartOf\":{\"@id\":\"https:\/\/graziamagazine.com\/mx\/#website\"},\"datePublished\":\"2025-08-08T17:25:12+00:00\",\"dateModified\":\"2025-08-08T17:27:17+00:00\",\"description\":\"Hay iconos de moda que desaf\u00edan el paso del tiempo y Audrey Hepburn es, sin duda, una de ellas. Su elegancia, su estilo impecable y su capacidad para\",\"breadcrumb\":{\"@id\":\"https:\/\/graziamagazine.com\/mx\/articles\/el-legado-de-estilo-de-audrey-hepburn-sigue-vive-este-verano\/#breadcrumb\"},\"inLanguage\":\"es-MX\",\"potentialAction\":[{\"@type\":\"ReadAction\",\"target\":[\"https:\/\/graziamagazine.com\/mx\/articles\/el-legado-de-estilo-de-audrey-hepburn-sigue-vive-este-verano\/\"]}]},{\"@type\":\"BreadcrumbList\",\"@id\":\"https:\/\/graziamagazine.com\/mx\/articles\/el-legado-de-estilo-de-audrey-hepburn-sigue-vive-este-verano\/#breadcrumb\",\"itemListElement\":[{\"@type\":\"ListItem\",\"position\":1,\"name\":\"Home\",\"item\":\"https:\/\/graziamagazine.com\/mx\/\"},{\"@type\":\"ListItem\",\"position\":2,\"name\":\"El legado de estilo de Audrey Hepburn sigue vive este verano\"}]},{\"@type\":\"WebSite\",\"@id\":\"https:\/\/graziamagazine.com\/mx\/#website\",\"url\":\"https:\/\/graziamagazine.com\/mx\/\",\"name\":\"Grazia M\u00e9xico y Latinoam\u00e9rica\",\"description\":\"Grazia es moda, belleza y noticias  de actualidad \",\"potentialAction\":[{\"@type\":\"SearchAction\",\"target\":{\"@type\":\"EntryPoint\",\"urlTemplate\":\"https:\/\/graziamagazine.com\/mx\/?s={search_term_string}\"},\"query-input\":\"required name=search_term_string\"}],\"inLanguage\":\"es-MX\"}]}<\/script>\n<!-- \/ Yoast SEO Premium plugin. -->","yoast_head_json":{"title":"El legado de estilo de Audrey Hepburn sigue vive este verano","description":"Hay iconos de moda que desaf\u00edan el paso del tiempo y Audrey Hepburn es, sin duda, una de ellas. Su elegancia, su estilo impecable y su capacidad para","robots":{"index":"index","follow":"follow","max-snippet":"max-snippet:-1","max-image-preview":"max-image-preview:large","max-video-preview":"max-video-preview:-1"},"canonical":"https:\/\/graziamagazine.com\/mx\/articles\/el-legado-de-estilo-de-audrey-hepburn-sigue-vive-este-verano\/","og_locale":"es_MX","og_type":"article","og_title":"El legado de estilo de Audrey Hepburn sigue vive este verano","og_description":"Hay iconos de moda que desaf\u00edan el paso del tiempo y Audrey Hepburn es, sin duda, una de ellas. Su elegancia, su estilo impecable y su capacidad para","og_url":"https:\/\/graziamagazine.com\/mx\/articles\/el-legado-de-estilo-de-audrey-hepburn-sigue-vive-este-verano\/","og_site_name":"Grazia M\u00e9xico y Latinoam\u00e9rica","article_modified_time":"2025-08-08T17:27:17+00:00","og_image":[{"width":692,"height":397,"url":"https:\/\/graziamagazine.com\/mx\/wp-content\/uploads\/sites\/13\/2025\/08\/755.jpg","type":"image\/jpeg"}],"twitter_card":"summary_large_image","twitter_misc":{"Est. reading time":"3 minutos"},"schema":{"@context":"https:\/\/schema.org","@graph":[{"@type":"WebPage","@id":"https:\/\/graziamagazine.com\/mx\/articles\/el-legado-de-estilo-de-audrey-hepburn-sigue-vive-este-verano\/","url":"https:\/\/graziamagazine.com\/mx\/articles\/el-legado-de-estilo-de-audrey-hepburn-sigue-vive-este-verano\/","name":"El legado de estilo de Audrey Hepburn sigue vive este verano","isPartOf":{"@id":"https:\/\/graziamagazine.com\/mx\/#website"},"datePublished":"2025-08-08T17:25:12+00:00","dateModified":"2025-08-08T17:27:17+00:00","description":"Hay iconos de moda que desaf\u00edan el paso del tiempo y Audrey Hepburn es, sin duda, una de ellas. Su elegancia, su estilo impecable y su capacidad para","breadcrumb":{"@id":"https:\/\/graziamagazine.com\/mx\/articles\/el-legado-de-estilo-de-audrey-hepburn-sigue-vive-este-verano\/#breadcrumb"},"inLanguage":"es-MX","potentialAction":[{"@type":"ReadAction","target":["https:\/\/graziamagazine.com\/mx\/articles\/el-legado-de-estilo-de-audrey-hepburn-sigue-vive-este-verano\/"]}]},{"@type":"BreadcrumbList","@id":"https:\/\/graziamagazine.com\/mx\/articles\/el-legado-de-estilo-de-audrey-hepburn-sigue-vive-este-verano\/#breadcrumb","itemListElement":[{"@type":"ListItem","position":1,"name":"Home","item":"https:\/\/graziamagazine.com\/mx\/"},{"@type":"ListItem","position":2,"name":"El legado de estilo de Audrey Hepburn sigue vive este verano"}]},{"@type":"WebSite","@id":"https:\/\/graziamagazine.com\/mx\/#website","url":"https:\/\/graziamagazine.com\/mx\/","name":"Grazia M\u00e9xico y Latinoam\u00e9rica","description":"Grazia es moda, belleza y noticias  de actualidad ","potentialAction":[{"@type":"SearchAction","target":{"@type":"EntryPoint","urlTemplate":"https:\/\/graziamagazine.com\/mx\/?s={search_term_string}"},"query-input":"required name=search_term_string"}],"inLanguage":"es-MX"}]}},"jetpack_sharing_enabled":true,"distributor_meta":false,"distributor_terms":false,"distributor_media":false,"distributor_original_site_name":"Grazia M\u00e9xico y Latinoam\u00e9rica","distributor_original_site_url":"https:\/\/graziamagazine.com\/mx","push-errors":false,"_links":{"self":[{"href":"https:\/\/graziamagazine.com\/mx\/wp-json\/wp\/v2\/articles\/154385"}],"collection":[{"href":"https:\/\/graziamagazine.com\/mx\/wp-json\/wp\/v2\/articles"}],"about":[{"href":"https:\/\/graziamagazine.com\/mx\/wp-json\/wp\/v2\/types\/articles"}],"author":[{"embeddable":true,"href":"https:\/\/graziamagazine.com\/mx\/wp-json\/wp\/v2\/users\/11628"}],"wp:featuredmedia":[{"embeddable":true,"href":"https:\/\/graziamagazine.com\/mx\/wp-json\/wp\/v2\/media\/154387"}],"wp:attachment":[{"href":"https:\/\/graziamagazine.com\/mx\/wp-json\/wp\/v2\/media?parent=154385"}],"wp:term":[{"taxonomy":"category","embeddable":true,"href":"https:\/\/graziamagazine.com\/mx\/wp-json\/wp\/v2\/categories?post=154385"}],"curies":[{"name":"wp","href":"https:\/\/api.w.org\/{rel}","templated":true}]}}