{"id":154326,"date":"2025-08-07T10:42:51","date_gmt":"2025-08-07T15:42:51","guid":{"rendered":"https:\/\/graziamagazine.com\/mx\/?post_type=articles&#038;p=154326"},"modified":"2025-08-08T14:30:24","modified_gmt":"2025-08-08T19:30:24","slug":"arte-y-moda-llegan-a-la-casa-estudio-de-carla-fernandez-y-pedro-reyes","status":"publish","type":"articles","link":"https:\/\/graziamagazine.com\/mx\/articles\/arte-y-moda-llegan-a-la-casa-estudio-de-carla-fernandez-y-pedro-reyes\/","title":{"rendered":"Arte y moda llegan a la casa-estudio de Carla Fern\u00e1ndez y Pedro Reyes"},"content":{"rendered":"<p>Las calles de Coyoac\u00e1n guardan muchos secretos y sorpresas, y uno de los m\u00e1s atractivos es la casa-estudio donde habitan dos figuras del talento mexicano m\u00e1s importantes en los \u00faltimos a\u00f1os. Carla Fern\u00e1ndez y Pedro Reyes abrieron sus puertas para presentar la colecci\u00f3n de moda y joyer\u00eda de la dise\u00f1adora, donde se reunieron distintos perfiles para celebrar esta \u00edntima ocasi\u00f3n. Adem\u00e1s del arte y el aspecto\u00a0<em>fashion,\u00a0<\/em>la velada culmin\u00f3 en una cena del restaurante Harry&#8217;s a cargo del chef Pedro Abascal.<\/p>\n<figure id=\"attachment_154343\" aria-describedby=\"caption-attachment-154343\" style=\"width: 1280px\" class=\"wp-caption alignnone\"><img loading=\"lazy\" decoding=\"async\" class=\"wp-image-154343 size-full\" src=\"https:\/\/graziamagazine.com\/mx\/wp-content\/uploads\/sites\/13\/2025\/08\/arte-y-moda-llegan-a-la-casa-estudio-de-carla-fernandez-y-pedro-reyes-1.jpg\" alt=\"Arte y moda llegan a la casa-estudio de Carla Fern\u00e1ndez y Pedro Reyes\" width=\"1280\" height=\"720\" srcset=\"https:\/\/graziamagazine.com\/mx\/wp-content\/uploads\/sites\/13\/2025\/08\/arte-y-moda-llegan-a-la-casa-estudio-de-carla-fernandez-y-pedro-reyes-1.jpg 1280w, https:\/\/graziamagazine.com\/mx\/wp-content\/uploads\/sites\/13\/2025\/08\/arte-y-moda-llegan-a-la-casa-estudio-de-carla-fernandez-y-pedro-reyes-1-450x253.jpg 450w, https:\/\/graziamagazine.com\/mx\/wp-content\/uploads\/sites\/13\/2025\/08\/arte-y-moda-llegan-a-la-casa-estudio-de-carla-fernandez-y-pedro-reyes-1-1024x576.jpg 1024w, https:\/\/graziamagazine.com\/mx\/wp-content\/uploads\/sites\/13\/2025\/08\/arte-y-moda-llegan-a-la-casa-estudio-de-carla-fernandez-y-pedro-reyes-1-768x432.jpg 768w, https:\/\/graziamagazine.com\/mx\/wp-content\/uploads\/sites\/13\/2025\/08\/arte-y-moda-llegan-a-la-casa-estudio-de-carla-fernandez-y-pedro-reyes-1-400x225.jpg 400w, https:\/\/graziamagazine.com\/mx\/wp-content\/uploads\/sites\/13\/2025\/08\/arte-y-moda-llegan-a-la-casa-estudio-de-carla-fernandez-y-pedro-reyes-1-155x87.jpg 155w\" sizes=\"(max-width: 1280px) 100vw, 1280px\" \/><figcaption id=\"caption-attachment-154343\" class=\"wp-caption-text\">Foto: Marco Guti\u00e9rrez<\/figcaption><\/figure>\n<h2>La colecci\u00f3n de Carla Fern\u00e1ndez<\/h2>\n<p>Carla es una de las mentes m\u00e1s apasionadas por los textiles, co un estilo vanguardista que ha inspirado a las audiencias en todo el mundo. Y los dos showrooms presentes no fueron la excepci\u00f3n: luci\u00f3 en exhibici\u00f3n la mezcla siluetas modulares, bordados artesanales y texturas vibrantes que celebran el cuerpo en libertad. Y como ella afirma, &#8220;es dise\u00f1o que honra el pasado mientras baila hacia el futuro&#8221;.<\/p>\n<p>Estaba presente la colecci\u00f3n Diva, de Carla Fern\u00e1ndez Casa de Moda, &#8220;un homenaje glamuroso y emocional a cuatro \u00edconos de la m\u00fasica que desafiaron los l\u00edmites de la moda y la identidad: Juan Gabriel, Elvis, David Bowie y Cher&#8221;. Estas prendas invitan a crear personajes y unicersos para habitar el cuerpo y la moda con valent\u00eda y feminidad.<\/p>\n<figure id=\"attachment_154345\" aria-describedby=\"caption-attachment-154345\" style=\"width: 1280px\" class=\"wp-caption alignnone\"><img loading=\"lazy\" decoding=\"async\" class=\"wp-image-154345 size-full\" src=\"https:\/\/graziamagazine.com\/mx\/wp-content\/uploads\/sites\/13\/2025\/08\/arte-y-moda-llegan-a-la-casa-estudio-de-carla-fernandez-y-pedro-reyes-3.jpg\" alt=\"Arte y moda llegan a la casa-estudio de Carla Fern\u00e1ndez y Pedro Reyes\" width=\"1280\" height=\"720\" srcset=\"https:\/\/graziamagazine.com\/mx\/wp-content\/uploads\/sites\/13\/2025\/08\/arte-y-moda-llegan-a-la-casa-estudio-de-carla-fernandez-y-pedro-reyes-3.jpg 1280w, https:\/\/graziamagazine.com\/mx\/wp-content\/uploads\/sites\/13\/2025\/08\/arte-y-moda-llegan-a-la-casa-estudio-de-carla-fernandez-y-pedro-reyes-3-450x253.jpg 450w, https:\/\/graziamagazine.com\/mx\/wp-content\/uploads\/sites\/13\/2025\/08\/arte-y-moda-llegan-a-la-casa-estudio-de-carla-fernandez-y-pedro-reyes-3-1024x576.jpg 1024w, https:\/\/graziamagazine.com\/mx\/wp-content\/uploads\/sites\/13\/2025\/08\/arte-y-moda-llegan-a-la-casa-estudio-de-carla-fernandez-y-pedro-reyes-3-768x432.jpg 768w, https:\/\/graziamagazine.com\/mx\/wp-content\/uploads\/sites\/13\/2025\/08\/arte-y-moda-llegan-a-la-casa-estudio-de-carla-fernandez-y-pedro-reyes-3-400x225.jpg 400w, https:\/\/graziamagazine.com\/mx\/wp-content\/uploads\/sites\/13\/2025\/08\/arte-y-moda-llegan-a-la-casa-estudio-de-carla-fernandez-y-pedro-reyes-3-155x87.jpg 155w\" sizes=\"(max-width: 1280px) 100vw, 1280px\" \/><figcaption id=\"caption-attachment-154345\" class=\"wp-caption-text\">Foto: Marco Guti\u00e9rrez<\/figcaption><\/figure>\n<p>Abrigos, capas y camisas deslumbraron con distintas t\u00e9cnicas: el abrigo Capisayo (abrigo largo con bolsillos rect\u00e1ngulares de parche en costados, manga larga tipo globo, pu\u00f1o con tiras para amarrar, hombros amplios y escote fruncido con tiras para amarrar) y el abrigo Priscilla (de manga amplia con dise\u00f1o de tigre y zebra), una chamarra tipo bomber en color dorado hecha de viscosa o la impresionante capa Elvis con escote tipo &#8220;V&#8221; (tiene un par de bolsillos al frente y mangas curvas tipo escudo, y adem\u00e1s est\u00e1 dise\u00f1ada con elegantes dise\u00f1os de piel en la parte trasera y los costados).<\/p>\n<figure id=\"attachment_154351\" aria-describedby=\"caption-attachment-154351\" style=\"width: 900px\" class=\"wp-caption alignnone\"><img loading=\"lazy\" decoding=\"async\" class=\"wp-image-154351 size-full\" src=\"https:\/\/graziamagazine.com\/mx\/wp-content\/uploads\/sites\/13\/2025\/08\/arte-y-moda-llegan-a-la-casa-estudio-de-carla-fernandez-y-pedro-reyes-11.jpg\" alt=\"Arte y moda llegan a la casa-estudio de Carla Fern\u00e1ndez y Pedro Reyes\" width=\"900\" height=\"1200\" srcset=\"https:\/\/graziamagazine.com\/mx\/wp-content\/uploads\/sites\/13\/2025\/08\/arte-y-moda-llegan-a-la-casa-estudio-de-carla-fernandez-y-pedro-reyes-11.jpg 900w, https:\/\/graziamagazine.com\/mx\/wp-content\/uploads\/sites\/13\/2025\/08\/arte-y-moda-llegan-a-la-casa-estudio-de-carla-fernandez-y-pedro-reyes-11-338x450.jpg 338w, https:\/\/graziamagazine.com\/mx\/wp-content\/uploads\/sites\/13\/2025\/08\/arte-y-moda-llegan-a-la-casa-estudio-de-carla-fernandez-y-pedro-reyes-11-768x1024.jpg 768w, https:\/\/graziamagazine.com\/mx\/wp-content\/uploads\/sites\/13\/2025\/08\/arte-y-moda-llegan-a-la-casa-estudio-de-carla-fernandez-y-pedro-reyes-11-400x533.jpg 400w, https:\/\/graziamagazine.com\/mx\/wp-content\/uploads\/sites\/13\/2025\/08\/arte-y-moda-llegan-a-la-casa-estudio-de-carla-fernandez-y-pedro-reyes-11-155x207.jpg 155w\" sizes=\"(max-width: 900px) 100vw, 900px\" \/><figcaption id=\"caption-attachment-154351\" class=\"wp-caption-text\">Foto: Marco Guti\u00e9rrez<\/figcaption><\/figure>\n<figure id=\"attachment_154350\" aria-describedby=\"caption-attachment-154350\" style=\"width: 900px\" class=\"wp-caption alignnone\"><img loading=\"lazy\" decoding=\"async\" class=\"wp-image-154350 size-full\" src=\"https:\/\/graziamagazine.com\/mx\/wp-content\/uploads\/sites\/13\/2025\/08\/arte-y-moda-llegan-a-la-casa-estudio-de-carla-fernandez-y-pedro-reyes-10.jpg\" alt=\"Arte y moda llegan a la casa-estudio de Carla Fern\u00e1ndez y Pedro Reyes\" width=\"900\" height=\"1200\" srcset=\"https:\/\/graziamagazine.com\/mx\/wp-content\/uploads\/sites\/13\/2025\/08\/arte-y-moda-llegan-a-la-casa-estudio-de-carla-fernandez-y-pedro-reyes-10.jpg 900w, https:\/\/graziamagazine.com\/mx\/wp-content\/uploads\/sites\/13\/2025\/08\/arte-y-moda-llegan-a-la-casa-estudio-de-carla-fernandez-y-pedro-reyes-10-338x450.jpg 338w, https:\/\/graziamagazine.com\/mx\/wp-content\/uploads\/sites\/13\/2025\/08\/arte-y-moda-llegan-a-la-casa-estudio-de-carla-fernandez-y-pedro-reyes-10-768x1024.jpg 768w, https:\/\/graziamagazine.com\/mx\/wp-content\/uploads\/sites\/13\/2025\/08\/arte-y-moda-llegan-a-la-casa-estudio-de-carla-fernandez-y-pedro-reyes-10-400x533.jpg 400w, https:\/\/graziamagazine.com\/mx\/wp-content\/uploads\/sites\/13\/2025\/08\/arte-y-moda-llegan-a-la-casa-estudio-de-carla-fernandez-y-pedro-reyes-10-155x207.jpg 155w\" sizes=\"(max-width: 900px) 100vw, 900px\" \/><figcaption id=\"caption-attachment-154350\" class=\"wp-caption-text\">Foto: Marco Guti\u00e9rrez<\/figcaption><\/figure>\n<figure id=\"attachment_154349\" aria-describedby=\"caption-attachment-154349\" style=\"width: 900px\" class=\"wp-caption alignnone\"><img loading=\"lazy\" decoding=\"async\" class=\"wp-image-154349 size-full\" src=\"https:\/\/graziamagazine.com\/mx\/wp-content\/uploads\/sites\/13\/2025\/08\/arte-y-moda-llegan-a-la-casa-estudio-de-carla-fernandez-y-pedro-reyes-9.jpg\" alt=\"Arte y moda llegan a la casa-estudio de Carla Fern\u00e1ndez y Pedro Reyes\" width=\"900\" height=\"1200\" srcset=\"https:\/\/graziamagazine.com\/mx\/wp-content\/uploads\/sites\/13\/2025\/08\/arte-y-moda-llegan-a-la-casa-estudio-de-carla-fernandez-y-pedro-reyes-9.jpg 900w, https:\/\/graziamagazine.com\/mx\/wp-content\/uploads\/sites\/13\/2025\/08\/arte-y-moda-llegan-a-la-casa-estudio-de-carla-fernandez-y-pedro-reyes-9-338x450.jpg 338w, https:\/\/graziamagazine.com\/mx\/wp-content\/uploads\/sites\/13\/2025\/08\/arte-y-moda-llegan-a-la-casa-estudio-de-carla-fernandez-y-pedro-reyes-9-768x1024.jpg 768w, https:\/\/graziamagazine.com\/mx\/wp-content\/uploads\/sites\/13\/2025\/08\/arte-y-moda-llegan-a-la-casa-estudio-de-carla-fernandez-y-pedro-reyes-9-400x533.jpg 400w, https:\/\/graziamagazine.com\/mx\/wp-content\/uploads\/sites\/13\/2025\/08\/arte-y-moda-llegan-a-la-casa-estudio-de-carla-fernandez-y-pedro-reyes-9-155x207.jpg 155w\" sizes=\"(max-width: 900px) 100vw, 900px\" \/><figcaption id=\"caption-attachment-154349\" class=\"wp-caption-text\">Foto: Marco Guti\u00e9rrez<\/figcaption><\/figure>\n<p>Tampoco pod\u00eda faltar los accesorios, con los bolsos Tecuan \u2014hechos a mano con piel e inspirada en las m\u00e1scaras tecu\u00e1n; as costuras son visibles y hechas con hilo algod\u00f3n, los ojos son espejos y los bigotes y cejas est\u00e1n hechos de pelos de jabal\u00ed\u2014, y variedad de aretes tejidos y con chaquira.<\/p>\n<p>Al centro de la casa, sobre una mesa, yac\u00edan las colecciones especiales de joyer\u00eda: la colecci\u00f3n Ellena y la del Museo Belber en Oaxaca. &#8220;En el Museo Belver, en la ciudad de Oaxaca, tenemos una colecci\u00f3n de todos los exposiciones de plata en M\u00e9xico, desde 1931 con Fred Davis y William Spratwick, hasta Antonio Pineda, los Margo de Tasco&#8221;, nos explic\u00f3 Natalia, directora del museo. Con las piezas de Carla, &#8220;manejamos amatista, manejamos jade, lapizla azul\u00ed, onyx, oxidiana, en este caso concha y cobre&#8221;.<\/p>\n<h2>Una velada en la casa-estudio de Carla Fern\u00e1ndez y Pedro Reyes<\/h2>\n<p>Como parte de la 3ra edici\u00f3n de SIMPOSIA | EMPOWERING tra\u00eddo por FMG Comms &amp; Culture, este venue lleno de vida y su p\u00fablico <span style=\"font-weight: 400\">reconocieron a una de las dise\u00f1adoras m\u00e1s importantes de M\u00e9xico, Carla Fern\u00e1ndez, quien ha logrado preservar y enaltecer la cultura mexicana a trav\u00e9s de los textiles, por todo el mundo.<\/span><\/p>\n<p><img loading=\"lazy\" decoding=\"async\" class=\"alignnone wp-image-154346 size-full\" src=\"https:\/\/graziamagazine.com\/mx\/wp-content\/uploads\/sites\/13\/2025\/08\/arte-y-moda-llegan-a-la-casa-estudio-de-carla-fernandez-y-pedro-reyes-4.jpg\" alt=\"Arte y moda llegan a la casa-estudio de Carla Fern\u00e1ndez y Pedro Reyes\" width=\"1280\" height=\"720\" srcset=\"https:\/\/graziamagazine.com\/mx\/wp-content\/uploads\/sites\/13\/2025\/08\/arte-y-moda-llegan-a-la-casa-estudio-de-carla-fernandez-y-pedro-reyes-4.jpg 1280w, https:\/\/graziamagazine.com\/mx\/wp-content\/uploads\/sites\/13\/2025\/08\/arte-y-moda-llegan-a-la-casa-estudio-de-carla-fernandez-y-pedro-reyes-4-450x253.jpg 450w, https:\/\/graziamagazine.com\/mx\/wp-content\/uploads\/sites\/13\/2025\/08\/arte-y-moda-llegan-a-la-casa-estudio-de-carla-fernandez-y-pedro-reyes-4-1024x576.jpg 1024w, https:\/\/graziamagazine.com\/mx\/wp-content\/uploads\/sites\/13\/2025\/08\/arte-y-moda-llegan-a-la-casa-estudio-de-carla-fernandez-y-pedro-reyes-4-768x432.jpg 768w, https:\/\/graziamagazine.com\/mx\/wp-content\/uploads\/sites\/13\/2025\/08\/arte-y-moda-llegan-a-la-casa-estudio-de-carla-fernandez-y-pedro-reyes-4-400x225.jpg 400w, https:\/\/graziamagazine.com\/mx\/wp-content\/uploads\/sites\/13\/2025\/08\/arte-y-moda-llegan-a-la-casa-estudio-de-carla-fernandez-y-pedro-reyes-4-155x87.jpg 155w\" sizes=\"(max-width: 1280px) 100vw, 1280px\" \/><\/p>\n<p>SIMPOSIA como plataforma, crea una serie de experiencias cuidadosamente curadas que act\u00faan como catalizadores de cambio. En cada edici\u00f3n, se propicia un entorno \u00edntimo, aut\u00e9ntico y multisensorial, que impulsa sinergias entre agentes de cambio de distintos sectores, fortaleciendo sus conexiones desde la autenticidad y la inspiraci\u00f3n. Y Harry\u2019s, de Grupo Anderson\u2019s, sum\u00f3 talento y sabor al evento mediante una cena inolvidable, donde los invitados degustaron en una exclusiva vajilla proporcionada por Firenze Porcelanato Arquitectonico, para concluir en un espacio fluido donde el di\u00e1logo, la colaboraci\u00f3n y el networking florecieron de forma org\u00e1nica.<\/p>\n<figure id=\"attachment_154348\" aria-describedby=\"caption-attachment-154348\" style=\"width: 900px\" class=\"wp-caption alignnone\"><img loading=\"lazy\" decoding=\"async\" class=\"wp-image-154348 size-full\" src=\"https:\/\/graziamagazine.com\/mx\/wp-content\/uploads\/sites\/13\/2025\/08\/arte-y-moda-llegan-a-la-casa-estudio-de-carla-fernandez-y-pedro-reyes-8.jpg\" alt=\"Arte y moda llegan a la casa-estudio de Carla Fern\u00e1ndez y Pedro Reyes\" width=\"900\" height=\"1200\" srcset=\"https:\/\/graziamagazine.com\/mx\/wp-content\/uploads\/sites\/13\/2025\/08\/arte-y-moda-llegan-a-la-casa-estudio-de-carla-fernandez-y-pedro-reyes-8.jpg 900w, https:\/\/graziamagazine.com\/mx\/wp-content\/uploads\/sites\/13\/2025\/08\/arte-y-moda-llegan-a-la-casa-estudio-de-carla-fernandez-y-pedro-reyes-8-338x450.jpg 338w, https:\/\/graziamagazine.com\/mx\/wp-content\/uploads\/sites\/13\/2025\/08\/arte-y-moda-llegan-a-la-casa-estudio-de-carla-fernandez-y-pedro-reyes-8-768x1024.jpg 768w, https:\/\/graziamagazine.com\/mx\/wp-content\/uploads\/sites\/13\/2025\/08\/arte-y-moda-llegan-a-la-casa-estudio-de-carla-fernandez-y-pedro-reyes-8-400x533.jpg 400w, https:\/\/graziamagazine.com\/mx\/wp-content\/uploads\/sites\/13\/2025\/08\/arte-y-moda-llegan-a-la-casa-estudio-de-carla-fernandez-y-pedro-reyes-8-155x207.jpg 155w\" sizes=\"(max-width: 900px) 100vw, 900px\" \/><figcaption id=\"caption-attachment-154348\" class=\"wp-caption-text\">Foto: Marco Guti\u00e9rrez<\/figcaption><\/figure>\n<figure id=\"attachment_154347\" aria-describedby=\"caption-attachment-154347\" style=\"width: 900px\" class=\"wp-caption alignnone\"><img loading=\"lazy\" decoding=\"async\" class=\"wp-image-154347 size-full\" src=\"https:\/\/graziamagazine.com\/mx\/wp-content\/uploads\/sites\/13\/2025\/08\/arte-y-moda-llegan-a-la-casa-estudio-de-carla-fernandez-y-pedro-reyes-6.jpg\" alt=\"Arte y moda llegan a la casa-estudio de Carla Fern\u00e1ndez y Pedro Reyes\" width=\"900\" height=\"1200\" srcset=\"https:\/\/graziamagazine.com\/mx\/wp-content\/uploads\/sites\/13\/2025\/08\/arte-y-moda-llegan-a-la-casa-estudio-de-carla-fernandez-y-pedro-reyes-6.jpg 900w, https:\/\/graziamagazine.com\/mx\/wp-content\/uploads\/sites\/13\/2025\/08\/arte-y-moda-llegan-a-la-casa-estudio-de-carla-fernandez-y-pedro-reyes-6-338x450.jpg 338w, https:\/\/graziamagazine.com\/mx\/wp-content\/uploads\/sites\/13\/2025\/08\/arte-y-moda-llegan-a-la-casa-estudio-de-carla-fernandez-y-pedro-reyes-6-768x1024.jpg 768w, https:\/\/graziamagazine.com\/mx\/wp-content\/uploads\/sites\/13\/2025\/08\/arte-y-moda-llegan-a-la-casa-estudio-de-carla-fernandez-y-pedro-reyes-6-400x533.jpg 400w, https:\/\/graziamagazine.com\/mx\/wp-content\/uploads\/sites\/13\/2025\/08\/arte-y-moda-llegan-a-la-casa-estudio-de-carla-fernandez-y-pedro-reyes-6-155x207.jpg 155w\" sizes=\"(max-width: 900px) 100vw, 900px\" \/><figcaption id=\"caption-attachment-154347\" class=\"wp-caption-text\">Foto: Marco Guti\u00e9rrez<\/figcaption><\/figure>\n","protected":false},"author":42761,"featured_media":154344,"template":"","format":"standard","categories":[2],"acf":[],"yoast_head":"<!-- This site is optimized with the Yoast SEO Premium plugin v18.5 (Yoast SEO v20.4) - https:\/\/yoast.com\/wordpress\/plugins\/seo\/ -->\n<title>Arte y moda llegan a la casa-estudio de Carla Fern\u00e1ndez y Pedro Reyes | Grazia M\u00e9xico y Latinoam\u00e9rica<\/title>\n<meta name=\"description\" content=\"Las calles de Coyoac\u00e1n guardan muchos secretos y sorpresas, y uno de los m\u00e1s atractivos es la casa-estudio donde habitan dos figuras del talento mexicano\" \/>\n<meta name=\"robots\" content=\"index, follow, max-snippet:-1, max-image-preview:large, max-video-preview:-1\" \/>\n<link rel=\"canonical\" href=\"https:\/\/graziamagazine.com\/mx\/articles\/arte-y-moda-llegan-a-la-casa-estudio-de-carla-fernandez-y-pedro-reyes\/\" \/>\n<meta property=\"og:locale\" content=\"es_MX\" \/>\n<meta property=\"og:type\" content=\"article\" \/>\n<meta property=\"og:title\" content=\"Arte y moda llegan a la casa-estudio de Carla Fern\u00e1ndez y Pedro Reyes\" \/>\n<meta property=\"og:description\" content=\"Las calles de Coyoac\u00e1n guardan muchos secretos y sorpresas, y uno de los m\u00e1s atractivos es la casa-estudio donde habitan dos figuras del talento mexicano\" \/>\n<meta property=\"og:url\" content=\"https:\/\/graziamagazine.com\/mx\/articles\/arte-y-moda-llegan-a-la-casa-estudio-de-carla-fernandez-y-pedro-reyes\/\" \/>\n<meta property=\"og:site_name\" content=\"Grazia M\u00e9xico y Latinoam\u00e9rica\" \/>\n<meta property=\"article:modified_time\" content=\"2025-08-08T19:30:24+00:00\" \/>\n<meta property=\"og:image\" content=\"https:\/\/graziamagazine.com\/mx\/wp-content\/uploads\/sites\/13\/2025\/08\/arte-y-moda-llegan-a-la-casa-estudio-de-carla-fernandez-y-pedro-reyes-2.jpg\" \/>\n\t<meta property=\"og:image:width\" content=\"1280\" \/>\n\t<meta property=\"og:image:height\" content=\"720\" \/>\n\t<meta property=\"og:image:type\" content=\"image\/jpeg\" \/>\n<meta name=\"twitter:card\" content=\"summary_large_image\" \/>\n<meta name=\"twitter:label1\" content=\"Est. reading time\" \/>\n\t<meta name=\"twitter:data1\" content=\"5 minutos\" \/>\n<script type=\"application\/ld+json\" class=\"yoast-schema-graph\">{\"@context\":\"https:\/\/schema.org\",\"@graph\":[{\"@type\":\"WebPage\",\"@id\":\"https:\/\/graziamagazine.com\/mx\/articles\/arte-y-moda-llegan-a-la-casa-estudio-de-carla-fernandez-y-pedro-reyes\/\",\"url\":\"https:\/\/graziamagazine.com\/mx\/articles\/arte-y-moda-llegan-a-la-casa-estudio-de-carla-fernandez-y-pedro-reyes\/\",\"name\":\"Arte y moda llegan a la casa-estudio de Carla Fern\u00e1ndez y Pedro Reyes | Grazia M\u00e9xico y Latinoam\u00e9rica\",\"isPartOf\":{\"@id\":\"https:\/\/graziamagazine.com\/mx\/#website\"},\"datePublished\":\"2025-08-07T15:42:51+00:00\",\"dateModified\":\"2025-08-08T19:30:24+00:00\",\"description\":\"Las calles de Coyoac\u00e1n guardan muchos secretos y sorpresas, y uno de los m\u00e1s atractivos es la casa-estudio donde habitan dos figuras del talento mexicano\",\"breadcrumb\":{\"@id\":\"https:\/\/graziamagazine.com\/mx\/articles\/arte-y-moda-llegan-a-la-casa-estudio-de-carla-fernandez-y-pedro-reyes\/#breadcrumb\"},\"inLanguage\":\"es-MX\",\"potentialAction\":[{\"@type\":\"ReadAction\",\"target\":[\"https:\/\/graziamagazine.com\/mx\/articles\/arte-y-moda-llegan-a-la-casa-estudio-de-carla-fernandez-y-pedro-reyes\/\"]}]},{\"@type\":\"BreadcrumbList\",\"@id\":\"https:\/\/graziamagazine.com\/mx\/articles\/arte-y-moda-llegan-a-la-casa-estudio-de-carla-fernandez-y-pedro-reyes\/#breadcrumb\",\"itemListElement\":[{\"@type\":\"ListItem\",\"position\":1,\"name\":\"Home\",\"item\":\"https:\/\/graziamagazine.com\/mx\/\"},{\"@type\":\"ListItem\",\"position\":2,\"name\":\"Arte y moda llegan a la casa-estudio de Carla Fern\u00e1ndez y Pedro Reyes\"}]},{\"@type\":\"WebSite\",\"@id\":\"https:\/\/graziamagazine.com\/mx\/#website\",\"url\":\"https:\/\/graziamagazine.com\/mx\/\",\"name\":\"Grazia M\u00e9xico y Latinoam\u00e9rica\",\"description\":\"Grazia es moda, belleza y noticias  de actualidad \",\"potentialAction\":[{\"@type\":\"SearchAction\",\"target\":{\"@type\":\"EntryPoint\",\"urlTemplate\":\"https:\/\/graziamagazine.com\/mx\/?s={search_term_string}\"},\"query-input\":\"required name=search_term_string\"}],\"inLanguage\":\"es-MX\"}]}<\/script>\n<!-- \/ Yoast SEO Premium plugin. -->","yoast_head_json":{"title":"Arte y moda llegan a la casa-estudio de Carla Fern\u00e1ndez y Pedro Reyes | Grazia M\u00e9xico y Latinoam\u00e9rica","description":"Las calles de Coyoac\u00e1n guardan muchos secretos y sorpresas, y uno de los m\u00e1s atractivos es la casa-estudio donde habitan dos figuras del talento mexicano","robots":{"index":"index","follow":"follow","max-snippet":"max-snippet:-1","max-image-preview":"max-image-preview:large","max-video-preview":"max-video-preview:-1"},"canonical":"https:\/\/graziamagazine.com\/mx\/articles\/arte-y-moda-llegan-a-la-casa-estudio-de-carla-fernandez-y-pedro-reyes\/","og_locale":"es_MX","og_type":"article","og_title":"Arte y moda llegan a la casa-estudio de Carla Fern\u00e1ndez y Pedro Reyes","og_description":"Las calles de Coyoac\u00e1n guardan muchos secretos y sorpresas, y uno de los m\u00e1s atractivos es la casa-estudio donde habitan dos figuras del talento mexicano","og_url":"https:\/\/graziamagazine.com\/mx\/articles\/arte-y-moda-llegan-a-la-casa-estudio-de-carla-fernandez-y-pedro-reyes\/","og_site_name":"Grazia M\u00e9xico y Latinoam\u00e9rica","article_modified_time":"2025-08-08T19:30:24+00:00","og_image":[{"width":1280,"height":720,"url":"https:\/\/graziamagazine.com\/mx\/wp-content\/uploads\/sites\/13\/2025\/08\/arte-y-moda-llegan-a-la-casa-estudio-de-carla-fernandez-y-pedro-reyes-2.jpg","type":"image\/jpeg"}],"twitter_card":"summary_large_image","twitter_misc":{"Est. reading time":"5 minutos"},"schema":{"@context":"https:\/\/schema.org","@graph":[{"@type":"WebPage","@id":"https:\/\/graziamagazine.com\/mx\/articles\/arte-y-moda-llegan-a-la-casa-estudio-de-carla-fernandez-y-pedro-reyes\/","url":"https:\/\/graziamagazine.com\/mx\/articles\/arte-y-moda-llegan-a-la-casa-estudio-de-carla-fernandez-y-pedro-reyes\/","name":"Arte y moda llegan a la casa-estudio de Carla Fern\u00e1ndez y Pedro Reyes | Grazia M\u00e9xico y Latinoam\u00e9rica","isPartOf":{"@id":"https:\/\/graziamagazine.com\/mx\/#website"},"datePublished":"2025-08-07T15:42:51+00:00","dateModified":"2025-08-08T19:30:24+00:00","description":"Las calles de Coyoac\u00e1n guardan muchos secretos y sorpresas, y uno de los m\u00e1s atractivos es la casa-estudio donde habitan dos figuras del talento mexicano","breadcrumb":{"@id":"https:\/\/graziamagazine.com\/mx\/articles\/arte-y-moda-llegan-a-la-casa-estudio-de-carla-fernandez-y-pedro-reyes\/#breadcrumb"},"inLanguage":"es-MX","potentialAction":[{"@type":"ReadAction","target":["https:\/\/graziamagazine.com\/mx\/articles\/arte-y-moda-llegan-a-la-casa-estudio-de-carla-fernandez-y-pedro-reyes\/"]}]},{"@type":"BreadcrumbList","@id":"https:\/\/graziamagazine.com\/mx\/articles\/arte-y-moda-llegan-a-la-casa-estudio-de-carla-fernandez-y-pedro-reyes\/#breadcrumb","itemListElement":[{"@type":"ListItem","position":1,"name":"Home","item":"https:\/\/graziamagazine.com\/mx\/"},{"@type":"ListItem","position":2,"name":"Arte y moda llegan a la casa-estudio de Carla Fern\u00e1ndez y Pedro Reyes"}]},{"@type":"WebSite","@id":"https:\/\/graziamagazine.com\/mx\/#website","url":"https:\/\/graziamagazine.com\/mx\/","name":"Grazia M\u00e9xico y Latinoam\u00e9rica","description":"Grazia es moda, belleza y noticias  de actualidad ","potentialAction":[{"@type":"SearchAction","target":{"@type":"EntryPoint","urlTemplate":"https:\/\/graziamagazine.com\/mx\/?s={search_term_string}"},"query-input":"required name=search_term_string"}],"inLanguage":"es-MX"}]}},"jetpack_sharing_enabled":true,"distributor_meta":false,"distributor_terms":false,"distributor_media":false,"distributor_original_site_name":"Grazia M\u00e9xico y Latinoam\u00e9rica","distributor_original_site_url":"https:\/\/graziamagazine.com\/mx","push-errors":false,"_links":{"self":[{"href":"https:\/\/graziamagazine.com\/mx\/wp-json\/wp\/v2\/articles\/154326"}],"collection":[{"href":"https:\/\/graziamagazine.com\/mx\/wp-json\/wp\/v2\/articles"}],"about":[{"href":"https:\/\/graziamagazine.com\/mx\/wp-json\/wp\/v2\/types\/articles"}],"author":[{"embeddable":true,"href":"https:\/\/graziamagazine.com\/mx\/wp-json\/wp\/v2\/users\/42761"}],"wp:featuredmedia":[{"embeddable":true,"href":"https:\/\/graziamagazine.com\/mx\/wp-json\/wp\/v2\/media\/154344"}],"wp:attachment":[{"href":"https:\/\/graziamagazine.com\/mx\/wp-json\/wp\/v2\/media?parent=154326"}],"wp:term":[{"taxonomy":"category","embeddable":true,"href":"https:\/\/graziamagazine.com\/mx\/wp-json\/wp\/v2\/categories?post=154326"}],"curies":[{"name":"wp","href":"https:\/\/api.w.org\/{rel}","templated":true}]}}