{"id":153987,"date":"2025-07-31T19:02:09","date_gmt":"2025-08-01T00:02:09","guid":{"rendered":"https:\/\/graziamagazine.com\/mx\/?post_type=articles&#038;p=153987"},"modified":"2025-07-31T19:05:56","modified_gmt":"2025-08-01T00:05:56","slug":"wednesday-temporada-2-estilo-gotico-renacido","status":"publish","type":"articles","link":"https:\/\/graziamagazine.com\/mx\/articles\/wednesday-temporada-2-estilo-gotico-renacido\/","title":{"rendered":"Wednesday Temporada 2: Estilo G\u00f3tico Renacido"},"content":{"rendered":"<p data-start=\"185\" data-end=\"559\">La noche del 29 de julio, Londres se visti\u00f3 de sombra y elegancia para recibir la segunda temporada de <em data-start=\"288\" data-end=\"299\">Wednesday<\/em>, la exitosa serie de Netflix que contin\u00faa fascinando por su est\u00e9tica g\u00f3tica impecable y su poderosa protagonista. El Central Hall Westminster, convertido en un escenario de misterio y sofisticaci\u00f3n, acogi\u00f3 a un elenco que no escatim\u00f3 en dramatismo ni en moda.<\/p>\n<p data-start=\"561\" data-end=\"929\">Jenna Ortega, rostro y alma de esta producci\u00f3n, encabez\u00f3 el evento con una propuesta audaz y magn\u00e9tica. Su vestido firmado por Olivier Theyskens combinaba texturas reptilianas con transparencias sutiles, en una silueta sirena que culminaba en bordes quemados. Un look que, sin duda, marc\u00f3 la pauta est\u00e9tica de la velada: provocador, enigm\u00e1tico y profundamente teatral.<\/p>\n<figure id=\"attachment_153992\" aria-describedby=\"caption-attachment-153992\" style=\"width: 790px\" class=\"wp-caption alignnone\"><img loading=\"lazy\" decoding=\"async\" class=\"size-large wp-image-153992\" src=\"https:\/\/graziamagazine.com\/mx\/wp-content\/uploads\/sites\/13\/2025\/07\/GettyImages-2227790687-790x1024.jpg\" alt=\"Wednesday Temporada 2: Estilo G\u00f3tico Renacido\" width=\"790\" height=\"1024\" srcset=\"https:\/\/graziamagazine.com\/mx\/wp-content\/uploads\/sites\/13\/2025\/07\/GettyImages-2227790687-790x1024.jpg 790w, https:\/\/graziamagazine.com\/mx\/wp-content\/uploads\/sites\/13\/2025\/07\/GettyImages-2227790687-347x450.jpg 347w, https:\/\/graziamagazine.com\/mx\/wp-content\/uploads\/sites\/13\/2025\/07\/GettyImages-2227790687-768x995.jpg 768w, https:\/\/graziamagazine.com\/mx\/wp-content\/uploads\/sites\/13\/2025\/07\/GettyImages-2227790687-1185x1536.jpg 1185w, https:\/\/graziamagazine.com\/mx\/wp-content\/uploads\/sites\/13\/2025\/07\/GettyImages-2227790687-1580x2048.jpg 1580w, https:\/\/graziamagazine.com\/mx\/wp-content\/uploads\/sites\/13\/2025\/07\/GettyImages-2227790687-400x518.jpg 400w, https:\/\/graziamagazine.com\/mx\/wp-content\/uploads\/sites\/13\/2025\/07\/GettyImages-2227790687-155x201.jpg 155w, https:\/\/graziamagazine.com\/mx\/wp-content\/uploads\/sites\/13\/2025\/07\/GettyImages-2227790687-scaled.jpg 1975w\" sizes=\"(max-width: 790px) 100vw, 790px\" \/><figcaption id=\"caption-attachment-153992\" class=\"wp-caption-text\">Wednesday Temporada 2: Estilo G\u00f3tico Renacido<\/figcaption><\/figure>\n<p data-start=\"931\" data-end=\"1366\">La alfombra p\u00farpura un gui\u00f1o visual a la serie fue un desfile de reinterpretaciones contempor\u00e1neas del estilo victoriano, el glamour oscuro y la alta costura g\u00f3tica. Catherine Zeta-Jones reafirm\u00f3 su reinado como Morticia Addams con un dise\u00f1o negro de Elie Saab, cuello alto y espalda descubierta.<\/p>\n<p data-start=\"931\" data-end=\"1366\">Los labios borgo\u00f1a y el peinado perfectamente estructurado completaban una imagen digna de las grandes divas del cine cl\u00e1sico de horror.<\/p>\n<figure id=\"attachment_153990\" aria-describedby=\"caption-attachment-153990\" style=\"width: 725px\" class=\"wp-caption alignnone\"><img loading=\"lazy\" decoding=\"async\" class=\"size-large wp-image-153990\" src=\"https:\/\/graziamagazine.com\/mx\/wp-content\/uploads\/sites\/13\/2025\/07\/GettyImages-2227780209-725x1024.jpg\" alt=\"Wednesday Temporada 2: Estilo G\u00f3tico Renacido\" width=\"725\" height=\"1024\" srcset=\"https:\/\/graziamagazine.com\/mx\/wp-content\/uploads\/sites\/13\/2025\/07\/GettyImages-2227780209-725x1024.jpg 725w, https:\/\/graziamagazine.com\/mx\/wp-content\/uploads\/sites\/13\/2025\/07\/GettyImages-2227780209-318x450.jpg 318w, https:\/\/graziamagazine.com\/mx\/wp-content\/uploads\/sites\/13\/2025\/07\/GettyImages-2227780209-768x1085.jpg 768w, https:\/\/graziamagazine.com\/mx\/wp-content\/uploads\/sites\/13\/2025\/07\/GettyImages-2227780209-1087x1536.jpg 1087w, https:\/\/graziamagazine.com\/mx\/wp-content\/uploads\/sites\/13\/2025\/07\/GettyImages-2227780209-1450x2048.jpg 1450w, https:\/\/graziamagazine.com\/mx\/wp-content\/uploads\/sites\/13\/2025\/07\/GettyImages-2227780209-400x565.jpg 400w, https:\/\/graziamagazine.com\/mx\/wp-content\/uploads\/sites\/13\/2025\/07\/GettyImages-2227780209-152x215.jpg 152w, https:\/\/graziamagazine.com\/mx\/wp-content\/uploads\/sites\/13\/2025\/07\/GettyImages-2227780209-scaled.jpg 1812w\" sizes=\"(max-width: 725px) 100vw, 725px\" \/><figcaption id=\"caption-attachment-153990\" class=\"wp-caption-text\">Wednesday Temporada 2: Estilo G\u00f3tico Renacido<\/figcaption><\/figure>\n<p data-start=\"1368\" data-end=\"1746\">Entre las nuevas incorporaciones, Billie Piper sorprendi\u00f3 con una silueta de inspiraci\u00f3n hist\u00f3rica. Su vestido, obra de Dilara Findikoglu, fusionaba corseter\u00eda, escote profundo y cordones cruzados, revelando una sensualidad que no pierde elegancia. El personaje que interpretar\u00e1 en esta temporada, Isadora Capri, promete intriga y poder, algo que su look anticipaba con acierto.<\/p>\n<p data-start=\"1748\" data-end=\"2070\">Joanna Lumley, icono del cine brit\u00e1nico y ahora la abuela Frump en la serie, apost\u00f3 por la sobriedad teatral: un vestido largo de seda negra acompa\u00f1ado por una capa con bordados plateados. Su sola presencia recordaba que el legado de los Addams siempre ha estado ligado al dramatismo esc\u00e9nico y la sofisticaci\u00f3n atemporal.<\/p>\n<figure id=\"attachment_153989\" aria-describedby=\"caption-attachment-153989\" style=\"width: 683px\" class=\"wp-caption alignnone\"><img loading=\"lazy\" decoding=\"async\" class=\"size-large wp-image-153989\" src=\"https:\/\/graziamagazine.com\/mx\/wp-content\/uploads\/sites\/13\/2025\/07\/GettyImages-2227767569-683x1024.jpg\" alt=\"Wednesday Temporada 2: Estilo G\u00f3tico Renacido\" width=\"683\" height=\"1024\" srcset=\"https:\/\/graziamagazine.com\/mx\/wp-content\/uploads\/sites\/13\/2025\/07\/GettyImages-2227767569-683x1024.jpg 683w, https:\/\/graziamagazine.com\/mx\/wp-content\/uploads\/sites\/13\/2025\/07\/GettyImages-2227767569-300x450.jpg 300w, https:\/\/graziamagazine.com\/mx\/wp-content\/uploads\/sites\/13\/2025\/07\/GettyImages-2227767569-768x1152.jpg 768w, https:\/\/graziamagazine.com\/mx\/wp-content\/uploads\/sites\/13\/2025\/07\/GettyImages-2227767569-1024x1536.jpg 1024w, https:\/\/graziamagazine.com\/mx\/wp-content\/uploads\/sites\/13\/2025\/07\/GettyImages-2227767569-1365x2048.jpg 1365w, https:\/\/graziamagazine.com\/mx\/wp-content\/uploads\/sites\/13\/2025\/07\/GettyImages-2227767569-400x600.jpg 400w, https:\/\/graziamagazine.com\/mx\/wp-content\/uploads\/sites\/13\/2025\/07\/GettyImages-2227767569-143x215.jpg 143w, https:\/\/graziamagazine.com\/mx\/wp-content\/uploads\/sites\/13\/2025\/07\/GettyImages-2227767569-scaled.jpg 1707w\" sizes=\"(max-width: 683px) 100vw, 683px\" \/><figcaption id=\"caption-attachment-153989\" class=\"wp-caption-text\">Wednesday Temporada 2: Estilo G\u00f3tico Renacido<\/figcaption><\/figure>\n<p data-start=\"2072\" data-end=\"2434\">Con una est\u00e9tica cada vez m\u00e1s depurada y una narrativa que evoluciona hacia lo introspectivo, esta nueva entrega de <em data-start=\"2188\" data-end=\"2199\">Wednesday<\/em> no solo promete giros argumentales, sino tambi\u00e9n momentos memorables de moda y estilo. Cada aparici\u00f3n en la alfombra ha sido una declaraci\u00f3n de intenciones, donde el vestuario no solo acompa\u00f1a, sino que potencia el universo narrativo.<\/p>\n<p data-start=\"2436\" data-end=\"2607\">El resultado: una noche donde la ficci\u00f3n se funde con la moda, y <em data-start=\"2501\" data-end=\"2512\">Wednesday<\/em> reafirma su lugar no solo en el streaming, sino tambi\u00e9n en el firmamento de la moda editorial.<\/p>\n<p data-start=\"2436\" data-end=\"2607\">*IMAGEN: Getty Images<\/p>\n","protected":false},"author":28953,"featured_media":153988,"template":"","format":"standard","categories":[4],"acf":[],"yoast_head":"<!-- This site is optimized with the Yoast SEO Premium plugin v18.5 (Yoast SEO v20.4) - https:\/\/yoast.com\/wordpress\/plugins\/seo\/ -->\n<title>Wednesday Temporada 2: Estilo G\u00f3tico Renacido<\/title>\n<meta name=\"description\" content=\"La alfombra roja en Londres redefini\u00f3 el glamour oscuro con un despliegue de looks teatrales, vanguardistas y llenos de car\u00e1cter.\" \/>\n<meta name=\"robots\" content=\"index, follow, max-snippet:-1, max-image-preview:large, max-video-preview:-1\" \/>\n<link rel=\"canonical\" href=\"https:\/\/graziamagazine.com\/mx\/articles\/wednesday-temporada-2-estilo-gotico-renacido\/\" \/>\n<meta property=\"og:locale\" content=\"es_MX\" \/>\n<meta property=\"og:type\" content=\"article\" \/>\n<meta property=\"og:title\" content=\"Wednesday Temporada 2: Estilo G\u00f3tico Renacido\" \/>\n<meta property=\"og:description\" content=\"La alfombra roja en Londres redefini\u00f3 el glamour oscuro con un despliegue de looks teatrales, vanguardistas y llenos de car\u00e1cter.\" \/>\n<meta property=\"og:url\" content=\"https:\/\/graziamagazine.com\/mx\/articles\/wednesday-temporada-2-estilo-gotico-renacido\/\" \/>\n<meta property=\"og:site_name\" content=\"Grazia M\u00e9xico y Latinoam\u00e9rica\" \/>\n<meta property=\"article:modified_time\" content=\"2025-08-01T00:05:56+00:00\" \/>\n<meta property=\"og:image\" content=\"https:\/\/graziamagazine.com\/mx\/wp-content\/uploads\/sites\/13\/2025\/07\/GettyImages-2227790434-scaled.jpg\" \/>\n\t<meta property=\"og:image:width\" content=\"2560\" \/>\n\t<meta property=\"og:image:height\" content=\"1690\" \/>\n\t<meta property=\"og:image:type\" content=\"image\/jpeg\" \/>\n<meta name=\"twitter:card\" content=\"summary_large_image\" \/>\n<meta name=\"twitter:label1\" content=\"Est. reading time\" \/>\n\t<meta name=\"twitter:data1\" content=\"3 minutos\" \/>\n<script type=\"application\/ld+json\" class=\"yoast-schema-graph\">{\"@context\":\"https:\/\/schema.org\",\"@graph\":[{\"@type\":\"WebPage\",\"@id\":\"https:\/\/graziamagazine.com\/mx\/articles\/wednesday-temporada-2-estilo-gotico-renacido\/\",\"url\":\"https:\/\/graziamagazine.com\/mx\/articles\/wednesday-temporada-2-estilo-gotico-renacido\/\",\"name\":\"Wednesday Temporada 2: Estilo G\u00f3tico Renacido\",\"isPartOf\":{\"@id\":\"https:\/\/graziamagazine.com\/mx\/#website\"},\"datePublished\":\"2025-08-01T00:02:09+00:00\",\"dateModified\":\"2025-08-01T00:05:56+00:00\",\"description\":\"La alfombra roja en Londres redefini\u00f3 el glamour oscuro con un despliegue de looks teatrales, vanguardistas y llenos de car\u00e1cter.\",\"breadcrumb\":{\"@id\":\"https:\/\/graziamagazine.com\/mx\/articles\/wednesday-temporada-2-estilo-gotico-renacido\/#breadcrumb\"},\"inLanguage\":\"es-MX\",\"potentialAction\":[{\"@type\":\"ReadAction\",\"target\":[\"https:\/\/graziamagazine.com\/mx\/articles\/wednesday-temporada-2-estilo-gotico-renacido\/\"]}]},{\"@type\":\"BreadcrumbList\",\"@id\":\"https:\/\/graziamagazine.com\/mx\/articles\/wednesday-temporada-2-estilo-gotico-renacido\/#breadcrumb\",\"itemListElement\":[{\"@type\":\"ListItem\",\"position\":1,\"name\":\"Home\",\"item\":\"https:\/\/graziamagazine.com\/mx\/\"},{\"@type\":\"ListItem\",\"position\":2,\"name\":\"Wednesday Temporada 2: Estilo G\u00f3tico Renacido\"}]},{\"@type\":\"WebSite\",\"@id\":\"https:\/\/graziamagazine.com\/mx\/#website\",\"url\":\"https:\/\/graziamagazine.com\/mx\/\",\"name\":\"Grazia M\u00e9xico y Latinoam\u00e9rica\",\"description\":\"Grazia es moda, belleza y noticias  de actualidad \",\"potentialAction\":[{\"@type\":\"SearchAction\",\"target\":{\"@type\":\"EntryPoint\",\"urlTemplate\":\"https:\/\/graziamagazine.com\/mx\/?s={search_term_string}\"},\"query-input\":\"required name=search_term_string\"}],\"inLanguage\":\"es-MX\"}]}<\/script>\n<!-- \/ Yoast SEO Premium plugin. -->","yoast_head_json":{"title":"Wednesday Temporada 2: Estilo G\u00f3tico Renacido","description":"La alfombra roja en Londres redefini\u00f3 el glamour oscuro con un despliegue de looks teatrales, vanguardistas y llenos de car\u00e1cter.","robots":{"index":"index","follow":"follow","max-snippet":"max-snippet:-1","max-image-preview":"max-image-preview:large","max-video-preview":"max-video-preview:-1"},"canonical":"https:\/\/graziamagazine.com\/mx\/articles\/wednesday-temporada-2-estilo-gotico-renacido\/","og_locale":"es_MX","og_type":"article","og_title":"Wednesday Temporada 2: Estilo G\u00f3tico Renacido","og_description":"La alfombra roja en Londres redefini\u00f3 el glamour oscuro con un despliegue de looks teatrales, vanguardistas y llenos de car\u00e1cter.","og_url":"https:\/\/graziamagazine.com\/mx\/articles\/wednesday-temporada-2-estilo-gotico-renacido\/","og_site_name":"Grazia M\u00e9xico y Latinoam\u00e9rica","article_modified_time":"2025-08-01T00:05:56+00:00","og_image":[{"width":2560,"height":1690,"url":"https:\/\/graziamagazine.com\/mx\/wp-content\/uploads\/sites\/13\/2025\/07\/GettyImages-2227790434-scaled.jpg","type":"image\/jpeg"}],"twitter_card":"summary_large_image","twitter_misc":{"Est. reading time":"3 minutos"},"schema":{"@context":"https:\/\/schema.org","@graph":[{"@type":"WebPage","@id":"https:\/\/graziamagazine.com\/mx\/articles\/wednesday-temporada-2-estilo-gotico-renacido\/","url":"https:\/\/graziamagazine.com\/mx\/articles\/wednesday-temporada-2-estilo-gotico-renacido\/","name":"Wednesday Temporada 2: Estilo G\u00f3tico Renacido","isPartOf":{"@id":"https:\/\/graziamagazine.com\/mx\/#website"},"datePublished":"2025-08-01T00:02:09+00:00","dateModified":"2025-08-01T00:05:56+00:00","description":"La alfombra roja en Londres redefini\u00f3 el glamour oscuro con un despliegue de looks teatrales, vanguardistas y llenos de car\u00e1cter.","breadcrumb":{"@id":"https:\/\/graziamagazine.com\/mx\/articles\/wednesday-temporada-2-estilo-gotico-renacido\/#breadcrumb"},"inLanguage":"es-MX","potentialAction":[{"@type":"ReadAction","target":["https:\/\/graziamagazine.com\/mx\/articles\/wednesday-temporada-2-estilo-gotico-renacido\/"]}]},{"@type":"BreadcrumbList","@id":"https:\/\/graziamagazine.com\/mx\/articles\/wednesday-temporada-2-estilo-gotico-renacido\/#breadcrumb","itemListElement":[{"@type":"ListItem","position":1,"name":"Home","item":"https:\/\/graziamagazine.com\/mx\/"},{"@type":"ListItem","position":2,"name":"Wednesday Temporada 2: Estilo G\u00f3tico Renacido"}]},{"@type":"WebSite","@id":"https:\/\/graziamagazine.com\/mx\/#website","url":"https:\/\/graziamagazine.com\/mx\/","name":"Grazia M\u00e9xico y Latinoam\u00e9rica","description":"Grazia es moda, belleza y noticias  de actualidad ","potentialAction":[{"@type":"SearchAction","target":{"@type":"EntryPoint","urlTemplate":"https:\/\/graziamagazine.com\/mx\/?s={search_term_string}"},"query-input":"required name=search_term_string"}],"inLanguage":"es-MX"}]}},"jetpack_sharing_enabled":true,"distributor_meta":false,"distributor_terms":false,"distributor_media":false,"distributor_original_site_name":"Grazia M\u00e9xico y Latinoam\u00e9rica","distributor_original_site_url":"https:\/\/graziamagazine.com\/mx","push-errors":false,"_links":{"self":[{"href":"https:\/\/graziamagazine.com\/mx\/wp-json\/wp\/v2\/articles\/153987"}],"collection":[{"href":"https:\/\/graziamagazine.com\/mx\/wp-json\/wp\/v2\/articles"}],"about":[{"href":"https:\/\/graziamagazine.com\/mx\/wp-json\/wp\/v2\/types\/articles"}],"author":[{"embeddable":true,"href":"https:\/\/graziamagazine.com\/mx\/wp-json\/wp\/v2\/users\/28953"}],"wp:featuredmedia":[{"embeddable":true,"href":"https:\/\/graziamagazine.com\/mx\/wp-json\/wp\/v2\/media\/153988"}],"wp:attachment":[{"href":"https:\/\/graziamagazine.com\/mx\/wp-json\/wp\/v2\/media?parent=153987"}],"wp:term":[{"taxonomy":"category","embeddable":true,"href":"https:\/\/graziamagazine.com\/mx\/wp-json\/wp\/v2\/categories?post=153987"}],"curies":[{"name":"wp","href":"https:\/\/api.w.org\/{rel}","templated":true}]}}