{"id":153612,"date":"2025-07-23T12:15:56","date_gmt":"2025-07-23T17:15:56","guid":{"rendered":"https:\/\/graziamagazine.com\/mx\/?post_type=articles&#038;p=153612"},"modified":"2025-07-23T12:17:23","modified_gmt":"2025-07-23T17:17:23","slug":"riviera-bob-el-corte-de-cabello-que-es-tendencia-este-verano","status":"publish","type":"articles","link":"https:\/\/graziamagazine.com\/mx\/articles\/riviera-bob-el-corte-de-cabello-que-es-tendencia-este-verano\/","title":{"rendered":"\u201cRiviera bob\u201d, el corte de cabello que es tendencia este verano"},"content":{"rendered":"<p><span style=\"font-weight: 400\">Este verano, el estilo franc\u00e9s est\u00e1 invadiendo tanto nuestro cl\u00f3set con vestidos vaporosos y alpargatas coquetas, como nuestras melenas. El corte de cabello que est\u00e1 causando sensaci\u00f3n entre celebridades e influencers es el \u201cRiviera bob\u201d, una versi\u00f3n relajada y muy favorecedora del cl\u00e1sico bob franc\u00e9s, ideal para esta temporada de calor.<\/span><\/p>\n<p><span style=\"font-weight: 400\">Este corte es como el bob tradicional, pero con un giro veraniego que le a\u00f1ade ligereza y soltura. El Riviera bob es un corte ligeramente por encima de los hombros, con puntas desfiladas y movimiento natural, ya que no es perfectamente recto ni demasiado estructurado.<\/span><\/p>\n<p><img loading=\"lazy\" decoding=\"async\" class=\"alignnone size-medium wp-image-153614\" src=\"https:\/\/graziamagazine.com\/mx\/wp-content\/uploads\/sites\/13\/2025\/07\/lil-305x450.jpg\" alt=\"\" width=\"305\" height=\"450\" srcset=\"https:\/\/graziamagazine.com\/mx\/wp-content\/uploads\/sites\/13\/2025\/07\/lil-305x450.jpg 305w, https:\/\/graziamagazine.com\/mx\/wp-content\/uploads\/sites\/13\/2025\/07\/lil-146x215.jpg 146w, https:\/\/graziamagazine.com\/mx\/wp-content\/uploads\/sites\/13\/2025\/07\/lil.jpg 380w\" sizes=\"(max-width: 305px) 100vw, 305px\" \/><\/p>\n<p><span style=\"font-weight: 400\">Se puede usar con capas suaves o con flequillo tipo cortina, o con la raya al centro, y muchas optan por acompa\u00f1arlo con ondas deshechas o textura natural. La clave del look final es que luzca effortless.<\/span><\/p>\n<p><span style=\"font-weight: 400\">Este corte de cabello se ha vuelto muy popular, porque adem\u00e1s de su look relajado, el Riviera bob tiene efecto lifting instant\u00e1neo al despejar el cuello y enmarcar el rostro. Es ideal para el calor, se adapta a todo tipo de cabello y es infinitamente vers\u00e1til.<\/span><\/p>\n<p><img loading=\"lazy\" decoding=\"async\" class=\"alignnone size-medium wp-image-153615\" src=\"https:\/\/graziamagazine.com\/mx\/wp-content\/uploads\/sites\/13\/2025\/07\/mj-1-450x440.jpg\" alt=\"\" width=\"450\" height=\"440\" srcset=\"https:\/\/graziamagazine.com\/mx\/wp-content\/uploads\/sites\/13\/2025\/07\/mj-1-450x440.jpg 450w, https:\/\/graziamagazine.com\/mx\/wp-content\/uploads\/sites\/13\/2025\/07\/mj-1-400x392.jpg 400w, https:\/\/graziamagazine.com\/mx\/wp-content\/uploads\/sites\/13\/2025\/07\/mj-1-155x152.jpg 155w, https:\/\/graziamagazine.com\/mx\/wp-content\/uploads\/sites\/13\/2025\/07\/mj-1.jpg 565w\" sizes=\"(max-width: 450px) 100vw, 450px\" \/><\/p>\n<p><span style=\"font-weight: 400\">Desde Hailey Bieber hasta Sof\u00eda Richie, el Riviera bob ya tiene su club de fans entre las celebridades, quienes lo lucen con un estilizado sutil para esta \u00e9poca del a\u00f1o.<\/span><\/p>\n<p><span style=\"font-weight: 400\">Adem\u00e1s, a diferencia de otros bobs m\u00e1s geom\u00e9tricos, el Riviera bob no necesita visitas constantes al sal\u00f3n. Puedes dejarlo crecer un poco y seguir\u00e1 vi\u00e9ndose bien gracias a su corte relajado. Eso s\u00ed, invierte en buenos productos texturizantes y una crema para puntas, porque el brillo saludable y el movimiento son esenciales.<\/span><\/p>\n<p><img loading=\"lazy\" decoding=\"async\" class=\"alignnone size-full wp-image-153616\" src=\"https:\/\/graziamagazine.com\/mx\/wp-content\/uploads\/sites\/13\/2025\/07\/mj-2.jpg\" alt=\"\" width=\"340\" height=\"435\" srcset=\"https:\/\/graziamagazine.com\/mx\/wp-content\/uploads\/sites\/13\/2025\/07\/mj-2.jpg 340w, https:\/\/graziamagazine.com\/mx\/wp-content\/uploads\/sites\/13\/2025\/07\/mj-2-155x198.jpg 155w\" sizes=\"(max-width: 340px) 100vw, 340px\" \/><\/p>\n","protected":false},"author":11628,"featured_media":153613,"template":"","format":"standard","categories":[3],"acf":[],"yoast_head":"<!-- This site is optimized with the Yoast SEO Premium plugin v18.5 (Yoast SEO v20.4) - https:\/\/yoast.com\/wordpress\/plugins\/seo\/ -->\n<title>\u201cRiviera bob\u201d, el corte de cabello que es tendencia este verano<\/title>\n<meta name=\"description\" content=\"Este verano, el estilo franc\u00e9s est\u00e1 invadiendo tanto nuestro cl\u00f3set con vestidos vaporosos y alpargatas coquetas, como nuestras melenas. El corte de\" \/>\n<meta name=\"robots\" content=\"index, follow, max-snippet:-1, max-image-preview:large, max-video-preview:-1\" \/>\n<link rel=\"canonical\" href=\"https:\/\/graziamagazine.com\/mx\/articles\/riviera-bob-el-corte-de-cabello-que-es-tendencia-este-verano\/\" \/>\n<meta property=\"og:locale\" content=\"es_MX\" \/>\n<meta property=\"og:type\" content=\"article\" \/>\n<meta property=\"og:title\" content=\"\u201cRiviera bob\u201d, el corte de cabello que es tendencia este verano\" \/>\n<meta property=\"og:description\" content=\"Este verano, el estilo franc\u00e9s est\u00e1 invadiendo tanto nuestro cl\u00f3set con vestidos vaporosos y alpargatas coquetas, como nuestras melenas. El corte de\" \/>\n<meta property=\"og:url\" content=\"https:\/\/graziamagazine.com\/mx\/articles\/riviera-bob-el-corte-de-cabello-que-es-tendencia-este-verano\/\" \/>\n<meta property=\"og:site_name\" content=\"Grazia M\u00e9xico y Latinoam\u00e9rica\" \/>\n<meta property=\"article:modified_time\" content=\"2025-07-23T17:17:23+00:00\" \/>\n<meta property=\"og:image\" content=\"https:\/\/graziamagazine.com\/mx\/wp-content\/uploads\/sites\/13\/2025\/07\/juj.jpg\" \/>\n\t<meta property=\"og:image:width\" content=\"755\" \/>\n\t<meta property=\"og:image:height\" content=\"371\" \/>\n\t<meta property=\"og:image:type\" content=\"image\/jpeg\" \/>\n<meta name=\"twitter:card\" content=\"summary_large_image\" \/>\n<meta name=\"twitter:label1\" content=\"Est. reading time\" \/>\n\t<meta name=\"twitter:data1\" content=\"2 minutos\" \/>\n<script type=\"application\/ld+json\" class=\"yoast-schema-graph\">{\"@context\":\"https:\/\/schema.org\",\"@graph\":[{\"@type\":\"WebPage\",\"@id\":\"https:\/\/graziamagazine.com\/mx\/articles\/riviera-bob-el-corte-de-cabello-que-es-tendencia-este-verano\/\",\"url\":\"https:\/\/graziamagazine.com\/mx\/articles\/riviera-bob-el-corte-de-cabello-que-es-tendencia-este-verano\/\",\"name\":\"\u201cRiviera bob\u201d, el corte de cabello que es tendencia este verano\",\"isPartOf\":{\"@id\":\"https:\/\/graziamagazine.com\/mx\/#website\"},\"datePublished\":\"2025-07-23T17:15:56+00:00\",\"dateModified\":\"2025-07-23T17:17:23+00:00\",\"description\":\"Este verano, el estilo franc\u00e9s est\u00e1 invadiendo tanto nuestro cl\u00f3set con vestidos vaporosos y alpargatas coquetas, como nuestras melenas. El corte de\",\"breadcrumb\":{\"@id\":\"https:\/\/graziamagazine.com\/mx\/articles\/riviera-bob-el-corte-de-cabello-que-es-tendencia-este-verano\/#breadcrumb\"},\"inLanguage\":\"es-MX\",\"potentialAction\":[{\"@type\":\"ReadAction\",\"target\":[\"https:\/\/graziamagazine.com\/mx\/articles\/riviera-bob-el-corte-de-cabello-que-es-tendencia-este-verano\/\"]}]},{\"@type\":\"BreadcrumbList\",\"@id\":\"https:\/\/graziamagazine.com\/mx\/articles\/riviera-bob-el-corte-de-cabello-que-es-tendencia-este-verano\/#breadcrumb\",\"itemListElement\":[{\"@type\":\"ListItem\",\"position\":1,\"name\":\"Home\",\"item\":\"https:\/\/graziamagazine.com\/mx\/\"},{\"@type\":\"ListItem\",\"position\":2,\"name\":\"\u201cRiviera bob\u201d, el corte de cabello que es tendencia este verano\"}]},{\"@type\":\"WebSite\",\"@id\":\"https:\/\/graziamagazine.com\/mx\/#website\",\"url\":\"https:\/\/graziamagazine.com\/mx\/\",\"name\":\"Grazia M\u00e9xico y Latinoam\u00e9rica\",\"description\":\"Grazia es moda, belleza y noticias  de actualidad \",\"potentialAction\":[{\"@type\":\"SearchAction\",\"target\":{\"@type\":\"EntryPoint\",\"urlTemplate\":\"https:\/\/graziamagazine.com\/mx\/?s={search_term_string}\"},\"query-input\":\"required name=search_term_string\"}],\"inLanguage\":\"es-MX\"}]}<\/script>\n<!-- \/ Yoast SEO Premium plugin. -->","yoast_head_json":{"title":"\u201cRiviera bob\u201d, el corte de cabello que es tendencia este verano","description":"Este verano, el estilo franc\u00e9s est\u00e1 invadiendo tanto nuestro cl\u00f3set con vestidos vaporosos y alpargatas coquetas, como nuestras melenas. El corte de","robots":{"index":"index","follow":"follow","max-snippet":"max-snippet:-1","max-image-preview":"max-image-preview:large","max-video-preview":"max-video-preview:-1"},"canonical":"https:\/\/graziamagazine.com\/mx\/articles\/riviera-bob-el-corte-de-cabello-que-es-tendencia-este-verano\/","og_locale":"es_MX","og_type":"article","og_title":"\u201cRiviera bob\u201d, el corte de cabello que es tendencia este verano","og_description":"Este verano, el estilo franc\u00e9s est\u00e1 invadiendo tanto nuestro cl\u00f3set con vestidos vaporosos y alpargatas coquetas, como nuestras melenas. El corte de","og_url":"https:\/\/graziamagazine.com\/mx\/articles\/riviera-bob-el-corte-de-cabello-que-es-tendencia-este-verano\/","og_site_name":"Grazia M\u00e9xico y Latinoam\u00e9rica","article_modified_time":"2025-07-23T17:17:23+00:00","og_image":[{"width":755,"height":371,"url":"https:\/\/graziamagazine.com\/mx\/wp-content\/uploads\/sites\/13\/2025\/07\/juj.jpg","type":"image\/jpeg"}],"twitter_card":"summary_large_image","twitter_misc":{"Est. reading time":"2 minutos"},"schema":{"@context":"https:\/\/schema.org","@graph":[{"@type":"WebPage","@id":"https:\/\/graziamagazine.com\/mx\/articles\/riviera-bob-el-corte-de-cabello-que-es-tendencia-este-verano\/","url":"https:\/\/graziamagazine.com\/mx\/articles\/riviera-bob-el-corte-de-cabello-que-es-tendencia-este-verano\/","name":"\u201cRiviera bob\u201d, el corte de cabello que es tendencia este verano","isPartOf":{"@id":"https:\/\/graziamagazine.com\/mx\/#website"},"datePublished":"2025-07-23T17:15:56+00:00","dateModified":"2025-07-23T17:17:23+00:00","description":"Este verano, el estilo franc\u00e9s est\u00e1 invadiendo tanto nuestro cl\u00f3set con vestidos vaporosos y alpargatas coquetas, como nuestras melenas. El corte de","breadcrumb":{"@id":"https:\/\/graziamagazine.com\/mx\/articles\/riviera-bob-el-corte-de-cabello-que-es-tendencia-este-verano\/#breadcrumb"},"inLanguage":"es-MX","potentialAction":[{"@type":"ReadAction","target":["https:\/\/graziamagazine.com\/mx\/articles\/riviera-bob-el-corte-de-cabello-que-es-tendencia-este-verano\/"]}]},{"@type":"BreadcrumbList","@id":"https:\/\/graziamagazine.com\/mx\/articles\/riviera-bob-el-corte-de-cabello-que-es-tendencia-este-verano\/#breadcrumb","itemListElement":[{"@type":"ListItem","position":1,"name":"Home","item":"https:\/\/graziamagazine.com\/mx\/"},{"@type":"ListItem","position":2,"name":"\u201cRiviera bob\u201d, el corte de cabello que es tendencia este verano"}]},{"@type":"WebSite","@id":"https:\/\/graziamagazine.com\/mx\/#website","url":"https:\/\/graziamagazine.com\/mx\/","name":"Grazia M\u00e9xico y Latinoam\u00e9rica","description":"Grazia es moda, belleza y noticias  de actualidad ","potentialAction":[{"@type":"SearchAction","target":{"@type":"EntryPoint","urlTemplate":"https:\/\/graziamagazine.com\/mx\/?s={search_term_string}"},"query-input":"required name=search_term_string"}],"inLanguage":"es-MX"}]}},"jetpack_sharing_enabled":true,"distributor_meta":false,"distributor_terms":false,"distributor_media":false,"distributor_original_site_name":"Grazia M\u00e9xico y Latinoam\u00e9rica","distributor_original_site_url":"https:\/\/graziamagazine.com\/mx","push-errors":false,"_links":{"self":[{"href":"https:\/\/graziamagazine.com\/mx\/wp-json\/wp\/v2\/articles\/153612"}],"collection":[{"href":"https:\/\/graziamagazine.com\/mx\/wp-json\/wp\/v2\/articles"}],"about":[{"href":"https:\/\/graziamagazine.com\/mx\/wp-json\/wp\/v2\/types\/articles"}],"author":[{"embeddable":true,"href":"https:\/\/graziamagazine.com\/mx\/wp-json\/wp\/v2\/users\/11628"}],"wp:featuredmedia":[{"embeddable":true,"href":"https:\/\/graziamagazine.com\/mx\/wp-json\/wp\/v2\/media\/153613"}],"wp:attachment":[{"href":"https:\/\/graziamagazine.com\/mx\/wp-json\/wp\/v2\/media?parent=153612"}],"wp:term":[{"taxonomy":"category","embeddable":true,"href":"https:\/\/graziamagazine.com\/mx\/wp-json\/wp\/v2\/categories?post=153612"}],"curies":[{"name":"wp","href":"https:\/\/api.w.org\/{rel}","templated":true}]}}