{"id":153579,"date":"2025-07-23T11:32:50","date_gmt":"2025-07-23T16:32:50","guid":{"rendered":"https:\/\/graziamagazine.com\/mx\/?post_type=articles&#038;p=153579"},"modified":"2025-07-23T11:35:48","modified_gmt":"2025-07-23T16:35:48","slug":"christina-aguilera-glamour-gotico-renacido","status":"publish","type":"articles","link":"https:\/\/graziamagazine.com\/mx\/articles\/christina-aguilera-glamour-gotico-renacido\/","title":{"rendered":"Christina Aguilera: Glamour G\u00f3tico Renacido"},"content":{"rendered":"<p data-start=\"761\" data-end=\"1126\">\u00bfQui\u00e9n dijo que el pasado no puede reinventarse? Christina Aguilera nos responde sin palabras desde una sesi\u00f3n fotogr\u00e1fica en Londres, vestida de archivo, actitud desafiante, y labios tan oscuros como su mirada. A los 44 a\u00f1os, la estrella pop se desliza con seguridad en un vestido Versace de 2003 y lo convierte, dos d\u00e9cadas despu\u00e9s, en algo completamente nuevo.<\/p>\n<p data-start=\"1128\" data-end=\"1522\">S\u00ed, es el mismo dise\u00f1o verde chartreuse con escote drapeado y cors\u00e9 estructurado que alguna vez protagoniz\u00f3 una campa\u00f1a de la casa italiana. Pero hoy, Aguilera lo transforma en un manifiesto visual. La escena: <em data-start=\"1338\" data-end=\"1362\">Burlesque: The Musical<\/em>, un espect\u00e1culo teatral que reimagina su ic\u00f3nica pel\u00edcula, con sus propias canciones como banda sonora. El contexto no podr\u00eda ser m\u00e1s teatral, ni m\u00e1s personal.<\/p>\n<figure id=\"attachment_153583\" aria-describedby=\"caption-attachment-153583\" style=\"width: 683px\" class=\"wp-caption alignnone\"><img loading=\"lazy\" decoding=\"async\" class=\"size-large wp-image-153583\" src=\"https:\/\/graziamagazine.com\/mx\/wp-content\/uploads\/sites\/13\/2025\/07\/GettyImages-2226337000-683x1024.jpg\" alt=\"Christina Aguilera: Glamour G\u00f3tico Renacido\" width=\"683\" height=\"1024\" srcset=\"https:\/\/graziamagazine.com\/mx\/wp-content\/uploads\/sites\/13\/2025\/07\/GettyImages-2226337000-683x1024.jpg 683w, https:\/\/graziamagazine.com\/mx\/wp-content\/uploads\/sites\/13\/2025\/07\/GettyImages-2226337000-300x450.jpg 300w, https:\/\/graziamagazine.com\/mx\/wp-content\/uploads\/sites\/13\/2025\/07\/GettyImages-2226337000-768x1152.jpg 768w, https:\/\/graziamagazine.com\/mx\/wp-content\/uploads\/sites\/13\/2025\/07\/GettyImages-2226337000-1024x1536.jpg 1024w, https:\/\/graziamagazine.com\/mx\/wp-content\/uploads\/sites\/13\/2025\/07\/GettyImages-2226337000-1365x2048.jpg 1365w, https:\/\/graziamagazine.com\/mx\/wp-content\/uploads\/sites\/13\/2025\/07\/GettyImages-2226337000-400x600.jpg 400w, https:\/\/graziamagazine.com\/mx\/wp-content\/uploads\/sites\/13\/2025\/07\/GettyImages-2226337000-143x215.jpg 143w, https:\/\/graziamagazine.com\/mx\/wp-content\/uploads\/sites\/13\/2025\/07\/GettyImages-2226337000-scaled.jpg 1707w\" sizes=\"(max-width: 683px) 100vw, 683px\" \/><figcaption id=\"caption-attachment-153583\" class=\"wp-caption-text\">Christina Aguilera: Glamour G\u00f3tico Renacido<\/figcaption><\/figure>\n<p data-start=\"1524\" data-end=\"1954\">El cors\u00e9 entalla con precisi\u00f3n milim\u00e9trica gracias a una cinta a tono, mientras que la falda asim\u00e9trica con volantes a\u00f1ade esa dosis de movimiento que grita: diva en escena. Pero lo que realmente eleva el conjunto es el giro g\u00f3tico que la artista ha elegido esta vez. <strong data-start=\"1792\" data-end=\"1817\">\u00bfEl detalle estrella?<\/strong> Unos labios negro tinta que contrastan con su melena platino, alisada y peinada con raya al medio. Minimalismo visual, impacto absoluto.<\/p>\n<p data-start=\"1956\" data-end=\"2392\">El maquillaje, por supuesto, no se queda atr\u00e1s. Cejas definidas, pesta\u00f1as dram\u00e1ticas, sombra met\u00e1lica en tonos bronce, mejillas sutilmente sonrojadas. Todo perfectamente equilibrado para enmarcar un rostro que ya no necesita presentaci\u00f3n. Las botas de cuero negro por encima del muslo refuerzan el poder de su presencia, mientras los accesorios plateados, pendientes m\u00faltiples y anillos delicados aportan brillo sin robar protagonismo.<\/p>\n<figure id=\"attachment_153582\" aria-describedby=\"caption-attachment-153582\" style=\"width: 683px\" class=\"wp-caption alignnone\"><img loading=\"lazy\" decoding=\"async\" class=\"size-large wp-image-153582\" src=\"https:\/\/graziamagazine.com\/mx\/wp-content\/uploads\/sites\/13\/2025\/07\/GettyImages-2226336981-683x1024.jpg\" alt=\"Christina Aguilera: Glamour G\u00f3tico Renacido\" width=\"683\" height=\"1024\" srcset=\"https:\/\/graziamagazine.com\/mx\/wp-content\/uploads\/sites\/13\/2025\/07\/GettyImages-2226336981-683x1024.jpg 683w, https:\/\/graziamagazine.com\/mx\/wp-content\/uploads\/sites\/13\/2025\/07\/GettyImages-2226336981-300x450.jpg 300w, https:\/\/graziamagazine.com\/mx\/wp-content\/uploads\/sites\/13\/2025\/07\/GettyImages-2226336981-768x1152.jpg 768w, https:\/\/graziamagazine.com\/mx\/wp-content\/uploads\/sites\/13\/2025\/07\/GettyImages-2226336981-1024x1536.jpg 1024w, https:\/\/graziamagazine.com\/mx\/wp-content\/uploads\/sites\/13\/2025\/07\/GettyImages-2226336981-400x600.jpg 400w, https:\/\/graziamagazine.com\/mx\/wp-content\/uploads\/sites\/13\/2025\/07\/GettyImages-2226336981-143x215.jpg 143w\" sizes=\"(max-width: 683px) 100vw, 683px\" \/><figcaption id=\"caption-attachment-153582\" class=\"wp-caption-text\">Christina Aguilera: Glamour G\u00f3tico Renacido<\/figcaption><\/figure>\n<p data-start=\"2394\" data-end=\"2633\">Y si en 2003, Christina Aguilera apost\u00f3 por un maquillaje et\u00e9reo para cederle el protagonismo al vestido, esta versi\u00f3n 2025 lo invierte: el estilismo se vuelve un di\u00e1logo entre pasado y presente, entre moda de archivo y expresi\u00f3n personal.<\/p>\n<p data-start=\"2635\" data-end=\"2777\">Hay algo que no cambia: su dominio esc\u00e9nico. Aguilera no se disfraza del pasado, lo reinterpreta. No se viste de nostalgia, se viste de poder.<\/p>\n<figure id=\"attachment_153580\" aria-describedby=\"caption-attachment-153580\" style=\"width: 640px\" class=\"wp-caption alignnone\"><img loading=\"lazy\" decoding=\"async\" class=\"size-large wp-image-153580\" src=\"https:\/\/graziamagazine.com\/mx\/wp-content\/uploads\/sites\/13\/2025\/07\/GettyImages-2226336912-640x1024.jpg\" alt=\"Christina Aguilera: Glamour G\u00f3tico Renacido\" width=\"640\" height=\"1024\" srcset=\"https:\/\/graziamagazine.com\/mx\/wp-content\/uploads\/sites\/13\/2025\/07\/GettyImages-2226336912-640x1024.jpg 640w, https:\/\/graziamagazine.com\/mx\/wp-content\/uploads\/sites\/13\/2025\/07\/GettyImages-2226336912-281x450.jpg 281w, https:\/\/graziamagazine.com\/mx\/wp-content\/uploads\/sites\/13\/2025\/07\/GettyImages-2226336912-768x1229.jpg 768w, https:\/\/graziamagazine.com\/mx\/wp-content\/uploads\/sites\/13\/2025\/07\/GettyImages-2226336912-960x1536.jpg 960w, https:\/\/graziamagazine.com\/mx\/wp-content\/uploads\/sites\/13\/2025\/07\/GettyImages-2226336912-1279x2048.jpg 1279w, https:\/\/graziamagazine.com\/mx\/wp-content\/uploads\/sites\/13\/2025\/07\/GettyImages-2226336912-400x640.jpg 400w, https:\/\/graziamagazine.com\/mx\/wp-content\/uploads\/sites\/13\/2025\/07\/GettyImages-2226336912-134x215.jpg 134w, https:\/\/graziamagazine.com\/mx\/wp-content\/uploads\/sites\/13\/2025\/07\/GettyImages-2226336912-scaled.jpg 1599w\" sizes=\"(max-width: 640px) 100vw, 640px\" \/><figcaption id=\"caption-attachment-153580\" class=\"wp-caption-text\">Christina Aguilera: Glamour G\u00f3tico Renacido<\/figcaption><\/figure>\n<p data-start=\"2779\" data-end=\"3025\">Donatella Versace lo anticip\u00f3 hace m\u00e1s de veinte a\u00f1os: \u201cChristina es una gran cantante, una gran bailarina. Su voz es incre\u00edble. Siempre quise hacer algo con ella, pero primero quer\u00eda ser su amiga.\u201d Hoy, esa admiraci\u00f3n sigue intacta\u2026 y con raz\u00f3n.<\/p>\n<p data-start=\"3027\" data-end=\"3216\">En tiempos donde lo vintage y lo viral conviven, Christina Aguilera nos recuerda que el verdadero estilo no se archiva. Se reinventa. Y si se acompa\u00f1a de una banda sonora propia, mejor a\u00fan.<\/p>\n<p><em><strong>*IMAGEN: Getty Images<\/strong><\/em><\/p>\n","protected":false},"author":28953,"featured_media":153581,"template":"","format":"standard","categories":[4],"acf":[],"yoast_head":"<!-- This site is optimized with the Yoast SEO Premium plugin v18.5 (Yoast SEO v20.4) - https:\/\/yoast.com\/wordpress\/plugins\/seo\/ -->\n<title>Christina Aguilera: Glamour G\u00f3tico Renacido<\/title>\n<meta name=\"description\" content=\"La diva del pop Christina Aguilera recupera un ic\u00f3nico vestido Versace y actualiza su estilo con labios oscuros y actitud poderosa.\" \/>\n<meta name=\"robots\" content=\"index, follow, max-snippet:-1, max-image-preview:large, max-video-preview:-1\" \/>\n<link rel=\"canonical\" href=\"https:\/\/graziamagazine.com\/mx\/articles\/christina-aguilera-glamour-gotico-renacido\/\" \/>\n<meta property=\"og:locale\" content=\"es_MX\" \/>\n<meta property=\"og:type\" content=\"article\" \/>\n<meta property=\"og:title\" content=\"Christina Aguilera: Glamour G\u00f3tico Renacido\" \/>\n<meta property=\"og:description\" content=\"La diva del pop Christina Aguilera recupera un ic\u00f3nico vestido Versace y actualiza su estilo con labios oscuros y actitud poderosa.\" \/>\n<meta property=\"og:url\" content=\"https:\/\/graziamagazine.com\/mx\/articles\/christina-aguilera-glamour-gotico-renacido\/\" \/>\n<meta property=\"og:site_name\" content=\"Grazia M\u00e9xico y Latinoam\u00e9rica\" \/>\n<meta property=\"article:modified_time\" content=\"2025-07-23T16:35:48+00:00\" \/>\n<meta property=\"og:image\" content=\"https:\/\/graziamagazine.com\/mx\/wp-content\/uploads\/sites\/13\/2025\/07\/GettyImages-2226336961-scaled.jpg\" \/>\n\t<meta property=\"og:image:width\" content=\"2560\" \/>\n\t<meta property=\"og:image:height\" content=\"1707\" \/>\n\t<meta property=\"og:image:type\" content=\"image\/jpeg\" \/>\n<meta name=\"twitter:card\" content=\"summary_large_image\" \/>\n<meta name=\"twitter:label1\" content=\"Est. reading time\" \/>\n\t<meta name=\"twitter:data1\" content=\"3 minutos\" \/>\n<script type=\"application\/ld+json\" class=\"yoast-schema-graph\">{\"@context\":\"https:\/\/schema.org\",\"@graph\":[{\"@type\":\"WebPage\",\"@id\":\"https:\/\/graziamagazine.com\/mx\/articles\/christina-aguilera-glamour-gotico-renacido\/\",\"url\":\"https:\/\/graziamagazine.com\/mx\/articles\/christina-aguilera-glamour-gotico-renacido\/\",\"name\":\"Christina Aguilera: Glamour G\u00f3tico Renacido\",\"isPartOf\":{\"@id\":\"https:\/\/graziamagazine.com\/mx\/#website\"},\"datePublished\":\"2025-07-23T16:32:50+00:00\",\"dateModified\":\"2025-07-23T16:35:48+00:00\",\"description\":\"La diva del pop Christina Aguilera recupera un ic\u00f3nico vestido Versace y actualiza su estilo con labios oscuros y actitud poderosa.\",\"breadcrumb\":{\"@id\":\"https:\/\/graziamagazine.com\/mx\/articles\/christina-aguilera-glamour-gotico-renacido\/#breadcrumb\"},\"inLanguage\":\"es-MX\",\"potentialAction\":[{\"@type\":\"ReadAction\",\"target\":[\"https:\/\/graziamagazine.com\/mx\/articles\/christina-aguilera-glamour-gotico-renacido\/\"]}]},{\"@type\":\"BreadcrumbList\",\"@id\":\"https:\/\/graziamagazine.com\/mx\/articles\/christina-aguilera-glamour-gotico-renacido\/#breadcrumb\",\"itemListElement\":[{\"@type\":\"ListItem\",\"position\":1,\"name\":\"Home\",\"item\":\"https:\/\/graziamagazine.com\/mx\/\"},{\"@type\":\"ListItem\",\"position\":2,\"name\":\"Christina Aguilera: Glamour G\u00f3tico Renacido\"}]},{\"@type\":\"WebSite\",\"@id\":\"https:\/\/graziamagazine.com\/mx\/#website\",\"url\":\"https:\/\/graziamagazine.com\/mx\/\",\"name\":\"Grazia M\u00e9xico y Latinoam\u00e9rica\",\"description\":\"Grazia es moda, belleza y noticias  de actualidad \",\"potentialAction\":[{\"@type\":\"SearchAction\",\"target\":{\"@type\":\"EntryPoint\",\"urlTemplate\":\"https:\/\/graziamagazine.com\/mx\/?s={search_term_string}\"},\"query-input\":\"required name=search_term_string\"}],\"inLanguage\":\"es-MX\"}]}<\/script>\n<!-- \/ Yoast SEO Premium plugin. -->","yoast_head_json":{"title":"Christina Aguilera: Glamour G\u00f3tico Renacido","description":"La diva del pop Christina Aguilera recupera un ic\u00f3nico vestido Versace y actualiza su estilo con labios oscuros y actitud poderosa.","robots":{"index":"index","follow":"follow","max-snippet":"max-snippet:-1","max-image-preview":"max-image-preview:large","max-video-preview":"max-video-preview:-1"},"canonical":"https:\/\/graziamagazine.com\/mx\/articles\/christina-aguilera-glamour-gotico-renacido\/","og_locale":"es_MX","og_type":"article","og_title":"Christina Aguilera: Glamour G\u00f3tico Renacido","og_description":"La diva del pop Christina Aguilera recupera un ic\u00f3nico vestido Versace y actualiza su estilo con labios oscuros y actitud poderosa.","og_url":"https:\/\/graziamagazine.com\/mx\/articles\/christina-aguilera-glamour-gotico-renacido\/","og_site_name":"Grazia M\u00e9xico y Latinoam\u00e9rica","article_modified_time":"2025-07-23T16:35:48+00:00","og_image":[{"width":2560,"height":1707,"url":"https:\/\/graziamagazine.com\/mx\/wp-content\/uploads\/sites\/13\/2025\/07\/GettyImages-2226336961-scaled.jpg","type":"image\/jpeg"}],"twitter_card":"summary_large_image","twitter_misc":{"Est. reading time":"3 minutos"},"schema":{"@context":"https:\/\/schema.org","@graph":[{"@type":"WebPage","@id":"https:\/\/graziamagazine.com\/mx\/articles\/christina-aguilera-glamour-gotico-renacido\/","url":"https:\/\/graziamagazine.com\/mx\/articles\/christina-aguilera-glamour-gotico-renacido\/","name":"Christina Aguilera: Glamour G\u00f3tico Renacido","isPartOf":{"@id":"https:\/\/graziamagazine.com\/mx\/#website"},"datePublished":"2025-07-23T16:32:50+00:00","dateModified":"2025-07-23T16:35:48+00:00","description":"La diva del pop Christina Aguilera recupera un ic\u00f3nico vestido Versace y actualiza su estilo con labios oscuros y actitud poderosa.","breadcrumb":{"@id":"https:\/\/graziamagazine.com\/mx\/articles\/christina-aguilera-glamour-gotico-renacido\/#breadcrumb"},"inLanguage":"es-MX","potentialAction":[{"@type":"ReadAction","target":["https:\/\/graziamagazine.com\/mx\/articles\/christina-aguilera-glamour-gotico-renacido\/"]}]},{"@type":"BreadcrumbList","@id":"https:\/\/graziamagazine.com\/mx\/articles\/christina-aguilera-glamour-gotico-renacido\/#breadcrumb","itemListElement":[{"@type":"ListItem","position":1,"name":"Home","item":"https:\/\/graziamagazine.com\/mx\/"},{"@type":"ListItem","position":2,"name":"Christina Aguilera: Glamour G\u00f3tico Renacido"}]},{"@type":"WebSite","@id":"https:\/\/graziamagazine.com\/mx\/#website","url":"https:\/\/graziamagazine.com\/mx\/","name":"Grazia M\u00e9xico y Latinoam\u00e9rica","description":"Grazia es moda, belleza y noticias  de actualidad ","potentialAction":[{"@type":"SearchAction","target":{"@type":"EntryPoint","urlTemplate":"https:\/\/graziamagazine.com\/mx\/?s={search_term_string}"},"query-input":"required name=search_term_string"}],"inLanguage":"es-MX"}]}},"jetpack_sharing_enabled":true,"distributor_meta":false,"distributor_terms":false,"distributor_media":false,"distributor_original_site_name":"Grazia M\u00e9xico y Latinoam\u00e9rica","distributor_original_site_url":"https:\/\/graziamagazine.com\/mx","push-errors":false,"_links":{"self":[{"href":"https:\/\/graziamagazine.com\/mx\/wp-json\/wp\/v2\/articles\/153579"}],"collection":[{"href":"https:\/\/graziamagazine.com\/mx\/wp-json\/wp\/v2\/articles"}],"about":[{"href":"https:\/\/graziamagazine.com\/mx\/wp-json\/wp\/v2\/types\/articles"}],"author":[{"embeddable":true,"href":"https:\/\/graziamagazine.com\/mx\/wp-json\/wp\/v2\/users\/28953"}],"wp:featuredmedia":[{"embeddable":true,"href":"https:\/\/graziamagazine.com\/mx\/wp-json\/wp\/v2\/media\/153581"}],"wp:attachment":[{"href":"https:\/\/graziamagazine.com\/mx\/wp-json\/wp\/v2\/media?parent=153579"}],"wp:term":[{"taxonomy":"category","embeddable":true,"href":"https:\/\/graziamagazine.com\/mx\/wp-json\/wp\/v2\/categories?post=153579"}],"curies":[{"name":"wp","href":"https:\/\/api.w.org\/{rel}","templated":true}]}}