{"id":153194,"date":"2025-07-14T10:35:15","date_gmt":"2025-07-14T15:35:15","guid":{"rendered":"https:\/\/graziamagazine.com\/mx\/?post_type=articles&#038;p=153194"},"modified":"2025-08-04T10:13:32","modified_gmt":"2025-08-04T15:13:32","slug":"tiffany-ginza-elegancia-en-expansion","status":"publish","type":"articles","link":"https:\/\/graziamagazine.com\/mx\/articles\/tiffany-ginza-elegancia-en-expansion\/","title":{"rendered":"Tiffany Ginza: Elegancia en Expansi\u00f3n"},"content":{"rendered":"<p data-start=\"682\" data-end=\"1138\">El universo de Tiffany &amp; Co. brilla con m\u00e1s fuerza que nunca en Asia con la apertura de su tienda insignia m\u00e1s grande hasta la fecha: <strong data-start=\"816\" data-end=\"833\">Tiffany Ginza<\/strong>, en Tokio.<\/p>\n<p data-start=\"682\" data-end=\"1138\">Ubicada en uno de los distritos m\u00e1s sofisticados del mundo, esta boutique es mucho m\u00e1s que un espacio comercial: es una experiencia sensorial que encapsula la esencia de la casa joyera con una visi\u00f3n renovada, inspirada en el legado de su ic\u00f3nica boutique de la Quinta Avenida, <em data-start=\"1123\" data-end=\"1137\">The Landmark<\/em>.<\/p>\n<figure id=\"attachment_154054\" aria-describedby=\"caption-attachment-154054\" style=\"width: 683px\" class=\"wp-caption alignnone\"><img loading=\"lazy\" decoding=\"async\" class=\"size-large wp-image-154054\" src=\"https:\/\/graziamagazine.com\/mx\/wp-content\/uploads\/sites\/13\/2025\/07\/GettyImages-2224576776-683x1024.jpg\" alt=\"Tiffany Ginza: Elegancia en Expansi\u00f3n\" width=\"683\" height=\"1024\" srcset=\"https:\/\/graziamagazine.com\/mx\/wp-content\/uploads\/sites\/13\/2025\/07\/GettyImages-2224576776-683x1024.jpg 683w, https:\/\/graziamagazine.com\/mx\/wp-content\/uploads\/sites\/13\/2025\/07\/GettyImages-2224576776-300x450.jpg 300w, https:\/\/graziamagazine.com\/mx\/wp-content\/uploads\/sites\/13\/2025\/07\/GettyImages-2224576776-768x1151.jpg 768w, https:\/\/graziamagazine.com\/mx\/wp-content\/uploads\/sites\/13\/2025\/07\/GettyImages-2224576776-1025x1536.jpg 1025w, https:\/\/graziamagazine.com\/mx\/wp-content\/uploads\/sites\/13\/2025\/07\/GettyImages-2224576776-1366x2048.jpg 1366w, https:\/\/graziamagazine.com\/mx\/wp-content\/uploads\/sites\/13\/2025\/07\/GettyImages-2224576776-400x600.jpg 400w, https:\/\/graziamagazine.com\/mx\/wp-content\/uploads\/sites\/13\/2025\/07\/GettyImages-2224576776-143x215.jpg 143w, https:\/\/graziamagazine.com\/mx\/wp-content\/uploads\/sites\/13\/2025\/07\/GettyImages-2224576776-scaled.jpg 1708w\" sizes=\"(max-width: 683px) 100vw, 683px\" \/><figcaption id=\"caption-attachment-154054\" class=\"wp-caption-text\">Tiffany Ginza: Elegancia en Expansi\u00f3n<\/figcaption><\/figure>\n<p data-start=\"1140\" data-end=\"1516\">El dise\u00f1o de Tiffany Ginza honra la tradici\u00f3n de la marca, al tiempo que introduce un lenguaje arquitect\u00f3nico moderno que refleja su evoluci\u00f3n. El espacio presenta vitrinas envolventes, materiales nobles y una paleta de colores en la que el azul Tiffany cobra vida en cada rinc\u00f3n. Los visitantes no solo compran joyas, sino que se sumergen en el universo creativo de la firma.<\/p>\n<p data-start=\"1518\" data-end=\"2125\">La apertura no pod\u00eda ser menos espectacular. Tiffany &amp; Co. reuni\u00f3 a un selecto grupo de invitados internacionales y figuras emblem\u00e1ticas de la cultura asi\u00e1tica.<\/p>\n<p data-start=\"1518\" data-end=\"2125\">Entre ellos destacaron <strong data-start=\"1702\" data-end=\"1723\">Pharrell Williams<\/strong>, embajador de la casa, quien deslumbr\u00f3 con una interpretaci\u00f3n de estilo \u00fanica, y miembros del grupo surcoreano <strong data-start=\"1835\" data-end=\"1846\">ENHYPEN<\/strong>, como <strong data-start=\"1853\" data-end=\"1861\">Jake<\/strong> y <strong data-start=\"1864\" data-end=\"1876\">Sunghoon<\/strong>, quienes lucieron piezas ic\u00f3nicas de la firma con una elegancia fresca y contempor\u00e1nea. Tambi\u00e9n estuvieron presentes reconocidas celebridades como <strong data-start=\"2024\" data-end=\"2035\">Baifern<\/strong>, <strong data-start=\"2037\" data-end=\"2055\">Ryosuke Yamada<\/strong>, <strong data-start=\"2057\" data-end=\"2074\">Riho Yoshioka<\/strong>, <strong data-start=\"2076\" data-end=\"2090\">Miho Kanno<\/strong>, y <strong data-start=\"2094\" data-end=\"2111\">Rinko Kikuchi<\/strong>, entre otros.<\/p>\n<figure id=\"attachment_154053\" aria-describedby=\"caption-attachment-154053\" style=\"width: 683px\" class=\"wp-caption alignnone\"><img loading=\"lazy\" decoding=\"async\" class=\"size-large wp-image-154053\" src=\"https:\/\/graziamagazine.com\/mx\/wp-content\/uploads\/sites\/13\/2025\/07\/GettyImages-2224511045-683x1024.jpg\" alt=\"Tiffany Ginza: Elegancia en Expansi\u00f3n\" width=\"683\" height=\"1024\" srcset=\"https:\/\/graziamagazine.com\/mx\/wp-content\/uploads\/sites\/13\/2025\/07\/GettyImages-2224511045-683x1024.jpg 683w, https:\/\/graziamagazine.com\/mx\/wp-content\/uploads\/sites\/13\/2025\/07\/GettyImages-2224511045-300x450.jpg 300w, https:\/\/graziamagazine.com\/mx\/wp-content\/uploads\/sites\/13\/2025\/07\/GettyImages-2224511045-768x1152.jpg 768w, https:\/\/graziamagazine.com\/mx\/wp-content\/uploads\/sites\/13\/2025\/07\/GettyImages-2224511045-1024x1536.jpg 1024w, https:\/\/graziamagazine.com\/mx\/wp-content\/uploads\/sites\/13\/2025\/07\/GettyImages-2224511045-1366x2048.jpg 1366w, https:\/\/graziamagazine.com\/mx\/wp-content\/uploads\/sites\/13\/2025\/07\/GettyImages-2224511045-400x600.jpg 400w, https:\/\/graziamagazine.com\/mx\/wp-content\/uploads\/sites\/13\/2025\/07\/GettyImages-2224511045-143x215.jpg 143w, https:\/\/graziamagazine.com\/mx\/wp-content\/uploads\/sites\/13\/2025\/07\/GettyImages-2224511045-scaled.jpg 1707w\" sizes=\"(max-width: 683px) 100vw, 683px\" \/><figcaption id=\"caption-attachment-154053\" class=\"wp-caption-text\">Tiffany Ginza: Elegancia en Expansi\u00f3n<\/figcaption><\/figure>\n<p data-start=\"2127\" data-end=\"2580\">El evento cont\u00f3 con la participaci\u00f3n destacada de <strong data-start=\"2177\" data-end=\"2194\">Mikey Madison<\/strong>, embajadora global de la firma, y de <strong data-start=\"2232\" data-end=\"2247\">Ai Tominaga<\/strong>, la supermodelo japonesa que representa la sofisticaci\u00f3n atemporal de Tiffany.<\/p>\n<p data-start=\"2127\" data-end=\"2580\">Como gesto cultural profundamente simb\u00f3lico, el actor <strong data-start=\"2381\" data-end=\"2403\">Onoe Kikugoro VIII<\/strong> present\u00f3 un tel\u00f3n en azul Tiffany durante la funci\u00f3n de <em data-start=\"2460\" data-end=\"2479\">June Grand Kabuki<\/em>, estableciendo un puente po\u00e9tico entre el arte japon\u00e9s y el legado art\u00edstico de la casa neoyorquina.<\/p>\n<p data-start=\"2582\" data-end=\"3022\">M\u00e1s all\u00e1 del brillo de los diamantes, Tiffany Ginza encarna una nueva era en la que la joyer\u00eda de lujo se encuentra con la arquitectura, el arte y la cultura global.<\/p>\n<figure id=\"attachment_154051\" aria-describedby=\"caption-attachment-154051\" style=\"width: 768px\" class=\"wp-caption alignnone\"><img loading=\"lazy\" decoding=\"async\" class=\"size-large wp-image-154051\" src=\"https:\/\/graziamagazine.com\/mx\/wp-content\/uploads\/sites\/13\/2025\/07\/fa6c1fde-c848-8a40-1659-c87b84d04d73-768x1024.jpg\" alt=\"Tiffany Ginza: Elegancia en Expansi\u00f3n\" width=\"768\" height=\"1024\" srcset=\"https:\/\/graziamagazine.com\/mx\/wp-content\/uploads\/sites\/13\/2025\/07\/fa6c1fde-c848-8a40-1659-c87b84d04d73-768x1024.jpg 768w, https:\/\/graziamagazine.com\/mx\/wp-content\/uploads\/sites\/13\/2025\/07\/fa6c1fde-c848-8a40-1659-c87b84d04d73-338x450.jpg 338w, https:\/\/graziamagazine.com\/mx\/wp-content\/uploads\/sites\/13\/2025\/07\/fa6c1fde-c848-8a40-1659-c87b84d04d73-1152x1536.jpg 1152w, https:\/\/graziamagazine.com\/mx\/wp-content\/uploads\/sites\/13\/2025\/07\/fa6c1fde-c848-8a40-1659-c87b84d04d73-1536x2048.jpg 1536w, https:\/\/graziamagazine.com\/mx\/wp-content\/uploads\/sites\/13\/2025\/07\/fa6c1fde-c848-8a40-1659-c87b84d04d73-400x533.jpg 400w, https:\/\/graziamagazine.com\/mx\/wp-content\/uploads\/sites\/13\/2025\/07\/fa6c1fde-c848-8a40-1659-c87b84d04d73-155x207.jpg 155w, https:\/\/graziamagazine.com\/mx\/wp-content\/uploads\/sites\/13\/2025\/07\/fa6c1fde-c848-8a40-1659-c87b84d04d73-scaled.jpg 1920w\" sizes=\"(max-width: 768px) 100vw, 768px\" \/><figcaption id=\"caption-attachment-154051\" class=\"wp-caption-text\">Tiffany Ginza: Elegancia en Expansi\u00f3n<\/figcaption><\/figure>\n<p data-start=\"2582\" data-end=\"3022\">Cada rinc\u00f3n de la tienda invita a descubrir una narrativa visual \u00fanica, desde las colecciones cl\u00e1sicas hasta las piezas contempor\u00e1neas m\u00e1s audaces. En este espacio, la tradici\u00f3n se reinterpreta, el lujo se vuelve experiencia, y el estilo se expresa en su forma m\u00e1s refinada.<\/p>\n<p data-start=\"3024\" data-end=\"3320\">La llegada de Tiffany Ginza marca un cap\u00edtulo clave en la expansi\u00f3n internacional de la casa, reafirmando su compromiso con la excelencia, la innovaci\u00f3n y la conexi\u00f3n cultural. Tokio ya no solo es un epicentro de moda y tecnolog\u00eda: ahora tambi\u00e9n brilla con el sello inconfundible de Tiffany &amp; Co.<\/p>\n<p data-start=\"3024\" data-end=\"3320\"><em><strong>*IMAGEN: Cortes\u00eda<\/strong><\/em><\/p>\n","protected":false},"author":28953,"featured_media":153202,"template":"","format":"standard","categories":[114,4],"acf":[],"yoast_head":"<!-- This site is optimized with the Yoast SEO Premium plugin v18.5 (Yoast SEO v20.4) - https:\/\/yoast.com\/wordpress\/plugins\/seo\/ -->\n<title>Tiffany Ginza: Elegancia en Expansi\u00f3n<\/title>\n<meta name=\"description\" content=\"La ic\u00f3nica casa de joyer\u00eda abre su boutique m\u00e1s grande en Asia, fusionando lujo contempor\u00e1neo con herencia cultural en el coraz\u00f3n de Tokio.\" \/>\n<meta name=\"robots\" content=\"index, follow, max-snippet:-1, max-image-preview:large, max-video-preview:-1\" \/>\n<link rel=\"canonical\" href=\"https:\/\/graziamagazine.com\/mx\/articles\/tiffany-ginza-elegancia-en-expansion\/\" \/>\n<meta property=\"og:locale\" content=\"es_MX\" \/>\n<meta property=\"og:type\" content=\"article\" \/>\n<meta property=\"og:title\" content=\"Tiffany Ginza: Elegancia en Expansi\u00f3n\" \/>\n<meta property=\"og:description\" content=\"La ic\u00f3nica casa de joyer\u00eda abre su boutique m\u00e1s grande en Asia, fusionando lujo contempor\u00e1neo con herencia cultural en el coraz\u00f3n de Tokio.\" \/>\n<meta property=\"og:url\" content=\"https:\/\/graziamagazine.com\/mx\/articles\/tiffany-ginza-elegancia-en-expansion\/\" \/>\n<meta property=\"og:site_name\" content=\"Grazia M\u00e9xico y Latinoam\u00e9rica\" \/>\n<meta property=\"article:modified_time\" content=\"2025-08-04T15:13:32+00:00\" \/>\n<meta property=\"og:image\" content=\"https:\/\/graziamagazine.com\/mx\/wp-content\/uploads\/sites\/13\/2025\/07\/unnamed-3-1-1024x682.png\" \/>\n\t<meta property=\"og:image:width\" content=\"1024\" \/>\n\t<meta property=\"og:image:height\" content=\"682\" \/>\n\t<meta property=\"og:image:type\" content=\"image\/png\" \/>\n<meta name=\"twitter:card\" content=\"summary_large_image\" \/>\n<meta name=\"twitter:label1\" content=\"Est. reading time\" \/>\n\t<meta name=\"twitter:data1\" content=\"3 minutos\" \/>\n<script type=\"application\/ld+json\" class=\"yoast-schema-graph\">{\"@context\":\"https:\/\/schema.org\",\"@graph\":[{\"@type\":\"WebPage\",\"@id\":\"https:\/\/graziamagazine.com\/mx\/articles\/tiffany-ginza-elegancia-en-expansion\/\",\"url\":\"https:\/\/graziamagazine.com\/mx\/articles\/tiffany-ginza-elegancia-en-expansion\/\",\"name\":\"Tiffany Ginza: Elegancia en Expansi\u00f3n\",\"isPartOf\":{\"@id\":\"https:\/\/graziamagazine.com\/mx\/#website\"},\"datePublished\":\"2025-07-14T15:35:15+00:00\",\"dateModified\":\"2025-08-04T15:13:32+00:00\",\"description\":\"La ic\u00f3nica casa de joyer\u00eda abre su boutique m\u00e1s grande en Asia, fusionando lujo contempor\u00e1neo con herencia cultural en el coraz\u00f3n de Tokio.\",\"breadcrumb\":{\"@id\":\"https:\/\/graziamagazine.com\/mx\/articles\/tiffany-ginza-elegancia-en-expansion\/#breadcrumb\"},\"inLanguage\":\"es-MX\",\"potentialAction\":[{\"@type\":\"ReadAction\",\"target\":[\"https:\/\/graziamagazine.com\/mx\/articles\/tiffany-ginza-elegancia-en-expansion\/\"]}]},{\"@type\":\"BreadcrumbList\",\"@id\":\"https:\/\/graziamagazine.com\/mx\/articles\/tiffany-ginza-elegancia-en-expansion\/#breadcrumb\",\"itemListElement\":[{\"@type\":\"ListItem\",\"position\":1,\"name\":\"Home\",\"item\":\"https:\/\/graziamagazine.com\/mx\/\"},{\"@type\":\"ListItem\",\"position\":2,\"name\":\"Tiffany Ginza: Elegancia en Expansi\u00f3n\"}]},{\"@type\":\"WebSite\",\"@id\":\"https:\/\/graziamagazine.com\/mx\/#website\",\"url\":\"https:\/\/graziamagazine.com\/mx\/\",\"name\":\"Grazia M\u00e9xico y Latinoam\u00e9rica\",\"description\":\"Grazia es moda, belleza y noticias  de actualidad \",\"potentialAction\":[{\"@type\":\"SearchAction\",\"target\":{\"@type\":\"EntryPoint\",\"urlTemplate\":\"https:\/\/graziamagazine.com\/mx\/?s={search_term_string}\"},\"query-input\":\"required name=search_term_string\"}],\"inLanguage\":\"es-MX\"}]}<\/script>\n<!-- \/ Yoast SEO Premium plugin. -->","yoast_head_json":{"title":"Tiffany Ginza: Elegancia en Expansi\u00f3n","description":"La ic\u00f3nica casa de joyer\u00eda abre su boutique m\u00e1s grande en Asia, fusionando lujo contempor\u00e1neo con herencia cultural en el coraz\u00f3n de Tokio.","robots":{"index":"index","follow":"follow","max-snippet":"max-snippet:-1","max-image-preview":"max-image-preview:large","max-video-preview":"max-video-preview:-1"},"canonical":"https:\/\/graziamagazine.com\/mx\/articles\/tiffany-ginza-elegancia-en-expansion\/","og_locale":"es_MX","og_type":"article","og_title":"Tiffany Ginza: Elegancia en Expansi\u00f3n","og_description":"La ic\u00f3nica casa de joyer\u00eda abre su boutique m\u00e1s grande en Asia, fusionando lujo contempor\u00e1neo con herencia cultural en el coraz\u00f3n de Tokio.","og_url":"https:\/\/graziamagazine.com\/mx\/articles\/tiffany-ginza-elegancia-en-expansion\/","og_site_name":"Grazia M\u00e9xico y Latinoam\u00e9rica","article_modified_time":"2025-08-04T15:13:32+00:00","og_image":[{"width":1024,"height":682,"url":"https:\/\/graziamagazine.com\/mx\/wp-content\/uploads\/sites\/13\/2025\/07\/unnamed-3-1-1024x682.png","type":"image\/png"}],"twitter_card":"summary_large_image","twitter_misc":{"Est. reading time":"3 minutos"},"schema":{"@context":"https:\/\/schema.org","@graph":[{"@type":"WebPage","@id":"https:\/\/graziamagazine.com\/mx\/articles\/tiffany-ginza-elegancia-en-expansion\/","url":"https:\/\/graziamagazine.com\/mx\/articles\/tiffany-ginza-elegancia-en-expansion\/","name":"Tiffany Ginza: Elegancia en Expansi\u00f3n","isPartOf":{"@id":"https:\/\/graziamagazine.com\/mx\/#website"},"datePublished":"2025-07-14T15:35:15+00:00","dateModified":"2025-08-04T15:13:32+00:00","description":"La ic\u00f3nica casa de joyer\u00eda abre su boutique m\u00e1s grande en Asia, fusionando lujo contempor\u00e1neo con herencia cultural en el coraz\u00f3n de Tokio.","breadcrumb":{"@id":"https:\/\/graziamagazine.com\/mx\/articles\/tiffany-ginza-elegancia-en-expansion\/#breadcrumb"},"inLanguage":"es-MX","potentialAction":[{"@type":"ReadAction","target":["https:\/\/graziamagazine.com\/mx\/articles\/tiffany-ginza-elegancia-en-expansion\/"]}]},{"@type":"BreadcrumbList","@id":"https:\/\/graziamagazine.com\/mx\/articles\/tiffany-ginza-elegancia-en-expansion\/#breadcrumb","itemListElement":[{"@type":"ListItem","position":1,"name":"Home","item":"https:\/\/graziamagazine.com\/mx\/"},{"@type":"ListItem","position":2,"name":"Tiffany Ginza: Elegancia en Expansi\u00f3n"}]},{"@type":"WebSite","@id":"https:\/\/graziamagazine.com\/mx\/#website","url":"https:\/\/graziamagazine.com\/mx\/","name":"Grazia M\u00e9xico y Latinoam\u00e9rica","description":"Grazia es moda, belleza y noticias  de actualidad ","potentialAction":[{"@type":"SearchAction","target":{"@type":"EntryPoint","urlTemplate":"https:\/\/graziamagazine.com\/mx\/?s={search_term_string}"},"query-input":"required name=search_term_string"}],"inLanguage":"es-MX"}]}},"jetpack_sharing_enabled":true,"distributor_meta":false,"distributor_terms":false,"distributor_media":false,"distributor_original_site_name":"Grazia M\u00e9xico y Latinoam\u00e9rica","distributor_original_site_url":"https:\/\/graziamagazine.com\/mx","push-errors":false,"_links":{"self":[{"href":"https:\/\/graziamagazine.com\/mx\/wp-json\/wp\/v2\/articles\/153194"}],"collection":[{"href":"https:\/\/graziamagazine.com\/mx\/wp-json\/wp\/v2\/articles"}],"about":[{"href":"https:\/\/graziamagazine.com\/mx\/wp-json\/wp\/v2\/types\/articles"}],"author":[{"embeddable":true,"href":"https:\/\/graziamagazine.com\/mx\/wp-json\/wp\/v2\/users\/28953"}],"wp:featuredmedia":[{"embeddable":true,"href":"https:\/\/graziamagazine.com\/mx\/wp-json\/wp\/v2\/media\/153202"}],"wp:attachment":[{"href":"https:\/\/graziamagazine.com\/mx\/wp-json\/wp\/v2\/media?parent=153194"}],"wp:term":[{"taxonomy":"category","embeddable":true,"href":"https:\/\/graziamagazine.com\/mx\/wp-json\/wp\/v2\/categories?post=153194"}],"curies":[{"name":"wp","href":"https:\/\/api.w.org\/{rel}","templated":true}]}}