{"id":153117,"date":"2025-07-10T17:28:47","date_gmt":"2025-07-10T22:28:47","guid":{"rendered":"https:\/\/graziamagazine.com\/mx\/?post_type=articles&#038;p=153117"},"modified":"2025-07-10T17:29:37","modified_gmt":"2025-07-10T22:29:37","slug":"el-birkin-original-de-hermes-se-subasto-en-mas-de-10-millones-de-dolares","status":"publish","type":"articles","link":"https:\/\/graziamagazine.com\/mx\/articles\/el-birkin-original-de-hermes-se-subasto-en-mas-de-10-millones-de-dolares\/","title":{"rendered":"El Birkin original de Herm\u00e8s se subast\u00f3 en m\u00e1s de 10 millones de d\u00f3lares"},"content":{"rendered":"<p><span style=\"font-weight: 400\">En una subasta hist\u00f3rica celebrada hoy durante la Semana de la Alta Costura, la bolsa Birkin original de Herm\u00e8s &#8211; ese emblem\u00e1tico prototipo dise\u00f1ado para la actriz y cantante Jane Birkin &#8211; alcanz\u00f3 un valor sin precedentes: se subast\u00f3 por $10.1 millones de d\u00f3lares. Fue adquirida\u2014seg\u00fan inform\u00f3 Sotheby\u2019s\u2014por un coleccionista japon\u00e9s en una puja intensa de 10 minutos entre nueve compradores potenciales.<\/span><\/p>\n<p><span style=\"font-weight: 400\">Este Birkin es la primera versi\u00f3n, un ejemplar \u00fanico que inspir\u00f3 toda la l\u00ednea. Surgi\u00f3 de un vuelo entre Par\u00eds y Londres, cuando Jane Birkin usaba una bolsa de pl\u00e1stico como bolso de avi\u00f3n, por lo que el director ejecutivo y dise\u00f1ador jefe de Herm\u00e8s en ese momento, Jean-Louis Dumas, lo dibuj\u00f3 en una bolsa de mareo y, meses despu\u00e9s, le entregaron el bolso en piel negra con herrajes de lat\u00f3n, grabados \u201cJ.B.\u201d en la solapa.<\/span><\/p>\n<p><span style=\"font-weight: 400\">Birkin lo us\u00f3 por casi una d\u00e9cada antes de donarlo a una organizaci\u00f3n ben\u00e9fica en 1994 para luchar contra el sida. En 2000, la coleccionista Catherine Benier lo adquiri\u00f3 en una subasta y, desde entonces, la pieza ha sido prestada a exhibiciones internacionales.<\/span><\/p>\n<p><span style=\"font-weight: 400\">La subasta rompi\u00f3 el r\u00e9cord anterior, que databa de una bolso Herm\u00e8s Kelly 28 que se vendi\u00f3 por 513,040 d\u00f3lares en noviembre de 2021.<\/span><\/p>\n<p><span style=\"font-weight: 400\">\u201cNo hay duda de que el Birkin original es una pieza \u00fanica en la historia de la moda\u2026 demuestra la pasi\u00f3n que despiertan los coleccionistas por propiedades excepcionales con una procedencia irrepetible\u201d, dijo al respecto Morgane Halimi, responsable global de bolsos y moda en Sotheby\u2019s.<\/span><\/p>\n","protected":false},"author":11628,"featured_media":153118,"template":"","format":"standard","categories":[114,4],"acf":[],"yoast_head":"<!-- This site is optimized with the Yoast SEO Premium plugin v18.5 (Yoast SEO v20.4) - https:\/\/yoast.com\/wordpress\/plugins\/seo\/ -->\n<title>El Birkin original de Herm\u00e8s se subast\u00f3 en m\u00e1s de 10 millones de d\u00f3lares<\/title>\n<meta name=\"description\" content=\"En una subasta hist\u00f3rica celebrada hoy durante la Semana de la Alta Costura, la bolsa Birkin original de Herm\u00e8s - ese emblem\u00e1tico prototipo dise\u00f1ado para\" \/>\n<meta name=\"robots\" content=\"index, follow, max-snippet:-1, max-image-preview:large, max-video-preview:-1\" \/>\n<link rel=\"canonical\" href=\"https:\/\/graziamagazine.com\/mx\/articles\/el-birkin-original-de-hermes-se-subasto-en-mas-de-10-millones-de-dolares\/\" \/>\n<meta property=\"og:locale\" content=\"es_MX\" \/>\n<meta property=\"og:type\" content=\"article\" \/>\n<meta property=\"og:title\" content=\"El Birkin original de Herm\u00e8s se subast\u00f3 en m\u00e1s de 10 millones de d\u00f3lares\" \/>\n<meta property=\"og:description\" content=\"En una subasta hist\u00f3rica celebrada hoy durante la Semana de la Alta Costura, la bolsa Birkin original de Herm\u00e8s - ese emblem\u00e1tico prototipo dise\u00f1ado para\" \/>\n<meta property=\"og:url\" content=\"https:\/\/graziamagazine.com\/mx\/articles\/el-birkin-original-de-hermes-se-subasto-en-mas-de-10-millones-de-dolares\/\" \/>\n<meta property=\"og:site_name\" content=\"Grazia M\u00e9xico y Latinoam\u00e9rica\" \/>\n<meta property=\"article:modified_time\" content=\"2025-07-10T22:29:37+00:00\" \/>\n<meta property=\"og:image\" content=\"https:\/\/graziamagazine.com\/mx\/wp-content\/uploads\/sites\/13\/2025\/07\/ded.jpg\" \/>\n\t<meta property=\"og:image:width\" content=\"838\" \/>\n\t<meta property=\"og:image:height\" content=\"480\" \/>\n\t<meta property=\"og:image:type\" content=\"image\/jpeg\" \/>\n<meta name=\"twitter:card\" content=\"summary_large_image\" \/>\n<meta name=\"twitter:label1\" content=\"Est. reading time\" \/>\n\t<meta name=\"twitter:data1\" content=\"2 minutos\" \/>\n<script type=\"application\/ld+json\" class=\"yoast-schema-graph\">{\"@context\":\"https:\/\/schema.org\",\"@graph\":[{\"@type\":\"WebPage\",\"@id\":\"https:\/\/graziamagazine.com\/mx\/articles\/el-birkin-original-de-hermes-se-subasto-en-mas-de-10-millones-de-dolares\/\",\"url\":\"https:\/\/graziamagazine.com\/mx\/articles\/el-birkin-original-de-hermes-se-subasto-en-mas-de-10-millones-de-dolares\/\",\"name\":\"El Birkin original de Herm\u00e8s se subast\u00f3 en m\u00e1s de 10 millones de d\u00f3lares\",\"isPartOf\":{\"@id\":\"https:\/\/graziamagazine.com\/mx\/#website\"},\"datePublished\":\"2025-07-10T22:28:47+00:00\",\"dateModified\":\"2025-07-10T22:29:37+00:00\",\"description\":\"En una subasta hist\u00f3rica celebrada hoy durante la Semana de la Alta Costura, la bolsa Birkin original de Herm\u00e8s - ese emblem\u00e1tico prototipo dise\u00f1ado para\",\"breadcrumb\":{\"@id\":\"https:\/\/graziamagazine.com\/mx\/articles\/el-birkin-original-de-hermes-se-subasto-en-mas-de-10-millones-de-dolares\/#breadcrumb\"},\"inLanguage\":\"es-MX\",\"potentialAction\":[{\"@type\":\"ReadAction\",\"target\":[\"https:\/\/graziamagazine.com\/mx\/articles\/el-birkin-original-de-hermes-se-subasto-en-mas-de-10-millones-de-dolares\/\"]}]},{\"@type\":\"BreadcrumbList\",\"@id\":\"https:\/\/graziamagazine.com\/mx\/articles\/el-birkin-original-de-hermes-se-subasto-en-mas-de-10-millones-de-dolares\/#breadcrumb\",\"itemListElement\":[{\"@type\":\"ListItem\",\"position\":1,\"name\":\"Home\",\"item\":\"https:\/\/graziamagazine.com\/mx\/\"},{\"@type\":\"ListItem\",\"position\":2,\"name\":\"El Birkin original de Herm\u00e8s se subast\u00f3 en m\u00e1s de 10 millones de d\u00f3lares\"}]},{\"@type\":\"WebSite\",\"@id\":\"https:\/\/graziamagazine.com\/mx\/#website\",\"url\":\"https:\/\/graziamagazine.com\/mx\/\",\"name\":\"Grazia M\u00e9xico y Latinoam\u00e9rica\",\"description\":\"Grazia es moda, belleza y noticias  de actualidad \",\"potentialAction\":[{\"@type\":\"SearchAction\",\"target\":{\"@type\":\"EntryPoint\",\"urlTemplate\":\"https:\/\/graziamagazine.com\/mx\/?s={search_term_string}\"},\"query-input\":\"required name=search_term_string\"}],\"inLanguage\":\"es-MX\"}]}<\/script>\n<!-- \/ Yoast SEO Premium plugin. -->","yoast_head_json":{"title":"El Birkin original de Herm\u00e8s se subast\u00f3 en m\u00e1s de 10 millones de d\u00f3lares","description":"En una subasta hist\u00f3rica celebrada hoy durante la Semana de la Alta Costura, la bolsa Birkin original de Herm\u00e8s - ese emblem\u00e1tico prototipo dise\u00f1ado para","robots":{"index":"index","follow":"follow","max-snippet":"max-snippet:-1","max-image-preview":"max-image-preview:large","max-video-preview":"max-video-preview:-1"},"canonical":"https:\/\/graziamagazine.com\/mx\/articles\/el-birkin-original-de-hermes-se-subasto-en-mas-de-10-millones-de-dolares\/","og_locale":"es_MX","og_type":"article","og_title":"El Birkin original de Herm\u00e8s se subast\u00f3 en m\u00e1s de 10 millones de d\u00f3lares","og_description":"En una subasta hist\u00f3rica celebrada hoy durante la Semana de la Alta Costura, la bolsa Birkin original de Herm\u00e8s - ese emblem\u00e1tico prototipo dise\u00f1ado para","og_url":"https:\/\/graziamagazine.com\/mx\/articles\/el-birkin-original-de-hermes-se-subasto-en-mas-de-10-millones-de-dolares\/","og_site_name":"Grazia M\u00e9xico y Latinoam\u00e9rica","article_modified_time":"2025-07-10T22:29:37+00:00","og_image":[{"width":838,"height":480,"url":"https:\/\/graziamagazine.com\/mx\/wp-content\/uploads\/sites\/13\/2025\/07\/ded.jpg","type":"image\/jpeg"}],"twitter_card":"summary_large_image","twitter_misc":{"Est. reading time":"2 minutos"},"schema":{"@context":"https:\/\/schema.org","@graph":[{"@type":"WebPage","@id":"https:\/\/graziamagazine.com\/mx\/articles\/el-birkin-original-de-hermes-se-subasto-en-mas-de-10-millones-de-dolares\/","url":"https:\/\/graziamagazine.com\/mx\/articles\/el-birkin-original-de-hermes-se-subasto-en-mas-de-10-millones-de-dolares\/","name":"El Birkin original de Herm\u00e8s se subast\u00f3 en m\u00e1s de 10 millones de d\u00f3lares","isPartOf":{"@id":"https:\/\/graziamagazine.com\/mx\/#website"},"datePublished":"2025-07-10T22:28:47+00:00","dateModified":"2025-07-10T22:29:37+00:00","description":"En una subasta hist\u00f3rica celebrada hoy durante la Semana de la Alta Costura, la bolsa Birkin original de Herm\u00e8s - ese emblem\u00e1tico prototipo dise\u00f1ado para","breadcrumb":{"@id":"https:\/\/graziamagazine.com\/mx\/articles\/el-birkin-original-de-hermes-se-subasto-en-mas-de-10-millones-de-dolares\/#breadcrumb"},"inLanguage":"es-MX","potentialAction":[{"@type":"ReadAction","target":["https:\/\/graziamagazine.com\/mx\/articles\/el-birkin-original-de-hermes-se-subasto-en-mas-de-10-millones-de-dolares\/"]}]},{"@type":"BreadcrumbList","@id":"https:\/\/graziamagazine.com\/mx\/articles\/el-birkin-original-de-hermes-se-subasto-en-mas-de-10-millones-de-dolares\/#breadcrumb","itemListElement":[{"@type":"ListItem","position":1,"name":"Home","item":"https:\/\/graziamagazine.com\/mx\/"},{"@type":"ListItem","position":2,"name":"El Birkin original de Herm\u00e8s se subast\u00f3 en m\u00e1s de 10 millones de d\u00f3lares"}]},{"@type":"WebSite","@id":"https:\/\/graziamagazine.com\/mx\/#website","url":"https:\/\/graziamagazine.com\/mx\/","name":"Grazia M\u00e9xico y Latinoam\u00e9rica","description":"Grazia es moda, belleza y noticias  de actualidad ","potentialAction":[{"@type":"SearchAction","target":{"@type":"EntryPoint","urlTemplate":"https:\/\/graziamagazine.com\/mx\/?s={search_term_string}"},"query-input":"required name=search_term_string"}],"inLanguage":"es-MX"}]}},"jetpack_sharing_enabled":true,"distributor_meta":false,"distributor_terms":false,"distributor_media":false,"distributor_original_site_name":"Grazia M\u00e9xico y Latinoam\u00e9rica","distributor_original_site_url":"https:\/\/graziamagazine.com\/mx","push-errors":false,"_links":{"self":[{"href":"https:\/\/graziamagazine.com\/mx\/wp-json\/wp\/v2\/articles\/153117"}],"collection":[{"href":"https:\/\/graziamagazine.com\/mx\/wp-json\/wp\/v2\/articles"}],"about":[{"href":"https:\/\/graziamagazine.com\/mx\/wp-json\/wp\/v2\/types\/articles"}],"author":[{"embeddable":true,"href":"https:\/\/graziamagazine.com\/mx\/wp-json\/wp\/v2\/users\/11628"}],"wp:featuredmedia":[{"embeddable":true,"href":"https:\/\/graziamagazine.com\/mx\/wp-json\/wp\/v2\/media\/153118"}],"wp:attachment":[{"href":"https:\/\/graziamagazine.com\/mx\/wp-json\/wp\/v2\/media?parent=153117"}],"wp:term":[{"taxonomy":"category","embeddable":true,"href":"https:\/\/graziamagazine.com\/mx\/wp-json\/wp\/v2\/categories?post=153117"}],"curies":[{"name":"wp","href":"https:\/\/api.w.org\/{rel}","templated":true}]}}