{"id":153040,"date":"2025-07-09T17:23:35","date_gmt":"2025-07-09T22:23:35","guid":{"rendered":"https:\/\/graziamagazine.com\/mx\/?post_type=articles&#038;p=153040"},"modified":"2025-07-09T17:29:47","modified_gmt":"2025-07-09T22:29:47","slug":"agustin-della-corte-de-la-cancha-de-rugby-al-set-de-olympo","status":"publish","type":"articles","link":"https:\/\/graziamagazine.com\/mx\/articles\/agustin-della-corte-de-la-cancha-de-rugby-al-set-de-olympo\/","title":{"rendered":"Agust\u00edn Della Corte, de la cancha de rugby al set  de \u2018Olympo\u2019"},"content":{"rendered":"<p><span style=\"font-weight: 400\">Con una sonrisa llena de pasi\u00f3n y su profunda voz, el actor uruguayo <strong>Agust\u00edn Della Corte Bertoni<\/strong> est\u00e1 conquistando nuestras pantallas con su papel de Roque P\u00e9rez en<\/span><strong><i> Olympo<\/i><\/strong><span style=\"font-weight: 400\">, la nueva serie juvenil de Netflix que mezcla sudor, secretos y emociones al rojo vivo en un centro de alto rendimiento deportivo.<\/span><\/p>\n<p><span style=\"font-weight: 400\">Pero detr\u00e1s de este protag\u00f3nico hay una historia de giros inesperados, pasiones cruzadas y una convicci\u00f3n irrompible: la de seguir siendo fiel a s\u00ed mismo. En entrevista exclusiva para <\/span><b>Grazia M\u00e9xico y Latinoam\u00e9rica,<\/b><span style=\"font-weight: 400\"> el actor que salt\u00f3 a la fama por su participaci\u00f3n en la pel\u00edcula <\/span><i><span style=\"font-weight: 400\">La Sociedad de la Nieve<\/span><\/i><span style=\"font-weight: 400\">, nos cuenta sobre su trayectoria antes de ser actor y todo lo que ha tenido que atravesar para llegar a d\u00f3nde est\u00e1.<\/span><\/p>\n<p><span style=\"font-weight: 400\">Para Agust\u00edn, el camino hacia la actuaci\u00f3n no comenz\u00f3 en un escenario ni frente a una c\u00e1mara, sino en una cancha de rugby. Fue parte de la selecci\u00f3n uruguaya que disput\u00f3 el Mundial de Jap\u00f3n en 2019, un logro con el que muchos sue\u00f1an pero que \u00e9l decidi\u00f3 dejar atr\u00e1s cuando sinti\u00f3 que el balance emocional y f\u00edsico ya no jugaba a su favor, por lo que se enfoc\u00f3 en la actuaci\u00f3n amateur.<\/span><\/p>\n<p><span style=\"font-weight: 400\">\u201cEl deporte de alto rendimiento es un trabajo 24\/7 del que es muy dif\u00edcil desconectar, y ese nivel de exigencia, aunque se disfruta un mont\u00f3n, puede ser muy desgastante a veces\u201d, nos cuenta con honestidad. \u201cMe cruc\u00e9 con el casting de <\/span><i><span style=\"font-weight: 400\">La Sociedad de la Nieve<\/span><\/i><span style=\"font-weight: 400\">, y de forma muy instant\u00e1nea me enamor\u00e9 del trabajo de actor y decid\u00ed meterme de lleno. Afortunadamente, la suerte me acompa\u00f1\u00f3 y me segu\u00ed cruzando con lindas oportunidades de seguir explorando este camino, una de ellas fue <\/span><i><span style=\"font-weight: 400\">Olympo<\/span><\/i><span style=\"font-weight: 400\">, un proyecto alucinante que a nivel personal me signific\u00f3 un desaf\u00edo muy grande, y que me ense\u00f1\u00f3 mucho\u201d.<\/span><\/p>\n<p><span style=\"font-weight: 400\">En <\/span><i><span style=\"font-weight: 400\">Olympo<\/span><\/i><span style=\"font-weight: 400\">, Agust\u00edn interpreta a Roque P\u00e9rez, un talentoso rugbista que carga con el peso de la discriminaci\u00f3n homof\u00f3bica dentro del mundo deportivo. Un papel que, lejos de intimidarlo, lo toc\u00f3 profundamente.<\/span><\/p>\n<p><span style=\"font-weight: 400\">\u201cLlevar adelante un personaje homosexual no es un reto por estar en un entorno masculino; el problema no es la masculinidad, sino la homofobia que se vive all\u00ed\u201d, respondi\u00f3 de forma muy directa ante la pregunta que le hicimos sobre qu\u00e9 signific\u00f3 para \u00e9l asumir el rol de un personaje que se siente atraido hacia los hombres en un mundo masculino como el rugby, y reafirma: \u201cporque entonces volvemos a caer en poner a la masculinidad y a la homosexualidad como si fueran cosas opuestas\u201d.\u00a0<\/span><\/p>\n<figure id=\"attachment_153043\" aria-describedby=\"caption-attachment-153043\" style=\"width: 300px\" class=\"wp-caption alignnone\"><img loading=\"lazy\" decoding=\"async\" class=\"size-medium wp-image-153043\" src=\"https:\/\/graziamagazine.com\/mx\/wp-content\/uploads\/sites\/13\/2025\/07\/Agustin-Valen-Bonasso-1-300x450.jpg\" alt=\"\" width=\"300\" height=\"450\" srcset=\"https:\/\/graziamagazine.com\/mx\/wp-content\/uploads\/sites\/13\/2025\/07\/Agustin-Valen-Bonasso-1-300x450.jpg 300w, https:\/\/graziamagazine.com\/mx\/wp-content\/uploads\/sites\/13\/2025\/07\/Agustin-Valen-Bonasso-1-683x1024.jpg 683w, https:\/\/graziamagazine.com\/mx\/wp-content\/uploads\/sites\/13\/2025\/07\/Agustin-Valen-Bonasso-1-768x1152.jpg 768w, https:\/\/graziamagazine.com\/mx\/wp-content\/uploads\/sites\/13\/2025\/07\/Agustin-Valen-Bonasso-1-1024x1536.jpg 1024w, https:\/\/graziamagazine.com\/mx\/wp-content\/uploads\/sites\/13\/2025\/07\/Agustin-Valen-Bonasso-1-400x600.jpg 400w, https:\/\/graziamagazine.com\/mx\/wp-content\/uploads\/sites\/13\/2025\/07\/Agustin-Valen-Bonasso-1-143x215.jpg 143w\" sizes=\"(max-width: 300px) 100vw, 300px\" \/><figcaption id=\"caption-attachment-153043\" class=\"wp-caption-text\">Fotograf\u00eda: Valen Bonasso.<\/figcaption><\/figure>\n<p><span style=\"font-weight: 400\">\u201cRoque se ve enfrentado a la discriminaci\u00f3n homof\u00f3bica que existe en ese mundo, no a la masculinidad. En ese sentido, signific\u00f3 para mi desde el primer momento una carga muy grande que asum\u00ed con mucha responsabilidad, s\u00e9 que estoy representando situaciones s\u00faper sensibles que han sufrido y siguen sufriendo muchas personas, y con ese nivel de compromiso intent\u00e9 construir un personaje que, como caracter\u00edstica principal, no est\u00e1 dispuesto a renunciar a ser qui\u00e9n en verdad es, a cambio de complacer a los dem\u00e1s\u201d, a\u00f1ade.<\/span><\/p>\n<p><span style=\"font-weight: 400\">Agust\u00edn no duda en reconocer que interpretar a Roque tambi\u00e9n lo hizo mirar hacia adentro. \u201cLa serie retrata de manera muy real la presi\u00f3n que se sufre en el alto rendimiento, el sacrificio, y el impacto de todo ese desgaste f\u00edsico y mental en la vida de los deportistas. El haber experimentado en carne propia muchas de esas situaciones a lo largo de mi corta carrera como deportista profesional, me sirvi\u00f3 como herramienta para luego intentar representar eso de manera m\u00e1s fidedigna\u201d, confiesa.<\/span><\/p>\n<p><span style=\"font-weight: 400\">\u201cCreo que todos en alg\u00fan momento hemos sentido la falsa necesidad de aparentar algo que no somos a cambio de encajar en alg\u00fan lugar o lograr ciertos objetivos. Tambi\u00e9n he experimentado c\u00f3mo a veces debemos tomar decisiones que impactan en personas cercanas y ponen en peligro nuestras relaciones interpersonales. Tener que representar este tipo de situaciones siempre te retrotrae a experiencias personales inevitablemente y es f\u00e1cil que eso genere un impacto a nivel personal, que no tiene por qu\u00e9 ser negativo, parte de lo que m\u00e1s me gusta de actuar es justamente que ciertas situaciones ficticias a veces me ayudan a replantearme cuestiones de mi propia vida\u201d, reflexiona.<\/span><\/p>\n<p><span style=\"font-weight: 400\">Aunque las comparaciones con otras series juveniles como<\/span><i><span style=\"font-weight: 400\"> \u00c9lite <\/span><\/i><span style=\"font-weight: 400\">no se han hecho esperar, Agust\u00edn tiene claro que <\/span><i><span style=\"font-weight: 400\">Olympo<\/span><\/i><span style=\"font-weight: 400\"> tiene vida propia. \u201cNo es solo por la trama, tambi\u00e9n considero que tiene un estilo visual y un tono actoral que la hacen \u00fanica. Estoy seguro de que, con m\u00e1s temporadas, si es que se confirma que seguimos, se ver\u00e1 a\u00fan con m\u00e1s claridad que podemos seguir construyendo esta historia por un camino muy distinto al que han seguido otros t\u00edtulos\u201d, asegura.<\/span><\/p>\n<p><span style=\"font-weight: 400\">Adem\u00e1s, destaca el impacto emocional del proyecto y c\u00f3mo resuena con la vida real. \u201cLa serie muestra muy bien la presi\u00f3n que viven los atletas, pero tambi\u00e9n cualquier persona hoy en d\u00eda. Esa frase que usamos: \u2018caer est\u00e1 permitido, levantarse es obligatorio\u2019, suena inspiradora, pero tambi\u00e9n puede generar una presi\u00f3n extra. Olympo no se queda con el mensaje rom\u00e1ntico: muestra las dos caras, y eso la vuelve universal\u201d, explica.<\/span><\/p>\n<figure id=\"attachment_153042\" aria-describedby=\"caption-attachment-153042\" style=\"width: 300px\" class=\"wp-caption alignnone\"><img loading=\"lazy\" decoding=\"async\" class=\"size-medium wp-image-153042\" src=\"https:\/\/graziamagazine.com\/mx\/wp-content\/uploads\/sites\/13\/2025\/07\/Agustin-Valen-Bonasso-11-300x450.jpg\" alt=\"\" width=\"300\" height=\"450\" srcset=\"https:\/\/graziamagazine.com\/mx\/wp-content\/uploads\/sites\/13\/2025\/07\/Agustin-Valen-Bonasso-11-300x450.jpg 300w, https:\/\/graziamagazine.com\/mx\/wp-content\/uploads\/sites\/13\/2025\/07\/Agustin-Valen-Bonasso-11-683x1024.jpg 683w, https:\/\/graziamagazine.com\/mx\/wp-content\/uploads\/sites\/13\/2025\/07\/Agustin-Valen-Bonasso-11-768x1152.jpg 768w, https:\/\/graziamagazine.com\/mx\/wp-content\/uploads\/sites\/13\/2025\/07\/Agustin-Valen-Bonasso-11-1024x1536.jpg 1024w, https:\/\/graziamagazine.com\/mx\/wp-content\/uploads\/sites\/13\/2025\/07\/Agustin-Valen-Bonasso-11-400x600.jpg 400w, https:\/\/graziamagazine.com\/mx\/wp-content\/uploads\/sites\/13\/2025\/07\/Agustin-Valen-Bonasso-11-143x215.jpg 143w\" sizes=\"(max-width: 300px) 100vw, 300px\" \/><figcaption id=\"caption-attachment-153042\" class=\"wp-caption-text\">Fotograf\u00eda: Valen Bonasso.<\/figcaption><\/figure>\n<p><span style=\"font-weight: 400\">Sin<\/span><i><span style=\"font-weight: 400\"> spoilers<\/span><\/i><span style=\"font-weight: 400\">, el<\/span><i><span style=\"font-weight: 400\"> trailer<\/span><\/i><span style=\"font-weight: 400\"> de la serie sugiere que \u201ccaer est\u00e1 permitido, pero levantarse es obligatorio\u201d, le comentamos para preguntarle si siente que esa frase refleja alguna experiencia en el personaje o en su vida real, por lo que respondi\u00f3: \u201cEsta frase representa una visi\u00f3n rom\u00e1ntica de esta situaci\u00f3n: la de trabajar y esforzarse incansablemente por lo que queremos, ser resilientes y no quebrarnos nunca, que creo que est\u00e1 bien. Pero hay que tenerle cuidado a esta visi\u00f3n, muchas veces s\u00ed que se hace muy dif\u00edcil levantarse de algunas situaciones, y el creer que \u2018levantarse es obligatorio\u2019 aporta una presi\u00f3n extra que a veces lo vuelve todo mucho peor\u201d, comparte.<\/span><\/p>\n<p><span style=\"font-weight: 400\">\u201cTanto la parte negativa como la positiva de esto est\u00e1n representadas en <\/span><i><span style=\"font-weight: 400\">Olympo<\/span><\/i><span style=\"font-weight: 400\">, por eso creo tambi\u00e9n que cualquier persona que la vea puede sentirse identificada y analizar situaciones de su propia vida viendo la serie. Esto la vuelve super interesante para cualquiera y eso me parece muy dif\u00edcil de lograr, y muy valioso\u201d, afirma.<\/span><\/p>\n<p><span style=\"font-weight: 400\">Uno de los momentos m\u00e1s exigentes del rodaje fue el campeonato en Tur\u00edn, del episodio 3. \u201cFue muy duro de rodar para todo el equipo, cont\u00e1bamos con pocos d\u00edas y est\u00e1bamos rodando bastante lejos de los estudios. Requiri\u00f3 mucho esfuerzo, tanto de los actores y el director Daniel Barone, para contar secuencias de deporte real que son muy complejas de rodar, como tambi\u00e9n de todo el equipo, que tuvo que trasladar mucho material hasta all\u00ed y eso hace que esas jornadas se vuelvan m\u00e1s pesadas\u201d, reconoce con orgullo.<\/span><\/p>\n<p><span style=\"font-weight: 400\">Con una carrera actoral que despeg\u00f3 a gran velocidad de la cancha a <\/span><i><span style=\"font-weight: 400\">La Sociedad de la Nieve<\/span><\/i><span style=\"font-weight: 400\"> a <\/span><i><span style=\"font-weight: 400\">Olympo<\/span><\/i><span style=\"font-weight: 400\">, Della Corte se mantiene con los pies en la tierra: \u201cEstoy abierto a todas las oportunidades que puedan venir, que me hagan seguir explor\u00e1ndome como actor, y que me lleven a seguir conociendo personas fascinantes como hasta ahora, afortunadamente, me viene sucediendo\u201d.<\/span><\/p>\n<p><span style=\"font-weight: 400\">Y si algo queda claro tras esta conversaci\u00f3n es que seguiremos escuchando el nombre de Agust\u00edn Della Corte por mucho m\u00e1s tiempo.<\/span><\/p>\n","protected":false},"author":11628,"featured_media":153041,"template":"","format":"standard","categories":[2,12832],"acf":[],"yoast_head":"<!-- This site is optimized with the Yoast SEO Premium plugin v18.5 (Yoast SEO v20.4) - https:\/\/yoast.com\/wordpress\/plugins\/seo\/ -->\n<title>Agust\u00edn Della Corte, de la cancha de rugby al set de \u2018Olympo\u2019<\/title>\n<meta name=\"description\" content=\"Con una sonrisa llena de pasi\u00f3n y su profunda voz, el actor uruguayo Agust\u00edn Della Corte Bertoni est\u00e1 conquistando nuestras pantallas con su papel de\" \/>\n<meta name=\"robots\" content=\"index, follow, max-snippet:-1, max-image-preview:large, max-video-preview:-1\" \/>\n<link rel=\"canonical\" href=\"https:\/\/graziamagazine.com\/mx\/articles\/agustin-della-corte-de-la-cancha-de-rugby-al-set-de-olympo\/\" \/>\n<meta property=\"og:locale\" content=\"es_MX\" \/>\n<meta property=\"og:type\" content=\"article\" \/>\n<meta property=\"og:title\" content=\"Agust\u00edn Della Corte, de la cancha de rugby al set de \u2018Olympo\u2019\" \/>\n<meta property=\"og:description\" content=\"Con una sonrisa llena de pasi\u00f3n y su profunda voz, el actor uruguayo Agust\u00edn Della Corte Bertoni est\u00e1 conquistando nuestras pantallas con su papel de\" \/>\n<meta property=\"og:url\" content=\"https:\/\/graziamagazine.com\/mx\/articles\/agustin-della-corte-de-la-cancha-de-rugby-al-set-de-olympo\/\" \/>\n<meta property=\"og:site_name\" content=\"Grazia M\u00e9xico y Latinoam\u00e9rica\" \/>\n<meta property=\"article:modified_time\" content=\"2025-07-09T22:29:47+00:00\" \/>\n<meta property=\"og:image\" content=\"https:\/\/graziamagazine.com\/mx\/wp-content\/uploads\/sites\/13\/2025\/07\/frrfrf.jpg\" \/>\n\t<meta property=\"og:image:width\" content=\"515\" \/>\n\t<meta property=\"og:image:height\" content=\"355\" \/>\n\t<meta property=\"og:image:type\" content=\"image\/jpeg\" \/>\n<meta name=\"twitter:card\" content=\"summary_large_image\" \/>\n<meta name=\"twitter:label1\" content=\"Est. reading time\" \/>\n\t<meta name=\"twitter:data1\" content=\"6 minutos\" \/>\n<script type=\"application\/ld+json\" class=\"yoast-schema-graph\">{\"@context\":\"https:\/\/schema.org\",\"@graph\":[{\"@type\":\"WebPage\",\"@id\":\"https:\/\/graziamagazine.com\/mx\/articles\/agustin-della-corte-de-la-cancha-de-rugby-al-set-de-olympo\/\",\"url\":\"https:\/\/graziamagazine.com\/mx\/articles\/agustin-della-corte-de-la-cancha-de-rugby-al-set-de-olympo\/\",\"name\":\"Agust\u00edn Della Corte, de la cancha de rugby al set de \u2018Olympo\u2019\",\"isPartOf\":{\"@id\":\"https:\/\/graziamagazine.com\/mx\/#website\"},\"datePublished\":\"2025-07-09T22:23:35+00:00\",\"dateModified\":\"2025-07-09T22:29:47+00:00\",\"description\":\"Con una sonrisa llena de pasi\u00f3n y su profunda voz, el actor uruguayo Agust\u00edn Della Corte Bertoni est\u00e1 conquistando nuestras pantallas con su papel de\",\"breadcrumb\":{\"@id\":\"https:\/\/graziamagazine.com\/mx\/articles\/agustin-della-corte-de-la-cancha-de-rugby-al-set-de-olympo\/#breadcrumb\"},\"inLanguage\":\"es-MX\",\"potentialAction\":[{\"@type\":\"ReadAction\",\"target\":[\"https:\/\/graziamagazine.com\/mx\/articles\/agustin-della-corte-de-la-cancha-de-rugby-al-set-de-olympo\/\"]}]},{\"@type\":\"BreadcrumbList\",\"@id\":\"https:\/\/graziamagazine.com\/mx\/articles\/agustin-della-corte-de-la-cancha-de-rugby-al-set-de-olympo\/#breadcrumb\",\"itemListElement\":[{\"@type\":\"ListItem\",\"position\":1,\"name\":\"Home\",\"item\":\"https:\/\/graziamagazine.com\/mx\/\"},{\"@type\":\"ListItem\",\"position\":2,\"name\":\"Agust\u00edn Della Corte, de la cancha de rugby al set de \u2018Olympo\u2019\"}]},{\"@type\":\"WebSite\",\"@id\":\"https:\/\/graziamagazine.com\/mx\/#website\",\"url\":\"https:\/\/graziamagazine.com\/mx\/\",\"name\":\"Grazia M\u00e9xico y Latinoam\u00e9rica\",\"description\":\"Grazia es moda, belleza y noticias  de actualidad \",\"potentialAction\":[{\"@type\":\"SearchAction\",\"target\":{\"@type\":\"EntryPoint\",\"urlTemplate\":\"https:\/\/graziamagazine.com\/mx\/?s={search_term_string}\"},\"query-input\":\"required name=search_term_string\"}],\"inLanguage\":\"es-MX\"}]}<\/script>\n<!-- \/ Yoast SEO Premium plugin. -->","yoast_head_json":{"title":"Agust\u00edn Della Corte, de la cancha de rugby al set de \u2018Olympo\u2019","description":"Con una sonrisa llena de pasi\u00f3n y su profunda voz, el actor uruguayo Agust\u00edn Della Corte Bertoni est\u00e1 conquistando nuestras pantallas con su papel de","robots":{"index":"index","follow":"follow","max-snippet":"max-snippet:-1","max-image-preview":"max-image-preview:large","max-video-preview":"max-video-preview:-1"},"canonical":"https:\/\/graziamagazine.com\/mx\/articles\/agustin-della-corte-de-la-cancha-de-rugby-al-set-de-olympo\/","og_locale":"es_MX","og_type":"article","og_title":"Agust\u00edn Della Corte, de la cancha de rugby al set de \u2018Olympo\u2019","og_description":"Con una sonrisa llena de pasi\u00f3n y su profunda voz, el actor uruguayo Agust\u00edn Della Corte Bertoni est\u00e1 conquistando nuestras pantallas con su papel de","og_url":"https:\/\/graziamagazine.com\/mx\/articles\/agustin-della-corte-de-la-cancha-de-rugby-al-set-de-olympo\/","og_site_name":"Grazia M\u00e9xico y Latinoam\u00e9rica","article_modified_time":"2025-07-09T22:29:47+00:00","og_image":[{"width":515,"height":355,"url":"https:\/\/graziamagazine.com\/mx\/wp-content\/uploads\/sites\/13\/2025\/07\/frrfrf.jpg","type":"image\/jpeg"}],"twitter_card":"summary_large_image","twitter_misc":{"Est. reading time":"6 minutos"},"schema":{"@context":"https:\/\/schema.org","@graph":[{"@type":"WebPage","@id":"https:\/\/graziamagazine.com\/mx\/articles\/agustin-della-corte-de-la-cancha-de-rugby-al-set-de-olympo\/","url":"https:\/\/graziamagazine.com\/mx\/articles\/agustin-della-corte-de-la-cancha-de-rugby-al-set-de-olympo\/","name":"Agust\u00edn Della Corte, de la cancha de rugby al set de \u2018Olympo\u2019","isPartOf":{"@id":"https:\/\/graziamagazine.com\/mx\/#website"},"datePublished":"2025-07-09T22:23:35+00:00","dateModified":"2025-07-09T22:29:47+00:00","description":"Con una sonrisa llena de pasi\u00f3n y su profunda voz, el actor uruguayo Agust\u00edn Della Corte Bertoni est\u00e1 conquistando nuestras pantallas con su papel de","breadcrumb":{"@id":"https:\/\/graziamagazine.com\/mx\/articles\/agustin-della-corte-de-la-cancha-de-rugby-al-set-de-olympo\/#breadcrumb"},"inLanguage":"es-MX","potentialAction":[{"@type":"ReadAction","target":["https:\/\/graziamagazine.com\/mx\/articles\/agustin-della-corte-de-la-cancha-de-rugby-al-set-de-olympo\/"]}]},{"@type":"BreadcrumbList","@id":"https:\/\/graziamagazine.com\/mx\/articles\/agustin-della-corte-de-la-cancha-de-rugby-al-set-de-olympo\/#breadcrumb","itemListElement":[{"@type":"ListItem","position":1,"name":"Home","item":"https:\/\/graziamagazine.com\/mx\/"},{"@type":"ListItem","position":2,"name":"Agust\u00edn Della Corte, de la cancha de rugby al set de \u2018Olympo\u2019"}]},{"@type":"WebSite","@id":"https:\/\/graziamagazine.com\/mx\/#website","url":"https:\/\/graziamagazine.com\/mx\/","name":"Grazia M\u00e9xico y Latinoam\u00e9rica","description":"Grazia es moda, belleza y noticias  de actualidad ","potentialAction":[{"@type":"SearchAction","target":{"@type":"EntryPoint","urlTemplate":"https:\/\/graziamagazine.com\/mx\/?s={search_term_string}"},"query-input":"required name=search_term_string"}],"inLanguage":"es-MX"}]}},"jetpack_sharing_enabled":true,"distributor_meta":false,"distributor_terms":false,"distributor_media":false,"distributor_original_site_name":"Grazia M\u00e9xico y Latinoam\u00e9rica","distributor_original_site_url":"https:\/\/graziamagazine.com\/mx","push-errors":false,"_links":{"self":[{"href":"https:\/\/graziamagazine.com\/mx\/wp-json\/wp\/v2\/articles\/153040"}],"collection":[{"href":"https:\/\/graziamagazine.com\/mx\/wp-json\/wp\/v2\/articles"}],"about":[{"href":"https:\/\/graziamagazine.com\/mx\/wp-json\/wp\/v2\/types\/articles"}],"author":[{"embeddable":true,"href":"https:\/\/graziamagazine.com\/mx\/wp-json\/wp\/v2\/users\/11628"}],"wp:featuredmedia":[{"embeddable":true,"href":"https:\/\/graziamagazine.com\/mx\/wp-json\/wp\/v2\/media\/153041"}],"wp:attachment":[{"href":"https:\/\/graziamagazine.com\/mx\/wp-json\/wp\/v2\/media?parent=153040"}],"wp:term":[{"taxonomy":"category","embeddable":true,"href":"https:\/\/graziamagazine.com\/mx\/wp-json\/wp\/v2\/categories?post=153040"}],"curies":[{"name":"wp","href":"https:\/\/api.w.org\/{rel}","templated":true}]}}