{"id":152904,"date":"2025-07-07T15:10:42","date_gmt":"2025-07-07T20:10:42","guid":{"rendered":"https:\/\/graziamagazine.com\/mx\/?post_type=articles&#038;p=152904"},"modified":"2025-07-21T07:59:59","modified_gmt":"2025-07-21T12:59:59","slug":"mariana-trevino-y-su-beauty-look-en-la-portada-de-grazia","status":"publish","type":"articles","link":"https:\/\/graziamagazine.com\/mx\/articles\/mariana-trevino-y-su-beauty-look-en-la-portada-de-grazia\/","title":{"rendered":"Mariana Trevi\u00f1o y su beauty look en la portada de Grazia"},"content":{"rendered":"<p><strong>Entre cuidados esenciales, labios nude, contour y un toque teatral, as\u00ed se construye el beauty look de la actriz para la portada de Grazia.<\/strong><\/p>\n<p>\u201cHola, soy Mariana Trevi\u00f1o y este es mi beauty look\u201d, dice con una sonrisa que desarma, esa que el p\u00fablico mexicano reconoce al instante. Para esta edici\u00f3n de Grazia, la actriz \u2014conocida por su autenticidad y carisma\u2014 comparte los secretos detr\u00e1s de su rutina de belleza: una mezcla de rituales heredados, productos de culto y una buena dosis de humor.<\/p>\n<p>\u201cCasi siempre estoy m\u00e1s cara lavada en mi vida diaria\u201d, confiesa Mariana. \u201cPero me encanta el maquillaje, me fascina la teatralidad que puede tener. Siempre me estoy comprando cosas, aunque luego no las use mucho\u201d. Ese juego entre lo esc\u00e9nico y lo \u00edntimo se refleja en un look que sabe ser sofisticado sin esfuerzo. Un equilibrio perfecto entre piel luminosa, labios con brillo y mirada natural.<\/p>\n<p><img loading=\"lazy\" decoding=\"async\" class=\"alignnone size-full wp-image-152912\" src=\"https:\/\/graziamagazine.com\/mx\/wp-content\/uploads\/sites\/13\/2025\/07\/Mindmark-20-scaled.jpg\" alt=\"\" width=\"2560\" height=\"1439\" srcset=\"https:\/\/graziamagazine.com\/mx\/wp-content\/uploads\/sites\/13\/2025\/07\/Mindmark-20-scaled.jpg 2560w, https:\/\/graziamagazine.com\/mx\/wp-content\/uploads\/sites\/13\/2025\/07\/Mindmark-20-450x253.jpg 450w, https:\/\/graziamagazine.com\/mx\/wp-content\/uploads\/sites\/13\/2025\/07\/Mindmark-20-1024x576.jpg 1024w, https:\/\/graziamagazine.com\/mx\/wp-content\/uploads\/sites\/13\/2025\/07\/Mindmark-20-768x432.jpg 768w, https:\/\/graziamagazine.com\/mx\/wp-content\/uploads\/sites\/13\/2025\/07\/Mindmark-20-1536x864.jpg 1536w, https:\/\/graziamagazine.com\/mx\/wp-content\/uploads\/sites\/13\/2025\/07\/Mindmark-20-2048x1152.jpg 2048w, https:\/\/graziamagazine.com\/mx\/wp-content\/uploads\/sites\/13\/2025\/07\/Mindmark-20-400x225.jpg 400w, https:\/\/graziamagazine.com\/mx\/wp-content\/uploads\/sites\/13\/2025\/07\/Mindmark-20-155x87.jpg 155w\" sizes=\"(max-width: 2560px) 100vw, 2560px\" \/><\/p>\n<p>Para comenzar, Mariana prepara su piel con el Abeille Royale Advanced Youth Watery Oil de Guerlain, un s\u00e9rum facial antiedad que combina la riqueza nutritiva de un aceite, la ligereza refrescante de una loci\u00f3n y la eficacia concentrada. Con un 95% de ingredientes de origen natural y microperlas activas, que se funden al instante con la piel. Esta f\u00f3rmula hidrata, regenera y deja la piel visiblemente m\u00e1s tersa, suave y radiante desde las primeras aplicaciones. \u201cMe lo pongo cada ma\u00f1ana y me deja la cara s\u00faper lista para lo que venga\u201d, dice la actriz.<\/p>\n<p>El maquillaje, cuando aparece, lo hace de forma sutil pero transformadora. La base Terracotta Le Teint Glow fue la elegida por el make up artist por su textura ultraligera, que no solo embellece al instante, sino que tambi\u00e9n mejora la calidad de la piel con el uso continuo, gracias a sus activos de tratamiento.<\/p>\n<p><img loading=\"lazy\" decoding=\"async\" class=\"alignnone size-full wp-image-152913\" src=\"https:\/\/graziamagazine.com\/mx\/wp-content\/uploads\/sites\/13\/2025\/07\/Mindmark-26-scaled.jpg\" alt=\"\" width=\"2560\" height=\"1439\" srcset=\"https:\/\/graziamagazine.com\/mx\/wp-content\/uploads\/sites\/13\/2025\/07\/Mindmark-26-scaled.jpg 2560w, https:\/\/graziamagazine.com\/mx\/wp-content\/uploads\/sites\/13\/2025\/07\/Mindmark-26-450x253.jpg 450w, https:\/\/graziamagazine.com\/mx\/wp-content\/uploads\/sites\/13\/2025\/07\/Mindmark-26-1024x576.jpg 1024w, https:\/\/graziamagazine.com\/mx\/wp-content\/uploads\/sites\/13\/2025\/07\/Mindmark-26-768x432.jpg 768w, https:\/\/graziamagazine.com\/mx\/wp-content\/uploads\/sites\/13\/2025\/07\/Mindmark-26-1536x864.jpg 1536w, https:\/\/graziamagazine.com\/mx\/wp-content\/uploads\/sites\/13\/2025\/07\/Mindmark-26-2048x1152.jpg 2048w, https:\/\/graziamagazine.com\/mx\/wp-content\/uploads\/sites\/13\/2025\/07\/Mindmark-26-400x225.jpg 400w, https:\/\/graziamagazine.com\/mx\/wp-content\/uploads\/sites\/13\/2025\/07\/Mindmark-26-155x87.jpg 155w\" sizes=\"(max-width: 2560px) 100vw, 2560px\" \/><\/p>\n<p>La luminosidad viene de Terracotta Light \u2013 Edici\u00f3n Especial y coleccionable; los ic\u00f3nicos polvos bronceadores de Guerlain reinventados en un estuche de dise\u00f1o vanguardista. Con matices dorados y tonos vitaminados, aportan un efecto luminoso, fresco y natural, ideal para cualquier \u00e9poca del a\u00f1o.<\/p>\n<p>Para los labios, se opt\u00f3 por el nuevo KissKiss Bee Glow Oil, un aceite labial que combina el maquillaje y tratamiento; con miel e ingredientes naturales que hidrata, nutre y deja un brillo irresistible. \u201cCasi siempre uso nude, pero hace poco descubr\u00ed que el labial rojo tambi\u00e9n me queda bien\u201d, dice.<\/p>\n<p>Los masajes faciales diarios, el protector solar que aprendi\u00f3 a usar desde ni\u00f1a gracias a su madre y una inclinaci\u00f3n por lo vintage completan su universo de belleza. \u201cPuede ser que me haya quedado en una \u00e9poca de mi vida\u2026 pero me gusta y no me importa\u201d.<\/p>\n<p>Con personajes como Lupita o Isabel Iglesias en su repertorio, Mariana no solo interpreta, tambi\u00e9n se entrega. \u201cActuar con Owen Wilson fue un privilegio. Su energ\u00eda se transmiti\u00f3 a todo el equipo\u201d. Y as\u00ed como habita cada papel con honestidad, tambi\u00e9n habita su rostro, sin artificios, sin poses: \u201cMe gusta lo natural, lo que se siente verdadero\u201d.<\/p>\n<p>&nbsp;<\/p>\n<p>Y en esa verdad, radica su belleza.<\/p>\n<p>&nbsp;<\/p>\n<p>&nbsp;<\/p>\n","protected":false},"author":42739,"featured_media":152911,"template":"","format":"standard","categories":[],"acf":[],"yoast_head":"<!-- This site is optimized with the Yoast SEO Premium plugin v18.5 (Yoast SEO v20.4) - https:\/\/yoast.com\/wordpress\/plugins\/seo\/ -->\n<title>Mariana Trevi\u00f1o y su beauty look en la portada de Grazia | Grazia M\u00e9xico y Latinoam\u00e9rica<\/title>\n<meta name=\"description\" content=\"Entre cuidados esenciales, labios nude, contour y un toque teatral, as\u00ed se construye el beauty look de la actriz para la portada de Grazia. \u201cHola, soy\" \/>\n<meta name=\"robots\" content=\"index, follow, max-snippet:-1, max-image-preview:large, max-video-preview:-1\" \/>\n<link rel=\"canonical\" href=\"https:\/\/graziamagazine.com\/mx\/articles\/mariana-trevino-y-su-beauty-look-en-la-portada-de-grazia\/\" \/>\n<meta property=\"og:locale\" content=\"es_MX\" \/>\n<meta property=\"og:type\" content=\"article\" \/>\n<meta property=\"og:title\" content=\"Mariana Trevi\u00f1o y su beauty look en la portada de Grazia\" \/>\n<meta property=\"og:description\" content=\"Entre cuidados esenciales, labios nude, contour y un toque teatral, as\u00ed se construye el beauty look de la actriz para la portada de Grazia. \u201cHola, soy\" \/>\n<meta property=\"og:url\" content=\"https:\/\/graziamagazine.com\/mx\/articles\/mariana-trevino-y-su-beauty-look-en-la-portada-de-grazia\/\" \/>\n<meta property=\"og:site_name\" content=\"Grazia M\u00e9xico y Latinoam\u00e9rica\" \/>\n<meta property=\"article:modified_time\" content=\"2025-07-21T12:59:59+00:00\" \/>\n<meta property=\"og:image\" content=\"https:\/\/graziamagazine.com\/mx\/wp-content\/uploads\/sites\/13\/2025\/07\/Mindmark-12-scaled.jpg\" \/>\n\t<meta property=\"og:image:width\" content=\"1710\" \/>\n\t<meta property=\"og:image:height\" content=\"2560\" \/>\n\t<meta property=\"og:image:type\" content=\"image\/jpeg\" \/>\n<meta name=\"twitter:card\" content=\"summary_large_image\" \/>\n<meta name=\"twitter:label1\" content=\"Est. reading time\" \/>\n\t<meta name=\"twitter:data1\" content=\"3 minutos\" \/>\n<script type=\"application\/ld+json\" class=\"yoast-schema-graph\">{\"@context\":\"https:\/\/schema.org\",\"@graph\":[{\"@type\":\"WebPage\",\"@id\":\"https:\/\/graziamagazine.com\/mx\/articles\/mariana-trevino-y-su-beauty-look-en-la-portada-de-grazia\/\",\"url\":\"https:\/\/graziamagazine.com\/mx\/articles\/mariana-trevino-y-su-beauty-look-en-la-portada-de-grazia\/\",\"name\":\"Mariana Trevi\u00f1o y su beauty look en la portada de Grazia | Grazia M\u00e9xico y Latinoam\u00e9rica\",\"isPartOf\":{\"@id\":\"https:\/\/graziamagazine.com\/mx\/#website\"},\"datePublished\":\"2025-07-07T20:10:42+00:00\",\"dateModified\":\"2025-07-21T12:59:59+00:00\",\"description\":\"Entre cuidados esenciales, labios nude, contour y un toque teatral, as\u00ed se construye el beauty look de la actriz para la portada de Grazia. \u201cHola, soy\",\"breadcrumb\":{\"@id\":\"https:\/\/graziamagazine.com\/mx\/articles\/mariana-trevino-y-su-beauty-look-en-la-portada-de-grazia\/#breadcrumb\"},\"inLanguage\":\"es-MX\",\"potentialAction\":[{\"@type\":\"ReadAction\",\"target\":[\"https:\/\/graziamagazine.com\/mx\/articles\/mariana-trevino-y-su-beauty-look-en-la-portada-de-grazia\/\"]}]},{\"@type\":\"BreadcrumbList\",\"@id\":\"https:\/\/graziamagazine.com\/mx\/articles\/mariana-trevino-y-su-beauty-look-en-la-portada-de-grazia\/#breadcrumb\",\"itemListElement\":[{\"@type\":\"ListItem\",\"position\":1,\"name\":\"Home\",\"item\":\"https:\/\/graziamagazine.com\/mx\/\"},{\"@type\":\"ListItem\",\"position\":2,\"name\":\"Mariana Trevi\u00f1o y su beauty look en la portada de Grazia\"}]},{\"@type\":\"WebSite\",\"@id\":\"https:\/\/graziamagazine.com\/mx\/#website\",\"url\":\"https:\/\/graziamagazine.com\/mx\/\",\"name\":\"Grazia M\u00e9xico y Latinoam\u00e9rica\",\"description\":\"Grazia es moda, belleza y noticias  de actualidad \",\"potentialAction\":[{\"@type\":\"SearchAction\",\"target\":{\"@type\":\"EntryPoint\",\"urlTemplate\":\"https:\/\/graziamagazine.com\/mx\/?s={search_term_string}\"},\"query-input\":\"required name=search_term_string\"}],\"inLanguage\":\"es-MX\"}]}<\/script>\n<!-- \/ Yoast SEO Premium plugin. -->","yoast_head_json":{"title":"Mariana Trevi\u00f1o y su beauty look en la portada de Grazia | Grazia M\u00e9xico y Latinoam\u00e9rica","description":"Entre cuidados esenciales, labios nude, contour y un toque teatral, as\u00ed se construye el beauty look de la actriz para la portada de Grazia. \u201cHola, soy","robots":{"index":"index","follow":"follow","max-snippet":"max-snippet:-1","max-image-preview":"max-image-preview:large","max-video-preview":"max-video-preview:-1"},"canonical":"https:\/\/graziamagazine.com\/mx\/articles\/mariana-trevino-y-su-beauty-look-en-la-portada-de-grazia\/","og_locale":"es_MX","og_type":"article","og_title":"Mariana Trevi\u00f1o y su beauty look en la portada de Grazia","og_description":"Entre cuidados esenciales, labios nude, contour y un toque teatral, as\u00ed se construye el beauty look de la actriz para la portada de Grazia. \u201cHola, soy","og_url":"https:\/\/graziamagazine.com\/mx\/articles\/mariana-trevino-y-su-beauty-look-en-la-portada-de-grazia\/","og_site_name":"Grazia M\u00e9xico y Latinoam\u00e9rica","article_modified_time":"2025-07-21T12:59:59+00:00","og_image":[{"width":1710,"height":2560,"url":"https:\/\/graziamagazine.com\/mx\/wp-content\/uploads\/sites\/13\/2025\/07\/Mindmark-12-scaled.jpg","type":"image\/jpeg"}],"twitter_card":"summary_large_image","twitter_misc":{"Est. reading time":"3 minutos"},"schema":{"@context":"https:\/\/schema.org","@graph":[{"@type":"WebPage","@id":"https:\/\/graziamagazine.com\/mx\/articles\/mariana-trevino-y-su-beauty-look-en-la-portada-de-grazia\/","url":"https:\/\/graziamagazine.com\/mx\/articles\/mariana-trevino-y-su-beauty-look-en-la-portada-de-grazia\/","name":"Mariana Trevi\u00f1o y su beauty look en la portada de Grazia | Grazia M\u00e9xico y Latinoam\u00e9rica","isPartOf":{"@id":"https:\/\/graziamagazine.com\/mx\/#website"},"datePublished":"2025-07-07T20:10:42+00:00","dateModified":"2025-07-21T12:59:59+00:00","description":"Entre cuidados esenciales, labios nude, contour y un toque teatral, as\u00ed se construye el beauty look de la actriz para la portada de Grazia. \u201cHola, soy","breadcrumb":{"@id":"https:\/\/graziamagazine.com\/mx\/articles\/mariana-trevino-y-su-beauty-look-en-la-portada-de-grazia\/#breadcrumb"},"inLanguage":"es-MX","potentialAction":[{"@type":"ReadAction","target":["https:\/\/graziamagazine.com\/mx\/articles\/mariana-trevino-y-su-beauty-look-en-la-portada-de-grazia\/"]}]},{"@type":"BreadcrumbList","@id":"https:\/\/graziamagazine.com\/mx\/articles\/mariana-trevino-y-su-beauty-look-en-la-portada-de-grazia\/#breadcrumb","itemListElement":[{"@type":"ListItem","position":1,"name":"Home","item":"https:\/\/graziamagazine.com\/mx\/"},{"@type":"ListItem","position":2,"name":"Mariana Trevi\u00f1o y su beauty look en la portada de Grazia"}]},{"@type":"WebSite","@id":"https:\/\/graziamagazine.com\/mx\/#website","url":"https:\/\/graziamagazine.com\/mx\/","name":"Grazia M\u00e9xico y Latinoam\u00e9rica","description":"Grazia es moda, belleza y noticias  de actualidad ","potentialAction":[{"@type":"SearchAction","target":{"@type":"EntryPoint","urlTemplate":"https:\/\/graziamagazine.com\/mx\/?s={search_term_string}"},"query-input":"required name=search_term_string"}],"inLanguage":"es-MX"}]}},"jetpack_sharing_enabled":true,"distributor_meta":false,"distributor_terms":false,"distributor_media":false,"distributor_original_site_name":"Grazia M\u00e9xico y Latinoam\u00e9rica","distributor_original_site_url":"https:\/\/graziamagazine.com\/mx","push-errors":false,"_links":{"self":[{"href":"https:\/\/graziamagazine.com\/mx\/wp-json\/wp\/v2\/articles\/152904"}],"collection":[{"href":"https:\/\/graziamagazine.com\/mx\/wp-json\/wp\/v2\/articles"}],"about":[{"href":"https:\/\/graziamagazine.com\/mx\/wp-json\/wp\/v2\/types\/articles"}],"author":[{"embeddable":true,"href":"https:\/\/graziamagazine.com\/mx\/wp-json\/wp\/v2\/users\/42739"}],"wp:featuredmedia":[{"embeddable":true,"href":"https:\/\/graziamagazine.com\/mx\/wp-json\/wp\/v2\/media\/152911"}],"wp:attachment":[{"href":"https:\/\/graziamagazine.com\/mx\/wp-json\/wp\/v2\/media?parent=152904"}],"wp:term":[{"taxonomy":"category","embeddable":true,"href":"https:\/\/graziamagazine.com\/mx\/wp-json\/wp\/v2\/categories?post=152904"}],"curies":[{"name":"wp","href":"https:\/\/api.w.org\/{rel}","templated":true}]}}