{"id":152550,"date":"2025-06-26T12:27:57","date_gmt":"2025-06-26T17:27:57","guid":{"rendered":"https:\/\/graziamagazine.com\/mx\/?post_type=articles&#038;p=152550"},"modified":"2025-06-26T12:35:52","modified_gmt":"2025-06-26T17:35:52","slug":"belinda-y-tim-burton-encuentro-fantastico","status":"publish","type":"articles","link":"https:\/\/graziamagazine.com\/mx\/articles\/belinda-y-tim-burton-encuentro-fantastico\/","title":{"rendered":"Belinda y Tim Burton: Encuentro Fant\u00e1stico"},"content":{"rendered":"<p data-start=\"592\" data-end=\"825\">\u00bfQu\u00e9 tienen en com\u00fan una estrella del pop y un maestro del cine g\u00f3tico? La respuesta la dio la noche del 25 de junio en la Ciudad de M\u00e9xico: <strong data-start=\"733\" data-end=\"822\">una inauguraci\u00f3n m\u00e1gica, un look de impacto y una chispa creativa que traspasa mundos<\/strong>.<\/p>\n<p data-start=\"827\" data-end=\"1237\">En medio del suspenso y la emoci\u00f3n, el <strong data-start=\"866\" data-end=\"898\">Lienzo Charro Constituyentes<\/strong> fue el escenario donde <strong data-start=\"922\" data-end=\"936\">Tim Burton<\/strong> present\u00f3 oficialmente <em data-start=\"959\" data-end=\"987\">El Laberinto de Tim Burton<\/em>, su esperada instalaci\u00f3n inmersiva. Y entre todos los asistentes, hubo una invitada que rob\u00f3 miradas y c\u00e1maras: <strong data-start=\"1100\" data-end=\"1111\">Belinda<\/strong>, quien con su look dark-glam activ\u00f3 el bot\u00f3n simb\u00f3lico que dio inicio al recorrido fant\u00e1stico por el universo del cineasta.<\/p>\n<blockquote class=\"tiktok-embed\" cite=\"https:\/\/www.tiktok.com\/@belindatok\/video\/7520136656175893767\" data-video-id=\"7520136656175893767\" data-embed-from=\"oembed\" style=\"max-width:605px; min-width:325px;\">\n<section> <a href=\"https:\/\/www.tiktok.com\/@belindatok?refer=embed\"target=\"_blank\" title=\"@belindatok\"  target=\"_blank\">@belindatok<\/a> <\/p>\n<p>\u2728Asombr-HADA\u2728 con el arte de <a href=\"https:\/\/www.tiktok.com\/tag\/timburton?refer=embed\"title=\"timburton\" target=\"_blank\"  target=\"_blank\">#TimBurton<\/a> <\/p>\n<p> <a href=\"https:\/\/www.tiktok.com\/music\/A-Theme-for-Tim-Burton-7186249545783724034?refer=embed\"target=\"_blank\" title=\"\u266c A Theme for Tim Burton - Mechanical Cabaret\"  target=\"_blank\">\u266c A Theme for Tim Burton &#8211; Mechanical Cabaret<\/a> <\/section>\n<\/blockquote>\n<p> <script async src=\"https:\/\/www.tiktok.com\/embed.js\"><\/script><\/p>\n<p data-start=\"1239\" data-end=\"1545\">Belinda no solo luci\u00f3 espectacular, tambi\u00e9n se rob\u00f3 el coraz\u00f3n del mism\u00edsimo Burton. Ambos compartieron unos minutos en privado donde \u00e9l <strong data-start=\"1376\" data-end=\"1398\">le firm\u00f3 un dibujo<\/strong>, y ella, emocionada, lo document\u00f3 todo en sus redes. \u00bfLa vibra? Absolutamente <em data-start=\"1477\" data-end=\"1489\">burtoniana<\/em>: fantas\u00eda, nostalgia y un toque de rebeld\u00eda elegante.<\/p>\n<p data-start=\"1547\" data-end=\"1934\">Aunque la alfombra roja arranc\u00f3 con gran expectativa, el entusiasmo del p\u00fablico fue tal que <strong data-start=\"1639\" data-end=\"1688\">Tim Burton tuvo que retirarse antes de tiempo<\/strong>. Fans con figuras, posters y libros en mano buscaban una firma, una foto, un momento con el genio detr\u00e1s de <em data-start=\"1797\" data-end=\"1823\">El extra\u00f1o mundo de Jack<\/em>. A\u00fan as\u00ed, la conexi\u00f3n fue intensa: el director salud\u00f3, sonri\u00f3 y dej\u00f3 claro que la magia ya estaba encendida.<\/p>\n<figure id=\"attachment_152551\" aria-describedby=\"caption-attachment-152551\" style=\"width: 500px\" class=\"wp-caption alignnone\"><img loading=\"lazy\" decoding=\"async\" class=\"wp-image-152551\" src=\"https:\/\/graziamagazine.com\/mx\/wp-content\/uploads\/sites\/13\/2025\/06\/Captura-de-Pantalla-2025-06-26-a-las-11.31.20-772x1024.png\" alt=\"Belinda y Tim Burton: Encuentro Fant\u00e1stico\" width=\"500\" height=\"663\" srcset=\"https:\/\/graziamagazine.com\/mx\/wp-content\/uploads\/sites\/13\/2025\/06\/Captura-de-Pantalla-2025-06-26-a-las-11.31.20-772x1024.png 772w, https:\/\/graziamagazine.com\/mx\/wp-content\/uploads\/sites\/13\/2025\/06\/Captura-de-Pantalla-2025-06-26-a-las-11.31.20-339x450.png 339w, https:\/\/graziamagazine.com\/mx\/wp-content\/uploads\/sites\/13\/2025\/06\/Captura-de-Pantalla-2025-06-26-a-las-11.31.20-768x1019.png 768w, https:\/\/graziamagazine.com\/mx\/wp-content\/uploads\/sites\/13\/2025\/06\/Captura-de-Pantalla-2025-06-26-a-las-11.31.20-400x531.png 400w, https:\/\/graziamagazine.com\/mx\/wp-content\/uploads\/sites\/13\/2025\/06\/Captura-de-Pantalla-2025-06-26-a-las-11.31.20-155x206.png 155w, https:\/\/graziamagazine.com\/mx\/wp-content\/uploads\/sites\/13\/2025\/06\/Captura-de-Pantalla-2025-06-26-a-las-11.31.20.png 944w\" sizes=\"(max-width: 500px) 100vw, 500px\" \/><figcaption id=\"caption-attachment-152551\" class=\"wp-caption-text\">Belinda y Tim Burton: Encuentro Fant\u00e1stico<\/figcaption><\/figure>\n<p data-start=\"1936\" data-end=\"2279\">Por su parte, <strong data-start=\"1950\" data-end=\"1961\">Belinda<\/strong> no decepcion\u00f3. Con un atuendo a la altura de la est\u00e9tica surrealista que rodeaba la exposici\u00f3n, confirm\u00f3 su lugar como <strong data-start=\"2081\" data-end=\"2100\">\u00edcono de estilo<\/strong>. Su look, inspirado en la est\u00e9tica oscura pero rom\u00e1ntica, conect\u00f3 perfectamente con el universo visual de Burton. Fue, literalmente, una mu\u00f1eca g\u00f3tica en el escenario perfecto.<\/p>\n<p data-start=\"2281\" data-end=\"2583\"><em data-start=\"2281\" data-end=\"2309\">El Laberinto de Tim Burton<\/em> ya es uno de los eventos m\u00e1s comentados del a\u00f1o, y su arranque en M\u00e9xico no pudo haber sido m\u00e1s cinematogr\u00e1fico. Si a\u00fan no lo visitas, prep\u00e1rate para <strong data-start=\"2460\" data-end=\"2493\">cruzar un portal a otro mundo<\/strong>. Y si eres fan de la moda, la m\u00fasica y el arte, esta experiencia te habla directamente.<\/p>\n<p data-start=\"2585\" data-end=\"2667\"><strong data-start=\"2585\" data-end=\"2667\">Belinda y Tim Burton juntos en una misma escena: pura fantas\u00eda hecha realidad.<\/strong><\/p>\n<p data-start=\"2585\" data-end=\"2667\"><em><strong>*IMAGEN: Google Images, TikTok<\/strong><\/em><\/p>\n","protected":false},"author":28953,"featured_media":152552,"template":"","format":"standard","categories":[2],"acf":[],"yoast_head":"<!-- This site is optimized with the Yoast SEO Premium plugin v18.5 (Yoast SEO v20.4) - https:\/\/yoast.com\/wordpress\/plugins\/seo\/ -->\n<title>Belinda y Tim Burton: Encuentro Fant\u00e1stico<\/title>\n<meta name=\"description\" content=\"Una noche entre moda, arte y fantas\u00eda donde Belinda y Tim Burton coincidieron en la CDMX para inaugurar un mundo surreal.\" \/>\n<meta name=\"robots\" content=\"index, follow, max-snippet:-1, max-image-preview:large, max-video-preview:-1\" \/>\n<link rel=\"canonical\" href=\"https:\/\/graziamagazine.com\/mx\/articles\/belinda-y-tim-burton-encuentro-fantastico\/\" \/>\n<meta property=\"og:locale\" content=\"es_MX\" \/>\n<meta property=\"og:type\" content=\"article\" \/>\n<meta property=\"og:title\" content=\"Belinda y Tim Burton: Encuentro Fant\u00e1stico\" \/>\n<meta property=\"og:description\" content=\"Una noche entre moda, arte y fantas\u00eda donde Belinda y Tim Burton coincidieron en la CDMX para inaugurar un mundo surreal.\" \/>\n<meta property=\"og:url\" content=\"https:\/\/graziamagazine.com\/mx\/articles\/belinda-y-tim-burton-encuentro-fantastico\/\" \/>\n<meta property=\"og:site_name\" content=\"Grazia M\u00e9xico y Latinoam\u00e9rica\" \/>\n<meta property=\"article:modified_time\" content=\"2025-06-26T17:35:52+00:00\" \/>\n<meta property=\"og:image\" content=\"https:\/\/graziamagazine.com\/mx\/wp-content\/uploads\/sites\/13\/2025\/06\/tim-burton-cdmx-laberinto-exposicion-2025-registro.jpg\" \/>\n\t<meta property=\"og:image:width\" content=\"1200\" \/>\n\t<meta property=\"og:image:height\" content=\"795\" \/>\n\t<meta property=\"og:image:type\" content=\"image\/jpeg\" \/>\n<meta name=\"twitter:card\" content=\"summary_large_image\" \/>\n<meta name=\"twitter:label1\" content=\"Est. reading time\" \/>\n\t<meta name=\"twitter:data1\" content=\"2 minutos\" \/>\n<script type=\"application\/ld+json\" class=\"yoast-schema-graph\">{\"@context\":\"https:\/\/schema.org\",\"@graph\":[{\"@type\":\"WebPage\",\"@id\":\"https:\/\/graziamagazine.com\/mx\/articles\/belinda-y-tim-burton-encuentro-fantastico\/\",\"url\":\"https:\/\/graziamagazine.com\/mx\/articles\/belinda-y-tim-burton-encuentro-fantastico\/\",\"name\":\"Belinda y Tim Burton: Encuentro Fant\u00e1stico\",\"isPartOf\":{\"@id\":\"https:\/\/graziamagazine.com\/mx\/#website\"},\"datePublished\":\"2025-06-26T17:27:57+00:00\",\"dateModified\":\"2025-06-26T17:35:52+00:00\",\"description\":\"Una noche entre moda, arte y fantas\u00eda donde Belinda y Tim Burton coincidieron en la CDMX para inaugurar un mundo surreal.\",\"breadcrumb\":{\"@id\":\"https:\/\/graziamagazine.com\/mx\/articles\/belinda-y-tim-burton-encuentro-fantastico\/#breadcrumb\"},\"inLanguage\":\"es-MX\",\"potentialAction\":[{\"@type\":\"ReadAction\",\"target\":[\"https:\/\/graziamagazine.com\/mx\/articles\/belinda-y-tim-burton-encuentro-fantastico\/\"]}]},{\"@type\":\"BreadcrumbList\",\"@id\":\"https:\/\/graziamagazine.com\/mx\/articles\/belinda-y-tim-burton-encuentro-fantastico\/#breadcrumb\",\"itemListElement\":[{\"@type\":\"ListItem\",\"position\":1,\"name\":\"Home\",\"item\":\"https:\/\/graziamagazine.com\/mx\/\"},{\"@type\":\"ListItem\",\"position\":2,\"name\":\"Belinda y Tim Burton: Encuentro Fant\u00e1stico\"}]},{\"@type\":\"WebSite\",\"@id\":\"https:\/\/graziamagazine.com\/mx\/#website\",\"url\":\"https:\/\/graziamagazine.com\/mx\/\",\"name\":\"Grazia M\u00e9xico y Latinoam\u00e9rica\",\"description\":\"Grazia es moda, belleza y noticias  de actualidad \",\"potentialAction\":[{\"@type\":\"SearchAction\",\"target\":{\"@type\":\"EntryPoint\",\"urlTemplate\":\"https:\/\/graziamagazine.com\/mx\/?s={search_term_string}\"},\"query-input\":\"required name=search_term_string\"}],\"inLanguage\":\"es-MX\"}]}<\/script>\n<!-- \/ Yoast SEO Premium plugin. -->","yoast_head_json":{"title":"Belinda y Tim Burton: Encuentro Fant\u00e1stico","description":"Una noche entre moda, arte y fantas\u00eda donde Belinda y Tim Burton coincidieron en la CDMX para inaugurar un mundo surreal.","robots":{"index":"index","follow":"follow","max-snippet":"max-snippet:-1","max-image-preview":"max-image-preview:large","max-video-preview":"max-video-preview:-1"},"canonical":"https:\/\/graziamagazine.com\/mx\/articles\/belinda-y-tim-burton-encuentro-fantastico\/","og_locale":"es_MX","og_type":"article","og_title":"Belinda y Tim Burton: Encuentro Fant\u00e1stico","og_description":"Una noche entre moda, arte y fantas\u00eda donde Belinda y Tim Burton coincidieron en la CDMX para inaugurar un mundo surreal.","og_url":"https:\/\/graziamagazine.com\/mx\/articles\/belinda-y-tim-burton-encuentro-fantastico\/","og_site_name":"Grazia M\u00e9xico y Latinoam\u00e9rica","article_modified_time":"2025-06-26T17:35:52+00:00","og_image":[{"width":1200,"height":795,"url":"https:\/\/graziamagazine.com\/mx\/wp-content\/uploads\/sites\/13\/2025\/06\/tim-burton-cdmx-laberinto-exposicion-2025-registro.jpg","type":"image\/jpeg"}],"twitter_card":"summary_large_image","twitter_misc":{"Est. reading time":"2 minutos"},"schema":{"@context":"https:\/\/schema.org","@graph":[{"@type":"WebPage","@id":"https:\/\/graziamagazine.com\/mx\/articles\/belinda-y-tim-burton-encuentro-fantastico\/","url":"https:\/\/graziamagazine.com\/mx\/articles\/belinda-y-tim-burton-encuentro-fantastico\/","name":"Belinda y Tim Burton: Encuentro Fant\u00e1stico","isPartOf":{"@id":"https:\/\/graziamagazine.com\/mx\/#website"},"datePublished":"2025-06-26T17:27:57+00:00","dateModified":"2025-06-26T17:35:52+00:00","description":"Una noche entre moda, arte y fantas\u00eda donde Belinda y Tim Burton coincidieron en la CDMX para inaugurar un mundo surreal.","breadcrumb":{"@id":"https:\/\/graziamagazine.com\/mx\/articles\/belinda-y-tim-burton-encuentro-fantastico\/#breadcrumb"},"inLanguage":"es-MX","potentialAction":[{"@type":"ReadAction","target":["https:\/\/graziamagazine.com\/mx\/articles\/belinda-y-tim-burton-encuentro-fantastico\/"]}]},{"@type":"BreadcrumbList","@id":"https:\/\/graziamagazine.com\/mx\/articles\/belinda-y-tim-burton-encuentro-fantastico\/#breadcrumb","itemListElement":[{"@type":"ListItem","position":1,"name":"Home","item":"https:\/\/graziamagazine.com\/mx\/"},{"@type":"ListItem","position":2,"name":"Belinda y Tim Burton: Encuentro Fant\u00e1stico"}]},{"@type":"WebSite","@id":"https:\/\/graziamagazine.com\/mx\/#website","url":"https:\/\/graziamagazine.com\/mx\/","name":"Grazia M\u00e9xico y Latinoam\u00e9rica","description":"Grazia es moda, belleza y noticias  de actualidad ","potentialAction":[{"@type":"SearchAction","target":{"@type":"EntryPoint","urlTemplate":"https:\/\/graziamagazine.com\/mx\/?s={search_term_string}"},"query-input":"required name=search_term_string"}],"inLanguage":"es-MX"}]}},"jetpack_sharing_enabled":true,"distributor_meta":false,"distributor_terms":false,"distributor_media":false,"distributor_original_site_name":"Grazia M\u00e9xico y Latinoam\u00e9rica","distributor_original_site_url":"https:\/\/graziamagazine.com\/mx","push-errors":false,"_links":{"self":[{"href":"https:\/\/graziamagazine.com\/mx\/wp-json\/wp\/v2\/articles\/152550"}],"collection":[{"href":"https:\/\/graziamagazine.com\/mx\/wp-json\/wp\/v2\/articles"}],"about":[{"href":"https:\/\/graziamagazine.com\/mx\/wp-json\/wp\/v2\/types\/articles"}],"author":[{"embeddable":true,"href":"https:\/\/graziamagazine.com\/mx\/wp-json\/wp\/v2\/users\/28953"}],"wp:featuredmedia":[{"embeddable":true,"href":"https:\/\/graziamagazine.com\/mx\/wp-json\/wp\/v2\/media\/152552"}],"wp:attachment":[{"href":"https:\/\/graziamagazine.com\/mx\/wp-json\/wp\/v2\/media?parent=152550"}],"wp:term":[{"taxonomy":"category","embeddable":true,"href":"https:\/\/graziamagazine.com\/mx\/wp-json\/wp\/v2\/categories?post=152550"}],"curies":[{"name":"wp","href":"https:\/\/api.w.org\/{rel}","templated":true}]}}