{"id":152512,"date":"2025-06-25T14:12:45","date_gmt":"2025-06-25T19:12:45","guid":{"rendered":"https:\/\/graziamagazine.com\/mx\/?post_type=articles&#038;p=152512"},"modified":"2025-06-25T14:21:31","modified_gmt":"2025-06-25T19:21:31","slug":"must-desfile-louis-vuitton-mens-fashion-week","status":"publish","type":"articles","link":"https:\/\/graziamagazine.com\/mx\/articles\/must-desfile-louis-vuitton-mens-fashion-week\/","title":{"rendered":"Los &#8216;must&#8217; del desfile de Louis Vuitton en Men\u2019s Fashion Week"},"content":{"rendered":"<p><strong>Pharrell Williams<\/strong>, director creativo de la l\u00ednea masculina de <strong>Louis Vuitton<\/strong>, hizo vibrar la semana de la moda masculina en el coraz\u00f3n del <strong>Centre Pompidou <\/strong>este martes, con un desfile cargado de color, cultura y sorpresas.<\/p>\n<p>Su colecci\u00f3n <strong>Spring-Summer 2026<\/strong> no fue solo ropa, fue un viaje entre la India, el glamour urbano y hasta un tablero de serpientes y escaleras hecho realidad. Aqu\u00ed te contamos los <em data-start=\"329\" data-end=\"335\">must<\/em> del show.<\/p>\n<h3><strong>Inspiraci\u00f3n \u201cParis to India\u201d<\/strong><\/h3>\n<p>El dise\u00f1ador, reci\u00e9n aterrizado tras un viaje a <strong>Delhi, Mumbai y Jaipur<\/strong>, trajo consigo una paleta llena de tonos <strong>c\u00farcuma y terracota<\/strong>, que impregnaron desde los abrigos t\u00e9cnicos hasta los trajes relajados.<\/p>\n<figure id=\"attachment_152515\" aria-describedby=\"caption-attachment-152515\" style=\"width: 360px\" class=\"wp-caption alignnone\"><img loading=\"lazy\" decoding=\"async\" class=\"size-medium wp-image-152515\" src=\"https:\/\/graziamagazine.com\/mx\/wp-content\/uploads\/sites\/13\/2025\/06\/WhatsApp-Image-2025-06-25-at-1.11.47-PM-360x450.jpeg\" alt=\"\" width=\"360\" height=\"450\" srcset=\"https:\/\/graziamagazine.com\/mx\/wp-content\/uploads\/sites\/13\/2025\/06\/WhatsApp-Image-2025-06-25-at-1.11.47-PM-360x450.jpeg 360w, https:\/\/graziamagazine.com\/mx\/wp-content\/uploads\/sites\/13\/2025\/06\/WhatsApp-Image-2025-06-25-at-1.11.47-PM-819x1024.jpeg 819w, https:\/\/graziamagazine.com\/mx\/wp-content\/uploads\/sites\/13\/2025\/06\/WhatsApp-Image-2025-06-25-at-1.11.47-PM-768x960.jpeg 768w, https:\/\/graziamagazine.com\/mx\/wp-content\/uploads\/sites\/13\/2025\/06\/WhatsApp-Image-2025-06-25-at-1.11.47-PM-400x500.jpeg 400w, https:\/\/graziamagazine.com\/mx\/wp-content\/uploads\/sites\/13\/2025\/06\/WhatsApp-Image-2025-06-25-at-1.11.47-PM-155x194.jpeg 155w, https:\/\/graziamagazine.com\/mx\/wp-content\/uploads\/sites\/13\/2025\/06\/WhatsApp-Image-2025-06-25-at-1.11.47-PM.jpeg 1080w\" sizes=\"(max-width: 360px) 100vw, 360px\" \/><figcaption id=\"caption-attachment-152515\" class=\"wp-caption-text\">Lo mejor del desfile de la l\u00ednea masculina de Louis Vuitton en el Men\u2019s Fashion Week \/ Cr\u00e9dito: Louis Vuitton<\/figcaption><\/figure>\n<h3><\/h3>\n<h3><strong>Un tablero gigante <\/strong><\/h3>\n<p>La pasarela se transform\u00f3 en un inmenso tablero de Serpientes y Escaleras dise\u00f1ado por el arquitecto indio <strong>Bijoy Jain de Studio Mumbai,<\/strong> esparciendo una atm\u00f3sfera casi m\u00edstica.<\/p>\n<p>Alcanzando los <strong>2.700\u202fm\u00b2<\/strong>, el set cobr\u00f3 vida gracias a madera cubierta con arcilla y pigmentos quemados, trazando <strong>cinco grandes serpientes<\/strong> sobre un tablero.<\/p>\n<p>\u201c(Es) <strong>un diagrama c\u00f3smico<\/strong>\u2026 como un mandala, ambientado en la idea de un juego donde todos tienen que ascender\u201d, dijo Bijoy Jain, seg\u00fan report\u00f3 el medio Design Boom.<\/p>\n<figure id=\"attachment_152516\" aria-describedby=\"caption-attachment-152516\" style=\"width: 360px\" class=\"wp-caption alignnone\"><img loading=\"lazy\" decoding=\"async\" class=\"size-medium wp-image-152516\" src=\"https:\/\/graziamagazine.com\/mx\/wp-content\/uploads\/sites\/13\/2025\/06\/WhatsApp-Image-2025-06-25-at-1.11.40-PM-360x450.jpeg\" alt=\"\" width=\"360\" height=\"450\" srcset=\"https:\/\/graziamagazine.com\/mx\/wp-content\/uploads\/sites\/13\/2025\/06\/WhatsApp-Image-2025-06-25-at-1.11.40-PM-360x450.jpeg 360w, https:\/\/graziamagazine.com\/mx\/wp-content\/uploads\/sites\/13\/2025\/06\/WhatsApp-Image-2025-06-25-at-1.11.40-PM-819x1024.jpeg 819w, https:\/\/graziamagazine.com\/mx\/wp-content\/uploads\/sites\/13\/2025\/06\/WhatsApp-Image-2025-06-25-at-1.11.40-PM-768x960.jpeg 768w, https:\/\/graziamagazine.com\/mx\/wp-content\/uploads\/sites\/13\/2025\/06\/WhatsApp-Image-2025-06-25-at-1.11.40-PM-400x500.jpeg 400w, https:\/\/graziamagazine.com\/mx\/wp-content\/uploads\/sites\/13\/2025\/06\/WhatsApp-Image-2025-06-25-at-1.11.40-PM-155x194.jpeg 155w, https:\/\/graziamagazine.com\/mx\/wp-content\/uploads\/sites\/13\/2025\/06\/WhatsApp-Image-2025-06-25-at-1.11.40-PM.jpeg 1080w\" sizes=\"(max-width: 360px) 100vw, 360px\" \/><figcaption id=\"caption-attachment-152516\" class=\"wp-caption-text\">Lo mejor del desfile de la l\u00ednea masculina de Louis Vuitton en el Men\u2019s Fashion Week \/ Cr\u00e9dito: Louis Vuitton<\/figcaption><\/figure>\n<p>Por su parte, Pharrel asegur\u00f3 que trabajar con Bijoy no se trat\u00f3 de una simple idea, sino de <strong>un proceso creativo \u00fanico<\/strong>.<\/p>\n<p>\u201cHe admirado a Bijoy y su trabajo durante a\u00f1os, y me sent\u00ed honrado cuando acept\u00f3 colaborar en<strong> la escenograf\u00eda del espect\u00e1culo en Par\u00eds<\/strong>\u201d, declar\u00f3 Williams tras el espect\u00e1culo en un comunicado de prensa.<\/p>\n<p>\u201c<strong>India siempre me ha inspirado<\/strong>. Es donde naci\u00f3 Serpientes y Escaleras, y el juego me pareci\u00f3 la met\u00e1fora perfecta de la vida: las subidas, las ca\u00eddas, las lecciones. Esta colaboraci\u00f3n fue un encuentro de mentes: humano, intencional y lleno de esp\u00edritu\u201d, agreg\u00f3.<\/p>\n<p><img loading=\"lazy\" decoding=\"async\" class=\"alignnone size-medium wp-image-152513\" src=\"https:\/\/graziamagazine.com\/mx\/wp-content\/uploads\/sites\/13\/2025\/06\/Captura-de-Pantalla-2025-06-25-a-las-13.09.19-450x231.png\" alt=\"\" width=\"450\" height=\"231\" srcset=\"https:\/\/graziamagazine.com\/mx\/wp-content\/uploads\/sites\/13\/2025\/06\/Captura-de-Pantalla-2025-06-25-a-las-13.09.19-450x231.png 450w, https:\/\/graziamagazine.com\/mx\/wp-content\/uploads\/sites\/13\/2025\/06\/Captura-de-Pantalla-2025-06-25-a-las-13.09.19-1024x527.png 1024w, https:\/\/graziamagazine.com\/mx\/wp-content\/uploads\/sites\/13\/2025\/06\/Captura-de-Pantalla-2025-06-25-a-las-13.09.19-768x395.png 768w, https:\/\/graziamagazine.com\/mx\/wp-content\/uploads\/sites\/13\/2025\/06\/Captura-de-Pantalla-2025-06-25-a-las-13.09.19-1536x790.png 1536w, https:\/\/graziamagazine.com\/mx\/wp-content\/uploads\/sites\/13\/2025\/06\/Captura-de-Pantalla-2025-06-25-a-las-13.09.19-400x206.png 400w, https:\/\/graziamagazine.com\/mx\/wp-content\/uploads\/sites\/13\/2025\/06\/Captura-de-Pantalla-2025-06-25-a-las-13.09.19-155x80.png 155w, https:\/\/graziamagazine.com\/mx\/wp-content\/uploads\/sites\/13\/2025\/06\/Captura-de-Pantalla-2025-06-25-a-las-13.09.19.png 1602w\" sizes=\"(max-width: 450px) 100vw, 450px\" \/><\/p>\n<h3><\/h3>\n<h3><strong>Celebrity power a todo volumen<\/strong><\/h3>\n<p>La <em>creme de la creme<\/em> fashion vibr\u00f3 en la primera fila\u2026 todos testigos de un momento ic\u00f3nico. La lista de calebridades que asistieron al evento es amplia. <strong>Coronados por \u00a0Beyonc\u00e9<\/strong>, a la lista le siguieron varios famosos del momento. <strong>Jay-Z<\/strong>, <strong>Bradley Cooper,<\/strong> J-Hope, <strong>Karol G<\/strong>, Pinkpanthress, Future, Pusha T, Jackson Wang, Bambam, Mason Thames, Miles Caton, D\u2019Pharaoh Woon-A-Tai, Malcolm Washington, Jalen Ramsey, y A$AP Nast estuvieron en primera fila disfrutando de la colecci\u00f3n\u2026 y del juego de Serpientes y Escaleras.<\/p>\n<figure id=\"attachment_152517\" aria-describedby=\"caption-attachment-152517\" style=\"width: 294px\" class=\"wp-caption alignnone\"><img loading=\"lazy\" decoding=\"async\" class=\"size-medium wp-image-152517\" src=\"https:\/\/graziamagazine.com\/mx\/wp-content\/uploads\/sites\/13\/2025\/06\/WhatsApp-Image-2025-06-25-at-1.11.34-PM-294x450.jpeg\" alt=\"\" width=\"294\" height=\"450\" srcset=\"https:\/\/graziamagazine.com\/mx\/wp-content\/uploads\/sites\/13\/2025\/06\/WhatsApp-Image-2025-06-25-at-1.11.34-PM-294x450.jpeg 294w, https:\/\/graziamagazine.com\/mx\/wp-content\/uploads\/sites\/13\/2025\/06\/WhatsApp-Image-2025-06-25-at-1.11.34-PM-670x1024.jpeg 670w, https:\/\/graziamagazine.com\/mx\/wp-content\/uploads\/sites\/13\/2025\/06\/WhatsApp-Image-2025-06-25-at-1.11.34-PM-768x1174.jpeg 768w, https:\/\/graziamagazine.com\/mx\/wp-content\/uploads\/sites\/13\/2025\/06\/WhatsApp-Image-2025-06-25-at-1.11.34-PM-1005x1536.jpeg 1005w, https:\/\/graziamagazine.com\/mx\/wp-content\/uploads\/sites\/13\/2025\/06\/WhatsApp-Image-2025-06-25-at-1.11.34-PM-400x611.jpeg 400w, https:\/\/graziamagazine.com\/mx\/wp-content\/uploads\/sites\/13\/2025\/06\/WhatsApp-Image-2025-06-25-at-1.11.34-PM-141x215.jpeg 141w, https:\/\/graziamagazine.com\/mx\/wp-content\/uploads\/sites\/13\/2025\/06\/WhatsApp-Image-2025-06-25-at-1.11.34-PM.jpeg 1047w\" sizes=\"(max-width: 294px) 100vw, 294px\" \/><figcaption id=\"caption-attachment-152517\" class=\"wp-caption-text\">Beyonc\u00e9 y Jay-Z llegando al desfile de Louis Vuitton en Men\u2019s Fashion Week \/ Getty Images<\/figcaption><\/figure>\n<h3><\/h3>\n<h3><strong>Detalles que cuentan historias\u00a0<\/strong><\/h3>\n<p>La colecci\u00f3n fue <strong>un puente de texturas y referencias<\/strong>, desde jerseys de cricket con cuellos joyados hasta bombers de cuero perlado <strong>que evocan los sets de Bollywood.<\/strong><\/p>\n<p>Las siluetas enfatizaron esa elegancia relajada. Pantalones amplios y plisados, <strong>chaquetas retro<\/strong>, overcoats pulcros, y <strong>elementos de &#8220;glamping<\/strong>&#8221; como <em>shell jackets<\/em> y <strong>botas de monta\u00f1a<\/strong> refinadas.<\/p>\n<div class=\"content-gallery\"><div class=\"gallery-placeholder\"><div class=\"spinner\"><\/div><\/div><span class=\"gallery-pagination\"><\/span><div id=\"gallery-1\" class=\"gallery galleryid-152512 gallery-columns- gallery-size-\"><figure class=\"gallery-item\"><div class=\"gallery-icon landscape\"><img loading=\"lazy\" decoding=\"async\" width=\"1143\" height=\"1600\" src=\"https:\/\/graziamagazine.com\/mx\/wp-content\/uploads\/sites\/13\/2025\/06\/WhatsApp-Image-2025-06-25-at-1.10.49-PM.jpeg\" class=\"lazy\" alt=\"\" srcset=\"https:\/\/graziamagazine.com\/mx\/wp-content\/uploads\/sites\/13\/2025\/06\/WhatsApp-Image-2025-06-25-at-1.10.49-PM.jpeg 1143w, https:\/\/graziamagazine.com\/mx\/wp-content\/uploads\/sites\/13\/2025\/06\/WhatsApp-Image-2025-06-25-at-1.10.49-PM-321x450.jpeg 321w, https:\/\/graziamagazine.com\/mx\/wp-content\/uploads\/sites\/13\/2025\/06\/WhatsApp-Image-2025-06-25-at-1.10.49-PM-732x1024.jpeg 732w, https:\/\/graziamagazine.com\/mx\/wp-content\/uploads\/sites\/13\/2025\/06\/WhatsApp-Image-2025-06-25-at-1.10.49-PM-768x1075.jpeg 768w, https:\/\/graziamagazine.com\/mx\/wp-content\/uploads\/sites\/13\/2025\/06\/WhatsApp-Image-2025-06-25-at-1.10.49-PM-1097x1536.jpeg 1097w, https:\/\/graziamagazine.com\/mx\/wp-content\/uploads\/sites\/13\/2025\/06\/WhatsApp-Image-2025-06-25-at-1.10.49-PM-400x560.jpeg 400w\" sizes=\"(max-width: 1143px) 100vw, 1143px\" \/><\/div><figcaption class=\"wp-caption-text gallery-caption\" id=\"gallery-1-152522\">Lo mejor del desfile de la l\u00ednea masculina de Louis Vuitton en el Men\u2019s Fashion Week \/ Cr\u00e9dito: Louis Vuitton<\/figcaption><\/figure><figure class=\"gallery-item\"><div class=\"gallery-icon landscape\"><img loading=\"lazy\" decoding=\"async\" width=\"1143\" height=\"1600\" src=\"https:\/\/graziamagazine.com\/mx\/wp-content\/uploads\/sites\/13\/2025\/06\/WhatsApp-Image-2025-06-25-at-1.10.56-PM.jpeg\" class=\"lazy\" alt=\"\" srcset=\"https:\/\/graziamagazine.com\/mx\/wp-content\/uploads\/sites\/13\/2025\/06\/WhatsApp-Image-2025-06-25-at-1.10.56-PM.jpeg 1143w, https:\/\/graziamagazine.com\/mx\/wp-content\/uploads\/sites\/13\/2025\/06\/WhatsApp-Image-2025-06-25-at-1.10.56-PM-321x450.jpeg 321w, https:\/\/graziamagazine.com\/mx\/wp-content\/uploads\/sites\/13\/2025\/06\/WhatsApp-Image-2025-06-25-at-1.10.56-PM-732x1024.jpeg 732w, https:\/\/graziamagazine.com\/mx\/wp-content\/uploads\/sites\/13\/2025\/06\/WhatsApp-Image-2025-06-25-at-1.10.56-PM-768x1075.jpeg 768w, https:\/\/graziamagazine.com\/mx\/wp-content\/uploads\/sites\/13\/2025\/06\/WhatsApp-Image-2025-06-25-at-1.10.56-PM-1097x1536.jpeg 1097w, https:\/\/graziamagazine.com\/mx\/wp-content\/uploads\/sites\/13\/2025\/06\/WhatsApp-Image-2025-06-25-at-1.10.56-PM-400x560.jpeg 400w\" sizes=\"(max-width: 1143px) 100vw, 1143px\" \/><\/div><figcaption class=\"wp-caption-text gallery-caption\" id=\"gallery-1-152521\">Lo mejor del desfile de la l\u00ednea masculina de Louis Vuitton en el Men\u2019s Fashion Week \/ Cr\u00e9dito: Louis Vuitton<\/figcaption><\/figure><figure class=\"gallery-item\"><div class=\"gallery-icon landscape\"><img loading=\"lazy\" decoding=\"async\" width=\"1143\" height=\"1600\" src=\"https:\/\/graziamagazine.com\/mx\/wp-content\/uploads\/sites\/13\/2025\/06\/WhatsApp-Image-2025-06-25-at-1.10.38-PM.jpeg\" class=\"lazy\" alt=\"\" srcset=\"https:\/\/graziamagazine.com\/mx\/wp-content\/uploads\/sites\/13\/2025\/06\/WhatsApp-Image-2025-06-25-at-1.10.38-PM.jpeg 1143w, https:\/\/graziamagazine.com\/mx\/wp-content\/uploads\/sites\/13\/2025\/06\/WhatsApp-Image-2025-06-25-at-1.10.38-PM-321x450.jpeg 321w, https:\/\/graziamagazine.com\/mx\/wp-content\/uploads\/sites\/13\/2025\/06\/WhatsApp-Image-2025-06-25-at-1.10.38-PM-732x1024.jpeg 732w, https:\/\/graziamagazine.com\/mx\/wp-content\/uploads\/sites\/13\/2025\/06\/WhatsApp-Image-2025-06-25-at-1.10.38-PM-768x1075.jpeg 768w, https:\/\/graziamagazine.com\/mx\/wp-content\/uploads\/sites\/13\/2025\/06\/WhatsApp-Image-2025-06-25-at-1.10.38-PM-1097x1536.jpeg 1097w, https:\/\/graziamagazine.com\/mx\/wp-content\/uploads\/sites\/13\/2025\/06\/WhatsApp-Image-2025-06-25-at-1.10.38-PM-400x560.jpeg 400w\" sizes=\"(max-width: 1143px) 100vw, 1143px\" \/><\/div><figcaption class=\"wp-caption-text gallery-caption\" id=\"gallery-1-152524\">Lo mejor del desfile de la l\u00ednea masculina de Louis Vuitton en el Men\u2019s Fashion Week \/ Cr\u00e9dito: Louis Vuitton<\/figcaption><\/figure><figure class=\"gallery-item\"><div class=\"gallery-icon landscape\"><img loading=\"lazy\" decoding=\"async\" width=\"1143\" height=\"1600\" src=\"https:\/\/graziamagazine.com\/mx\/wp-content\/uploads\/sites\/13\/2025\/06\/WhatsApp-Image-2025-06-25-at-1.10.43-PM.jpeg\" class=\"lazy\" alt=\"\" srcset=\"https:\/\/graziamagazine.com\/mx\/wp-content\/uploads\/sites\/13\/2025\/06\/WhatsApp-Image-2025-06-25-at-1.10.43-PM.jpeg 1143w, https:\/\/graziamagazine.com\/mx\/wp-content\/uploads\/sites\/13\/2025\/06\/WhatsApp-Image-2025-06-25-at-1.10.43-PM-321x450.jpeg 321w, https:\/\/graziamagazine.com\/mx\/wp-content\/uploads\/sites\/13\/2025\/06\/WhatsApp-Image-2025-06-25-at-1.10.43-PM-732x1024.jpeg 732w, https:\/\/graziamagazine.com\/mx\/wp-content\/uploads\/sites\/13\/2025\/06\/WhatsApp-Image-2025-06-25-at-1.10.43-PM-768x1075.jpeg 768w, https:\/\/graziamagazine.com\/mx\/wp-content\/uploads\/sites\/13\/2025\/06\/WhatsApp-Image-2025-06-25-at-1.10.43-PM-1097x1536.jpeg 1097w, https:\/\/graziamagazine.com\/mx\/wp-content\/uploads\/sites\/13\/2025\/06\/WhatsApp-Image-2025-06-25-at-1.10.43-PM-400x560.jpeg 400w\" sizes=\"(max-width: 1143px) 100vw, 1143px\" \/><\/div><figcaption class=\"wp-caption-text gallery-caption\" id=\"gallery-1-152523\">Lo mejor del desfile de la l\u00ednea masculina de Louis Vuitton en el Men\u2019s Fashion Week \/ Cr\u00e9dito: Louis Vuitton<\/figcaption><\/figure><figure class=\"gallery-item\"><div class=\"gallery-icon landscape\"><img loading=\"lazy\" decoding=\"async\" width=\"1143\" height=\"1600\" src=\"https:\/\/graziamagazine.com\/mx\/wp-content\/uploads\/sites\/13\/2025\/06\/WhatsApp-Image-2025-06-25-at-1.11.24-PM.jpeg\" class=\"lazy\" alt=\"\" srcset=\"https:\/\/graziamagazine.com\/mx\/wp-content\/uploads\/sites\/13\/2025\/06\/WhatsApp-Image-2025-06-25-at-1.11.24-PM.jpeg 1143w, https:\/\/graziamagazine.com\/mx\/wp-content\/uploads\/sites\/13\/2025\/06\/WhatsApp-Image-2025-06-25-at-1.11.24-PM-321x450.jpeg 321w, https:\/\/graziamagazine.com\/mx\/wp-content\/uploads\/sites\/13\/2025\/06\/WhatsApp-Image-2025-06-25-at-1.11.24-PM-732x1024.jpeg 732w, https:\/\/graziamagazine.com\/mx\/wp-content\/uploads\/sites\/13\/2025\/06\/WhatsApp-Image-2025-06-25-at-1.11.24-PM-768x1075.jpeg 768w, https:\/\/graziamagazine.com\/mx\/wp-content\/uploads\/sites\/13\/2025\/06\/WhatsApp-Image-2025-06-25-at-1.11.24-PM-1097x1536.jpeg 1097w, https:\/\/graziamagazine.com\/mx\/wp-content\/uploads\/sites\/13\/2025\/06\/WhatsApp-Image-2025-06-25-at-1.11.24-PM-400x560.jpeg 400w\" sizes=\"(max-width: 1143px) 100vw, 1143px\" \/><\/div><figcaption class=\"wp-caption-text gallery-caption\" id=\"gallery-1-152518\">Lo mejor del desfile de la l\u00ednea masculina de Louis Vuitton en el Men\u2019s Fashion Week \/ Cr\u00e9dito: Louis Vuitton<\/figcaption><\/figure><figure class=\"gallery-item\"><div class=\"gallery-icon landscape\"><img loading=\"lazy\" decoding=\"async\" width=\"1143\" height=\"1600\" src=\"https:\/\/graziamagazine.com\/mx\/wp-content\/uploads\/sites\/13\/2025\/06\/WhatsApp-Image-2025-06-25-at-1.11.09-PM.jpeg\" class=\"lazy\" alt=\"\" srcset=\"https:\/\/graziamagazine.com\/mx\/wp-content\/uploads\/sites\/13\/2025\/06\/WhatsApp-Image-2025-06-25-at-1.11.09-PM.jpeg 1143w, https:\/\/graziamagazine.com\/mx\/wp-content\/uploads\/sites\/13\/2025\/06\/WhatsApp-Image-2025-06-25-at-1.11.09-PM-321x450.jpeg 321w, https:\/\/graziamagazine.com\/mx\/wp-content\/uploads\/sites\/13\/2025\/06\/WhatsApp-Image-2025-06-25-at-1.11.09-PM-732x1024.jpeg 732w, https:\/\/graziamagazine.com\/mx\/wp-content\/uploads\/sites\/13\/2025\/06\/WhatsApp-Image-2025-06-25-at-1.11.09-PM-768x1075.jpeg 768w, https:\/\/graziamagazine.com\/mx\/wp-content\/uploads\/sites\/13\/2025\/06\/WhatsApp-Image-2025-06-25-at-1.11.09-PM-1097x1536.jpeg 1097w, https:\/\/graziamagazine.com\/mx\/wp-content\/uploads\/sites\/13\/2025\/06\/WhatsApp-Image-2025-06-25-at-1.11.09-PM-400x560.jpeg 400w\" sizes=\"(max-width: 1143px) 100vw, 1143px\" \/><\/div><figcaption class=\"wp-caption-text gallery-caption\" id=\"gallery-1-152519\">Lo mejor del desfile de la l\u00ednea masculina de Louis Vuitton en el Men\u2019s Fashion Week \/ Cr\u00e9dito: Louis Vuitton<\/figcaption><\/figure><figure class=\"gallery-item\"><div class=\"gallery-icon landscape\"><img loading=\"lazy\" decoding=\"async\" width=\"1143\" height=\"1600\" src=\"https:\/\/graziamagazine.com\/mx\/wp-content\/uploads\/sites\/13\/2025\/06\/WhatsApp-Image-2025-06-25-at-1.11.02-PM.jpeg\" class=\"lazy\" alt=\"\" srcset=\"https:\/\/graziamagazine.com\/mx\/wp-content\/uploads\/sites\/13\/2025\/06\/WhatsApp-Image-2025-06-25-at-1.11.02-PM.jpeg 1143w, https:\/\/graziamagazine.com\/mx\/wp-content\/uploads\/sites\/13\/2025\/06\/WhatsApp-Image-2025-06-25-at-1.11.02-PM-321x450.jpeg 321w, https:\/\/graziamagazine.com\/mx\/wp-content\/uploads\/sites\/13\/2025\/06\/WhatsApp-Image-2025-06-25-at-1.11.02-PM-732x1024.jpeg 732w, https:\/\/graziamagazine.com\/mx\/wp-content\/uploads\/sites\/13\/2025\/06\/WhatsApp-Image-2025-06-25-at-1.11.02-PM-768x1075.jpeg 768w, https:\/\/graziamagazine.com\/mx\/wp-content\/uploads\/sites\/13\/2025\/06\/WhatsApp-Image-2025-06-25-at-1.11.02-PM-1097x1536.jpeg 1097w, https:\/\/graziamagazine.com\/mx\/wp-content\/uploads\/sites\/13\/2025\/06\/WhatsApp-Image-2025-06-25-at-1.11.02-PM-400x560.jpeg 400w\" sizes=\"(max-width: 1143px) 100vw, 1143px\" \/><\/div><figcaption class=\"wp-caption-text gallery-caption\" id=\"gallery-1-152520\">Lo mejor del desfile de la l\u00ednea masculina de Louis Vuitton en el Men\u2019s Fashion Week \/ Cr\u00e9dito: Louis Vuitton<\/figcaption><\/figure><\/div><\/div>\n<p>Para los amantes de los accesorios, hubo piezas llamativas; bolsos Speedy P9 con rayas pintadas, los nuevos zapatos <strong>LV Jazz, la LV Tilted skate shoe y la LV Buttersoft sneaker<\/strong>, listos para conquistar redes sociales y elegantes armarios<\/p>\n<p>Y las maletas, prendas bordadas, estampados y tejidos imprimieron <strong>un toque l\u00fadico<\/strong> digno del film <em>The Darjeeling Limited<\/em>.<\/p>\n<p><img loading=\"lazy\" decoding=\"async\" class=\"alignnone size-medium wp-image-152514\" src=\"https:\/\/graziamagazine.com\/mx\/wp-content\/uploads\/sites\/13\/2025\/06\/Captura-de-Pantalla-2025-06-25-a-las-13.09.08-450x202.png\" alt=\"\" width=\"450\" height=\"202\" srcset=\"https:\/\/graziamagazine.com\/mx\/wp-content\/uploads\/sites\/13\/2025\/06\/Captura-de-Pantalla-2025-06-25-a-las-13.09.08-450x202.png 450w, https:\/\/graziamagazine.com\/mx\/wp-content\/uploads\/sites\/13\/2025\/06\/Captura-de-Pantalla-2025-06-25-a-las-13.09.08-1024x459.png 1024w, https:\/\/graziamagazine.com\/mx\/wp-content\/uploads\/sites\/13\/2025\/06\/Captura-de-Pantalla-2025-06-25-a-las-13.09.08-768x344.png 768w, https:\/\/graziamagazine.com\/mx\/wp-content\/uploads\/sites\/13\/2025\/06\/Captura-de-Pantalla-2025-06-25-a-las-13.09.08-1536x688.png 1536w, https:\/\/graziamagazine.com\/mx\/wp-content\/uploads\/sites\/13\/2025\/06\/Captura-de-Pantalla-2025-06-25-a-las-13.09.08-2048x918.png 2048w, https:\/\/graziamagazine.com\/mx\/wp-content\/uploads\/sites\/13\/2025\/06\/Captura-de-Pantalla-2025-06-25-a-las-13.09.08-400x179.png 400w, https:\/\/graziamagazine.com\/mx\/wp-content\/uploads\/sites\/13\/2025\/06\/Captura-de-Pantalla-2025-06-25-a-las-13.09.08-155x69.png 155w\" sizes=\"(max-width: 450px) 100vw, 450px\" \/><\/p>\n<p>&nbsp;<\/p>\n<p>El desfile de Pharrell en Men\u2019s Fashion Week fue sobre todo, ic\u00f3nico. <strong>Un viaje de Par\u00eds a India<\/strong>, una pasarela l\u00fadica convertida en arte, y un casting de estrellas que lo probaron todo. Hubo glamour, cultura e innovaci\u00f3n. En definitiva, un desfile moderno, emotivo y <strong>lleno de estilo global<\/strong>.<\/p>\n","protected":false},"author":36289,"featured_media":152525,"template":"","format":"standard","categories":[14502],"acf":[],"yoast_head":"<!-- This site is optimized with the Yoast SEO Premium plugin v18.5 (Yoast SEO v20.4) - https:\/\/yoast.com\/wordpress\/plugins\/seo\/ -->\n<title>Los &#039;must&#039; del desfile de Louis Vuitton en Men\u2019s Fashion Week | Grazia M\u00e9xico y Latinoam\u00e9rica<\/title>\n<meta name=\"description\" content=\"Pharrell Williams, director creativo de la l\u00ednea masculina de Louis Vuitton, hizo vibrar la semana de la moda masculina en el coraz\u00f3n del Centre Pompidou\" \/>\n<meta name=\"robots\" content=\"index, follow, max-snippet:-1, max-image-preview:large, max-video-preview:-1\" \/>\n<link rel=\"canonical\" href=\"https:\/\/graziamagazine.com\/mx\/articles\/must-desfile-louis-vuitton-mens-fashion-week\/\" \/>\n<meta property=\"og:locale\" content=\"es_MX\" \/>\n<meta property=\"og:type\" content=\"article\" \/>\n<meta property=\"og:title\" content=\"Los &#039;must&#039; del desfile de Louis Vuitton en Men\u2019s Fashion Week\" \/>\n<meta property=\"og:description\" content=\"Pharrell Williams, director creativo de la l\u00ednea masculina de Louis Vuitton, hizo vibrar la semana de la moda masculina en el coraz\u00f3n del Centre Pompidou\" \/>\n<meta property=\"og:url\" content=\"https:\/\/graziamagazine.com\/mx\/articles\/must-desfile-louis-vuitton-mens-fashion-week\/\" \/>\n<meta property=\"og:site_name\" content=\"Grazia M\u00e9xico y Latinoam\u00e9rica\" \/>\n<meta property=\"article:modified_time\" content=\"2025-06-25T19:21:31+00:00\" \/>\n<meta property=\"og:image\" content=\"https:\/\/graziamagazine.com\/mx\/wp-content\/uploads\/sites\/13\/2025\/06\/WhatsApp-Image-2025-06-25-at-1.10.31-PM-e1750879250851.jpeg\" \/>\n\t<meta property=\"og:image:width\" content=\"1080\" \/>\n\t<meta property=\"og:image:height\" content=\"720\" \/>\n\t<meta property=\"og:image:type\" content=\"image\/jpeg\" \/>\n<meta name=\"twitter:card\" content=\"summary_large_image\" \/>\n<meta name=\"twitter:label1\" content=\"Est. reading time\" \/>\n\t<meta name=\"twitter:data1\" content=\"4 minutos\" \/>\n<script type=\"application\/ld+json\" class=\"yoast-schema-graph\">{\"@context\":\"https:\/\/schema.org\",\"@graph\":[{\"@type\":\"WebPage\",\"@id\":\"https:\/\/graziamagazine.com\/mx\/articles\/must-desfile-louis-vuitton-mens-fashion-week\/\",\"url\":\"https:\/\/graziamagazine.com\/mx\/articles\/must-desfile-louis-vuitton-mens-fashion-week\/\",\"name\":\"Los 'must' del desfile de Louis Vuitton en Men\u2019s Fashion Week | Grazia M\u00e9xico y Latinoam\u00e9rica\",\"isPartOf\":{\"@id\":\"https:\/\/graziamagazine.com\/mx\/#website\"},\"datePublished\":\"2025-06-25T19:12:45+00:00\",\"dateModified\":\"2025-06-25T19:21:31+00:00\",\"description\":\"Pharrell Williams, director creativo de la l\u00ednea masculina de Louis Vuitton, hizo vibrar la semana de la moda masculina en el coraz\u00f3n del Centre Pompidou\",\"breadcrumb\":{\"@id\":\"https:\/\/graziamagazine.com\/mx\/articles\/must-desfile-louis-vuitton-mens-fashion-week\/#breadcrumb\"},\"inLanguage\":\"es-MX\",\"potentialAction\":[{\"@type\":\"ReadAction\",\"target\":[\"https:\/\/graziamagazine.com\/mx\/articles\/must-desfile-louis-vuitton-mens-fashion-week\/\"]}]},{\"@type\":\"BreadcrumbList\",\"@id\":\"https:\/\/graziamagazine.com\/mx\/articles\/must-desfile-louis-vuitton-mens-fashion-week\/#breadcrumb\",\"itemListElement\":[{\"@type\":\"ListItem\",\"position\":1,\"name\":\"Home\",\"item\":\"https:\/\/graziamagazine.com\/mx\/\"},{\"@type\":\"ListItem\",\"position\":2,\"name\":\"Los &#8216;must&#8217; del desfile de Louis Vuitton en Men\u2019s Fashion Week\"}]},{\"@type\":\"WebSite\",\"@id\":\"https:\/\/graziamagazine.com\/mx\/#website\",\"url\":\"https:\/\/graziamagazine.com\/mx\/\",\"name\":\"Grazia M\u00e9xico y Latinoam\u00e9rica\",\"description\":\"Grazia es moda, belleza y noticias  de actualidad \",\"potentialAction\":[{\"@type\":\"SearchAction\",\"target\":{\"@type\":\"EntryPoint\",\"urlTemplate\":\"https:\/\/graziamagazine.com\/mx\/?s={search_term_string}\"},\"query-input\":\"required name=search_term_string\"}],\"inLanguage\":\"es-MX\"}]}<\/script>\n<!-- \/ Yoast SEO Premium plugin. -->","yoast_head_json":{"title":"Los 'must' del desfile de Louis Vuitton en Men\u2019s Fashion Week | Grazia M\u00e9xico y Latinoam\u00e9rica","description":"Pharrell Williams, director creativo de la l\u00ednea masculina de Louis Vuitton, hizo vibrar la semana de la moda masculina en el coraz\u00f3n del Centre Pompidou","robots":{"index":"index","follow":"follow","max-snippet":"max-snippet:-1","max-image-preview":"max-image-preview:large","max-video-preview":"max-video-preview:-1"},"canonical":"https:\/\/graziamagazine.com\/mx\/articles\/must-desfile-louis-vuitton-mens-fashion-week\/","og_locale":"es_MX","og_type":"article","og_title":"Los 'must' del desfile de Louis Vuitton en Men\u2019s Fashion Week","og_description":"Pharrell Williams, director creativo de la l\u00ednea masculina de Louis Vuitton, hizo vibrar la semana de la moda masculina en el coraz\u00f3n del Centre Pompidou","og_url":"https:\/\/graziamagazine.com\/mx\/articles\/must-desfile-louis-vuitton-mens-fashion-week\/","og_site_name":"Grazia M\u00e9xico y Latinoam\u00e9rica","article_modified_time":"2025-06-25T19:21:31+00:00","og_image":[{"width":1080,"height":720,"url":"https:\/\/graziamagazine.com\/mx\/wp-content\/uploads\/sites\/13\/2025\/06\/WhatsApp-Image-2025-06-25-at-1.10.31-PM-e1750879250851.jpeg","type":"image\/jpeg"}],"twitter_card":"summary_large_image","twitter_misc":{"Est. reading time":"4 minutos"},"schema":{"@context":"https:\/\/schema.org","@graph":[{"@type":"WebPage","@id":"https:\/\/graziamagazine.com\/mx\/articles\/must-desfile-louis-vuitton-mens-fashion-week\/","url":"https:\/\/graziamagazine.com\/mx\/articles\/must-desfile-louis-vuitton-mens-fashion-week\/","name":"Los 'must' del desfile de Louis Vuitton en Men\u2019s Fashion Week | Grazia M\u00e9xico y Latinoam\u00e9rica","isPartOf":{"@id":"https:\/\/graziamagazine.com\/mx\/#website"},"datePublished":"2025-06-25T19:12:45+00:00","dateModified":"2025-06-25T19:21:31+00:00","description":"Pharrell Williams, director creativo de la l\u00ednea masculina de Louis Vuitton, hizo vibrar la semana de la moda masculina en el coraz\u00f3n del Centre Pompidou","breadcrumb":{"@id":"https:\/\/graziamagazine.com\/mx\/articles\/must-desfile-louis-vuitton-mens-fashion-week\/#breadcrumb"},"inLanguage":"es-MX","potentialAction":[{"@type":"ReadAction","target":["https:\/\/graziamagazine.com\/mx\/articles\/must-desfile-louis-vuitton-mens-fashion-week\/"]}]},{"@type":"BreadcrumbList","@id":"https:\/\/graziamagazine.com\/mx\/articles\/must-desfile-louis-vuitton-mens-fashion-week\/#breadcrumb","itemListElement":[{"@type":"ListItem","position":1,"name":"Home","item":"https:\/\/graziamagazine.com\/mx\/"},{"@type":"ListItem","position":2,"name":"Los &#8216;must&#8217; del desfile de Louis Vuitton en Men\u2019s Fashion Week"}]},{"@type":"WebSite","@id":"https:\/\/graziamagazine.com\/mx\/#website","url":"https:\/\/graziamagazine.com\/mx\/","name":"Grazia M\u00e9xico y Latinoam\u00e9rica","description":"Grazia es moda, belleza y noticias  de actualidad ","potentialAction":[{"@type":"SearchAction","target":{"@type":"EntryPoint","urlTemplate":"https:\/\/graziamagazine.com\/mx\/?s={search_term_string}"},"query-input":"required name=search_term_string"}],"inLanguage":"es-MX"}]}},"jetpack_sharing_enabled":true,"distributor_meta":false,"distributor_terms":false,"distributor_media":false,"distributor_original_site_name":"Grazia M\u00e9xico y Latinoam\u00e9rica","distributor_original_site_url":"https:\/\/graziamagazine.com\/mx","push-errors":false,"_links":{"self":[{"href":"https:\/\/graziamagazine.com\/mx\/wp-json\/wp\/v2\/articles\/152512"}],"collection":[{"href":"https:\/\/graziamagazine.com\/mx\/wp-json\/wp\/v2\/articles"}],"about":[{"href":"https:\/\/graziamagazine.com\/mx\/wp-json\/wp\/v2\/types\/articles"}],"author":[{"embeddable":true,"href":"https:\/\/graziamagazine.com\/mx\/wp-json\/wp\/v2\/users\/36289"}],"wp:featuredmedia":[{"embeddable":true,"href":"https:\/\/graziamagazine.com\/mx\/wp-json\/wp\/v2\/media\/152525"}],"wp:attachment":[{"href":"https:\/\/graziamagazine.com\/mx\/wp-json\/wp\/v2\/media?parent=152512"}],"wp:term":[{"taxonomy":"category","embeddable":true,"href":"https:\/\/graziamagazine.com\/mx\/wp-json\/wp\/v2\/categories?post=152512"}],"curies":[{"name":"wp","href":"https:\/\/api.w.org\/{rel}","templated":true}]}}