{"id":152386,"date":"2025-06-23T15:40:05","date_gmt":"2025-06-23T20:40:05","guid":{"rendered":"https:\/\/graziamagazine.com\/mx\/?post_type=articles&#038;p=152386"},"modified":"2025-06-24T08:01:21","modified_gmt":"2025-06-24T13:01:21","slug":"belinda-loro-piana-compra-glam-contradice-nueva-cancion","status":"publish","type":"articles","link":"https:\/\/graziamagazine.com\/mx\/articles\/belinda-loro-piana-compra-glam-contradice-nueva-cancion\/","title":{"rendered":"Belinda en Loro\u202fPiana: compra glam y contradice su nueva canci\u00f3n"},"content":{"rendered":"<p><strong>Belinda<\/strong> no deja de sorprendernos: primero lanza el verso en contra del elitismo \u201c\u00bfQu\u00e9 gatos son los que visten Loro Piana?\u201d en su tema <em data-start=\"204\" data-end=\"218\">Heterocrom\u00eda<\/em><em>,<\/em> luego aparece en la boutique de <strong>Loro\u202fPiana<\/strong> \u2014m\u00e1s elegante que nunca<strong>\u2014 con varias bolsas de la marca en mano<\/strong> y una sonrisa que lo dice todo.<\/p>\n<p>Un video que acompa\u00f1a su publicaci\u00f3n dice <strong>\u201cHoy me siento un poco aristo\u201d<\/strong> con emoticono de gato \u2014tremendo combo de humor y estilo.<\/p>\n<p>La escena fue captada en recientemente en <strong>Beverly Hills<\/strong>, donde se vio a Belinda saliendo con al menos <strong>dos bolsas llenas de prendas exclusivas<\/strong>. Este acto no pas\u00f3 desapercibido para los usuarios de redes sociales y los m\u00e1s fieles fans de la cantante.<\/p>\n<figure id=\"attachment_152387\" aria-describedby=\"caption-attachment-152387\" style=\"width: 310px\" class=\"wp-caption alignnone\"><img loading=\"lazy\" decoding=\"async\" class=\"size-medium wp-image-152387\" src=\"https:\/\/graziamagazine.com\/mx\/wp-content\/uploads\/sites\/13\/2025\/06\/Captura-de-Pantalla-2025-06-23-a-las-14.39.24-310x450.png\" alt=\"\" width=\"310\" height=\"450\" srcset=\"https:\/\/graziamagazine.com\/mx\/wp-content\/uploads\/sites\/13\/2025\/06\/Captura-de-Pantalla-2025-06-23-a-las-14.39.24-310x450.png 310w, https:\/\/graziamagazine.com\/mx\/wp-content\/uploads\/sites\/13\/2025\/06\/Captura-de-Pantalla-2025-06-23-a-las-14.39.24-400x581.png 400w, https:\/\/graziamagazine.com\/mx\/wp-content\/uploads\/sites\/13\/2025\/06\/Captura-de-Pantalla-2025-06-23-a-las-14.39.24-148x215.png 148w, https:\/\/graziamagazine.com\/mx\/wp-content\/uploads\/sites\/13\/2025\/06\/Captura-de-Pantalla-2025-06-23-a-las-14.39.24.png 570w\" sizes=\"(max-width: 310px) 100vw, 310px\" \/><figcaption id=\"caption-attachment-152387\" class=\"wp-caption-text\">Belinda en Loro\u202fPiana \/ Instagram @belindapop<\/figcaption><\/figure>\n<p>Belinda utiliz\u00f3 su propia letra para crear un momento viral. Mientras su canci\u00f3n critica impl\u00edcitamente ese estilo elitista, su acci\u00f3n es una burla a ella misma.<\/p>\n<p>La canci\u00f3n <strong data-start=\"11\" data-end=\"29\"><em>Heterocrom\u00eda<\/em><\/strong>, primer sencillo del \u00e1lbum <em data-start=\"57\" data-end=\"67\">Ind\u00f3mita<\/em> (2025), surge como una fuerte cr\u00edtica al clasismo, inspirada \u2014al menos en gran parte\u2014 en el final de la breve relaci\u00f3n de Belinda con <strong>Gonzalo Hevia\u202fBaill\u00e8res<\/strong>, heredero de los Baill\u00e8res, due\u00f1os de <strong>Palacio de Hierro.<\/strong><\/p>\n<p>La letra, que arranca con un gui\u00f1o nost\u00e1lgico a la pel\u00edcula <em data-start=\"343\" data-end=\"360\">Los Aristogatos<\/em> \u2014<em data-start=\"362\" data-end=\"407\">\u201c\u00bfQu\u00e9 gatos son los que visten Loro Piana?\u201d<\/em>\u2014, sacude al incluir versos como <em data-start=\"440\" data-end=\"477\">\u201cT\u00fa eres old money, te dicen Bunny\u201d<\/em> y <em data-start=\"480\" data-end=\"520\">\u201cY tu palacio me lo paso por el booty\u201d<\/em>, referencias directas a su entorno econ\u00f3mico y la herencia y el negocio de su ex.<\/p>\n<p>Aunque Belinda nunca ha nombrado p\u00fablicamente al destinatario, medios coinciden en que todas las se\u00f1ales apuntan a Gonzalo, desde la heterocrom\u00eda \u2014condici\u00f3n de tener ojos de distintos colores\u2014 condici\u00f3n que \u00e9l padece, hasta las iniciales &#8220;GHB&#8221; que aparecen en la canci\u00f3n.<\/p>\n<p>Ahora, \u00bfcu\u00e1l el todo el asunto con<strong> Loro\u202fPiana?<\/strong> Pues que es una marca ultracara que normalmente compran persnas con alt\u00edsimo poder adquisitivo, como G\u00f3nzalo <strong>Baill\u00e8res<\/strong>.<\/p>\n<p>Es una casa de moda italiana <strong>fundada en 1924<\/strong> en Trivero, Italia, dedicada desde sus inicios a producir tejidos fin\u00edsimos \u2014cashmere, vicu\u00f1a, merino extrafino y lino\u2014 antes de lanzar su propia l\u00ednea de ropa . Reconocida por su s\u00f3lida apuesta al lujo silencioso, ofrece piezas sobrias, <strong>sin logos llamativos<\/strong>, enfocadas en la calidad y durabilidad.<\/p>\n<figure id=\"attachment_152389\" aria-describedby=\"caption-attachment-152389\" style=\"width: 450px\" class=\"wp-caption alignnone\"><img loading=\"lazy\" decoding=\"async\" class=\"size-medium wp-image-152389\" src=\"https:\/\/graziamagazine.com\/mx\/wp-content\/uploads\/sites\/13\/2025\/06\/WhatsApp-Image-2025-06-23-at-2.42.59-PM-450x450.jpeg\" alt=\"\" width=\"450\" height=\"450\" srcset=\"https:\/\/graziamagazine.com\/mx\/wp-content\/uploads\/sites\/13\/2025\/06\/WhatsApp-Image-2025-06-23-at-2.42.59-PM-450x450.jpeg 450w, https:\/\/graziamagazine.com\/mx\/wp-content\/uploads\/sites\/13\/2025\/06\/WhatsApp-Image-2025-06-23-at-2.42.59-PM-150x150.jpeg 150w, https:\/\/graziamagazine.com\/mx\/wp-content\/uploads\/sites\/13\/2025\/06\/WhatsApp-Image-2025-06-23-at-2.42.59-PM-768x768.jpeg 768w, https:\/\/graziamagazine.com\/mx\/wp-content\/uploads\/sites\/13\/2025\/06\/WhatsApp-Image-2025-06-23-at-2.42.59-PM-400x400.jpeg 400w, https:\/\/graziamagazine.com\/mx\/wp-content\/uploads\/sites\/13\/2025\/06\/WhatsApp-Image-2025-06-23-at-2.42.59-PM-155x155.jpeg 155w, https:\/\/graziamagazine.com\/mx\/wp-content\/uploads\/sites\/13\/2025\/06\/WhatsApp-Image-2025-06-23-at-2.42.59-PM.jpeg 992w\" sizes=\"(max-width: 450px) 100vw, 450px\" \/><figcaption id=\"caption-attachment-152389\" class=\"wp-caption-text\">Belinda en Loro\u202fPiana \/ Instagram @belindapop<\/figcaption><\/figure>\n<p>Aunque cuenta con boutiques selectas \u2014incluyendo <strong>Milan y Beverly Hills<\/strong>\u2014, en M\u00e9xico no tiene tienda propia; se consiguen en tiendas de lujo o v\u00eda e-commerce.<\/p>\n<p>Aqu\u00ed lo que duele al mundo, es el bolsillo. Un vestido b\u00e1sico de la marca arranca en <strong>34\u202f000 pesos<\/strong>, pero puede llegar a <strong>142\u202f000\u202fpesos<\/strong>, dependiendo del material .<\/p>\n<p>Los bolsos para mujer oscilan entre <strong>50\u202f000 y 546\u202f000\u202fpesos<\/strong> Los lentes femeninos pueden costar entre <strong>16\u202f000 y 30\u202f000\u202fpesos.<\/strong><\/p>\n<p>Belinda entonces gener\u00f3 magia; <strong>convirti\u00f3 un verso pol\u00e9mico en una tendencia<\/strong>, viraliz\u00f3 un video de compra real y puso a Loro\u202fPiana en el radar de todos. Ya seas fan de su m\u00fasica o de la moda, el movimiento fue de manual. Puro <em>hype <\/em>estrat\u00e9gico que mezcla sarcasmo, moda y comercial millonario.<\/p>\n<p data-start=\"121\" data-end=\"342\">\n","protected":false},"author":36289,"featured_media":152388,"template":"","format":"standard","categories":[12178],"acf":[],"yoast_head":"<!-- This site is optimized with the Yoast SEO Premium plugin v18.5 (Yoast SEO v20.4) - https:\/\/yoast.com\/wordpress\/plugins\/seo\/ -->\n<title>Belinda en Loro\u202fPiana: compra glam y contradice su nueva canci\u00f3n | Grazia M\u00e9xico y Latinoam\u00e9rica<\/title>\n<meta name=\"description\" content=\"Belinda no deja de sorprendernos: primero lanza el verso en contra del elitismo \u201c\u00bfQu\u00e9 gatos son los que visten Loro Piana?\u201d en su tema Heterocrom\u00eda, luego\" \/>\n<meta name=\"robots\" content=\"index, follow, max-snippet:-1, max-image-preview:large, max-video-preview:-1\" \/>\n<link rel=\"canonical\" href=\"https:\/\/graziamagazine.com\/mx\/articles\/belinda-loro-piana-compra-glam-contradice-nueva-cancion\/\" \/>\n<meta property=\"og:locale\" content=\"es_MX\" \/>\n<meta property=\"og:type\" content=\"article\" \/>\n<meta property=\"og:title\" content=\"Belinda en Loro\u202fPiana: compra glam y contradice su nueva canci\u00f3n\" \/>\n<meta property=\"og:description\" content=\"Belinda no deja de sorprendernos: primero lanza el verso en contra del elitismo \u201c\u00bfQu\u00e9 gatos son los que visten Loro Piana?\u201d en su tema Heterocrom\u00eda, luego\" \/>\n<meta property=\"og:url\" content=\"https:\/\/graziamagazine.com\/mx\/articles\/belinda-loro-piana-compra-glam-contradice-nueva-cancion\/\" \/>\n<meta property=\"og:site_name\" content=\"Grazia M\u00e9xico y Latinoam\u00e9rica\" \/>\n<meta property=\"article:modified_time\" content=\"2025-06-24T13:01:21+00:00\" \/>\n<meta property=\"og:image\" content=\"https:\/\/graziamagazine.com\/mx\/wp-content\/uploads\/sites\/13\/2025\/06\/Captura-de-Pantalla-2025-06-23-a-las-14.39.12.png\" \/>\n\t<meta property=\"og:image:width\" content=\"798\" \/>\n\t<meta property=\"og:image:height\" content=\"690\" \/>\n\t<meta property=\"og:image:type\" content=\"image\/png\" \/>\n<meta name=\"twitter:card\" content=\"summary_large_image\" \/>\n<meta name=\"twitter:label1\" content=\"Est. reading time\" \/>\n\t<meta name=\"twitter:data1\" content=\"3 minutos\" \/>\n<script type=\"application\/ld+json\" class=\"yoast-schema-graph\">{\"@context\":\"https:\/\/schema.org\",\"@graph\":[{\"@type\":\"WebPage\",\"@id\":\"https:\/\/graziamagazine.com\/mx\/articles\/belinda-loro-piana-compra-glam-contradice-nueva-cancion\/\",\"url\":\"https:\/\/graziamagazine.com\/mx\/articles\/belinda-loro-piana-compra-glam-contradice-nueva-cancion\/\",\"name\":\"Belinda en Loro\u202fPiana: compra glam y contradice su nueva canci\u00f3n | Grazia M\u00e9xico y Latinoam\u00e9rica\",\"isPartOf\":{\"@id\":\"https:\/\/graziamagazine.com\/mx\/#website\"},\"datePublished\":\"2025-06-23T20:40:05+00:00\",\"dateModified\":\"2025-06-24T13:01:21+00:00\",\"description\":\"Belinda no deja de sorprendernos: primero lanza el verso en contra del elitismo \u201c\u00bfQu\u00e9 gatos son los que visten Loro Piana?\u201d en su tema Heterocrom\u00eda, luego\",\"breadcrumb\":{\"@id\":\"https:\/\/graziamagazine.com\/mx\/articles\/belinda-loro-piana-compra-glam-contradice-nueva-cancion\/#breadcrumb\"},\"inLanguage\":\"es-MX\",\"potentialAction\":[{\"@type\":\"ReadAction\",\"target\":[\"https:\/\/graziamagazine.com\/mx\/articles\/belinda-loro-piana-compra-glam-contradice-nueva-cancion\/\"]}]},{\"@type\":\"BreadcrumbList\",\"@id\":\"https:\/\/graziamagazine.com\/mx\/articles\/belinda-loro-piana-compra-glam-contradice-nueva-cancion\/#breadcrumb\",\"itemListElement\":[{\"@type\":\"ListItem\",\"position\":1,\"name\":\"Home\",\"item\":\"https:\/\/graziamagazine.com\/mx\/\"},{\"@type\":\"ListItem\",\"position\":2,\"name\":\"Belinda en Loro\u202fPiana: compra glam y contradice su nueva canci\u00f3n\"}]},{\"@type\":\"WebSite\",\"@id\":\"https:\/\/graziamagazine.com\/mx\/#website\",\"url\":\"https:\/\/graziamagazine.com\/mx\/\",\"name\":\"Grazia M\u00e9xico y Latinoam\u00e9rica\",\"description\":\"Grazia es moda, belleza y noticias  de actualidad \",\"potentialAction\":[{\"@type\":\"SearchAction\",\"target\":{\"@type\":\"EntryPoint\",\"urlTemplate\":\"https:\/\/graziamagazine.com\/mx\/?s={search_term_string}\"},\"query-input\":\"required name=search_term_string\"}],\"inLanguage\":\"es-MX\"}]}<\/script>\n<!-- \/ Yoast SEO Premium plugin. -->","yoast_head_json":{"title":"Belinda en Loro\u202fPiana: compra glam y contradice su nueva canci\u00f3n | Grazia M\u00e9xico y Latinoam\u00e9rica","description":"Belinda no deja de sorprendernos: primero lanza el verso en contra del elitismo \u201c\u00bfQu\u00e9 gatos son los que visten Loro Piana?\u201d en su tema Heterocrom\u00eda, luego","robots":{"index":"index","follow":"follow","max-snippet":"max-snippet:-1","max-image-preview":"max-image-preview:large","max-video-preview":"max-video-preview:-1"},"canonical":"https:\/\/graziamagazine.com\/mx\/articles\/belinda-loro-piana-compra-glam-contradice-nueva-cancion\/","og_locale":"es_MX","og_type":"article","og_title":"Belinda en Loro\u202fPiana: compra glam y contradice su nueva canci\u00f3n","og_description":"Belinda no deja de sorprendernos: primero lanza el verso en contra del elitismo \u201c\u00bfQu\u00e9 gatos son los que visten Loro Piana?\u201d en su tema Heterocrom\u00eda, luego","og_url":"https:\/\/graziamagazine.com\/mx\/articles\/belinda-loro-piana-compra-glam-contradice-nueva-cancion\/","og_site_name":"Grazia M\u00e9xico y Latinoam\u00e9rica","article_modified_time":"2025-06-24T13:01:21+00:00","og_image":[{"width":798,"height":690,"url":"https:\/\/graziamagazine.com\/mx\/wp-content\/uploads\/sites\/13\/2025\/06\/Captura-de-Pantalla-2025-06-23-a-las-14.39.12.png","type":"image\/png"}],"twitter_card":"summary_large_image","twitter_misc":{"Est. reading time":"3 minutos"},"schema":{"@context":"https:\/\/schema.org","@graph":[{"@type":"WebPage","@id":"https:\/\/graziamagazine.com\/mx\/articles\/belinda-loro-piana-compra-glam-contradice-nueva-cancion\/","url":"https:\/\/graziamagazine.com\/mx\/articles\/belinda-loro-piana-compra-glam-contradice-nueva-cancion\/","name":"Belinda en Loro\u202fPiana: compra glam y contradice su nueva canci\u00f3n | Grazia M\u00e9xico y Latinoam\u00e9rica","isPartOf":{"@id":"https:\/\/graziamagazine.com\/mx\/#website"},"datePublished":"2025-06-23T20:40:05+00:00","dateModified":"2025-06-24T13:01:21+00:00","description":"Belinda no deja de sorprendernos: primero lanza el verso en contra del elitismo \u201c\u00bfQu\u00e9 gatos son los que visten Loro Piana?\u201d en su tema Heterocrom\u00eda, luego","breadcrumb":{"@id":"https:\/\/graziamagazine.com\/mx\/articles\/belinda-loro-piana-compra-glam-contradice-nueva-cancion\/#breadcrumb"},"inLanguage":"es-MX","potentialAction":[{"@type":"ReadAction","target":["https:\/\/graziamagazine.com\/mx\/articles\/belinda-loro-piana-compra-glam-contradice-nueva-cancion\/"]}]},{"@type":"BreadcrumbList","@id":"https:\/\/graziamagazine.com\/mx\/articles\/belinda-loro-piana-compra-glam-contradice-nueva-cancion\/#breadcrumb","itemListElement":[{"@type":"ListItem","position":1,"name":"Home","item":"https:\/\/graziamagazine.com\/mx\/"},{"@type":"ListItem","position":2,"name":"Belinda en Loro\u202fPiana: compra glam y contradice su nueva canci\u00f3n"}]},{"@type":"WebSite","@id":"https:\/\/graziamagazine.com\/mx\/#website","url":"https:\/\/graziamagazine.com\/mx\/","name":"Grazia M\u00e9xico y Latinoam\u00e9rica","description":"Grazia es moda, belleza y noticias  de actualidad ","potentialAction":[{"@type":"SearchAction","target":{"@type":"EntryPoint","urlTemplate":"https:\/\/graziamagazine.com\/mx\/?s={search_term_string}"},"query-input":"required name=search_term_string"}],"inLanguage":"es-MX"}]}},"jetpack_sharing_enabled":true,"distributor_meta":false,"distributor_terms":false,"distributor_media":false,"distributor_original_site_name":"Grazia M\u00e9xico y Latinoam\u00e9rica","distributor_original_site_url":"https:\/\/graziamagazine.com\/mx","push-errors":false,"_links":{"self":[{"href":"https:\/\/graziamagazine.com\/mx\/wp-json\/wp\/v2\/articles\/152386"}],"collection":[{"href":"https:\/\/graziamagazine.com\/mx\/wp-json\/wp\/v2\/articles"}],"about":[{"href":"https:\/\/graziamagazine.com\/mx\/wp-json\/wp\/v2\/types\/articles"}],"author":[{"embeddable":true,"href":"https:\/\/graziamagazine.com\/mx\/wp-json\/wp\/v2\/users\/36289"}],"wp:featuredmedia":[{"embeddable":true,"href":"https:\/\/graziamagazine.com\/mx\/wp-json\/wp\/v2\/media\/152388"}],"wp:attachment":[{"href":"https:\/\/graziamagazine.com\/mx\/wp-json\/wp\/v2\/media?parent=152386"}],"wp:term":[{"taxonomy":"category","embeddable":true,"href":"https:\/\/graziamagazine.com\/mx\/wp-json\/wp\/v2\/categories?post=152386"}],"curies":[{"name":"wp","href":"https:\/\/api.w.org\/{rel}","templated":true}]}}