{"id":152239,"date":"2025-06-18T14:55:24","date_gmt":"2025-06-18T19:55:24","guid":{"rendered":"https:\/\/graziamagazine.com\/mx\/?post_type=articles&#038;p=152239"},"modified":"2025-06-19T06:56:16","modified_gmt":"2025-06-19T11:56:16","slug":"tommy-hilfiger-regresa-fuerza-pitti-uomo","status":"publish","type":"articles","link":"https:\/\/graziamagazine.com\/mx\/articles\/tommy-hilfiger-regresa-fuerza-pitti-uomo\/","title":{"rendered":"Tommy Hilfiger regresa con fuerza a Pitti Uomo"},"content":{"rendered":"<p><strong>Tommy Hilfiger<\/strong> volvi\u00f3 al festival internacional de moda masculina <strong>Pitti Uomo<\/strong> con todo; moda, nostalgia y una buena dosis de fiesta. Para celebrar los 40 a\u00f1os de su marca, el dise\u00f1ador estadounidense eligi\u00f3 Florencia como escenario para presentar su nueva colecci\u00f3n masculina \u201cNew York\u201d primavera-verano 2026.<\/p>\n<p>El lugar no pudo ser m\u00e1s ic\u00f3nico, un palacio del siglo XV convertido en el <strong>\u201cHilfiger Social Club\u201d<\/strong>, donde varias celebridades se dieron cita. El actor de Emily in Paris, <strong>Lucien Laviscount, <\/strong>estuvo prensente, as\u00ed como<em> influencers<\/em> y prensa internacional.<\/p>\n<figure id=\"attachment_152240\" aria-describedby=\"caption-attachment-152240\" style=\"width: 363px\" class=\"wp-caption alignnone\"><img loading=\"lazy\" decoding=\"async\" class=\"size-medium wp-image-152240\" src=\"https:\/\/graziamagazine.com\/mx\/wp-content\/uploads\/sites\/13\/2025\/06\/WhatsApp-Image-2025-06-18-at-2.01.02-PM-1-363x450.jpeg\" alt=\"\" width=\"363\" height=\"450\" srcset=\"https:\/\/graziamagazine.com\/mx\/wp-content\/uploads\/sites\/13\/2025\/06\/WhatsApp-Image-2025-06-18-at-2.01.02-PM-1-363x450.jpeg 363w, https:\/\/graziamagazine.com\/mx\/wp-content\/uploads\/sites\/13\/2025\/06\/WhatsApp-Image-2025-06-18-at-2.01.02-PM-1-826x1024.jpeg 826w, https:\/\/graziamagazine.com\/mx\/wp-content\/uploads\/sites\/13\/2025\/06\/WhatsApp-Image-2025-06-18-at-2.01.02-PM-1-768x953.jpeg 768w, https:\/\/graziamagazine.com\/mx\/wp-content\/uploads\/sites\/13\/2025\/06\/WhatsApp-Image-2025-06-18-at-2.01.02-PM-1-1238x1536.jpeg 1238w, https:\/\/graziamagazine.com\/mx\/wp-content\/uploads\/sites\/13\/2025\/06\/WhatsApp-Image-2025-06-18-at-2.01.02-PM-1-400x496.jpeg 400w, https:\/\/graziamagazine.com\/mx\/wp-content\/uploads\/sites\/13\/2025\/06\/WhatsApp-Image-2025-06-18-at-2.01.02-PM-1-155x192.jpeg 155w, https:\/\/graziamagazine.com\/mx\/wp-content\/uploads\/sites\/13\/2025\/06\/WhatsApp-Image-2025-06-18-at-2.01.02-PM-1.jpeg 1290w\" sizes=\"(max-width: 363px) 100vw, 363px\" \/><figcaption id=\"caption-attachment-152240\" class=\"wp-caption-text\">Tommy Hilfiger regresa a Pitti Uomo \/ Instagram @tommyhilfiger<\/figcaption><\/figure>\n<p>La colecci\u00f3n marca un regreso a sus ra\u00edces. Con <strong>19 <em>looks<\/em><\/strong> presentados, Hilfiger apost\u00f3 por una reinterpretaci\u00f3n del estilo preppy americano, en clave contempor\u00e1nea.<\/p>\n<p>\u201c<strong>Lanc\u00e9 la marca hace 40 a\u00f1os<\/strong> con ropa masculina. Al celebrar este hito, no hay mejor lugar para regresar que Pitti Uomo y continuar ese legado\u201d, dijo el dise\u00f1ador en la invitaci\u00f3n al evento, dejando claro que este desfile es m\u00e1s que un gui\u00f1o al pasado, <strong>es una reafirmaci\u00f3n de su escencia<\/strong>.<\/p>\n<figure id=\"attachment_152241\" aria-describedby=\"caption-attachment-152241\" style=\"width: 367px\" class=\"wp-caption alignnone\"><img loading=\"lazy\" decoding=\"async\" class=\"size-medium wp-image-152241\" src=\"https:\/\/graziamagazine.com\/mx\/wp-content\/uploads\/sites\/13\/2025\/06\/WhatsApp-Image-2025-06-18-at-2.01.02-PM-367x450.jpeg\" alt=\"\" width=\"367\" height=\"450\" srcset=\"https:\/\/graziamagazine.com\/mx\/wp-content\/uploads\/sites\/13\/2025\/06\/WhatsApp-Image-2025-06-18-at-2.01.02-PM-367x450.jpeg 367w, https:\/\/graziamagazine.com\/mx\/wp-content\/uploads\/sites\/13\/2025\/06\/WhatsApp-Image-2025-06-18-at-2.01.02-PM-835x1024.jpeg 835w, https:\/\/graziamagazine.com\/mx\/wp-content\/uploads\/sites\/13\/2025\/06\/WhatsApp-Image-2025-06-18-at-2.01.02-PM-768x942.jpeg 768w, https:\/\/graziamagazine.com\/mx\/wp-content\/uploads\/sites\/13\/2025\/06\/WhatsApp-Image-2025-06-18-at-2.01.02-PM-1252x1536.jpeg 1252w, https:\/\/graziamagazine.com\/mx\/wp-content\/uploads\/sites\/13\/2025\/06\/WhatsApp-Image-2025-06-18-at-2.01.02-PM-400x491.jpeg 400w, https:\/\/graziamagazine.com\/mx\/wp-content\/uploads\/sites\/13\/2025\/06\/WhatsApp-Image-2025-06-18-at-2.01.02-PM-155x190.jpeg 155w, https:\/\/graziamagazine.com\/mx\/wp-content\/uploads\/sites\/13\/2025\/06\/WhatsApp-Image-2025-06-18-at-2.01.02-PM.jpeg 1290w\" sizes=\"(max-width: 367px) 100vw, 367px\" \/><figcaption id=\"caption-attachment-152241\" class=\"wp-caption-text\">Tommy Hilfiger regresa a Pitti Uomo \/ Instagram @tommyhilfiger<\/figcaption><\/figure>\n<p data-start=\"1240\" data-end=\"1781\">Las prendas, confeccionadas en Italia con tejidos premium como el algod\u00f3n del tejedor italiado <strong>Tessuti di Sondrio<\/strong>, apuestan por cortes relajados pero elegantes que funcionan tanto<strong> para la oficina <\/strong>como<strong> para un brunch en el Soho<\/strong>.<\/p>\n<p>\u201cEsta vez apostamos por <strong>una fusi\u00f3n entre lo casual y lo formal<\/strong>. Hemos escuchado las necesidades de los compradores. Eso es lo que buscan. Estoy seguro de que les gustar\u00e1\u201d, a\u00f1adi\u00f3 Hilfiger, reforzando su intenci\u00f3n de adaptarse a los tiempos <strong>sin perder identidad.<\/strong><\/p>\n<figure id=\"attachment_152242\" aria-describedby=\"caption-attachment-152242\" style=\"width: 398px\" class=\"wp-caption alignnone\"><img loading=\"lazy\" decoding=\"async\" class=\"size-medium wp-image-152242\" src=\"https:\/\/graziamagazine.com\/mx\/wp-content\/uploads\/sites\/13\/2025\/06\/WhatsApp-Image-2025-06-18-at-2.01.01-PM-1-398x450.jpeg\" alt=\"\" width=\"398\" height=\"450\" srcset=\"https:\/\/graziamagazine.com\/mx\/wp-content\/uploads\/sites\/13\/2025\/06\/WhatsApp-Image-2025-06-18-at-2.01.01-PM-1-398x450.jpeg 398w, https:\/\/graziamagazine.com\/mx\/wp-content\/uploads\/sites\/13\/2025\/06\/WhatsApp-Image-2025-06-18-at-2.01.01-PM-1-907x1024.jpeg 907w, https:\/\/graziamagazine.com\/mx\/wp-content\/uploads\/sites\/13\/2025\/06\/WhatsApp-Image-2025-06-18-at-2.01.01-PM-1-768x867.jpeg 768w, https:\/\/graziamagazine.com\/mx\/wp-content\/uploads\/sites\/13\/2025\/06\/WhatsApp-Image-2025-06-18-at-2.01.01-PM-1-400x452.jpeg 400w, https:\/\/graziamagazine.com\/mx\/wp-content\/uploads\/sites\/13\/2025\/06\/WhatsApp-Image-2025-06-18-at-2.01.01-PM-1-155x175.jpeg 155w, https:\/\/graziamagazine.com\/mx\/wp-content\/uploads\/sites\/13\/2025\/06\/WhatsApp-Image-2025-06-18-at-2.01.01-PM-1.jpeg 1290w\" sizes=\"(max-width: 398px) 100vw, 398px\" \/><figcaption id=\"caption-attachment-152242\" class=\"wp-caption-text\">Tommy Hilfiger regresa a Pitti Uomo \/ Instagram @tommyhilfiger<\/figcaption><\/figure>\n<p>La presentaci\u00f3n fue tan cuidada como la ropa. El ambiente, entre club privado y <strong>escaparate neoyorquino<\/strong>, inclu\u00eda libreros llenos de referencias al sue\u00f1o americano, sillas de barber\u00eda, muebles vintage y una barra que serv\u00eda whisky a ritmo de funk.<\/p>\n<p data-start=\"2176\" data-end=\"2512\">La colecci\u00f3n, que <strong>estar\u00e1 disponible en tiendas a partir de febrero de 2026<\/strong>, tambi\u00e9n se inscribe en la creciente tendencia de las casas de moda por relanzar colecciones masculinas con identidad propia. La apuesta por mostrarla en Pitti Uomo, la feria masculina m\u00e1s influyente del mundo, no es casualidad: es una declaraci\u00f3n de intenciones.<\/p>\n<p data-start=\"2514\" data-end=\"2739\">Con esta colecci\u00f3n, Hilfiger reafirma que lo cl\u00e1sico puede ser fresco, lo c\u00f3modo tambi\u00e9n puede ser elegante, y que <strong>celebrar 40 a\u00f1os en la industria<\/strong> es un ejemplo de reinventarse con \u00e9xito.<\/p>\n","protected":false},"author":36289,"featured_media":152243,"template":"","format":"standard","categories":[4],"acf":[],"yoast_head":"<!-- This site is optimized with the Yoast SEO Premium plugin v18.5 (Yoast SEO v20.4) - https:\/\/yoast.com\/wordpress\/plugins\/seo\/ -->\n<title>Tommy Hilfiger regresa con fuerza a Pitti Uomo | Grazia M\u00e9xico y Latinoam\u00e9rica<\/title>\n<meta name=\"description\" content=\"Tommy Hilfiger volvi\u00f3 al festival internacional de moda masculina Pitti Uomo con todo; moda, nostalgia y una buena dosis de fiesta. Para celebrar los 40\" \/>\n<meta name=\"robots\" content=\"index, follow, max-snippet:-1, max-image-preview:large, max-video-preview:-1\" \/>\n<link rel=\"canonical\" href=\"https:\/\/graziamagazine.com\/mx\/articles\/tommy-hilfiger-regresa-fuerza-pitti-uomo\/\" \/>\n<meta property=\"og:locale\" content=\"es_MX\" \/>\n<meta property=\"og:type\" content=\"article\" \/>\n<meta property=\"og:title\" content=\"Tommy Hilfiger regresa con fuerza a Pitti Uomo\" \/>\n<meta property=\"og:description\" content=\"Tommy Hilfiger volvi\u00f3 al festival internacional de moda masculina Pitti Uomo con todo; moda, nostalgia y una buena dosis de fiesta. Para celebrar los 40\" \/>\n<meta property=\"og:url\" content=\"https:\/\/graziamagazine.com\/mx\/articles\/tommy-hilfiger-regresa-fuerza-pitti-uomo\/\" \/>\n<meta property=\"og:site_name\" content=\"Grazia M\u00e9xico y Latinoam\u00e9rica\" \/>\n<meta property=\"article:modified_time\" content=\"2025-06-19T11:56:16+00:00\" \/>\n<meta property=\"og:image\" content=\"https:\/\/graziamagazine.com\/mx\/wp-content\/uploads\/sites\/13\/2025\/06\/WhatsApp-Image-2025-06-18-at-2.01.01-PM-e1750276990781.jpeg\" \/>\n\t<meta property=\"og:image:width\" content=\"1279\" \/>\n\t<meta property=\"og:image:height\" content=\"720\" \/>\n\t<meta property=\"og:image:type\" content=\"image\/jpeg\" \/>\n<meta name=\"twitter:card\" content=\"summary_large_image\" \/>\n<meta name=\"twitter:label1\" content=\"Est. reading time\" \/>\n\t<meta name=\"twitter:data1\" content=\"3 minutos\" \/>\n<script type=\"application\/ld+json\" class=\"yoast-schema-graph\">{\"@context\":\"https:\/\/schema.org\",\"@graph\":[{\"@type\":\"WebPage\",\"@id\":\"https:\/\/graziamagazine.com\/mx\/articles\/tommy-hilfiger-regresa-fuerza-pitti-uomo\/\",\"url\":\"https:\/\/graziamagazine.com\/mx\/articles\/tommy-hilfiger-regresa-fuerza-pitti-uomo\/\",\"name\":\"Tommy Hilfiger regresa con fuerza a Pitti Uomo | Grazia M\u00e9xico y Latinoam\u00e9rica\",\"isPartOf\":{\"@id\":\"https:\/\/graziamagazine.com\/mx\/#website\"},\"datePublished\":\"2025-06-18T19:55:24+00:00\",\"dateModified\":\"2025-06-19T11:56:16+00:00\",\"description\":\"Tommy Hilfiger volvi\u00f3 al festival internacional de moda masculina Pitti Uomo con todo; moda, nostalgia y una buena dosis de fiesta. Para celebrar los 40\",\"breadcrumb\":{\"@id\":\"https:\/\/graziamagazine.com\/mx\/articles\/tommy-hilfiger-regresa-fuerza-pitti-uomo\/#breadcrumb\"},\"inLanguage\":\"es-MX\",\"potentialAction\":[{\"@type\":\"ReadAction\",\"target\":[\"https:\/\/graziamagazine.com\/mx\/articles\/tommy-hilfiger-regresa-fuerza-pitti-uomo\/\"]}]},{\"@type\":\"BreadcrumbList\",\"@id\":\"https:\/\/graziamagazine.com\/mx\/articles\/tommy-hilfiger-regresa-fuerza-pitti-uomo\/#breadcrumb\",\"itemListElement\":[{\"@type\":\"ListItem\",\"position\":1,\"name\":\"Home\",\"item\":\"https:\/\/graziamagazine.com\/mx\/\"},{\"@type\":\"ListItem\",\"position\":2,\"name\":\"Tommy Hilfiger regresa con fuerza a Pitti Uomo\"}]},{\"@type\":\"WebSite\",\"@id\":\"https:\/\/graziamagazine.com\/mx\/#website\",\"url\":\"https:\/\/graziamagazine.com\/mx\/\",\"name\":\"Grazia M\u00e9xico y Latinoam\u00e9rica\",\"description\":\"Grazia es moda, belleza y noticias  de actualidad \",\"potentialAction\":[{\"@type\":\"SearchAction\",\"target\":{\"@type\":\"EntryPoint\",\"urlTemplate\":\"https:\/\/graziamagazine.com\/mx\/?s={search_term_string}\"},\"query-input\":\"required name=search_term_string\"}],\"inLanguage\":\"es-MX\"}]}<\/script>\n<!-- \/ Yoast SEO Premium plugin. -->","yoast_head_json":{"title":"Tommy Hilfiger regresa con fuerza a Pitti Uomo | Grazia M\u00e9xico y Latinoam\u00e9rica","description":"Tommy Hilfiger volvi\u00f3 al festival internacional de moda masculina Pitti Uomo con todo; moda, nostalgia y una buena dosis de fiesta. Para celebrar los 40","robots":{"index":"index","follow":"follow","max-snippet":"max-snippet:-1","max-image-preview":"max-image-preview:large","max-video-preview":"max-video-preview:-1"},"canonical":"https:\/\/graziamagazine.com\/mx\/articles\/tommy-hilfiger-regresa-fuerza-pitti-uomo\/","og_locale":"es_MX","og_type":"article","og_title":"Tommy Hilfiger regresa con fuerza a Pitti Uomo","og_description":"Tommy Hilfiger volvi\u00f3 al festival internacional de moda masculina Pitti Uomo con todo; moda, nostalgia y una buena dosis de fiesta. Para celebrar los 40","og_url":"https:\/\/graziamagazine.com\/mx\/articles\/tommy-hilfiger-regresa-fuerza-pitti-uomo\/","og_site_name":"Grazia M\u00e9xico y Latinoam\u00e9rica","article_modified_time":"2025-06-19T11:56:16+00:00","og_image":[{"width":1279,"height":720,"url":"https:\/\/graziamagazine.com\/mx\/wp-content\/uploads\/sites\/13\/2025\/06\/WhatsApp-Image-2025-06-18-at-2.01.01-PM-e1750276990781.jpeg","type":"image\/jpeg"}],"twitter_card":"summary_large_image","twitter_misc":{"Est. reading time":"3 minutos"},"schema":{"@context":"https:\/\/schema.org","@graph":[{"@type":"WebPage","@id":"https:\/\/graziamagazine.com\/mx\/articles\/tommy-hilfiger-regresa-fuerza-pitti-uomo\/","url":"https:\/\/graziamagazine.com\/mx\/articles\/tommy-hilfiger-regresa-fuerza-pitti-uomo\/","name":"Tommy Hilfiger regresa con fuerza a Pitti Uomo | Grazia M\u00e9xico y Latinoam\u00e9rica","isPartOf":{"@id":"https:\/\/graziamagazine.com\/mx\/#website"},"datePublished":"2025-06-18T19:55:24+00:00","dateModified":"2025-06-19T11:56:16+00:00","description":"Tommy Hilfiger volvi\u00f3 al festival internacional de moda masculina Pitti Uomo con todo; moda, nostalgia y una buena dosis de fiesta. Para celebrar los 40","breadcrumb":{"@id":"https:\/\/graziamagazine.com\/mx\/articles\/tommy-hilfiger-regresa-fuerza-pitti-uomo\/#breadcrumb"},"inLanguage":"es-MX","potentialAction":[{"@type":"ReadAction","target":["https:\/\/graziamagazine.com\/mx\/articles\/tommy-hilfiger-regresa-fuerza-pitti-uomo\/"]}]},{"@type":"BreadcrumbList","@id":"https:\/\/graziamagazine.com\/mx\/articles\/tommy-hilfiger-regresa-fuerza-pitti-uomo\/#breadcrumb","itemListElement":[{"@type":"ListItem","position":1,"name":"Home","item":"https:\/\/graziamagazine.com\/mx\/"},{"@type":"ListItem","position":2,"name":"Tommy Hilfiger regresa con fuerza a Pitti Uomo"}]},{"@type":"WebSite","@id":"https:\/\/graziamagazine.com\/mx\/#website","url":"https:\/\/graziamagazine.com\/mx\/","name":"Grazia M\u00e9xico y Latinoam\u00e9rica","description":"Grazia es moda, belleza y noticias  de actualidad ","potentialAction":[{"@type":"SearchAction","target":{"@type":"EntryPoint","urlTemplate":"https:\/\/graziamagazine.com\/mx\/?s={search_term_string}"},"query-input":"required name=search_term_string"}],"inLanguage":"es-MX"}]}},"jetpack_sharing_enabled":true,"distributor_meta":false,"distributor_terms":false,"distributor_media":false,"distributor_original_site_name":"Grazia M\u00e9xico y Latinoam\u00e9rica","distributor_original_site_url":"https:\/\/graziamagazine.com\/mx","push-errors":false,"_links":{"self":[{"href":"https:\/\/graziamagazine.com\/mx\/wp-json\/wp\/v2\/articles\/152239"}],"collection":[{"href":"https:\/\/graziamagazine.com\/mx\/wp-json\/wp\/v2\/articles"}],"about":[{"href":"https:\/\/graziamagazine.com\/mx\/wp-json\/wp\/v2\/types\/articles"}],"author":[{"embeddable":true,"href":"https:\/\/graziamagazine.com\/mx\/wp-json\/wp\/v2\/users\/36289"}],"wp:featuredmedia":[{"embeddable":true,"href":"https:\/\/graziamagazine.com\/mx\/wp-json\/wp\/v2\/media\/152243"}],"wp:attachment":[{"href":"https:\/\/graziamagazine.com\/mx\/wp-json\/wp\/v2\/media?parent=152239"}],"wp:term":[{"taxonomy":"category","embeddable":true,"href":"https:\/\/graziamagazine.com\/mx\/wp-json\/wp\/v2\/categories?post=152239"}],"curies":[{"name":"wp","href":"https:\/\/api.w.org\/{rel}","templated":true}]}}