{"id":152140,"date":"2025-06-16T15:07:22","date_gmt":"2025-06-16T20:07:22","guid":{"rendered":"https:\/\/graziamagazine.com\/mx\/?post_type=articles&#038;p=152140"},"modified":"2025-06-16T15:12:46","modified_gmt":"2025-06-16T20:12:46","slug":"blush-combo-el-nuevo-truco-de-maquillaje-para-este-verano","status":"publish","type":"articles","link":"https:\/\/graziamagazine.com\/mx\/articles\/blush-combo-el-nuevo-truco-de-maquillaje-para-este-verano\/","title":{"rendered":"\u201cBlush Combo\u201d, el nuevo truco de maquillaje para este verano"},"content":{"rendered":"<p><span style=\"font-weight: 400\">El verano de este 2025 llegar\u00e1 con una nueva obsesi\u00f3n llamada \u201cBlush Combo\u201d, una t\u00e9cnica de maquillaje que se est\u00e1 haciendo viral en redes sociales, y que se ha convertido en el secreto mejor guardado (y ahora m\u00e1s compartido) de celebridades como Selena Gomez, Kylie Jenner y Hailey Bieber.<\/span><\/p>\n<p><span style=\"font-weight: 400\">Como su nombre lo indica, el \u201cBlush Combo\u201d es la combinaci\u00f3n estrat\u00e9gica de varios tipos y tonos de rubor \u2014l\u00edquido, en crema y en polvo\u2014 para lograr un efecto multidimensional en las mejillas que simula el enrojecimiento natural del rostro despu\u00e9s de estar al sol.<\/span><\/p>\n<p><img loading=\"lazy\" decoding=\"async\" class=\"alignnone size-full wp-image-152142\" src=\"https:\/\/graziamagazine.com\/mx\/wp-content\/uploads\/sites\/13\/2025\/06\/Captura-de-Pantalla-2025-06-16-a-las-14.09.25.png\" alt=\"\" width=\"255\" height=\"366\" srcset=\"https:\/\/graziamagazine.com\/mx\/wp-content\/uploads\/sites\/13\/2025\/06\/Captura-de-Pantalla-2025-06-16-a-las-14.09.25.png 255w, https:\/\/graziamagazine.com\/mx\/wp-content\/uploads\/sites\/13\/2025\/06\/Captura-de-Pantalla-2025-06-16-a-las-14.09.25-150x215.png 150w\" sizes=\"(max-width: 255px) 100vw, 255px\" \/><\/p>\n<p><span style=\"font-weight: 400\">Esta tendencia deja la piel con aspecto saludable, luminoso y con un rubor que parece natural, no aplicado. Este efecto sunkissed se aplica en capas ligeras para aportar profundidad, frescura y un toque juvenil al rostro.<\/span><\/p>\n<p><span style=\"font-weight: 400\">Primero, se usa un blush l\u00edquido como base para fundirse con la piel. Luego, se aplica uno en crema para dar textura, y finalmente, un rubor en polvo para sellar el look y prolongar su duraci\u00f3n. Las tonalidades favoritas son rosados c\u00e1lidos, coral y durazno, ideales para todo tipo de pieles.<\/span><\/p>\n<p><img loading=\"lazy\" decoding=\"async\" class=\"alignnone size-full wp-image-152143\" src=\"https:\/\/graziamagazine.com\/mx\/wp-content\/uploads\/sites\/13\/2025\/06\/Captura-de-Pantalla-2025-06-16-a-las-14.08.44.png\" alt=\"\" width=\"322\" height=\"238\" srcset=\"https:\/\/graziamagazine.com\/mx\/wp-content\/uploads\/sites\/13\/2025\/06\/Captura-de-Pantalla-2025-06-16-a-las-14.08.44.png 322w, https:\/\/graziamagazine.com\/mx\/wp-content\/uploads\/sites\/13\/2025\/06\/Captura-de-Pantalla-2025-06-16-a-las-14.08.44-155x115.png 155w\" sizes=\"(max-width: 322px) 100vw, 322px\" \/><\/p>\n<p><strong>C\u00f3mo lograrlo en casa<\/strong><\/p>\n<ol>\n<li><span style=\"font-weight: 400\">Empieza hidratando bien la piel.<\/span><\/li>\n<li><span style=\"font-weight: 400\">Aplica un blush l\u00edquido en mejillas y tabique nasal.<\/span><\/li>\n<li><span style=\"font-weight: 400\">Difumina encima un rubor en crema con una brocha o tus dedos.<\/span><\/li>\n<li><span style=\"font-weight: 400\">Finaliza con un toque de polvo ruborizado para fijar todo.<\/span><\/li>\n<li><span style=\"font-weight: 400\">El truco final: llevar el blush hasta las sienes para estilizar el rostro y lograr un efecto lifting.<\/span><\/li>\n<\/ol>\n","protected":false},"author":11628,"featured_media":152141,"template":"","format":"standard","categories":[3],"acf":[],"yoast_head":"<!-- This site is optimized with the Yoast SEO Premium plugin v18.5 (Yoast SEO v20.4) - https:\/\/yoast.com\/wordpress\/plugins\/seo\/ -->\n<title>\u201cBlush Combo\u201d, el nuevo truco de maquillaje para este verano<\/title>\n<meta name=\"description\" content=\"El verano de este 2025 llegar\u00e1 con una nueva obsesi\u00f3n llamada \u201cBlush Combo\u201d, una t\u00e9cnica de maquillaje que se est\u00e1 haciendo viral en redes sociales, y que\" \/>\n<meta name=\"robots\" content=\"index, follow, max-snippet:-1, max-image-preview:large, max-video-preview:-1\" \/>\n<link rel=\"canonical\" href=\"https:\/\/graziamagazine.com\/mx\/articles\/blush-combo-el-nuevo-truco-de-maquillaje-para-este-verano\/\" \/>\n<meta property=\"og:locale\" content=\"es_MX\" \/>\n<meta property=\"og:type\" content=\"article\" \/>\n<meta property=\"og:title\" content=\"\u201cBlush Combo\u201d, el nuevo truco de maquillaje para este verano\" \/>\n<meta property=\"og:description\" content=\"El verano de este 2025 llegar\u00e1 con una nueva obsesi\u00f3n llamada \u201cBlush Combo\u201d, una t\u00e9cnica de maquillaje que se est\u00e1 haciendo viral en redes sociales, y que\" \/>\n<meta property=\"og:url\" content=\"https:\/\/graziamagazine.com\/mx\/articles\/blush-combo-el-nuevo-truco-de-maquillaje-para-este-verano\/\" \/>\n<meta property=\"og:site_name\" content=\"Grazia M\u00e9xico y Latinoam\u00e9rica\" \/>\n<meta property=\"article:modified_time\" content=\"2025-06-16T20:12:46+00:00\" \/>\n<meta property=\"og:image\" content=\"https:\/\/graziamagazine.com\/mx\/wp-content\/uploads\/sites\/13\/2025\/06\/Captura-de-Pantalla-2025-06-16-a-las-14.11.40.png\" \/>\n\t<meta property=\"og:image:width\" content=\"505\" \/>\n\t<meta property=\"og:image:height\" content=\"307\" \/>\n\t<meta property=\"og:image:type\" content=\"image\/png\" \/>\n<meta name=\"twitter:card\" content=\"summary_large_image\" \/>\n<meta name=\"twitter:label1\" content=\"Est. reading time\" \/>\n\t<meta name=\"twitter:data1\" content=\"2 minutos\" \/>\n<script type=\"application\/ld+json\" class=\"yoast-schema-graph\">{\"@context\":\"https:\/\/schema.org\",\"@graph\":[{\"@type\":\"WebPage\",\"@id\":\"https:\/\/graziamagazine.com\/mx\/articles\/blush-combo-el-nuevo-truco-de-maquillaje-para-este-verano\/\",\"url\":\"https:\/\/graziamagazine.com\/mx\/articles\/blush-combo-el-nuevo-truco-de-maquillaje-para-este-verano\/\",\"name\":\"\u201cBlush Combo\u201d, el nuevo truco de maquillaje para este verano\",\"isPartOf\":{\"@id\":\"https:\/\/graziamagazine.com\/mx\/#website\"},\"datePublished\":\"2025-06-16T20:07:22+00:00\",\"dateModified\":\"2025-06-16T20:12:46+00:00\",\"description\":\"El verano de este 2025 llegar\u00e1 con una nueva obsesi\u00f3n llamada \u201cBlush Combo\u201d, una t\u00e9cnica de maquillaje que se est\u00e1 haciendo viral en redes sociales, y que\",\"breadcrumb\":{\"@id\":\"https:\/\/graziamagazine.com\/mx\/articles\/blush-combo-el-nuevo-truco-de-maquillaje-para-este-verano\/#breadcrumb\"},\"inLanguage\":\"es-MX\",\"potentialAction\":[{\"@type\":\"ReadAction\",\"target\":[\"https:\/\/graziamagazine.com\/mx\/articles\/blush-combo-el-nuevo-truco-de-maquillaje-para-este-verano\/\"]}]},{\"@type\":\"BreadcrumbList\",\"@id\":\"https:\/\/graziamagazine.com\/mx\/articles\/blush-combo-el-nuevo-truco-de-maquillaje-para-este-verano\/#breadcrumb\",\"itemListElement\":[{\"@type\":\"ListItem\",\"position\":1,\"name\":\"Home\",\"item\":\"https:\/\/graziamagazine.com\/mx\/\"},{\"@type\":\"ListItem\",\"position\":2,\"name\":\"\u201cBlush Combo\u201d, el nuevo truco de maquillaje para este verano\"}]},{\"@type\":\"WebSite\",\"@id\":\"https:\/\/graziamagazine.com\/mx\/#website\",\"url\":\"https:\/\/graziamagazine.com\/mx\/\",\"name\":\"Grazia M\u00e9xico y Latinoam\u00e9rica\",\"description\":\"Grazia es moda, belleza y noticias  de actualidad \",\"potentialAction\":[{\"@type\":\"SearchAction\",\"target\":{\"@type\":\"EntryPoint\",\"urlTemplate\":\"https:\/\/graziamagazine.com\/mx\/?s={search_term_string}\"},\"query-input\":\"required name=search_term_string\"}],\"inLanguage\":\"es-MX\"}]}<\/script>\n<!-- \/ Yoast SEO Premium plugin. -->","yoast_head_json":{"title":"\u201cBlush Combo\u201d, el nuevo truco de maquillaje para este verano","description":"El verano de este 2025 llegar\u00e1 con una nueva obsesi\u00f3n llamada \u201cBlush Combo\u201d, una t\u00e9cnica de maquillaje que se est\u00e1 haciendo viral en redes sociales, y que","robots":{"index":"index","follow":"follow","max-snippet":"max-snippet:-1","max-image-preview":"max-image-preview:large","max-video-preview":"max-video-preview:-1"},"canonical":"https:\/\/graziamagazine.com\/mx\/articles\/blush-combo-el-nuevo-truco-de-maquillaje-para-este-verano\/","og_locale":"es_MX","og_type":"article","og_title":"\u201cBlush Combo\u201d, el nuevo truco de maquillaje para este verano","og_description":"El verano de este 2025 llegar\u00e1 con una nueva obsesi\u00f3n llamada \u201cBlush Combo\u201d, una t\u00e9cnica de maquillaje que se est\u00e1 haciendo viral en redes sociales, y que","og_url":"https:\/\/graziamagazine.com\/mx\/articles\/blush-combo-el-nuevo-truco-de-maquillaje-para-este-verano\/","og_site_name":"Grazia M\u00e9xico y Latinoam\u00e9rica","article_modified_time":"2025-06-16T20:12:46+00:00","og_image":[{"width":505,"height":307,"url":"https:\/\/graziamagazine.com\/mx\/wp-content\/uploads\/sites\/13\/2025\/06\/Captura-de-Pantalla-2025-06-16-a-las-14.11.40.png","type":"image\/png"}],"twitter_card":"summary_large_image","twitter_misc":{"Est. reading time":"2 minutos"},"schema":{"@context":"https:\/\/schema.org","@graph":[{"@type":"WebPage","@id":"https:\/\/graziamagazine.com\/mx\/articles\/blush-combo-el-nuevo-truco-de-maquillaje-para-este-verano\/","url":"https:\/\/graziamagazine.com\/mx\/articles\/blush-combo-el-nuevo-truco-de-maquillaje-para-este-verano\/","name":"\u201cBlush Combo\u201d, el nuevo truco de maquillaje para este verano","isPartOf":{"@id":"https:\/\/graziamagazine.com\/mx\/#website"},"datePublished":"2025-06-16T20:07:22+00:00","dateModified":"2025-06-16T20:12:46+00:00","description":"El verano de este 2025 llegar\u00e1 con una nueva obsesi\u00f3n llamada \u201cBlush Combo\u201d, una t\u00e9cnica de maquillaje que se est\u00e1 haciendo viral en redes sociales, y que","breadcrumb":{"@id":"https:\/\/graziamagazine.com\/mx\/articles\/blush-combo-el-nuevo-truco-de-maquillaje-para-este-verano\/#breadcrumb"},"inLanguage":"es-MX","potentialAction":[{"@type":"ReadAction","target":["https:\/\/graziamagazine.com\/mx\/articles\/blush-combo-el-nuevo-truco-de-maquillaje-para-este-verano\/"]}]},{"@type":"BreadcrumbList","@id":"https:\/\/graziamagazine.com\/mx\/articles\/blush-combo-el-nuevo-truco-de-maquillaje-para-este-verano\/#breadcrumb","itemListElement":[{"@type":"ListItem","position":1,"name":"Home","item":"https:\/\/graziamagazine.com\/mx\/"},{"@type":"ListItem","position":2,"name":"\u201cBlush Combo\u201d, el nuevo truco de maquillaje para este verano"}]},{"@type":"WebSite","@id":"https:\/\/graziamagazine.com\/mx\/#website","url":"https:\/\/graziamagazine.com\/mx\/","name":"Grazia M\u00e9xico y Latinoam\u00e9rica","description":"Grazia es moda, belleza y noticias  de actualidad ","potentialAction":[{"@type":"SearchAction","target":{"@type":"EntryPoint","urlTemplate":"https:\/\/graziamagazine.com\/mx\/?s={search_term_string}"},"query-input":"required name=search_term_string"}],"inLanguage":"es-MX"}]}},"jetpack_sharing_enabled":true,"distributor_meta":false,"distributor_terms":false,"distributor_media":false,"distributor_original_site_name":"Grazia M\u00e9xico y Latinoam\u00e9rica","distributor_original_site_url":"https:\/\/graziamagazine.com\/mx","push-errors":false,"_links":{"self":[{"href":"https:\/\/graziamagazine.com\/mx\/wp-json\/wp\/v2\/articles\/152140"}],"collection":[{"href":"https:\/\/graziamagazine.com\/mx\/wp-json\/wp\/v2\/articles"}],"about":[{"href":"https:\/\/graziamagazine.com\/mx\/wp-json\/wp\/v2\/types\/articles"}],"author":[{"embeddable":true,"href":"https:\/\/graziamagazine.com\/mx\/wp-json\/wp\/v2\/users\/11628"}],"wp:featuredmedia":[{"embeddable":true,"href":"https:\/\/graziamagazine.com\/mx\/wp-json\/wp\/v2\/media\/152141"}],"wp:attachment":[{"href":"https:\/\/graziamagazine.com\/mx\/wp-json\/wp\/v2\/media?parent=152140"}],"wp:term":[{"taxonomy":"category","embeddable":true,"href":"https:\/\/graziamagazine.com\/mx\/wp-json\/wp\/v2\/categories?post=152140"}],"curies":[{"name":"wp","href":"https:\/\/api.w.org\/{rel}","templated":true}]}}