{"id":151880,"date":"2025-06-09T16:46:01","date_gmt":"2025-06-09T21:46:01","guid":{"rendered":"https:\/\/graziamagazine.com\/mx\/?post_type=articles&#038;p=151880"},"modified":"2025-06-09T17:37:08","modified_gmt":"2025-06-09T22:37:08","slug":"emily-ratajkowski-celebra-con-gucci-su-famoso-monograma-gg","status":"publish","type":"articles","link":"https:\/\/graziamagazine.com\/mx\/articles\/emily-ratajkowski-celebra-con-gucci-su-famoso-monograma-gg\/","title":{"rendered":"Emily Ratajkowski celebra con Gucci su famoso monograma GG"},"content":{"rendered":"<p><span style=\"font-weight: 400\">Durante el Festival Internacional de Cine de Cannes, Gucci present\u00f3 la nueva campa\u00f1a dedicada al Monograma GG, capturando a Emily Ratajkowski en una serie de momentos espec\u00edficos, desde pausas en las esquinas de la ciudad, hasta la luz del atardecer en el paseo mar\u00edtimo.<\/span><\/p>\n<p><img loading=\"lazy\" decoding=\"async\" class=\"alignnone wp-image-151884 size-full\" src=\"https:\/\/graziamagazine.com\/mx\/wp-content\/uploads\/sites\/13\/2025\/06\/OFFICIAL-CROP_250523000090740004.jpg\" alt=\"\" width=\"1080\" height=\"1350\" srcset=\"https:\/\/graziamagazine.com\/mx\/wp-content\/uploads\/sites\/13\/2025\/06\/OFFICIAL-CROP_250523000090740004.jpg 1080w, https:\/\/graziamagazine.com\/mx\/wp-content\/uploads\/sites\/13\/2025\/06\/OFFICIAL-CROP_250523000090740004-360x450.jpg 360w, https:\/\/graziamagazine.com\/mx\/wp-content\/uploads\/sites\/13\/2025\/06\/OFFICIAL-CROP_250523000090740004-819x1024.jpg 819w, https:\/\/graziamagazine.com\/mx\/wp-content\/uploads\/sites\/13\/2025\/06\/OFFICIAL-CROP_250523000090740004-768x960.jpg 768w, https:\/\/graziamagazine.com\/mx\/wp-content\/uploads\/sites\/13\/2025\/06\/OFFICIAL-CROP_250523000090740004-400x500.jpg 400w, https:\/\/graziamagazine.com\/mx\/wp-content\/uploads\/sites\/13\/2025\/06\/OFFICIAL-CROP_250523000090740004-155x194.jpg 155w\" sizes=\"(max-width: 1080px) 100vw, 1080px\" \/><\/p>\n<p><span style=\"font-weight: 400\">Fotografiada por Daniel Arnold, la campa\u00f1a muestra un equilibrio entre presencia y desenfado, movimiento y quietud. Mientras las protagonistas se mueven con soltura entre la multitud de la ciudad y la calma despreocupada de la playa, su viaje est\u00e1 marcado por una constante: el Monograma GG. Mostrado en una amplia gama de art\u00edculos, desde bolsas nuevas hasta siluetas de viaje inspiradas en archivos de la l\u00ednea Gucci Savoy, que se remontan a los inicios de la Firma en el mundo del equipaje, este motivo se convierte en un compa\u00f1ero discreto, una presencia distintiva que se integra a la vida cotidiana.<\/span><\/p>\n<p><img loading=\"lazy\" decoding=\"async\" class=\"alignnone wp-image-151883 size-full\" src=\"https:\/\/graziamagazine.com\/mx\/wp-content\/uploads\/sites\/13\/2025\/06\/OFFICIAL-CROP_250523000090710016.jpg\" alt=\"\" width=\"1080\" height=\"1350\" srcset=\"https:\/\/graziamagazine.com\/mx\/wp-content\/uploads\/sites\/13\/2025\/06\/OFFICIAL-CROP_250523000090710016.jpg 1080w, https:\/\/graziamagazine.com\/mx\/wp-content\/uploads\/sites\/13\/2025\/06\/OFFICIAL-CROP_250523000090710016-360x450.jpg 360w, https:\/\/graziamagazine.com\/mx\/wp-content\/uploads\/sites\/13\/2025\/06\/OFFICIAL-CROP_250523000090710016-819x1024.jpg 819w, https:\/\/graziamagazine.com\/mx\/wp-content\/uploads\/sites\/13\/2025\/06\/OFFICIAL-CROP_250523000090710016-768x960.jpg 768w, https:\/\/graziamagazine.com\/mx\/wp-content\/uploads\/sites\/13\/2025\/06\/OFFICIAL-CROP_250523000090710016-400x500.jpg 400w, https:\/\/graziamagazine.com\/mx\/wp-content\/uploads\/sites\/13\/2025\/06\/OFFICIAL-CROP_250523000090710016-155x194.jpg 155w\" sizes=\"(max-width: 1080px) 100vw, 1080px\" \/><\/p>\n<p><span style=\"font-weight: 400\">En el centro de esta narrativa se encuentra el modelo de bolsa reci\u00e9n estrenado, Gucci Giglio. Presentado durante el desfile Crucero 2026 en Florencia, Gucci Giglio rinde homenaje a las ra\u00edces de la Firma, celebrando el Giglio, el lirio que simboliza la ciudad desde la \u00e9poca medieval. Debutando en el hist\u00f3rico Archivo Gucci, esta pieza refleja m\u00e1s de un siglo de maestr\u00eda artesanal, innovaci\u00f3n y dise\u00f1o expresivo, inspir\u00e1ndose en c\u00f3digos de archivo y t\u00e9cnicas tradicionales, a la vez que adopta la artesan\u00eda moderna.<\/span><\/p>\n<p><img loading=\"lazy\" decoding=\"async\" class=\"alignnone wp-image-151882 size-full\" src=\"https:\/\/graziamagazine.com\/mx\/wp-content\/uploads\/sites\/13\/2025\/06\/OFFICIAL-CROP_250523000090650033.jpg\" alt=\"\" width=\"1080\" height=\"1350\" srcset=\"https:\/\/graziamagazine.com\/mx\/wp-content\/uploads\/sites\/13\/2025\/06\/OFFICIAL-CROP_250523000090650033.jpg 1080w, https:\/\/graziamagazine.com\/mx\/wp-content\/uploads\/sites\/13\/2025\/06\/OFFICIAL-CROP_250523000090650033-360x450.jpg 360w, https:\/\/graziamagazine.com\/mx\/wp-content\/uploads\/sites\/13\/2025\/06\/OFFICIAL-CROP_250523000090650033-819x1024.jpg 819w, https:\/\/graziamagazine.com\/mx\/wp-content\/uploads\/sites\/13\/2025\/06\/OFFICIAL-CROP_250523000090650033-768x960.jpg 768w, https:\/\/graziamagazine.com\/mx\/wp-content\/uploads\/sites\/13\/2025\/06\/OFFICIAL-CROP_250523000090650033-400x500.jpg 400w, https:\/\/graziamagazine.com\/mx\/wp-content\/uploads\/sites\/13\/2025\/06\/OFFICIAL-CROP_250523000090650033-155x194.jpg 155w\" sizes=\"(max-width: 1080px) 100vw, 1080px\" \/><\/p>\n<p><span style=\"font-weight: 400\">La campa\u00f1a tambi\u00e9n presenta un nuevo cap\u00edtulo de la colecci\u00f3n Ophidia. Inspiradas en las siluetas de bolsas y accesorios de finales de los 70, las nuevas piezas Ophidia presentan una tela suave revestida con el Monograma GG, forro de algod\u00f3n verde, el emblema de la Doble G en metal dorado claro pulido y la distintiva tribanda Web que define cada silueta. Una pieza destacada de la campa\u00f1a es la Mini GG bolsa de mano, un nuevo dise\u00f1o disponible para preordenar en l\u00ednea y en tienda, que reinventa el estilo del duffle bag caracter\u00edstico de la Casa en un formato compacto.<\/span><\/p>\n<p><img loading=\"lazy\" decoding=\"async\" class=\"alignnone wp-image-151881 size-full\" src=\"https:\/\/graziamagazine.com\/mx\/wp-content\/uploads\/sites\/13\/2025\/06\/OFFICIAL-CROP_250523000090550021.jpg\" alt=\"\" width=\"1080\" height=\"1350\" srcset=\"https:\/\/graziamagazine.com\/mx\/wp-content\/uploads\/sites\/13\/2025\/06\/OFFICIAL-CROP_250523000090550021.jpg 1080w, https:\/\/graziamagazine.com\/mx\/wp-content\/uploads\/sites\/13\/2025\/06\/OFFICIAL-CROP_250523000090550021-360x450.jpg 360w, https:\/\/graziamagazine.com\/mx\/wp-content\/uploads\/sites\/13\/2025\/06\/OFFICIAL-CROP_250523000090550021-819x1024.jpg 819w, https:\/\/graziamagazine.com\/mx\/wp-content\/uploads\/sites\/13\/2025\/06\/OFFICIAL-CROP_250523000090550021-768x960.jpg 768w, https:\/\/graziamagazine.com\/mx\/wp-content\/uploads\/sites\/13\/2025\/06\/OFFICIAL-CROP_250523000090550021-400x500.jpg 400w, https:\/\/graziamagazine.com\/mx\/wp-content\/uploads\/sites\/13\/2025\/06\/OFFICIAL-CROP_250523000090550021-155x194.jpg 155w\" sizes=\"(max-width: 1080px) 100vw, 1080px\" \/><\/p>\n<p><span style=\"font-weight: 400\">Inspirado en el legado de las creaciones originales de Guccio Gucci, el Monograma GG resurge como algo m\u00e1s que un dise\u00f1o: un c\u00f3digo vivo. Un distintivo visual que se adapta, evoluciona y perdura a trav\u00e9s del tiempo y las colecciones. M\u00e1s que una campa\u00f1a, es un estudio de identidad: una obsesi\u00f3n GG.<\/span><\/p>\n","protected":false},"author":11628,"featured_media":151885,"template":"","format":"standard","categories":[13540,4],"acf":[],"yoast_head":"<!-- This site is optimized with the Yoast SEO Premium plugin v18.5 (Yoast SEO v20.4) - https:\/\/yoast.com\/wordpress\/plugins\/seo\/ -->\n<title>Emily Ratajkowski celebra con Gucci su famoso monograma GG<\/title>\n<meta name=\"description\" content=\"Durante el Festival Internacional de Cine de Cannes, Gucci present\u00f3 la nueva campa\u00f1a dedicada al Monograma GG, capturando a Emily Ratajkowski en una serie\" \/>\n<meta name=\"robots\" content=\"index, follow, max-snippet:-1, max-image-preview:large, max-video-preview:-1\" \/>\n<link rel=\"canonical\" href=\"https:\/\/graziamagazine.com\/mx\/articles\/emily-ratajkowski-celebra-con-gucci-su-famoso-monograma-gg\/\" \/>\n<meta property=\"og:locale\" content=\"es_MX\" \/>\n<meta property=\"og:type\" content=\"article\" \/>\n<meta property=\"og:title\" content=\"Emily Ratajkowski celebra con Gucci su famoso monograma GG\" \/>\n<meta property=\"og:description\" content=\"Durante el Festival Internacional de Cine de Cannes, Gucci present\u00f3 la nueva campa\u00f1a dedicada al Monograma GG, capturando a Emily Ratajkowski en una serie\" \/>\n<meta property=\"og:url\" content=\"https:\/\/graziamagazine.com\/mx\/articles\/emily-ratajkowski-celebra-con-gucci-su-famoso-monograma-gg\/\" \/>\n<meta property=\"og:site_name\" content=\"Grazia M\u00e9xico y Latinoam\u00e9rica\" \/>\n<meta property=\"article:modified_time\" content=\"2025-06-09T22:37:08+00:00\" \/>\n<meta property=\"og:image\" content=\"https:\/\/graziamagazine.com\/mx\/wp-content\/uploads\/sites\/13\/2025\/06\/kukk.jpg\" \/>\n\t<meta property=\"og:image:width\" content=\"516\" \/>\n\t<meta property=\"og:image:height\" content=\"395\" \/>\n\t<meta property=\"og:image:type\" content=\"image\/jpeg\" \/>\n<meta name=\"twitter:card\" content=\"summary_large_image\" \/>\n<meta name=\"twitter:label1\" content=\"Est. reading time\" \/>\n\t<meta name=\"twitter:data1\" content=\"3 minutos\" \/>\n<script type=\"application\/ld+json\" class=\"yoast-schema-graph\">{\"@context\":\"https:\/\/schema.org\",\"@graph\":[{\"@type\":\"WebPage\",\"@id\":\"https:\/\/graziamagazine.com\/mx\/articles\/emily-ratajkowski-celebra-con-gucci-su-famoso-monograma-gg\/\",\"url\":\"https:\/\/graziamagazine.com\/mx\/articles\/emily-ratajkowski-celebra-con-gucci-su-famoso-monograma-gg\/\",\"name\":\"Emily Ratajkowski celebra con Gucci su famoso monograma GG\",\"isPartOf\":{\"@id\":\"https:\/\/graziamagazine.com\/mx\/#website\"},\"datePublished\":\"2025-06-09T21:46:01+00:00\",\"dateModified\":\"2025-06-09T22:37:08+00:00\",\"description\":\"Durante el Festival Internacional de Cine de Cannes, Gucci present\u00f3 la nueva campa\u00f1a dedicada al Monograma GG, capturando a Emily Ratajkowski en una serie\",\"breadcrumb\":{\"@id\":\"https:\/\/graziamagazine.com\/mx\/articles\/emily-ratajkowski-celebra-con-gucci-su-famoso-monograma-gg\/#breadcrumb\"},\"inLanguage\":\"es-MX\",\"potentialAction\":[{\"@type\":\"ReadAction\",\"target\":[\"https:\/\/graziamagazine.com\/mx\/articles\/emily-ratajkowski-celebra-con-gucci-su-famoso-monograma-gg\/\"]}]},{\"@type\":\"BreadcrumbList\",\"@id\":\"https:\/\/graziamagazine.com\/mx\/articles\/emily-ratajkowski-celebra-con-gucci-su-famoso-monograma-gg\/#breadcrumb\",\"itemListElement\":[{\"@type\":\"ListItem\",\"position\":1,\"name\":\"Home\",\"item\":\"https:\/\/graziamagazine.com\/mx\/\"},{\"@type\":\"ListItem\",\"position\":2,\"name\":\"Emily Ratajkowski celebra con Gucci su famoso monograma GG\"}]},{\"@type\":\"WebSite\",\"@id\":\"https:\/\/graziamagazine.com\/mx\/#website\",\"url\":\"https:\/\/graziamagazine.com\/mx\/\",\"name\":\"Grazia M\u00e9xico y Latinoam\u00e9rica\",\"description\":\"Grazia es moda, belleza y noticias  de actualidad \",\"potentialAction\":[{\"@type\":\"SearchAction\",\"target\":{\"@type\":\"EntryPoint\",\"urlTemplate\":\"https:\/\/graziamagazine.com\/mx\/?s={search_term_string}\"},\"query-input\":\"required name=search_term_string\"}],\"inLanguage\":\"es-MX\"}]}<\/script>\n<!-- \/ Yoast SEO Premium plugin. -->","yoast_head_json":{"title":"Emily Ratajkowski celebra con Gucci su famoso monograma GG","description":"Durante el Festival Internacional de Cine de Cannes, Gucci present\u00f3 la nueva campa\u00f1a dedicada al Monograma GG, capturando a Emily Ratajkowski en una serie","robots":{"index":"index","follow":"follow","max-snippet":"max-snippet:-1","max-image-preview":"max-image-preview:large","max-video-preview":"max-video-preview:-1"},"canonical":"https:\/\/graziamagazine.com\/mx\/articles\/emily-ratajkowski-celebra-con-gucci-su-famoso-monograma-gg\/","og_locale":"es_MX","og_type":"article","og_title":"Emily Ratajkowski celebra con Gucci su famoso monograma GG","og_description":"Durante el Festival Internacional de Cine de Cannes, Gucci present\u00f3 la nueva campa\u00f1a dedicada al Monograma GG, capturando a Emily Ratajkowski en una serie","og_url":"https:\/\/graziamagazine.com\/mx\/articles\/emily-ratajkowski-celebra-con-gucci-su-famoso-monograma-gg\/","og_site_name":"Grazia M\u00e9xico y Latinoam\u00e9rica","article_modified_time":"2025-06-09T22:37:08+00:00","og_image":[{"width":516,"height":395,"url":"https:\/\/graziamagazine.com\/mx\/wp-content\/uploads\/sites\/13\/2025\/06\/kukk.jpg","type":"image\/jpeg"}],"twitter_card":"summary_large_image","twitter_misc":{"Est. reading time":"3 minutos"},"schema":{"@context":"https:\/\/schema.org","@graph":[{"@type":"WebPage","@id":"https:\/\/graziamagazine.com\/mx\/articles\/emily-ratajkowski-celebra-con-gucci-su-famoso-monograma-gg\/","url":"https:\/\/graziamagazine.com\/mx\/articles\/emily-ratajkowski-celebra-con-gucci-su-famoso-monograma-gg\/","name":"Emily Ratajkowski celebra con Gucci su famoso monograma GG","isPartOf":{"@id":"https:\/\/graziamagazine.com\/mx\/#website"},"datePublished":"2025-06-09T21:46:01+00:00","dateModified":"2025-06-09T22:37:08+00:00","description":"Durante el Festival Internacional de Cine de Cannes, Gucci present\u00f3 la nueva campa\u00f1a dedicada al Monograma GG, capturando a Emily Ratajkowski en una serie","breadcrumb":{"@id":"https:\/\/graziamagazine.com\/mx\/articles\/emily-ratajkowski-celebra-con-gucci-su-famoso-monograma-gg\/#breadcrumb"},"inLanguage":"es-MX","potentialAction":[{"@type":"ReadAction","target":["https:\/\/graziamagazine.com\/mx\/articles\/emily-ratajkowski-celebra-con-gucci-su-famoso-monograma-gg\/"]}]},{"@type":"BreadcrumbList","@id":"https:\/\/graziamagazine.com\/mx\/articles\/emily-ratajkowski-celebra-con-gucci-su-famoso-monograma-gg\/#breadcrumb","itemListElement":[{"@type":"ListItem","position":1,"name":"Home","item":"https:\/\/graziamagazine.com\/mx\/"},{"@type":"ListItem","position":2,"name":"Emily Ratajkowski celebra con Gucci su famoso monograma GG"}]},{"@type":"WebSite","@id":"https:\/\/graziamagazine.com\/mx\/#website","url":"https:\/\/graziamagazine.com\/mx\/","name":"Grazia M\u00e9xico y Latinoam\u00e9rica","description":"Grazia es moda, belleza y noticias  de actualidad ","potentialAction":[{"@type":"SearchAction","target":{"@type":"EntryPoint","urlTemplate":"https:\/\/graziamagazine.com\/mx\/?s={search_term_string}"},"query-input":"required name=search_term_string"}],"inLanguage":"es-MX"}]}},"jetpack_sharing_enabled":true,"distributor_meta":false,"distributor_terms":false,"distributor_media":false,"distributor_original_site_name":"Grazia M\u00e9xico y Latinoam\u00e9rica","distributor_original_site_url":"https:\/\/graziamagazine.com\/mx","push-errors":false,"_links":{"self":[{"href":"https:\/\/graziamagazine.com\/mx\/wp-json\/wp\/v2\/articles\/151880"}],"collection":[{"href":"https:\/\/graziamagazine.com\/mx\/wp-json\/wp\/v2\/articles"}],"about":[{"href":"https:\/\/graziamagazine.com\/mx\/wp-json\/wp\/v2\/types\/articles"}],"author":[{"embeddable":true,"href":"https:\/\/graziamagazine.com\/mx\/wp-json\/wp\/v2\/users\/11628"}],"wp:featuredmedia":[{"embeddable":true,"href":"https:\/\/graziamagazine.com\/mx\/wp-json\/wp\/v2\/media\/151885"}],"wp:attachment":[{"href":"https:\/\/graziamagazine.com\/mx\/wp-json\/wp\/v2\/media?parent=151880"}],"wp:term":[{"taxonomy":"category","embeddable":true,"href":"https:\/\/graziamagazine.com\/mx\/wp-json\/wp\/v2\/categories?post=151880"}],"curies":[{"name":"wp","href":"https:\/\/api.w.org\/{rel}","templated":true}]}}