{"id":151643,"date":"2025-06-03T18:28:03","date_gmt":"2025-06-03T23:28:03","guid":{"rendered":"https:\/\/graziamagazine.com\/mx\/?post_type=articles&#038;p=151643"},"modified":"2025-06-03T18:51:21","modified_gmt":"2025-06-03T23:51:21","slug":"mejores-bloqueadores-verano","status":"publish","type":"articles","link":"https:\/\/graziamagazine.com\/mx\/articles\/mejores-bloqueadores-verano\/","title":{"rendered":"Los mejores bloqueadores para este verano"},"content":{"rendered":"<p><strong>El verano ha llegado<\/strong> con todo, altas temperaturas, vacaciones so\u00f1adas y, claro, la amenaza constante del sol que no perdona ni un cent\u00edmetro de piel expuesta. Y no, no basta con sombrero y gafas cool, la protecci\u00f3n real empieza con <strong>un<\/strong> <strong>buen bloqueador solar<\/strong>. \u00bfCu\u00e1l elegir entre tanta oferta?<\/p>\n<p>Aqu\u00ed te traemos cinco opciones que no solo hacen bien su chamba, sino que han sido recomendadas por expertos \u2014sin inflarte la billetera ni dejarte la cara como sart\u00e9n lleno de aceite.<\/p>\n<p>&nbsp;<\/p>\n<h3><strong> La Roche-Posay Anthelios SPF 50+<\/strong><\/h3>\n<p data-start=\"195\" data-end=\"391\">Este protector solar es ideal para pieles sensibles. Ofrece una protecci\u00f3n de amplio espectro contra los rayos UVA y UVB, y su f\u00f3rmula es resistente al agua. Recomendado por dermat\u00f3logos pues es ideal para <strong>pieles sensibles y con tendencia a sufrir alergias<\/strong>.<\/p>\n<figure id=\"attachment_151684\" aria-describedby=\"caption-attachment-151684\" style=\"width: 441px\" class=\"wp-caption alignnone\"><img loading=\"lazy\" decoding=\"async\" class=\"size-medium wp-image-151684\" src=\"https:\/\/graziamagazine.com\/mx\/wp-content\/uploads\/sites\/13\/2025\/06\/WhatsApp-Image-2025-06-03-at-5.32.08-PM-441x450.jpeg\" alt=\"\" width=\"441\" height=\"450\" srcset=\"https:\/\/graziamagazine.com\/mx\/wp-content\/uploads\/sites\/13\/2025\/06\/WhatsApp-Image-2025-06-03-at-5.32.08-PM-441x450.jpeg 441w, https:\/\/graziamagazine.com\/mx\/wp-content\/uploads\/sites\/13\/2025\/06\/WhatsApp-Image-2025-06-03-at-5.32.08-PM-400x408.jpeg 400w, https:\/\/graziamagazine.com\/mx\/wp-content\/uploads\/sites\/13\/2025\/06\/WhatsApp-Image-2025-06-03-at-5.32.08-PM-155x158.jpeg 155w, https:\/\/graziamagazine.com\/mx\/wp-content\/uploads\/sites\/13\/2025\/06\/WhatsApp-Image-2025-06-03-at-5.32.08-PM.jpeg 768w\" sizes=\"(max-width: 441px) 100vw, 441px\" \/><figcaption id=\"caption-attachment-151684\" class=\"wp-caption-text\">La Roche-Posay Anthelios SPF 50+ \/ Cr\u00e9dito Amazon<\/figcaption><\/figure>\n<h3><strong data-start=\"393\" data-end=\"440\">Neutrogena Ultra Sheer Dry-Touch SPF 100<\/strong><\/h3>\n<p data-start=\"442\" data-end=\"600\">Con una textura ligera y no grasosa, este bloqueador proporciona una alta protecci\u00f3n solar.Es perfecto para pieles mixtas y grasas, y ha sido destacado por su eficacia en estudios recientes.<\/p>\n<figure id=\"attachment_151683\" aria-describedby=\"caption-attachment-151683\" style=\"width: 409px\" class=\"wp-caption alignnone\"><img loading=\"lazy\" decoding=\"async\" class=\"size-medium wp-image-151683\" src=\"https:\/\/graziamagazine.com\/mx\/wp-content\/uploads\/sites\/13\/2025\/06\/WhatsApp-Image-2025-06-03-at-5.32.16-PM-409x450.jpeg\" alt=\"\" width=\"409\" height=\"450\" srcset=\"https:\/\/graziamagazine.com\/mx\/wp-content\/uploads\/sites\/13\/2025\/06\/WhatsApp-Image-2025-06-03-at-5.32.16-PM-409x450.jpeg 409w, https:\/\/graziamagazine.com\/mx\/wp-content\/uploads\/sites\/13\/2025\/06\/WhatsApp-Image-2025-06-03-at-5.32.16-PM-400x441.jpeg 400w, https:\/\/graziamagazine.com\/mx\/wp-content\/uploads\/sites\/13\/2025\/06\/WhatsApp-Image-2025-06-03-at-5.32.16-PM-155x171.jpeg 155w, https:\/\/graziamagazine.com\/mx\/wp-content\/uploads\/sites\/13\/2025\/06\/WhatsApp-Image-2025-06-03-at-5.32.16-PM.jpeg 768w\" sizes=\"(max-width: 409px) 100vw, 409px\" \/><figcaption id=\"caption-attachment-151683\" class=\"wp-caption-text\">Neutrogena Ultra Sheer Dry-Touch SPF 100+ \/ Cr\u00e9dito Amazon<\/figcaption><\/figure>\n<h3><strong data-start=\"602\" data-end=\"637\">Vichy Capital Soleil SPF 50+<\/strong><\/h3>\n<p data-start=\"639\" data-end=\"797\">Este producto es hipoalerg\u00e9nico y apto para pieles sensibles. Ofrece una protecci\u00f3n de amplio espectro. Si tu piel se queja de productos que no le favorecen, esta es tu opci\u00f3n.<\/p>\n<figure id=\"attachment_151682\" aria-describedby=\"caption-attachment-151682\" style=\"width: 384px\" class=\"wp-caption alignnone\"><img loading=\"lazy\" decoding=\"async\" class=\"size-medium wp-image-151682\" src=\"https:\/\/graziamagazine.com\/mx\/wp-content\/uploads\/sites\/13\/2025\/06\/WhatsApp-Image-2025-06-03-at-5.32.22-PM-384x450.jpeg\" alt=\"\" width=\"384\" height=\"450\" srcset=\"https:\/\/graziamagazine.com\/mx\/wp-content\/uploads\/sites\/13\/2025\/06\/WhatsApp-Image-2025-06-03-at-5.32.22-PM-384x450.jpeg 384w, https:\/\/graziamagazine.com\/mx\/wp-content\/uploads\/sites\/13\/2025\/06\/WhatsApp-Image-2025-06-03-at-5.32.22-PM-400x468.jpeg 400w, https:\/\/graziamagazine.com\/mx\/wp-content\/uploads\/sites\/13\/2025\/06\/WhatsApp-Image-2025-06-03-at-5.32.22-PM-155x181.jpeg 155w, https:\/\/graziamagazine.com\/mx\/wp-content\/uploads\/sites\/13\/2025\/06\/WhatsApp-Image-2025-06-03-at-5.32.22-PM.jpeg 768w\" sizes=\"(max-width: 384px) 100vw, 384px\" \/><figcaption id=\"caption-attachment-151682\" class=\"wp-caption-text\">Vichy Capital Soleil SPF 50+ \/ Cr\u00e9dito Amazon<\/figcaption><\/figure>\n<h3><strong data-start=\"799\" data-end=\"847\">Nivea Sun Protect &amp; Refresh Sport SPF 50+<\/strong><\/h3>\n<p data-start=\"849\" data-end=\"1007\">Este bloqueador solar es ideal para deportistas y <strong>actividades al aire libre<\/strong>, pues es resistente al agua y al sudor.Su f\u00f3rmula ha sido reconocida por su eficacia y calidad.<\/p>\n<figure id=\"attachment_151681\" aria-describedby=\"caption-attachment-151681\" style=\"width: 151px\" class=\"wp-caption alignnone\"><img loading=\"lazy\" decoding=\"async\" class=\"size-medium wp-image-151681\" src=\"https:\/\/graziamagazine.com\/mx\/wp-content\/uploads\/sites\/13\/2025\/06\/WhatsApp-Image-2025-06-03-at-5.33.14-PM-151x450.jpeg\" alt=\"\" width=\"151\" height=\"450\" srcset=\"https:\/\/graziamagazine.com\/mx\/wp-content\/uploads\/sites\/13\/2025\/06\/WhatsApp-Image-2025-06-03-at-5.33.14-PM-151x450.jpeg 151w, https:\/\/graziamagazine.com\/mx\/wp-content\/uploads\/sites\/13\/2025\/06\/WhatsApp-Image-2025-06-03-at-5.33.14-PM-343x1024.jpeg 343w, https:\/\/graziamagazine.com\/mx\/wp-content\/uploads\/sites\/13\/2025\/06\/WhatsApp-Image-2025-06-03-at-5.33.14-PM-400x1193.jpeg 400w, https:\/\/graziamagazine.com\/mx\/wp-content\/uploads\/sites\/13\/2025\/06\/WhatsApp-Image-2025-06-03-at-5.33.14-PM-72x215.jpeg 72w, https:\/\/graziamagazine.com\/mx\/wp-content\/uploads\/sites\/13\/2025\/06\/WhatsApp-Image-2025-06-03-at-5.33.14-PM.jpeg 503w\" sizes=\"(max-width: 151px) 100vw, 151px\" \/><figcaption id=\"caption-attachment-151681\" class=\"wp-caption-text\">Nivea Sun Protect &amp; Refresh Sport SPF 50+ \/ Cr\u00e9dito Amazon<\/figcaption><\/figure>\n<h3><strong data-start=\"1009\" data-end=\"1048\">Banana Boat Aqua Protect SPF 50+<\/strong><\/h3>\n<p data-start=\"1050\" data-end=\"1208\">Con una f\u00f3rmula resistente al agua por hasta 80 minutos, este protector es ideal para ni\u00f1os y adultos. Ha sido destacado por su protecci\u00f3n efectiva contra los rayos UV.<\/p>\n<figure id=\"attachment_151680\" aria-describedby=\"caption-attachment-151680\" style=\"width: 159px\" class=\"wp-caption alignnone\"><img loading=\"lazy\" decoding=\"async\" class=\"size-medium wp-image-151680\" src=\"https:\/\/graziamagazine.com\/mx\/wp-content\/uploads\/sites\/13\/2025\/06\/WhatsApp-Image-2025-06-03-at-5.33.08-PM-159x450.jpeg\" alt=\"\" width=\"159\" height=\"450\" srcset=\"https:\/\/graziamagazine.com\/mx\/wp-content\/uploads\/sites\/13\/2025\/06\/WhatsApp-Image-2025-06-03-at-5.33.08-PM-159x450.jpeg 159w, https:\/\/graziamagazine.com\/mx\/wp-content\/uploads\/sites\/13\/2025\/06\/WhatsApp-Image-2025-06-03-at-5.33.08-PM-76x215.jpeg 76w, https:\/\/graziamagazine.com\/mx\/wp-content\/uploads\/sites\/13\/2025\/06\/WhatsApp-Image-2025-06-03-at-5.33.08-PM.jpeg 317w\" sizes=\"(max-width: 159px) 100vw, 159px\" \/><figcaption id=\"caption-attachment-151680\" class=\"wp-caption-text\">Banana Boat Aqua Protect SPF 50+ \/ Cr\u00e9dito Amazon<\/figcaption><\/figure>\n<p data-start=\"1050\" data-end=\"1208\">Existe mucha evidencia cient\u00edfica de<strong> la necesidad de usar bloqueador<\/strong> en la piel incluso si no vas a salir de vacaciones. <strong>El dermat\u00f3logo Luis Fernando Gonz\u00e1lez<\/strong> se\u00f1ala que el uso de protector solar es esencial en cualquier estaci\u00f3n del a\u00f1o y en cualquier tipo de clima.<\/p>\n<p>\u201cEl tiempo promedio de duraci\u00f3n del efecto de un protector solar de SPF de 30 es de aproximadamente cuatro horas. Si estoy expuesto a sudor, agua o calor este se puede eliminar m\u00e1s f\u00e1cilmente y <strong>se recomienda su aplicaci\u00f3n cada dos horas<\/strong>\u201d, dijo a Infobae.<\/p>\n<p>Recuerda, proteger tu piel del sol no solo previene quemaduras, sino que tambi\u00e9n ayuda a <strong>evitar el envejecimiento prematuro<\/strong> y <strong>reduce el riesgo de c\u00e1ncer de pie<\/strong>l. \u00a1No olvides aplicar tu bloqueador solar antes de salir y reaplicarlo seg\u00fan las recomendaciones!<\/p>\n","protected":false},"author":36289,"featured_media":151685,"template":"","format":"standard","categories":[114],"acf":[],"yoast_head":"<!-- This site is optimized with the Yoast SEO Premium plugin v18.5 (Yoast SEO v20.4) - https:\/\/yoast.com\/wordpress\/plugins\/seo\/ -->\n<title>Los mejores bloqueadores para este verano | Grazia M\u00e9xico y Latinoam\u00e9rica<\/title>\n<meta name=\"description\" content=\"El verano ha llegado con todo, altas temperaturas, vacaciones so\u00f1adas y, claro, la amenaza constante del sol que no perdona ni un cent\u00edmetro de piel\" \/>\n<meta name=\"robots\" content=\"index, follow, max-snippet:-1, max-image-preview:large, max-video-preview:-1\" \/>\n<link rel=\"canonical\" href=\"https:\/\/graziamagazine.com\/mx\/articles\/mejores-bloqueadores-verano\/\" \/>\n<meta property=\"og:locale\" content=\"es_MX\" \/>\n<meta property=\"og:type\" content=\"article\" \/>\n<meta property=\"og:title\" content=\"Los mejores bloqueadores para este verano\" \/>\n<meta property=\"og:description\" content=\"El verano ha llegado con todo, altas temperaturas, vacaciones so\u00f1adas y, claro, la amenaza constante del sol que no perdona ni un cent\u00edmetro de piel\" \/>\n<meta property=\"og:url\" content=\"https:\/\/graziamagazine.com\/mx\/articles\/mejores-bloqueadores-verano\/\" \/>\n<meta property=\"og:site_name\" content=\"Grazia M\u00e9xico y Latinoam\u00e9rica\" \/>\n<meta property=\"article:modified_time\" content=\"2025-06-03T23:51:21+00:00\" \/>\n<meta property=\"og:image\" content=\"https:\/\/graziamagazine.com\/mx\/wp-content\/uploads\/sites\/13\/2025\/06\/WhatsApp-Image-2025-06-03-at-5.50.27-PM.jpeg\" \/>\n\t<meta property=\"og:image:width\" content=\"626\" \/>\n\t<meta property=\"og:image:height\" content=\"539\" \/>\n\t<meta property=\"og:image:type\" content=\"image\/jpeg\" \/>\n<meta name=\"twitter:card\" content=\"summary_large_image\" \/>\n<meta name=\"twitter:label1\" content=\"Est. reading time\" \/>\n\t<meta name=\"twitter:data1\" content=\"4 minutos\" \/>\n<script type=\"application\/ld+json\" class=\"yoast-schema-graph\">{\"@context\":\"https:\/\/schema.org\",\"@graph\":[{\"@type\":\"WebPage\",\"@id\":\"https:\/\/graziamagazine.com\/mx\/articles\/mejores-bloqueadores-verano\/\",\"url\":\"https:\/\/graziamagazine.com\/mx\/articles\/mejores-bloqueadores-verano\/\",\"name\":\"Los mejores bloqueadores para este verano | Grazia M\u00e9xico y Latinoam\u00e9rica\",\"isPartOf\":{\"@id\":\"https:\/\/graziamagazine.com\/mx\/#website\"},\"datePublished\":\"2025-06-03T23:28:03+00:00\",\"dateModified\":\"2025-06-03T23:51:21+00:00\",\"description\":\"El verano ha llegado con todo, altas temperaturas, vacaciones so\u00f1adas y, claro, la amenaza constante del sol que no perdona ni un cent\u00edmetro de piel\",\"breadcrumb\":{\"@id\":\"https:\/\/graziamagazine.com\/mx\/articles\/mejores-bloqueadores-verano\/#breadcrumb\"},\"inLanguage\":\"es-MX\",\"potentialAction\":[{\"@type\":\"ReadAction\",\"target\":[\"https:\/\/graziamagazine.com\/mx\/articles\/mejores-bloqueadores-verano\/\"]}]},{\"@type\":\"BreadcrumbList\",\"@id\":\"https:\/\/graziamagazine.com\/mx\/articles\/mejores-bloqueadores-verano\/#breadcrumb\",\"itemListElement\":[{\"@type\":\"ListItem\",\"position\":1,\"name\":\"Home\",\"item\":\"https:\/\/graziamagazine.com\/mx\/\"},{\"@type\":\"ListItem\",\"position\":2,\"name\":\"Los mejores bloqueadores para este verano\"}]},{\"@type\":\"WebSite\",\"@id\":\"https:\/\/graziamagazine.com\/mx\/#website\",\"url\":\"https:\/\/graziamagazine.com\/mx\/\",\"name\":\"Grazia M\u00e9xico y Latinoam\u00e9rica\",\"description\":\"Grazia es moda, belleza y noticias  de actualidad \",\"potentialAction\":[{\"@type\":\"SearchAction\",\"target\":{\"@type\":\"EntryPoint\",\"urlTemplate\":\"https:\/\/graziamagazine.com\/mx\/?s={search_term_string}\"},\"query-input\":\"required name=search_term_string\"}],\"inLanguage\":\"es-MX\"}]}<\/script>\n<!-- \/ Yoast SEO Premium plugin. -->","yoast_head_json":{"title":"Los mejores bloqueadores para este verano | Grazia M\u00e9xico y Latinoam\u00e9rica","description":"El verano ha llegado con todo, altas temperaturas, vacaciones so\u00f1adas y, claro, la amenaza constante del sol que no perdona ni un cent\u00edmetro de piel","robots":{"index":"index","follow":"follow","max-snippet":"max-snippet:-1","max-image-preview":"max-image-preview:large","max-video-preview":"max-video-preview:-1"},"canonical":"https:\/\/graziamagazine.com\/mx\/articles\/mejores-bloqueadores-verano\/","og_locale":"es_MX","og_type":"article","og_title":"Los mejores bloqueadores para este verano","og_description":"El verano ha llegado con todo, altas temperaturas, vacaciones so\u00f1adas y, claro, la amenaza constante del sol que no perdona ni un cent\u00edmetro de piel","og_url":"https:\/\/graziamagazine.com\/mx\/articles\/mejores-bloqueadores-verano\/","og_site_name":"Grazia M\u00e9xico y Latinoam\u00e9rica","article_modified_time":"2025-06-03T23:51:21+00:00","og_image":[{"width":626,"height":539,"url":"https:\/\/graziamagazine.com\/mx\/wp-content\/uploads\/sites\/13\/2025\/06\/WhatsApp-Image-2025-06-03-at-5.50.27-PM.jpeg","type":"image\/jpeg"}],"twitter_card":"summary_large_image","twitter_misc":{"Est. reading time":"4 minutos"},"schema":{"@context":"https:\/\/schema.org","@graph":[{"@type":"WebPage","@id":"https:\/\/graziamagazine.com\/mx\/articles\/mejores-bloqueadores-verano\/","url":"https:\/\/graziamagazine.com\/mx\/articles\/mejores-bloqueadores-verano\/","name":"Los mejores bloqueadores para este verano | Grazia M\u00e9xico y Latinoam\u00e9rica","isPartOf":{"@id":"https:\/\/graziamagazine.com\/mx\/#website"},"datePublished":"2025-06-03T23:28:03+00:00","dateModified":"2025-06-03T23:51:21+00:00","description":"El verano ha llegado con todo, altas temperaturas, vacaciones so\u00f1adas y, claro, la amenaza constante del sol que no perdona ni un cent\u00edmetro de piel","breadcrumb":{"@id":"https:\/\/graziamagazine.com\/mx\/articles\/mejores-bloqueadores-verano\/#breadcrumb"},"inLanguage":"es-MX","potentialAction":[{"@type":"ReadAction","target":["https:\/\/graziamagazine.com\/mx\/articles\/mejores-bloqueadores-verano\/"]}]},{"@type":"BreadcrumbList","@id":"https:\/\/graziamagazine.com\/mx\/articles\/mejores-bloqueadores-verano\/#breadcrumb","itemListElement":[{"@type":"ListItem","position":1,"name":"Home","item":"https:\/\/graziamagazine.com\/mx\/"},{"@type":"ListItem","position":2,"name":"Los mejores bloqueadores para este verano"}]},{"@type":"WebSite","@id":"https:\/\/graziamagazine.com\/mx\/#website","url":"https:\/\/graziamagazine.com\/mx\/","name":"Grazia M\u00e9xico y Latinoam\u00e9rica","description":"Grazia es moda, belleza y noticias  de actualidad ","potentialAction":[{"@type":"SearchAction","target":{"@type":"EntryPoint","urlTemplate":"https:\/\/graziamagazine.com\/mx\/?s={search_term_string}"},"query-input":"required name=search_term_string"}],"inLanguage":"es-MX"}]}},"jetpack_sharing_enabled":true,"distributor_meta":false,"distributor_terms":false,"distributor_media":false,"distributor_original_site_name":"Grazia M\u00e9xico y Latinoam\u00e9rica","distributor_original_site_url":"https:\/\/graziamagazine.com\/mx","push-errors":false,"_links":{"self":[{"href":"https:\/\/graziamagazine.com\/mx\/wp-json\/wp\/v2\/articles\/151643"}],"collection":[{"href":"https:\/\/graziamagazine.com\/mx\/wp-json\/wp\/v2\/articles"}],"about":[{"href":"https:\/\/graziamagazine.com\/mx\/wp-json\/wp\/v2\/types\/articles"}],"author":[{"embeddable":true,"href":"https:\/\/graziamagazine.com\/mx\/wp-json\/wp\/v2\/users\/36289"}],"wp:featuredmedia":[{"embeddable":true,"href":"https:\/\/graziamagazine.com\/mx\/wp-json\/wp\/v2\/media\/151685"}],"wp:attachment":[{"href":"https:\/\/graziamagazine.com\/mx\/wp-json\/wp\/v2\/media?parent=151643"}],"wp:term":[{"taxonomy":"category","embeddable":true,"href":"https:\/\/graziamagazine.com\/mx\/wp-json\/wp\/v2\/categories?post=151643"}],"curies":[{"name":"wp","href":"https:\/\/api.w.org\/{rel}","templated":true}]}}