{"id":151564,"date":"2025-06-02T11:14:33","date_gmt":"2025-06-02T16:14:33","guid":{"rendered":"https:\/\/graziamagazine.com\/mx\/?post_type=articles&#038;p=151564"},"modified":"2025-06-02T11:29:25","modified_gmt":"2025-06-02T16:29:25","slug":"marilyn-monroe-cumpliria-99-anos-y-estos-fueron-sus-looks-mas-iconicos","status":"publish","type":"articles","link":"https:\/\/graziamagazine.com\/mx\/articles\/marilyn-monroe-cumpliria-99-anos-y-estos-fueron-sus-looks-mas-iconicos\/","title":{"rendered":"Marilyn Monroe cumplir\u00eda 99 a\u00f1os y estos fueron sus looks m\u00e1s ic\u00f3nicos"},"content":{"rendered":"<p data-start=\"169\" data-end=\"739\">Marilyn Monroe no solo fue una estrella del cine, sino un fen\u00f3meno cultural que transform\u00f3 la manera en que entendemos la sensualidad, el estilo y la fama. A casi un siglo de su nacimiento, habr\u00eda cumplido 99 a\u00f1os este 1 de junio,\u00a0 su legado sigue vigente no solo en la pantalla grande, sino tambi\u00e9n en las pasarelas, editoriales de moda y colecciones contempor\u00e1neas.<\/p>\n<p data-start=\"169\" data-end=\"739\">Su imagen es sin\u00f3nimo de glamour atemporal y su estilo personal, aunque aparentemente sencillo, revolucion\u00f3 el vestuario femenino con una mezcla de audacia, feminidad y carisma innato.<\/p>\n<p data-start=\"741\" data-end=\"1169\">Desde el ic\u00f3nico vestido blanco que desafi\u00f3 al metro de Nueva York, hasta los sofisticados trajes de gala que luci\u00f3 en pel\u00edculas y estrenos, Monroe supo convertir cada atuendo en una declaraci\u00f3n est\u00e9tica.<\/p>\n<figure id=\"attachment_151571\" aria-describedby=\"caption-attachment-151571\" style=\"width: 782px\" class=\"wp-caption alignnone\"><img loading=\"lazy\" decoding=\"async\" class=\"size-large wp-image-151571\" src=\"https:\/\/graziamagazine.com\/mx\/wp-content\/uploads\/sites\/13\/2025\/06\/Captura-de-Pantalla-2025-06-02-a-las-10.12.09-782x1024.png\" alt=\"Marilyn Monroe cumplir\u00eda 99 a\u00f1os y estos fueron sus looks m\u00e1s ic\u00f3nicos\" width=\"782\" height=\"1024\" srcset=\"https:\/\/graziamagazine.com\/mx\/wp-content\/uploads\/sites\/13\/2025\/06\/Captura-de-Pantalla-2025-06-02-a-las-10.12.09-782x1024.png 782w, https:\/\/graziamagazine.com\/mx\/wp-content\/uploads\/sites\/13\/2025\/06\/Captura-de-Pantalla-2025-06-02-a-las-10.12.09-344x450.png 344w, https:\/\/graziamagazine.com\/mx\/wp-content\/uploads\/sites\/13\/2025\/06\/Captura-de-Pantalla-2025-06-02-a-las-10.12.09-768x1005.png 768w, https:\/\/graziamagazine.com\/mx\/wp-content\/uploads\/sites\/13\/2025\/06\/Captura-de-Pantalla-2025-06-02-a-las-10.12.09-1173x1536.png 1173w, https:\/\/graziamagazine.com\/mx\/wp-content\/uploads\/sites\/13\/2025\/06\/Captura-de-Pantalla-2025-06-02-a-las-10.12.09-400x524.png 400w, https:\/\/graziamagazine.com\/mx\/wp-content\/uploads\/sites\/13\/2025\/06\/Captura-de-Pantalla-2025-06-02-a-las-10.12.09-155x203.png 155w, https:\/\/graziamagazine.com\/mx\/wp-content\/uploads\/sites\/13\/2025\/06\/Captura-de-Pantalla-2025-06-02-a-las-10.12.09.png 1178w\" sizes=\"(max-width: 782px) 100vw, 782px\" \/><figcaption id=\"caption-attachment-151571\" class=\"wp-caption-text\">Marilyn Monroe cumplir\u00eda 99 a\u00f1os y estos fueron sus looks m\u00e1s ic\u00f3nicos<\/figcaption><\/figure>\n<p data-start=\"741\" data-end=\"1169\">Fue musa de dise\u00f1adores como William Travilla y s\u00edmbolo de la elegancia hollywoodense por excelencia, pero tambi\u00e9n supo re\u00edrse de s\u00ed misma, posar en un saco de papas o brillar en jeans y camisas b\u00e1sicas con igual seguridad.<\/p>\n<p data-start=\"1171\" data-end=\"1388\">Este recorrido por sus looks m\u00e1s representativos no solo honra su figura, sino tambi\u00e9n su papel como referente ineludible del estilo. Marilyn Monroe no fue solo moda: fue y sigue siendo un lenguaje visual universal.<\/p>\n<h3 data-start=\"490\" data-end=\"853\"><strong data-start=\"490\" data-end=\"521\">El vestido blanco del metro<\/strong><\/h3>\n<figure id=\"attachment_151569\" aria-describedby=\"caption-attachment-151569\" style=\"width: 837px\" class=\"wp-caption alignnone\"><img loading=\"lazy\" decoding=\"async\" class=\"size-large wp-image-151569\" src=\"https:\/\/graziamagazine.com\/mx\/wp-content\/uploads\/sites\/13\/2025\/06\/Captura-de-Pantalla-2025-06-02-a-las-10.11.57-837x1024.png\" alt=\"Marilyn Monroe cumplir\u00eda 99 a\u00f1os y estos fueron sus looks m\u00e1s ic\u00f3nicos\" width=\"837\" height=\"1024\" srcset=\"https:\/\/graziamagazine.com\/mx\/wp-content\/uploads\/sites\/13\/2025\/06\/Captura-de-Pantalla-2025-06-02-a-las-10.11.57-837x1024.png 837w, https:\/\/graziamagazine.com\/mx\/wp-content\/uploads\/sites\/13\/2025\/06\/Captura-de-Pantalla-2025-06-02-a-las-10.11.57-368x450.png 368w, https:\/\/graziamagazine.com\/mx\/wp-content\/uploads\/sites\/13\/2025\/06\/Captura-de-Pantalla-2025-06-02-a-las-10.11.57-768x940.png 768w, https:\/\/graziamagazine.com\/mx\/wp-content\/uploads\/sites\/13\/2025\/06\/Captura-de-Pantalla-2025-06-02-a-las-10.11.57-400x489.png 400w, https:\/\/graziamagazine.com\/mx\/wp-content\/uploads\/sites\/13\/2025\/06\/Captura-de-Pantalla-2025-06-02-a-las-10.11.57-155x190.png 155w, https:\/\/graziamagazine.com\/mx\/wp-content\/uploads\/sites\/13\/2025\/06\/Captura-de-Pantalla-2025-06-02-a-las-10.11.57.png 1234w\" sizes=\"(max-width: 837px) 100vw, 837px\" \/><figcaption id=\"caption-attachment-151569\" class=\"wp-caption-text\">Marilyn Monroe cumplir\u00eda 99 a\u00f1os y estos fueron sus looks m\u00e1s ic\u00f3nicos<\/figcaption><\/figure>\n<p data-start=\"490\" data-end=\"853\"><br data-start=\"521\" data-end=\"524\" \/>Icono absoluto del cine, el vestido blanco plisado que Monroe us\u00f3 en <em data-start=\"593\" data-end=\"614\">Siete a\u00f1os de deseo<\/em> (1955) captur\u00f3 una imagen inolvidable: la actriz de pie sobre una rejilla del metro mientras la falda vuela por el aire. Dise\u00f1ado por William Travilla, esta prenda se convirti\u00f3 en un s\u00edmbolo de sensualidad juguetona y elegancia atemporal.<\/p>\n<h3 data-start=\"860\" data-end=\"1198\"><strong data-start=\"860\" data-end=\"890\">Vestido rosa Old Hollywood<\/strong><\/h3>\n<figure id=\"attachment_151578\" aria-describedby=\"caption-attachment-151578\" style=\"width: 670px\" class=\"wp-caption alignnone\"><img loading=\"lazy\" decoding=\"async\" class=\"size-large wp-image-151578\" src=\"https:\/\/graziamagazine.com\/mx\/wp-content\/uploads\/sites\/13\/2025\/06\/Captura-de-Pantalla-2025-06-02-a-las-10.17.17-670x1024.png\" alt=\"Marilyn Monroe cumplir\u00eda 99 a\u00f1os y estos fueron sus looks m\u00e1s ic\u00f3nicos\" width=\"670\" height=\"1024\" srcset=\"https:\/\/graziamagazine.com\/mx\/wp-content\/uploads\/sites\/13\/2025\/06\/Captura-de-Pantalla-2025-06-02-a-las-10.17.17-670x1024.png 670w, https:\/\/graziamagazine.com\/mx\/wp-content\/uploads\/sites\/13\/2025\/06\/Captura-de-Pantalla-2025-06-02-a-las-10.17.17-295x450.png 295w, https:\/\/graziamagazine.com\/mx\/wp-content\/uploads\/sites\/13\/2025\/06\/Captura-de-Pantalla-2025-06-02-a-las-10.17.17-768x1173.png 768w, https:\/\/graziamagazine.com\/mx\/wp-content\/uploads\/sites\/13\/2025\/06\/Captura-de-Pantalla-2025-06-02-a-las-10.17.17-1005x1536.png 1005w, https:\/\/graziamagazine.com\/mx\/wp-content\/uploads\/sites\/13\/2025\/06\/Captura-de-Pantalla-2025-06-02-a-las-10.17.17-400x611.png 400w, https:\/\/graziamagazine.com\/mx\/wp-content\/uploads\/sites\/13\/2025\/06\/Captura-de-Pantalla-2025-06-02-a-las-10.17.17-141x215.png 141w, https:\/\/graziamagazine.com\/mx\/wp-content\/uploads\/sites\/13\/2025\/06\/Captura-de-Pantalla-2025-06-02-a-las-10.17.17.png 1012w\" sizes=\"(max-width: 670px) 100vw, 670px\" \/><figcaption id=\"caption-attachment-151578\" class=\"wp-caption-text\">Marilyn Monroe cumplir\u00eda 99 a\u00f1os y estos fueron sus looks m\u00e1s ic\u00f3nicos<\/figcaption><\/figure>\n<p data-start=\"860\" data-end=\"1198\"><br data-start=\"890\" data-end=\"893\" \/>En <em data-start=\"896\" data-end=\"930\">Los hombres las prefieren rubias<\/em> (1953), Monroe luci\u00f3 un vestido rosa sin tirantes con guantes largos, irradiando glamour hollywoodense cl\u00e1sico. Esta imagen, donde interpreta la canci\u00f3n \u201cDiamonds Are a Girl\u2019s Best Friend\u201d, inspir\u00f3 generaciones de dise\u00f1adores, desde Yves Saint Laurent hasta Moschino.<\/p>\n<h3 data-start=\"1205\" data-end=\"1502\"><strong data-start=\"1205\" data-end=\"1241\">Pantalones capri: el look casual<\/strong><\/h3>\n<figure id=\"attachment_151566\" aria-describedby=\"caption-attachment-151566\" style=\"width: 667px\" class=\"wp-caption alignnone\"><img loading=\"lazy\" decoding=\"async\" class=\"size-large wp-image-151566\" src=\"https:\/\/graziamagazine.com\/mx\/wp-content\/uploads\/sites\/13\/2025\/06\/Captura-de-Pantalla-2025-06-02-a-las-10.11.39-667x1024.png\" alt=\"Marilyn Monroe cumplir\u00eda 99 a\u00f1os y estos fueron sus looks m\u00e1s ic\u00f3nicos\" width=\"667\" height=\"1024\" srcset=\"https:\/\/graziamagazine.com\/mx\/wp-content\/uploads\/sites\/13\/2025\/06\/Captura-de-Pantalla-2025-06-02-a-las-10.11.39-667x1024.png 667w, https:\/\/graziamagazine.com\/mx\/wp-content\/uploads\/sites\/13\/2025\/06\/Captura-de-Pantalla-2025-06-02-a-las-10.11.39-293x450.png 293w, https:\/\/graziamagazine.com\/mx\/wp-content\/uploads\/sites\/13\/2025\/06\/Captura-de-Pantalla-2025-06-02-a-las-10.11.39-768x1179.png 768w, https:\/\/graziamagazine.com\/mx\/wp-content\/uploads\/sites\/13\/2025\/06\/Captura-de-Pantalla-2025-06-02-a-las-10.11.39-1001x1536.png 1001w, https:\/\/graziamagazine.com\/mx\/wp-content\/uploads\/sites\/13\/2025\/06\/Captura-de-Pantalla-2025-06-02-a-las-10.11.39-400x614.png 400w, https:\/\/graziamagazine.com\/mx\/wp-content\/uploads\/sites\/13\/2025\/06\/Captura-de-Pantalla-2025-06-02-a-las-10.11.39-140x215.png 140w, https:\/\/graziamagazine.com\/mx\/wp-content\/uploads\/sites\/13\/2025\/06\/Captura-de-Pantalla-2025-06-02-a-las-10.11.39.png 1006w\" sizes=\"(max-width: 667px) 100vw, 667px\" \/><figcaption id=\"caption-attachment-151566\" class=\"wp-caption-text\">Marilyn Monroe cumplir\u00eda 99 a\u00f1os y estos fueron sus looks m\u00e1s ic\u00f3nicos<\/figcaption><\/figure>\n<p data-start=\"1205\" data-end=\"1502\"><br data-start=\"1241\" data-end=\"1244\" \/>Fuera del plat\u00f3, Monroe apostaba por la comodidad con estilo. Los pantalones capri, entallados y por encima del tobillo, fueron parte esencial de su guardarropa relajado. Hoy, este look sigue vigente y ha sido reinterpretado por casas de moda como Jacquemus.<\/p>\n<h3 data-start=\"1509\" data-end=\"1783\"><strong data-start=\"1509\" data-end=\"1537\">El bikini de rayas rojas<\/strong><\/h3>\n<figure id=\"attachment_151574\" aria-describedby=\"caption-attachment-151574\" style=\"width: 777px\" class=\"wp-caption alignnone\"><img loading=\"lazy\" decoding=\"async\" class=\"size-large wp-image-151574\" src=\"https:\/\/graziamagazine.com\/mx\/wp-content\/uploads\/sites\/13\/2025\/06\/Captura-de-Pantalla-2025-06-02-a-las-10.12.26-777x1024.png\" alt=\"Marilyn Monroe cumplir\u00eda 99 a\u00f1os y estos fueron sus looks m\u00e1s ic\u00f3nicos\" width=\"777\" height=\"1024\" srcset=\"https:\/\/graziamagazine.com\/mx\/wp-content\/uploads\/sites\/13\/2025\/06\/Captura-de-Pantalla-2025-06-02-a-las-10.12.26-777x1024.png 777w, https:\/\/graziamagazine.com\/mx\/wp-content\/uploads\/sites\/13\/2025\/06\/Captura-de-Pantalla-2025-06-02-a-las-10.12.26-341x450.png 341w, https:\/\/graziamagazine.com\/mx\/wp-content\/uploads\/sites\/13\/2025\/06\/Captura-de-Pantalla-2025-06-02-a-las-10.12.26-768x1012.png 768w, https:\/\/graziamagazine.com\/mx\/wp-content\/uploads\/sites\/13\/2025\/06\/Captura-de-Pantalla-2025-06-02-a-las-10.12.26-1165x1536.png 1165w, https:\/\/graziamagazine.com\/mx\/wp-content\/uploads\/sites\/13\/2025\/06\/Captura-de-Pantalla-2025-06-02-a-las-10.12.26-400x527.png 400w, https:\/\/graziamagazine.com\/mx\/wp-content\/uploads\/sites\/13\/2025\/06\/Captura-de-Pantalla-2025-06-02-a-las-10.12.26-155x204.png 155w, https:\/\/graziamagazine.com\/mx\/wp-content\/uploads\/sites\/13\/2025\/06\/Captura-de-Pantalla-2025-06-02-a-las-10.12.26.png 1176w\" sizes=\"(max-width: 777px) 100vw, 777px\" \/><figcaption id=\"caption-attachment-151574\" class=\"wp-caption-text\">Marilyn Monroe cumplir\u00eda 99 a\u00f1os y estos fueron sus looks m\u00e1s ic\u00f3nicos<\/figcaption><\/figure>\n<p data-start=\"1509\" data-end=\"1783\"><br data-start=\"1537\" data-end=\"1540\" \/>Antes de ser una superestrella, Norma Jeane posaba para sesiones promocionales en trajes como su famoso bikini de rayas rojas. Estas im\u00e1genes capturan una belleza fresca y aut\u00e9ntica, muy distinta al \u00edcono sofisticado que desarrollar\u00eda despu\u00e9s.<\/p>\n<h3 data-start=\"1790\" data-end=\"2059\"><strong data-start=\"1790\" data-end=\"1831\">El vestido de papas: iron\u00eda y belleza<\/strong><\/h3>\n<figure id=\"attachment_151567\" aria-describedby=\"caption-attachment-151567\" style=\"width: 818px\" class=\"wp-caption alignnone\"><img loading=\"lazy\" decoding=\"async\" class=\"size-large wp-image-151567\" src=\"https:\/\/graziamagazine.com\/mx\/wp-content\/uploads\/sites\/13\/2025\/06\/Captura-de-Pantalla-2025-06-02-a-las-10.11.44-818x1024.png\" alt=\"Marilyn Monroe cumplir\u00eda 99 a\u00f1os y estos fueron sus looks m\u00e1s ic\u00f3nicos\" width=\"818\" height=\"1024\" srcset=\"https:\/\/graziamagazine.com\/mx\/wp-content\/uploads\/sites\/13\/2025\/06\/Captura-de-Pantalla-2025-06-02-a-las-10.11.44-818x1024.png 818w, https:\/\/graziamagazine.com\/mx\/wp-content\/uploads\/sites\/13\/2025\/06\/Captura-de-Pantalla-2025-06-02-a-las-10.11.44-359x450.png 359w, https:\/\/graziamagazine.com\/mx\/wp-content\/uploads\/sites\/13\/2025\/06\/Captura-de-Pantalla-2025-06-02-a-las-10.11.44-768x962.png 768w, https:\/\/graziamagazine.com\/mx\/wp-content\/uploads\/sites\/13\/2025\/06\/Captura-de-Pantalla-2025-06-02-a-las-10.11.44-1226x1536.png 1226w, https:\/\/graziamagazine.com\/mx\/wp-content\/uploads\/sites\/13\/2025\/06\/Captura-de-Pantalla-2025-06-02-a-las-10.11.44-400x501.png 400w, https:\/\/graziamagazine.com\/mx\/wp-content\/uploads\/sites\/13\/2025\/06\/Captura-de-Pantalla-2025-06-02-a-las-10.11.44-155x194.png 155w, https:\/\/graziamagazine.com\/mx\/wp-content\/uploads\/sites\/13\/2025\/06\/Captura-de-Pantalla-2025-06-02-a-las-10.11.44.png 1228w\" sizes=\"(max-width: 818px) 100vw, 818px\" \/><figcaption id=\"caption-attachment-151567\" class=\"wp-caption-text\">Marilyn Monroe cumplir\u00eda 99 a\u00f1os y estos fueron sus looks m\u00e1s ic\u00f3nicos<\/figcaption><\/figure>\n<p data-start=\"1790\" data-end=\"2059\"><br data-start=\"1831\" data-end=\"1834\" \/>Tras una cr\u00edtica que suger\u00eda que \u201chasta un saco de papas le quedar\u00eda mejor\u201d, Monroe respondi\u00f3 con ingenio. Pos\u00f3 en una sesi\u00f3n oficial usando precisamente un saco de papas, probando que su carisma trascend\u00eda cualquier atuendo.<\/p>\n<h3 data-start=\"2066\" data-end=\"2321\"><strong data-start=\"2066\" data-end=\"2096\">Vestidos dorados y de gala<\/strong><\/h3>\n<figure id=\"attachment_151572\" aria-describedby=\"caption-attachment-151572\" style=\"width: 784px\" class=\"wp-caption alignnone\"><img loading=\"lazy\" decoding=\"async\" class=\"size-large wp-image-151572\" src=\"https:\/\/graziamagazine.com\/mx\/wp-content\/uploads\/sites\/13\/2025\/06\/Captura-de-Pantalla-2025-06-02-a-las-10.12.14-784x1024.png\" alt=\"Marilyn Monroe cumplir\u00eda 99 a\u00f1os y estos fueron sus looks m\u00e1s ic\u00f3nicos\" width=\"784\" height=\"1024\" srcset=\"https:\/\/graziamagazine.com\/mx\/wp-content\/uploads\/sites\/13\/2025\/06\/Captura-de-Pantalla-2025-06-02-a-las-10.12.14-784x1024.png 784w, https:\/\/graziamagazine.com\/mx\/wp-content\/uploads\/sites\/13\/2025\/06\/Captura-de-Pantalla-2025-06-02-a-las-10.12.14-345x450.png 345w, https:\/\/graziamagazine.com\/mx\/wp-content\/uploads\/sites\/13\/2025\/06\/Captura-de-Pantalla-2025-06-02-a-las-10.12.14-768x1003.png 768w, https:\/\/graziamagazine.com\/mx\/wp-content\/uploads\/sites\/13\/2025\/06\/Captura-de-Pantalla-2025-06-02-a-las-10.12.14-1177x1536.png 1177w, https:\/\/graziamagazine.com\/mx\/wp-content\/uploads\/sites\/13\/2025\/06\/Captura-de-Pantalla-2025-06-02-a-las-10.12.14-400x522.png 400w, https:\/\/graziamagazine.com\/mx\/wp-content\/uploads\/sites\/13\/2025\/06\/Captura-de-Pantalla-2025-06-02-a-las-10.12.14-155x202.png 155w, https:\/\/graziamagazine.com\/mx\/wp-content\/uploads\/sites\/13\/2025\/06\/Captura-de-Pantalla-2025-06-02-a-las-10.12.14.png 1192w\" sizes=\"(max-width: 784px) 100vw, 784px\" \/><figcaption id=\"caption-attachment-151572\" class=\"wp-caption-text\">Marilyn Monroe cumplir\u00eda 99 a\u00f1os y estos fueron sus looks m\u00e1s ic\u00f3nicos<\/figcaption><\/figure>\n<p data-start=\"2066\" data-end=\"2321\"><br data-start=\"2096\" data-end=\"2099\" \/>Fotografiada por Frank Povolny en 1953 con un vestido dorado entallado, Monroe mostr\u00f3 que pod\u00eda ser una diosa en la Tierra. Los escotes pronunciados, las telas fluidas y los cortes ce\u00f1idos marcaron su est\u00e9tica de estrella.<\/p>\n<h3 data-start=\"2328\" data-end=\"2633\"><strong data-start=\"2328\" data-end=\"2369\">El vestido para Kennedy: inmortalidad<\/strong><\/h3>\n<figure id=\"attachment_151570\" aria-describedby=\"caption-attachment-151570\" style=\"width: 740px\" class=\"wp-caption alignnone\"><img loading=\"lazy\" decoding=\"async\" class=\"size-large wp-image-151570\" src=\"https:\/\/graziamagazine.com\/mx\/wp-content\/uploads\/sites\/13\/2025\/06\/Captura-de-Pantalla-2025-06-02-a-las-10.12.03-740x1024.png\" alt=\"Marilyn Monroe cumplir\u00eda 99 a\u00f1os y estos fueron sus looks m\u00e1s ic\u00f3nicos\" width=\"740\" height=\"1024\" srcset=\"https:\/\/graziamagazine.com\/mx\/wp-content\/uploads\/sites\/13\/2025\/06\/Captura-de-Pantalla-2025-06-02-a-las-10.12.03-740x1024.png 740w, https:\/\/graziamagazine.com\/mx\/wp-content\/uploads\/sites\/13\/2025\/06\/Captura-de-Pantalla-2025-06-02-a-las-10.12.03-325x450.png 325w, https:\/\/graziamagazine.com\/mx\/wp-content\/uploads\/sites\/13\/2025\/06\/Captura-de-Pantalla-2025-06-02-a-las-10.12.03-768x1062.png 768w, https:\/\/graziamagazine.com\/mx\/wp-content\/uploads\/sites\/13\/2025\/06\/Captura-de-Pantalla-2025-06-02-a-las-10.12.03-1111x1536.png 1111w, https:\/\/graziamagazine.com\/mx\/wp-content\/uploads\/sites\/13\/2025\/06\/Captura-de-Pantalla-2025-06-02-a-las-10.12.03-400x553.png 400w, https:\/\/graziamagazine.com\/mx\/wp-content\/uploads\/sites\/13\/2025\/06\/Captura-de-Pantalla-2025-06-02-a-las-10.12.03-155x215.png 155w, https:\/\/graziamagazine.com\/mx\/wp-content\/uploads\/sites\/13\/2025\/06\/Captura-de-Pantalla-2025-06-02-a-las-10.12.03.png 1112w\" sizes=\"(max-width: 740px) 100vw, 740px\" \/><figcaption id=\"caption-attachment-151570\" class=\"wp-caption-text\">Marilyn Monroe cumplir\u00eda 99 a\u00f1os y estos fueron sus looks m\u00e1s ic\u00f3nicos<\/figcaption><\/figure>\n<p data-start=\"2328\" data-end=\"2633\"><br data-start=\"2369\" data-end=\"2372\" \/>Para cantarle <em data-start=\"2386\" data-end=\"2402\">Happy Birthday<\/em> al presidente John F. Kennedy en 1962, Monroe luci\u00f3 un vestido transparente con cristales cosidos a mano, dise\u00f1ado por Jean Louis. Esa noche qued\u00f3 inmortalizada como uno de los momentos m\u00e1s audaces y legendarios de la cultura pop.<\/p>\n<p data-start=\"2328\" data-end=\"2633\"><em><strong>*IMAGEN: Google Images<\/strong><\/em><\/p>\n","protected":false},"author":28953,"featured_media":151576,"template":"","format":"standard","categories":[4],"acf":[],"yoast_head":"<!-- This site is optimized with the Yoast SEO Premium plugin v18.5 (Yoast SEO v20.4) - https:\/\/yoast.com\/wordpress\/plugins\/seo\/ -->\n<title>Marilyn Monroe cumplir\u00eda 99 a\u00f1os y estos fueron sus looks m\u00e1s ic\u00f3nicos<\/title>\n<meta name=\"description\" content=\"A 99 a\u00f1os de su nacimiento, recordamos los looks ic\u00f3nicos que definieron a Marilyn Monroe como leyenda del cine y la moda.\" \/>\n<meta name=\"robots\" content=\"index, follow, max-snippet:-1, max-image-preview:large, max-video-preview:-1\" \/>\n<link rel=\"canonical\" href=\"https:\/\/graziamagazine.com\/mx\/articles\/marilyn-monroe-cumpliria-99-anos-y-estos-fueron-sus-looks-mas-iconicos\/\" \/>\n<meta property=\"og:locale\" content=\"es_MX\" \/>\n<meta property=\"og:type\" content=\"article\" \/>\n<meta property=\"og:title\" content=\"Marilyn Monroe cumplir\u00eda 99 a\u00f1os y estos fueron sus looks m\u00e1s ic\u00f3nicos\" \/>\n<meta property=\"og:description\" content=\"A 99 a\u00f1os de su nacimiento, recordamos los looks ic\u00f3nicos que definieron a Marilyn Monroe como leyenda del cine y la moda.\" \/>\n<meta property=\"og:url\" content=\"https:\/\/graziamagazine.com\/mx\/articles\/marilyn-monroe-cumpliria-99-anos-y-estos-fueron-sus-looks-mas-iconicos\/\" \/>\n<meta property=\"og:site_name\" content=\"Grazia M\u00e9xico y Latinoam\u00e9rica\" \/>\n<meta property=\"article:modified_time\" content=\"2025-06-02T16:29:25+00:00\" \/>\n<meta property=\"og:image\" content=\"https:\/\/graziamagazine.com\/mx\/wp-content\/uploads\/sites\/13\/2025\/06\/Captura-de-Pantalla-2025-06-02-a-las-10.13.06.png\" \/>\n\t<meta property=\"og:image:width\" content=\"1118\" \/>\n\t<meta property=\"og:image:height\" content=\"884\" \/>\n\t<meta property=\"og:image:type\" content=\"image\/png\" \/>\n<meta name=\"twitter:card\" content=\"summary_large_image\" \/>\n<meta name=\"twitter:label1\" content=\"Est. reading time\" \/>\n\t<meta name=\"twitter:data1\" content=\"5 minutos\" \/>\n<script type=\"application\/ld+json\" class=\"yoast-schema-graph\">{\"@context\":\"https:\/\/schema.org\",\"@graph\":[{\"@type\":\"WebPage\",\"@id\":\"https:\/\/graziamagazine.com\/mx\/articles\/marilyn-monroe-cumpliria-99-anos-y-estos-fueron-sus-looks-mas-iconicos\/\",\"url\":\"https:\/\/graziamagazine.com\/mx\/articles\/marilyn-monroe-cumpliria-99-anos-y-estos-fueron-sus-looks-mas-iconicos\/\",\"name\":\"Marilyn Monroe cumplir\u00eda 99 a\u00f1os y estos fueron sus looks m\u00e1s ic\u00f3nicos\",\"isPartOf\":{\"@id\":\"https:\/\/graziamagazine.com\/mx\/#website\"},\"datePublished\":\"2025-06-02T16:14:33+00:00\",\"dateModified\":\"2025-06-02T16:29:25+00:00\",\"description\":\"A 99 a\u00f1os de su nacimiento, recordamos los looks ic\u00f3nicos que definieron a Marilyn Monroe como leyenda del cine y la moda.\",\"breadcrumb\":{\"@id\":\"https:\/\/graziamagazine.com\/mx\/articles\/marilyn-monroe-cumpliria-99-anos-y-estos-fueron-sus-looks-mas-iconicos\/#breadcrumb\"},\"inLanguage\":\"es-MX\",\"potentialAction\":[{\"@type\":\"ReadAction\",\"target\":[\"https:\/\/graziamagazine.com\/mx\/articles\/marilyn-monroe-cumpliria-99-anos-y-estos-fueron-sus-looks-mas-iconicos\/\"]}]},{\"@type\":\"BreadcrumbList\",\"@id\":\"https:\/\/graziamagazine.com\/mx\/articles\/marilyn-monroe-cumpliria-99-anos-y-estos-fueron-sus-looks-mas-iconicos\/#breadcrumb\",\"itemListElement\":[{\"@type\":\"ListItem\",\"position\":1,\"name\":\"Home\",\"item\":\"https:\/\/graziamagazine.com\/mx\/\"},{\"@type\":\"ListItem\",\"position\":2,\"name\":\"Marilyn Monroe cumplir\u00eda 99 a\u00f1os y estos fueron sus looks m\u00e1s ic\u00f3nicos\"}]},{\"@type\":\"WebSite\",\"@id\":\"https:\/\/graziamagazine.com\/mx\/#website\",\"url\":\"https:\/\/graziamagazine.com\/mx\/\",\"name\":\"Grazia M\u00e9xico y Latinoam\u00e9rica\",\"description\":\"Grazia es moda, belleza y noticias  de actualidad \",\"potentialAction\":[{\"@type\":\"SearchAction\",\"target\":{\"@type\":\"EntryPoint\",\"urlTemplate\":\"https:\/\/graziamagazine.com\/mx\/?s={search_term_string}\"},\"query-input\":\"required name=search_term_string\"}],\"inLanguage\":\"es-MX\"}]}<\/script>\n<!-- \/ Yoast SEO Premium plugin. -->","yoast_head_json":{"title":"Marilyn Monroe cumplir\u00eda 99 a\u00f1os y estos fueron sus looks m\u00e1s ic\u00f3nicos","description":"A 99 a\u00f1os de su nacimiento, recordamos los looks ic\u00f3nicos que definieron a Marilyn Monroe como leyenda del cine y la moda.","robots":{"index":"index","follow":"follow","max-snippet":"max-snippet:-1","max-image-preview":"max-image-preview:large","max-video-preview":"max-video-preview:-1"},"canonical":"https:\/\/graziamagazine.com\/mx\/articles\/marilyn-monroe-cumpliria-99-anos-y-estos-fueron-sus-looks-mas-iconicos\/","og_locale":"es_MX","og_type":"article","og_title":"Marilyn Monroe cumplir\u00eda 99 a\u00f1os y estos fueron sus looks m\u00e1s ic\u00f3nicos","og_description":"A 99 a\u00f1os de su nacimiento, recordamos los looks ic\u00f3nicos que definieron a Marilyn Monroe como leyenda del cine y la moda.","og_url":"https:\/\/graziamagazine.com\/mx\/articles\/marilyn-monroe-cumpliria-99-anos-y-estos-fueron-sus-looks-mas-iconicos\/","og_site_name":"Grazia M\u00e9xico y Latinoam\u00e9rica","article_modified_time":"2025-06-02T16:29:25+00:00","og_image":[{"width":1118,"height":884,"url":"https:\/\/graziamagazine.com\/mx\/wp-content\/uploads\/sites\/13\/2025\/06\/Captura-de-Pantalla-2025-06-02-a-las-10.13.06.png","type":"image\/png"}],"twitter_card":"summary_large_image","twitter_misc":{"Est. reading time":"5 minutos"},"schema":{"@context":"https:\/\/schema.org","@graph":[{"@type":"WebPage","@id":"https:\/\/graziamagazine.com\/mx\/articles\/marilyn-monroe-cumpliria-99-anos-y-estos-fueron-sus-looks-mas-iconicos\/","url":"https:\/\/graziamagazine.com\/mx\/articles\/marilyn-monroe-cumpliria-99-anos-y-estos-fueron-sus-looks-mas-iconicos\/","name":"Marilyn Monroe cumplir\u00eda 99 a\u00f1os y estos fueron sus looks m\u00e1s ic\u00f3nicos","isPartOf":{"@id":"https:\/\/graziamagazine.com\/mx\/#website"},"datePublished":"2025-06-02T16:14:33+00:00","dateModified":"2025-06-02T16:29:25+00:00","description":"A 99 a\u00f1os de su nacimiento, recordamos los looks ic\u00f3nicos que definieron a Marilyn Monroe como leyenda del cine y la moda.","breadcrumb":{"@id":"https:\/\/graziamagazine.com\/mx\/articles\/marilyn-monroe-cumpliria-99-anos-y-estos-fueron-sus-looks-mas-iconicos\/#breadcrumb"},"inLanguage":"es-MX","potentialAction":[{"@type":"ReadAction","target":["https:\/\/graziamagazine.com\/mx\/articles\/marilyn-monroe-cumpliria-99-anos-y-estos-fueron-sus-looks-mas-iconicos\/"]}]},{"@type":"BreadcrumbList","@id":"https:\/\/graziamagazine.com\/mx\/articles\/marilyn-monroe-cumpliria-99-anos-y-estos-fueron-sus-looks-mas-iconicos\/#breadcrumb","itemListElement":[{"@type":"ListItem","position":1,"name":"Home","item":"https:\/\/graziamagazine.com\/mx\/"},{"@type":"ListItem","position":2,"name":"Marilyn Monroe cumplir\u00eda 99 a\u00f1os y estos fueron sus looks m\u00e1s ic\u00f3nicos"}]},{"@type":"WebSite","@id":"https:\/\/graziamagazine.com\/mx\/#website","url":"https:\/\/graziamagazine.com\/mx\/","name":"Grazia M\u00e9xico y Latinoam\u00e9rica","description":"Grazia es moda, belleza y noticias  de actualidad ","potentialAction":[{"@type":"SearchAction","target":{"@type":"EntryPoint","urlTemplate":"https:\/\/graziamagazine.com\/mx\/?s={search_term_string}"},"query-input":"required name=search_term_string"}],"inLanguage":"es-MX"}]}},"jetpack_sharing_enabled":true,"distributor_meta":false,"distributor_terms":false,"distributor_media":false,"distributor_original_site_name":"Grazia M\u00e9xico y Latinoam\u00e9rica","distributor_original_site_url":"https:\/\/graziamagazine.com\/mx","push-errors":false,"_links":{"self":[{"href":"https:\/\/graziamagazine.com\/mx\/wp-json\/wp\/v2\/articles\/151564"}],"collection":[{"href":"https:\/\/graziamagazine.com\/mx\/wp-json\/wp\/v2\/articles"}],"about":[{"href":"https:\/\/graziamagazine.com\/mx\/wp-json\/wp\/v2\/types\/articles"}],"author":[{"embeddable":true,"href":"https:\/\/graziamagazine.com\/mx\/wp-json\/wp\/v2\/users\/28953"}],"wp:featuredmedia":[{"embeddable":true,"href":"https:\/\/graziamagazine.com\/mx\/wp-json\/wp\/v2\/media\/151576"}],"wp:attachment":[{"href":"https:\/\/graziamagazine.com\/mx\/wp-json\/wp\/v2\/media?parent=151564"}],"wp:term":[{"taxonomy":"category","embeddable":true,"href":"https:\/\/graziamagazine.com\/mx\/wp-json\/wp\/v2\/categories?post=151564"}],"curies":[{"name":"wp","href":"https:\/\/api.w.org\/{rel}","templated":true}]}}