{"id":151541,"date":"2025-05-30T15:17:30","date_gmt":"2025-05-30T20:17:30","guid":{"rendered":"https:\/\/graziamagazine.com\/mx\/?post_type=articles&#038;p=151541"},"modified":"2025-05-30T15:22:07","modified_gmt":"2025-05-30T20:22:07","slug":"el-arte-tejido-de-bottega-veneta","status":"publish","type":"articles","link":"https:\/\/graziamagazine.com\/mx\/articles\/el-arte-tejido-de-bottega-veneta\/","title":{"rendered":"El Arte Tejido de Bottega Veneta"},"content":{"rendered":"<p data-start=\"258\" data-end=\"723\">En una \u00e9poca donde la velocidad domina y lo ef\u00edmero impera, Bottega Veneta apuesta por el silencio elocuente de la artesan\u00eda. <em data-start=\"384\" data-end=\"407\">Craft is our Language<\/em> no es solo una campa\u00f1a, es una declaraci\u00f3n profunda de principios: un tributo al poder de las manos como puente universal entre culturas, generaciones y disciplinas.<\/p>\n<p data-start=\"258\" data-end=\"723\">La maison italiana celebra as\u00ed el 50\u00ba aniversario de su ic\u00f3nico tejido de cuero <em data-start=\"654\" data-end=\"667\">Intrecciato<\/em>, un s\u00edmbolo de paciencia, maestr\u00eda y belleza funcional.<\/p>\n<div class=\"content-gallery\"><div class=\"gallery-placeholder\"><div class=\"spinner\"><\/div><\/div><span class=\"gallery-pagination\"><\/span><div id=\"gallery-1\" class=\"gallery galleryid-151541 gallery-columns- gallery-size-\"><figure class=\"gallery-item\"><div class=\"gallery-icon landscape\"><img loading=\"lazy\" decoding=\"async\" width=\"849\" height=\"1000\" src=\"https:\/\/graziamagazine.com\/mx\/wp-content\/uploads\/sites\/13\/2025\/05\/Medium-766019VCPP11139_A.jpg\" class=\"lazy\" alt=\"\" srcset=\"https:\/\/graziamagazine.com\/mx\/wp-content\/uploads\/sites\/13\/2025\/05\/Medium-766019VCPP11139_A.jpg 849w, https:\/\/graziamagazine.com\/mx\/wp-content\/uploads\/sites\/13\/2025\/05\/Medium-766019VCPP11139_A-382x450.jpg 382w, https:\/\/graziamagazine.com\/mx\/wp-content\/uploads\/sites\/13\/2025\/05\/Medium-766019VCPP11139_A-768x905.jpg 768w, https:\/\/graziamagazine.com\/mx\/wp-content\/uploads\/sites\/13\/2025\/05\/Medium-766019VCPP11139_A-400x471.jpg 400w, https:\/\/graziamagazine.com\/mx\/wp-content\/uploads\/sites\/13\/2025\/05\/Medium-766019VCPP11139_A-155x183.jpg 155w\" sizes=\"(max-width: 849px) 100vw, 849px\" \/><\/div><\/figure><figure class=\"gallery-item\"><div class=\"gallery-icon landscape\"><img loading=\"lazy\" decoding=\"async\" width=\"849\" height=\"1000\" src=\"https:\/\/graziamagazine.com\/mx\/wp-content\/uploads\/sites\/13\/2025\/05\/Medium-766016VCPP19616_A.jpg\" class=\"lazy\" alt=\"\" srcset=\"https:\/\/graziamagazine.com\/mx\/wp-content\/uploads\/sites\/13\/2025\/05\/Medium-766016VCPP19616_A.jpg 849w, https:\/\/graziamagazine.com\/mx\/wp-content\/uploads\/sites\/13\/2025\/05\/Medium-766016VCPP19616_A-382x450.jpg 382w, https:\/\/graziamagazine.com\/mx\/wp-content\/uploads\/sites\/13\/2025\/05\/Medium-766016VCPP19616_A-768x905.jpg 768w, https:\/\/graziamagazine.com\/mx\/wp-content\/uploads\/sites\/13\/2025\/05\/Medium-766016VCPP19616_A-400x471.jpg 400w, https:\/\/graziamagazine.com\/mx\/wp-content\/uploads\/sites\/13\/2025\/05\/Medium-766016VCPP19616_A-155x183.jpg 155w\" sizes=\"(max-width: 849px) 100vw, 849px\" \/><\/div><\/figure><figure class=\"gallery-item\"><div class=\"gallery-icon landscape\"><img loading=\"lazy\" decoding=\"async\" width=\"1698\" height=\"2000\" src=\"https:\/\/graziamagazine.com\/mx\/wp-content\/uploads\/sites\/13\/2025\/05\/Large-766014VCPP12273_A.jpg\" class=\"lazy\" alt=\"\" srcset=\"https:\/\/graziamagazine.com\/mx\/wp-content\/uploads\/sites\/13\/2025\/05\/Large-766014VCPP12273_A.jpg 1698w, https:\/\/graziamagazine.com\/mx\/wp-content\/uploads\/sites\/13\/2025\/05\/Large-766014VCPP12273_A-382x450.jpg 382w, https:\/\/graziamagazine.com\/mx\/wp-content\/uploads\/sites\/13\/2025\/05\/Large-766014VCPP12273_A-869x1024.jpg 869w, https:\/\/graziamagazine.com\/mx\/wp-content\/uploads\/sites\/13\/2025\/05\/Large-766014VCPP12273_A-768x905.jpg 768w, https:\/\/graziamagazine.com\/mx\/wp-content\/uploads\/sites\/13\/2025\/05\/Large-766014VCPP12273_A-1304x1536.jpg 1304w, https:\/\/graziamagazine.com\/mx\/wp-content\/uploads\/sites\/13\/2025\/05\/Large-766014VCPP12273_A-400x471.jpg 400w, https:\/\/graziamagazine.com\/mx\/wp-content\/uploads\/sites\/13\/2025\/05\/Large-766014VCPP12273_A-155x183.jpg 155w\" sizes=\"(max-width: 1698px) 100vw, 1698px\" \/><\/div><\/figure><\/div><\/div>\n<p data-start=\"725\" data-end=\"1245\">Esta t\u00e9cnica, nacida en 1975, no es solo el coraz\u00f3n est\u00e9tico de Bottega Veneta: es una met\u00e1fora de su esencia. Entretejer tiras de cuero no significa solo construir un objeto; significa construir un legado.<\/p>\n<p data-start=\"725\" data-end=\"1245\">La campa\u00f1a re\u00fane a una constelaci\u00f3n de talentos, artistas, escritores, m\u00fasicos, atletas y actores, en un di\u00e1logo visual y gestual con los artesanos de la casa. Desde Lauren Hutton hasta Zadie Smith, pasando por Julianne Moore y Lorenzo Musetti, cada imagen y cada gesto revelan un homenaje a la dedicaci\u00f3n humana.<\/p>\n<div class=\"content-gallery\"><div class=\"gallery-placeholder\"><div class=\"spinner\"><\/div><\/div><span class=\"gallery-pagination\"><\/span><div id=\"gallery-2\" class=\"gallery galleryid-151541 gallery-columns- gallery-size-\"><figure class=\"gallery-item\"><div class=\"gallery-icon landscape\"><img loading=\"lazy\" decoding=\"async\" width=\"1698\" height=\"2000\" src=\"https:\/\/graziamagazine.com\/mx\/wp-content\/uploads\/sites\/13\/2025\/05\/Large-709464V1OW12916_A.jpg\" class=\"lazy\" alt=\"\" srcset=\"https:\/\/graziamagazine.com\/mx\/wp-content\/uploads\/sites\/13\/2025\/05\/Large-709464V1OW12916_A.jpg 1698w, https:\/\/graziamagazine.com\/mx\/wp-content\/uploads\/sites\/13\/2025\/05\/Large-709464V1OW12916_A-382x450.jpg 382w, https:\/\/graziamagazine.com\/mx\/wp-content\/uploads\/sites\/13\/2025\/05\/Large-709464V1OW12916_A-869x1024.jpg 869w, https:\/\/graziamagazine.com\/mx\/wp-content\/uploads\/sites\/13\/2025\/05\/Large-709464V1OW12916_A-768x905.jpg 768w, https:\/\/graziamagazine.com\/mx\/wp-content\/uploads\/sites\/13\/2025\/05\/Large-709464V1OW12916_A-1304x1536.jpg 1304w, https:\/\/graziamagazine.com\/mx\/wp-content\/uploads\/sites\/13\/2025\/05\/Large-709464V1OW12916_A-400x471.jpg 400w, https:\/\/graziamagazine.com\/mx\/wp-content\/uploads\/sites\/13\/2025\/05\/Large-709464V1OW12916_A-155x183.jpg 155w\" sizes=\"(max-width: 1698px) 100vw, 1698px\" \/><\/div><\/figure><figure class=\"gallery-item\"><div class=\"gallery-icon landscape\"><img loading=\"lazy\" decoding=\"async\" width=\"849\" height=\"1000\" src=\"https:\/\/graziamagazine.com\/mx\/wp-content\/uploads\/sites\/13\/2025\/05\/Medium-608810V1OW19009_A.jpg\" class=\"lazy\" alt=\"\" srcset=\"https:\/\/graziamagazine.com\/mx\/wp-content\/uploads\/sites\/13\/2025\/05\/Medium-608810V1OW19009_A.jpg 849w, https:\/\/graziamagazine.com\/mx\/wp-content\/uploads\/sites\/13\/2025\/05\/Medium-608810V1OW19009_A-382x450.jpg 382w, https:\/\/graziamagazine.com\/mx\/wp-content\/uploads\/sites\/13\/2025\/05\/Medium-608810V1OW19009_A-768x905.jpg 768w, https:\/\/graziamagazine.com\/mx\/wp-content\/uploads\/sites\/13\/2025\/05\/Medium-608810V1OW19009_A-400x471.jpg 400w, https:\/\/graziamagazine.com\/mx\/wp-content\/uploads\/sites\/13\/2025\/05\/Medium-608810V1OW19009_A-155x183.jpg 155w\" sizes=\"(max-width: 849px) 100vw, 849px\" \/><\/div><\/figure><figure class=\"gallery-item\"><div class=\"gallery-icon landscape\"><img loading=\"lazy\" decoding=\"async\" width=\"849\" height=\"1000\" src=\"https:\/\/graziamagazine.com\/mx\/wp-content\/uploads\/sites\/13\/2025\/05\/Medium-608811V1OW18425_A.jpg\" class=\"lazy\" alt=\"\" srcset=\"https:\/\/graziamagazine.com\/mx\/wp-content\/uploads\/sites\/13\/2025\/05\/Medium-608811V1OW18425_A.jpg 849w, https:\/\/graziamagazine.com\/mx\/wp-content\/uploads\/sites\/13\/2025\/05\/Medium-608811V1OW18425_A-382x450.jpg 382w, https:\/\/graziamagazine.com\/mx\/wp-content\/uploads\/sites\/13\/2025\/05\/Medium-608811V1OW18425_A-768x905.jpg 768w, https:\/\/graziamagazine.com\/mx\/wp-content\/uploads\/sites\/13\/2025\/05\/Medium-608811V1OW18425_A-400x471.jpg 400w, https:\/\/graziamagazine.com\/mx\/wp-content\/uploads\/sites\/13\/2025\/05\/Medium-608811V1OW18425_A-155x183.jpg 155w\" sizes=\"(max-width: 849px) 100vw, 849px\" \/><\/div><\/figure><figure class=\"gallery-item\"><div class=\"gallery-icon landscape\"><img loading=\"lazy\" decoding=\"async\" width=\"849\" height=\"1000\" src=\"https:\/\/graziamagazine.com\/mx\/wp-content\/uploads\/sites\/13\/2025\/05\/Medium-730297V1OW12247_A.jpg\" class=\"lazy\" alt=\"\" srcset=\"https:\/\/graziamagazine.com\/mx\/wp-content\/uploads\/sites\/13\/2025\/05\/Medium-730297V1OW12247_A.jpg 849w, https:\/\/graziamagazine.com\/mx\/wp-content\/uploads\/sites\/13\/2025\/05\/Medium-730297V1OW12247_A-382x450.jpg 382w, https:\/\/graziamagazine.com\/mx\/wp-content\/uploads\/sites\/13\/2025\/05\/Medium-730297V1OW12247_A-768x905.jpg 768w, https:\/\/graziamagazine.com\/mx\/wp-content\/uploads\/sites\/13\/2025\/05\/Medium-730297V1OW12247_A-400x471.jpg 400w, https:\/\/graziamagazine.com\/mx\/wp-content\/uploads\/sites\/13\/2025\/05\/Medium-730297V1OW12247_A-155x183.jpg 155w\" sizes=\"(max-width: 849px) 100vw, 849px\" \/><\/div><\/figure><\/div><\/div>\n<p data-start=\"1247\" data-end=\"1482\"><em data-start=\"1247\" data-end=\"1270\">Craft is our Language<\/em> es una coreograf\u00eda visual dirigida por Lenio Kaklea y capturada por el lente po\u00e9tico de Jack Davison. En cada fotograf\u00eda y cortometraje, el tejido se vuelve verbo: una manera de decir, de transmitir, de crear.<\/p>\n<p data-start=\"1525\" data-end=\"1915\">Introducido por primera vez en 1975, el <em data-start=\"1565\" data-end=\"1578\">Intrecciato<\/em> ha trascendido su funci\u00f3n como t\u00e9cnica de confecci\u00f3n para convertirse en el emblema inconfundible de la marca. Con ra\u00edces en la regi\u00f3n italiana del V\u00e9neto, esta pr\u00e1ctica exige d\u00edas de trabajo manual y una precisi\u00f3n casi escult\u00f3rica. Su estructura diagonal y su fluidez permiten que cada pieza adquiera vida con el movimiento del cuerpo.<\/p>\n<div class=\"content-gallery\"><div class=\"gallery-placeholder\"><div class=\"spinner\"><\/div><\/div><span class=\"gallery-pagination\"><\/span><div id=\"gallery-3\" class=\"gallery galleryid-151541 gallery-columns- gallery-size-\"><figure class=\"gallery-item\"><div class=\"gallery-icon landscape\"><img loading=\"lazy\" decoding=\"async\" width=\"1698\" height=\"2000\" src=\"https:\/\/graziamagazine.com\/mx\/wp-content\/uploads\/sites\/13\/2025\/05\/Large-716974V2EZ02190_A.jpg\" class=\"lazy\" alt=\"\" srcset=\"https:\/\/graziamagazine.com\/mx\/wp-content\/uploads\/sites\/13\/2025\/05\/Large-716974V2EZ02190_A.jpg 1698w, https:\/\/graziamagazine.com\/mx\/wp-content\/uploads\/sites\/13\/2025\/05\/Large-716974V2EZ02190_A-382x450.jpg 382w, https:\/\/graziamagazine.com\/mx\/wp-content\/uploads\/sites\/13\/2025\/05\/Large-716974V2EZ02190_A-869x1024.jpg 869w, https:\/\/graziamagazine.com\/mx\/wp-content\/uploads\/sites\/13\/2025\/05\/Large-716974V2EZ02190_A-768x905.jpg 768w, https:\/\/graziamagazine.com\/mx\/wp-content\/uploads\/sites\/13\/2025\/05\/Large-716974V2EZ02190_A-1304x1536.jpg 1304w, https:\/\/graziamagazine.com\/mx\/wp-content\/uploads\/sites\/13\/2025\/05\/Large-716974V2EZ02190_A-400x471.jpg 400w, https:\/\/graziamagazine.com\/mx\/wp-content\/uploads\/sites\/13\/2025\/05\/Large-716974V2EZ02190_A-155x183.jpg 155w\" sizes=\"(max-width: 1698px) 100vw, 1698px\" \/><\/div><\/figure><figure class=\"gallery-item\"><div class=\"gallery-icon landscape\"><img loading=\"lazy\" decoding=\"async\" width=\"849\" height=\"1000\" src=\"https:\/\/graziamagazine.com\/mx\/wp-content\/uploads\/sites\/13\/2025\/05\/Medium-716974V2EZ01019_A.jpg\" class=\"lazy\" alt=\"\" srcset=\"https:\/\/graziamagazine.com\/mx\/wp-content\/uploads\/sites\/13\/2025\/05\/Medium-716974V2EZ01019_A.jpg 849w, https:\/\/graziamagazine.com\/mx\/wp-content\/uploads\/sites\/13\/2025\/05\/Medium-716974V2EZ01019_A-382x450.jpg 382w, https:\/\/graziamagazine.com\/mx\/wp-content\/uploads\/sites\/13\/2025\/05\/Medium-716974V2EZ01019_A-768x905.jpg 768w, https:\/\/graziamagazine.com\/mx\/wp-content\/uploads\/sites\/13\/2025\/05\/Medium-716974V2EZ01019_A-400x471.jpg 400w, https:\/\/graziamagazine.com\/mx\/wp-content\/uploads\/sites\/13\/2025\/05\/Medium-716974V2EZ01019_A-155x183.jpg 155w\" sizes=\"(max-width: 849px) 100vw, 849px\" \/><\/div><\/figure><\/div><\/div>\n<p data-start=\"1963\" data-end=\"2218\">Bottega Veneta honra as\u00ed a sus artesanos no como fabricantes, sino como artistas. Esta celebraci\u00f3n subraya que la distinci\u00f3n entre arte y artesan\u00eda no es m\u00e1s que una construcci\u00f3n moderna. En su lugar, la marca recuerda que todo arte comienza en las manos.<\/p>\n<p data-start=\"2259\" data-end=\"2461\">M\u00e1s all\u00e1 de la campa\u00f1a, la maison publicar\u00e1 en septiembre un libro con 50 gestos simb\u00f3licos, ampliando el diccionario visual de su lenguaje artesanal. Una oda a lo eterno, lo humano y lo hecho con alma.<\/p>\n<p data-start=\"2259\" data-end=\"2461\"><em><strong>*IMAGEN: Cortes\u00eda<\/strong><\/em><\/p>\n","protected":false},"author":28953,"featured_media":151546,"template":"","format":"standard","categories":[4],"acf":[],"yoast_head":"<!-- This site is optimized with the Yoast SEO Premium plugin v18.5 (Yoast SEO v20.4) - https:\/\/yoast.com\/wordpress\/plugins\/seo\/ -->\n<title>El Arte Tejido de Bottega Veneta<\/title>\n<meta name=\"description\" content=\"Bottega Veneta celebra 50 a\u00f1os del Intrecciato con una campa\u00f1a que rinde homenaje a la artesan\u00eda, el arte y la conexi\u00f3n humana.\" \/>\n<meta name=\"robots\" content=\"index, follow, max-snippet:-1, max-image-preview:large, max-video-preview:-1\" \/>\n<link rel=\"canonical\" href=\"https:\/\/graziamagazine.com\/mx\/articles\/el-arte-tejido-de-bottega-veneta\/\" \/>\n<meta property=\"og:locale\" content=\"es_MX\" \/>\n<meta property=\"og:type\" content=\"article\" \/>\n<meta property=\"og:title\" content=\"El Arte Tejido de Bottega Veneta\" \/>\n<meta property=\"og:description\" content=\"Bottega Veneta celebra 50 a\u00f1os del Intrecciato con una campa\u00f1a que rinde homenaje a la artesan\u00eda, el arte y la conexi\u00f3n humana.\" \/>\n<meta property=\"og:url\" content=\"https:\/\/graziamagazine.com\/mx\/articles\/el-arte-tejido-de-bottega-veneta\/\" \/>\n<meta property=\"og:site_name\" content=\"Grazia M\u00e9xico y Latinoam\u00e9rica\" \/>\n<meta property=\"article:modified_time\" content=\"2025-05-30T20:22:07+00:00\" \/>\n<meta property=\"og:image\" content=\"https:\/\/graziamagazine.com\/mx\/wp-content\/uploads\/sites\/13\/2025\/05\/Medium-815782V2HLD1208_A-e1748636492660.jpg\" \/>\n\t<meta property=\"og:image:width\" content=\"848\" \/>\n\t<meta property=\"og:image:height\" content=\"683\" \/>\n\t<meta property=\"og:image:type\" content=\"image\/jpeg\" \/>\n<meta name=\"twitter:card\" content=\"summary_large_image\" \/>\n<meta name=\"twitter:label1\" content=\"Est. reading time\" \/>\n\t<meta name=\"twitter:data1\" content=\"2 minutos\" \/>\n<script type=\"application\/ld+json\" class=\"yoast-schema-graph\">{\"@context\":\"https:\/\/schema.org\",\"@graph\":[{\"@type\":\"WebPage\",\"@id\":\"https:\/\/graziamagazine.com\/mx\/articles\/el-arte-tejido-de-bottega-veneta\/\",\"url\":\"https:\/\/graziamagazine.com\/mx\/articles\/el-arte-tejido-de-bottega-veneta\/\",\"name\":\"El Arte Tejido de Bottega Veneta\",\"isPartOf\":{\"@id\":\"https:\/\/graziamagazine.com\/mx\/#website\"},\"datePublished\":\"2025-05-30T20:17:30+00:00\",\"dateModified\":\"2025-05-30T20:22:07+00:00\",\"description\":\"Bottega Veneta celebra 50 a\u00f1os del Intrecciato con una campa\u00f1a que rinde homenaje a la artesan\u00eda, el arte y la conexi\u00f3n humana.\",\"breadcrumb\":{\"@id\":\"https:\/\/graziamagazine.com\/mx\/articles\/el-arte-tejido-de-bottega-veneta\/#breadcrumb\"},\"inLanguage\":\"es-MX\",\"potentialAction\":[{\"@type\":\"ReadAction\",\"target\":[\"https:\/\/graziamagazine.com\/mx\/articles\/el-arte-tejido-de-bottega-veneta\/\"]}]},{\"@type\":\"BreadcrumbList\",\"@id\":\"https:\/\/graziamagazine.com\/mx\/articles\/el-arte-tejido-de-bottega-veneta\/#breadcrumb\",\"itemListElement\":[{\"@type\":\"ListItem\",\"position\":1,\"name\":\"Home\",\"item\":\"https:\/\/graziamagazine.com\/mx\/\"},{\"@type\":\"ListItem\",\"position\":2,\"name\":\"El Arte Tejido de Bottega Veneta\"}]},{\"@type\":\"WebSite\",\"@id\":\"https:\/\/graziamagazine.com\/mx\/#website\",\"url\":\"https:\/\/graziamagazine.com\/mx\/\",\"name\":\"Grazia M\u00e9xico y Latinoam\u00e9rica\",\"description\":\"Grazia es moda, belleza y noticias  de actualidad \",\"potentialAction\":[{\"@type\":\"SearchAction\",\"target\":{\"@type\":\"EntryPoint\",\"urlTemplate\":\"https:\/\/graziamagazine.com\/mx\/?s={search_term_string}\"},\"query-input\":\"required name=search_term_string\"}],\"inLanguage\":\"es-MX\"}]}<\/script>\n<!-- \/ Yoast SEO Premium plugin. -->","yoast_head_json":{"title":"El Arte Tejido de Bottega Veneta","description":"Bottega Veneta celebra 50 a\u00f1os del Intrecciato con una campa\u00f1a que rinde homenaje a la artesan\u00eda, el arte y la conexi\u00f3n humana.","robots":{"index":"index","follow":"follow","max-snippet":"max-snippet:-1","max-image-preview":"max-image-preview:large","max-video-preview":"max-video-preview:-1"},"canonical":"https:\/\/graziamagazine.com\/mx\/articles\/el-arte-tejido-de-bottega-veneta\/","og_locale":"es_MX","og_type":"article","og_title":"El Arte Tejido de Bottega Veneta","og_description":"Bottega Veneta celebra 50 a\u00f1os del Intrecciato con una campa\u00f1a que rinde homenaje a la artesan\u00eda, el arte y la conexi\u00f3n humana.","og_url":"https:\/\/graziamagazine.com\/mx\/articles\/el-arte-tejido-de-bottega-veneta\/","og_site_name":"Grazia M\u00e9xico y Latinoam\u00e9rica","article_modified_time":"2025-05-30T20:22:07+00:00","og_image":[{"width":848,"height":683,"url":"https:\/\/graziamagazine.com\/mx\/wp-content\/uploads\/sites\/13\/2025\/05\/Medium-815782V2HLD1208_A-e1748636492660.jpg","type":"image\/jpeg"}],"twitter_card":"summary_large_image","twitter_misc":{"Est. reading time":"2 minutos"},"schema":{"@context":"https:\/\/schema.org","@graph":[{"@type":"WebPage","@id":"https:\/\/graziamagazine.com\/mx\/articles\/el-arte-tejido-de-bottega-veneta\/","url":"https:\/\/graziamagazine.com\/mx\/articles\/el-arte-tejido-de-bottega-veneta\/","name":"El Arte Tejido de Bottega Veneta","isPartOf":{"@id":"https:\/\/graziamagazine.com\/mx\/#website"},"datePublished":"2025-05-30T20:17:30+00:00","dateModified":"2025-05-30T20:22:07+00:00","description":"Bottega Veneta celebra 50 a\u00f1os del Intrecciato con una campa\u00f1a que rinde homenaje a la artesan\u00eda, el arte y la conexi\u00f3n humana.","breadcrumb":{"@id":"https:\/\/graziamagazine.com\/mx\/articles\/el-arte-tejido-de-bottega-veneta\/#breadcrumb"},"inLanguage":"es-MX","potentialAction":[{"@type":"ReadAction","target":["https:\/\/graziamagazine.com\/mx\/articles\/el-arte-tejido-de-bottega-veneta\/"]}]},{"@type":"BreadcrumbList","@id":"https:\/\/graziamagazine.com\/mx\/articles\/el-arte-tejido-de-bottega-veneta\/#breadcrumb","itemListElement":[{"@type":"ListItem","position":1,"name":"Home","item":"https:\/\/graziamagazine.com\/mx\/"},{"@type":"ListItem","position":2,"name":"El Arte Tejido de Bottega Veneta"}]},{"@type":"WebSite","@id":"https:\/\/graziamagazine.com\/mx\/#website","url":"https:\/\/graziamagazine.com\/mx\/","name":"Grazia M\u00e9xico y Latinoam\u00e9rica","description":"Grazia es moda, belleza y noticias  de actualidad ","potentialAction":[{"@type":"SearchAction","target":{"@type":"EntryPoint","urlTemplate":"https:\/\/graziamagazine.com\/mx\/?s={search_term_string}"},"query-input":"required name=search_term_string"}],"inLanguage":"es-MX"}]}},"jetpack_sharing_enabled":true,"distributor_meta":false,"distributor_terms":false,"distributor_media":false,"distributor_original_site_name":"Grazia M\u00e9xico y Latinoam\u00e9rica","distributor_original_site_url":"https:\/\/graziamagazine.com\/mx","push-errors":false,"_links":{"self":[{"href":"https:\/\/graziamagazine.com\/mx\/wp-json\/wp\/v2\/articles\/151541"}],"collection":[{"href":"https:\/\/graziamagazine.com\/mx\/wp-json\/wp\/v2\/articles"}],"about":[{"href":"https:\/\/graziamagazine.com\/mx\/wp-json\/wp\/v2\/types\/articles"}],"author":[{"embeddable":true,"href":"https:\/\/graziamagazine.com\/mx\/wp-json\/wp\/v2\/users\/28953"}],"wp:featuredmedia":[{"embeddable":true,"href":"https:\/\/graziamagazine.com\/mx\/wp-json\/wp\/v2\/media\/151546"}],"wp:attachment":[{"href":"https:\/\/graziamagazine.com\/mx\/wp-json\/wp\/v2\/media?parent=151541"}],"wp:term":[{"taxonomy":"category","embeddable":true,"href":"https:\/\/graziamagazine.com\/mx\/wp-json\/wp\/v2\/categories?post=151541"}],"curies":[{"name":"wp","href":"https:\/\/api.w.org\/{rel}","templated":true}]}}