{"id":151525,"date":"2025-05-30T12:27:23","date_gmt":"2025-05-30T17:27:23","guid":{"rendered":"https:\/\/graziamagazine.com\/mx\/?post_type=articles&#038;p=151525"},"modified":"2025-05-30T12:34:30","modified_gmt":"2025-05-30T17:34:30","slug":"hm-studio-lanza-capsula-pre-summer-2025","status":"publish","type":"articles","link":"https:\/\/graziamagazine.com\/mx\/articles\/hm-studio-lanza-capsula-pre-summer-2025\/","title":{"rendered":"H&amp;M Studio lanza su c\u00e1psula Pre-Summer 2025"},"content":{"rendered":"<p><strong>H&amp;M Studio<\/strong> ha lanzado su c\u00e1psula <strong>Pre-Summer 2025<\/strong> y lo ha hecho con una propuesta tan audaz como escultural.<\/p>\n<p>Esta colecci\u00f3n limitada, que estar\u00e1 disponible en M\u00e9xico a partir del <strong>5 de junio<\/strong> en hm.com, reimagina el <strong>traje de ba\u00f1o<\/strong> como una <strong>pieza de alto impacto<\/strong>, cargada de actitud, siluetas arquitect\u00f3nicas y detalles que abrazan el cuerpo como si fueran <strong>arte moderno<\/strong>.<\/p>\n<div class=\"content-gallery\"><div class=\"gallery-placeholder\"><div class=\"spinner\"><\/div><\/div><span class=\"gallery-pagination\"><\/span><div id=\"gallery-1\" class=\"gallery galleryid-151525 gallery-columns- gallery-size-\"><figure class=\"gallery-item\"><div class=\"gallery-icon landscape\"><img loading=\"lazy\" decoding=\"async\" width=\"904\" height=\"1280\" src=\"https:\/\/graziamagazine.com\/mx\/wp-content\/uploads\/sites\/13\/2025\/05\/traje4.jpeg\" class=\"lazy\" alt=\"\" srcset=\"https:\/\/graziamagazine.com\/mx\/wp-content\/uploads\/sites\/13\/2025\/05\/traje4.jpeg 904w, https:\/\/graziamagazine.com\/mx\/wp-content\/uploads\/sites\/13\/2025\/05\/traje4-318x450.jpeg 318w, https:\/\/graziamagazine.com\/mx\/wp-content\/uploads\/sites\/13\/2025\/05\/traje4-723x1024.jpeg 723w, https:\/\/graziamagazine.com\/mx\/wp-content\/uploads\/sites\/13\/2025\/05\/traje4-768x1087.jpeg 768w, https:\/\/graziamagazine.com\/mx\/wp-content\/uploads\/sites\/13\/2025\/05\/traje4-400x566.jpeg 400w, https:\/\/graziamagazine.com\/mx\/wp-content\/uploads\/sites\/13\/2025\/05\/traje4-152x215.jpeg 152w\" sizes=\"(max-width: 904px) 100vw, 904px\" \/><\/div><figcaption class=\"wp-caption-text gallery-caption\" id=\"gallery-1-151529\">H&amp;M Studio lanza su c\u00e1psula Pre-Summer 2025 \/ Cr\u00e9dito: H&amp;M<\/figcaption><\/figure><figure class=\"gallery-item\"><div class=\"gallery-icon landscape\"><img loading=\"lazy\" decoding=\"async\" width=\"1280\" height=\"904\" src=\"https:\/\/graziamagazine.com\/mx\/wp-content\/uploads\/sites\/13\/2025\/05\/traje1.jpeg\" class=\"lazy\" alt=\"\" srcset=\"https:\/\/graziamagazine.com\/mx\/wp-content\/uploads\/sites\/13\/2025\/05\/traje1.jpeg 1280w, https:\/\/graziamagazine.com\/mx\/wp-content\/uploads\/sites\/13\/2025\/05\/traje1-450x318.jpeg 450w, https:\/\/graziamagazine.com\/mx\/wp-content\/uploads\/sites\/13\/2025\/05\/traje1-1024x723.jpeg 1024w, https:\/\/graziamagazine.com\/mx\/wp-content\/uploads\/sites\/13\/2025\/05\/traje1-768x542.jpeg 768w, https:\/\/graziamagazine.com\/mx\/wp-content\/uploads\/sites\/13\/2025\/05\/traje1-400x283.jpeg 400w, https:\/\/graziamagazine.com\/mx\/wp-content\/uploads\/sites\/13\/2025\/05\/traje1-155x109.jpeg 155w\" sizes=\"(max-width: 1280px) 100vw, 1280px\" \/><\/div><figcaption class=\"wp-caption-text gallery-caption\" id=\"gallery-1-151532\">H&amp;M Studio lanza su c\u00e1psula Pre-Summer 2025 \/ Cr\u00e9dito: H&amp;M<\/figcaption><\/figure><\/div><\/div>\n<p>Inspirada en <strong>la energ\u00eda vibrante del verano y el arte escult\u00f3rico<\/strong>, la c\u00e1psula fue dise\u00f1ada pensando en mujeres que no solo buscan moda, sino una forma de proyectar seguridad, estilo y fuerza.<\/p>\n<p>La dise\u00f1adora de la colecci\u00f3n, <strong>Kathrin Deutsch<\/strong>, explic\u00f3 la intenci\u00f3n detr\u00e1s de cada pieza. \u201cCon esta c\u00e1psula Pre-Summer, quer\u00edamos proponer <strong>piezas glamorosas<\/strong>, inesperadas y con mucha fuerza\u201d, afirm\u00f3 en un comunicado oficial.<\/p>\n<p>\u201cLos cortes est\u00e1n pensados para <strong>abrazar el cuerpo<\/strong> <strong>de forma escult\u00f3rica<\/strong>, y lo reforzamos con aberturas estrat\u00e9gicas y drapeados\u201d, a\u00f1adi\u00f3. La inspiraci\u00f3n es clara: fuerza femenina con una dosis de <strong>dise\u00f1o vanguardista<\/strong>.<\/p>\n<figure id=\"attachment_151526\" aria-describedby=\"caption-attachment-151526\" style=\"width: 318px\" class=\"wp-caption alignnone\"><img loading=\"lazy\" decoding=\"async\" class=\"size-medium wp-image-151526\" src=\"https:\/\/graziamagazine.com\/mx\/wp-content\/uploads\/sites\/13\/2025\/05\/Traje7-318x450.jpeg\" alt=\"\" width=\"318\" height=\"450\" srcset=\"https:\/\/graziamagazine.com\/mx\/wp-content\/uploads\/sites\/13\/2025\/05\/Traje7-318x450.jpeg 318w, https:\/\/graziamagazine.com\/mx\/wp-content\/uploads\/sites\/13\/2025\/05\/Traje7-723x1024.jpeg 723w, https:\/\/graziamagazine.com\/mx\/wp-content\/uploads\/sites\/13\/2025\/05\/Traje7-768x1087.jpeg 768w, https:\/\/graziamagazine.com\/mx\/wp-content\/uploads\/sites\/13\/2025\/05\/Traje7-400x566.jpeg 400w, https:\/\/graziamagazine.com\/mx\/wp-content\/uploads\/sites\/13\/2025\/05\/Traje7-152x215.jpeg 152w, https:\/\/graziamagazine.com\/mx\/wp-content\/uploads\/sites\/13\/2025\/05\/Traje7.jpeg 904w\" sizes=\"(max-width: 318px) 100vw, 318px\" \/><figcaption id=\"caption-attachment-151526\" class=\"wp-caption-text\">H&amp;M Studio lanza su c\u00e1psula Pre-Summer 2025 \/ Cr\u00e9dito: H&amp;M<\/figcaption><\/figure>\n<p>La c\u00e1psula est\u00e1 compuesta por una selecci\u00f3n curada de trajes de ba\u00f1o y accesorios que juegan con <strong>cortes angulares, l\u00edneas asim\u00e9tricas y estructuras tipo corset. <\/strong><\/p>\n<p>El objetivo es realzar las curvas naturales con un enfoque que mezcla funcionalidad y <strong>est\u00e9tica de pasarela<\/strong>. Uno de los protagonistas es un <strong>traje de ba\u00f1o dorado de una sola pieza<\/strong>, con cuello alto, espalda cruzada y corte alto en las piernas, ideal para lograr ese glow dorado bajo el sol.<\/p>\n<div class=\"content-gallery\"><div class=\"gallery-placeholder\"><div class=\"spinner\"><\/div><\/div><span class=\"gallery-pagination\"><\/span><div id=\"gallery-2\" class=\"gallery galleryid-151525 gallery-columns- gallery-size-\"><figure class=\"gallery-item\"><div class=\"gallery-icon landscape\"><img loading=\"lazy\" decoding=\"async\" width=\"904\" height=\"1280\" src=\"https:\/\/graziamagazine.com\/mx\/wp-content\/uploads\/sites\/13\/2025\/05\/traje3.jpeg\" class=\"lazy\" alt=\"\" srcset=\"https:\/\/graziamagazine.com\/mx\/wp-content\/uploads\/sites\/13\/2025\/05\/traje3.jpeg 904w, https:\/\/graziamagazine.com\/mx\/wp-content\/uploads\/sites\/13\/2025\/05\/traje3-318x450.jpeg 318w, https:\/\/graziamagazine.com\/mx\/wp-content\/uploads\/sites\/13\/2025\/05\/traje3-723x1024.jpeg 723w, https:\/\/graziamagazine.com\/mx\/wp-content\/uploads\/sites\/13\/2025\/05\/traje3-768x1087.jpeg 768w, https:\/\/graziamagazine.com\/mx\/wp-content\/uploads\/sites\/13\/2025\/05\/traje3-400x566.jpeg 400w, https:\/\/graziamagazine.com\/mx\/wp-content\/uploads\/sites\/13\/2025\/05\/traje3-152x215.jpeg 152w\" sizes=\"(max-width: 904px) 100vw, 904px\" \/><\/div><figcaption class=\"wp-caption-text gallery-caption\" id=\"gallery-2-151530\">H&amp;M Studio lanza su c\u00e1psula Pre-Summer 2025 \/ Cr\u00e9dito: H&amp;M<\/figcaption><\/figure><figure class=\"gallery-item\"><div class=\"gallery-icon landscape\"><img loading=\"lazy\" decoding=\"async\" width=\"904\" height=\"1280\" src=\"https:\/\/graziamagazine.com\/mx\/wp-content\/uploads\/sites\/13\/2025\/05\/traje2.jpeg\" class=\"lazy\" alt=\"\" srcset=\"https:\/\/graziamagazine.com\/mx\/wp-content\/uploads\/sites\/13\/2025\/05\/traje2.jpeg 904w, https:\/\/graziamagazine.com\/mx\/wp-content\/uploads\/sites\/13\/2025\/05\/traje2-318x450.jpeg 318w, https:\/\/graziamagazine.com\/mx\/wp-content\/uploads\/sites\/13\/2025\/05\/traje2-723x1024.jpeg 723w, https:\/\/graziamagazine.com\/mx\/wp-content\/uploads\/sites\/13\/2025\/05\/traje2-768x1087.jpeg 768w, https:\/\/graziamagazine.com\/mx\/wp-content\/uploads\/sites\/13\/2025\/05\/traje2-400x566.jpeg 400w, https:\/\/graziamagazine.com\/mx\/wp-content\/uploads\/sites\/13\/2025\/05\/traje2-152x215.jpeg 152w\" sizes=\"(max-width: 904px) 100vw, 904px\" \/><\/div><figcaption class=\"wp-caption-text gallery-caption\" id=\"gallery-2-151531\">H&amp;M Studio lanza su c\u00e1psula Pre-Summer 2025 \/ Cr\u00e9dito: H&amp;M<\/figcaption><\/figure><figure class=\"gallery-item\"><div class=\"gallery-icon landscape\"><img loading=\"lazy\" decoding=\"async\" width=\"904\" height=\"1280\" src=\"https:\/\/graziamagazine.com\/mx\/wp-content\/uploads\/sites\/13\/2025\/05\/traje5.jpeg\" class=\"lazy\" alt=\"\" srcset=\"https:\/\/graziamagazine.com\/mx\/wp-content\/uploads\/sites\/13\/2025\/05\/traje5.jpeg 904w, https:\/\/graziamagazine.com\/mx\/wp-content\/uploads\/sites\/13\/2025\/05\/traje5-318x450.jpeg 318w, https:\/\/graziamagazine.com\/mx\/wp-content\/uploads\/sites\/13\/2025\/05\/traje5-723x1024.jpeg 723w, https:\/\/graziamagazine.com\/mx\/wp-content\/uploads\/sites\/13\/2025\/05\/traje5-768x1087.jpeg 768w, https:\/\/graziamagazine.com\/mx\/wp-content\/uploads\/sites\/13\/2025\/05\/traje5-400x566.jpeg 400w, https:\/\/graziamagazine.com\/mx\/wp-content\/uploads\/sites\/13\/2025\/05\/traje5-152x215.jpeg 152w\" sizes=\"(max-width: 904px) 100vw, 904px\" \/><\/div><figcaption class=\"wp-caption-text gallery-caption\" id=\"gallery-2-151528\">H&amp;M Studio lanza su c\u00e1psula Pre-Summer 2025 \/ Cr\u00e9dito: H&amp;M<\/figcaption><\/figure><\/div><\/div>\n<p>Tambi\u00e9n destaca <strong>un traje negro de un solo hombro<\/strong> con un <em>twist <\/em>dram\u00e1tico, as\u00ed como un bikini estructurado en tono plateado que literalmente brilla con cada paso.<\/p>\n<p>En cuanto a los accesorios, la colecci\u00f3n no se queda atr\u00e1s. Lentes de sol negros con acentos plateados, <strong>aretes esculturales<\/strong>, un pareo negro con detalles met\u00e1licos y una salida de playa dorada tejida con drapeados estrat\u00e9gicos en la cadera completan el look. Todo pensado para transformar cualquier playa en una pasarela.<\/p>\n<p>\u201cEs una colecci\u00f3n que se siente <strong>femenina, radiante y poderosa<\/strong>. Sin duda, es para hacer statement\u201d, subray\u00f3 Deutsch. Y s\u00ed, lo logra. Con esta c\u00e1psula, H&amp;M Studio no solo anticipa el verano: lo redefine.<\/p>\n","protected":false},"author":36289,"featured_media":151527,"template":"","format":"standard","categories":[14502],"acf":[],"yoast_head":"<!-- This site is optimized with the Yoast SEO Premium plugin v18.5 (Yoast SEO v20.4) - https:\/\/yoast.com\/wordpress\/plugins\/seo\/ -->\n<title>H&amp;M Studio lanza su c\u00e1psula Pre-Summer 2025 | Grazia M\u00e9xico y Latinoam\u00e9rica<\/title>\n<meta name=\"description\" content=\"H&amp;M Studio ha lanzado su c\u00e1psula Pre-Summer 2025 y lo ha hecho con una propuesta tan audaz como escultural. Esta colecci\u00f3n limitada, que estar\u00e1\" \/>\n<meta name=\"robots\" content=\"index, follow, max-snippet:-1, max-image-preview:large, max-video-preview:-1\" \/>\n<link rel=\"canonical\" href=\"https:\/\/graziamagazine.com\/mx\/articles\/hm-studio-lanza-capsula-pre-summer-2025\/\" \/>\n<meta property=\"og:locale\" content=\"es_MX\" \/>\n<meta property=\"og:type\" content=\"article\" \/>\n<meta property=\"og:title\" content=\"H&amp;M Studio lanza su c\u00e1psula Pre-Summer 2025\" \/>\n<meta property=\"og:description\" content=\"H&amp;M Studio ha lanzado su c\u00e1psula Pre-Summer 2025 y lo ha hecho con una propuesta tan audaz como escultural. Esta colecci\u00f3n limitada, que estar\u00e1\" \/>\n<meta property=\"og:url\" content=\"https:\/\/graziamagazine.com\/mx\/articles\/hm-studio-lanza-capsula-pre-summer-2025\/\" \/>\n<meta property=\"og:site_name\" content=\"Grazia M\u00e9xico y Latinoam\u00e9rica\" \/>\n<meta property=\"article:modified_time\" content=\"2025-05-30T17:34:30+00:00\" \/>\n<meta property=\"og:image\" content=\"https:\/\/graziamagazine.com\/mx\/wp-content\/uploads\/sites\/13\/2025\/05\/traje6-e1748626454286.jpeg\" \/>\n\t<meta property=\"og:image:width\" content=\"904\" \/>\n\t<meta property=\"og:image:height\" content=\"642\" \/>\n\t<meta property=\"og:image:type\" content=\"image\/jpeg\" \/>\n<meta name=\"twitter:card\" content=\"summary_large_image\" \/>\n<meta name=\"twitter:label1\" content=\"Est. reading time\" \/>\n\t<meta name=\"twitter:data1\" content=\"2 minutos\" \/>\n<script type=\"application\/ld+json\" class=\"yoast-schema-graph\">{\"@context\":\"https:\/\/schema.org\",\"@graph\":[{\"@type\":\"WebPage\",\"@id\":\"https:\/\/graziamagazine.com\/mx\/articles\/hm-studio-lanza-capsula-pre-summer-2025\/\",\"url\":\"https:\/\/graziamagazine.com\/mx\/articles\/hm-studio-lanza-capsula-pre-summer-2025\/\",\"name\":\"H&amp;M Studio lanza su c\u00e1psula Pre-Summer 2025 | Grazia M\u00e9xico y Latinoam\u00e9rica\",\"isPartOf\":{\"@id\":\"https:\/\/graziamagazine.com\/mx\/#website\"},\"datePublished\":\"2025-05-30T17:27:23+00:00\",\"dateModified\":\"2025-05-30T17:34:30+00:00\",\"description\":\"H&amp;M Studio ha lanzado su c\u00e1psula Pre-Summer 2025 y lo ha hecho con una propuesta tan audaz como escultural. Esta colecci\u00f3n limitada, que estar\u00e1\",\"breadcrumb\":{\"@id\":\"https:\/\/graziamagazine.com\/mx\/articles\/hm-studio-lanza-capsula-pre-summer-2025\/#breadcrumb\"},\"inLanguage\":\"es-MX\",\"potentialAction\":[{\"@type\":\"ReadAction\",\"target\":[\"https:\/\/graziamagazine.com\/mx\/articles\/hm-studio-lanza-capsula-pre-summer-2025\/\"]}]},{\"@type\":\"BreadcrumbList\",\"@id\":\"https:\/\/graziamagazine.com\/mx\/articles\/hm-studio-lanza-capsula-pre-summer-2025\/#breadcrumb\",\"itemListElement\":[{\"@type\":\"ListItem\",\"position\":1,\"name\":\"Home\",\"item\":\"https:\/\/graziamagazine.com\/mx\/\"},{\"@type\":\"ListItem\",\"position\":2,\"name\":\"H&amp;M Studio lanza su c\u00e1psula Pre-Summer 2025\"}]},{\"@type\":\"WebSite\",\"@id\":\"https:\/\/graziamagazine.com\/mx\/#website\",\"url\":\"https:\/\/graziamagazine.com\/mx\/\",\"name\":\"Grazia M\u00e9xico y Latinoam\u00e9rica\",\"description\":\"Grazia es moda, belleza y noticias  de actualidad \",\"potentialAction\":[{\"@type\":\"SearchAction\",\"target\":{\"@type\":\"EntryPoint\",\"urlTemplate\":\"https:\/\/graziamagazine.com\/mx\/?s={search_term_string}\"},\"query-input\":\"required name=search_term_string\"}],\"inLanguage\":\"es-MX\"}]}<\/script>\n<!-- \/ Yoast SEO Premium plugin. -->","yoast_head_json":{"title":"H&amp;M Studio lanza su c\u00e1psula Pre-Summer 2025 | Grazia M\u00e9xico y Latinoam\u00e9rica","description":"H&amp;M Studio ha lanzado su c\u00e1psula Pre-Summer 2025 y lo ha hecho con una propuesta tan audaz como escultural. Esta colecci\u00f3n limitada, que estar\u00e1","robots":{"index":"index","follow":"follow","max-snippet":"max-snippet:-1","max-image-preview":"max-image-preview:large","max-video-preview":"max-video-preview:-1"},"canonical":"https:\/\/graziamagazine.com\/mx\/articles\/hm-studio-lanza-capsula-pre-summer-2025\/","og_locale":"es_MX","og_type":"article","og_title":"H&amp;M Studio lanza su c\u00e1psula Pre-Summer 2025","og_description":"H&amp;M Studio ha lanzado su c\u00e1psula Pre-Summer 2025 y lo ha hecho con una propuesta tan audaz como escultural. Esta colecci\u00f3n limitada, que estar\u00e1","og_url":"https:\/\/graziamagazine.com\/mx\/articles\/hm-studio-lanza-capsula-pre-summer-2025\/","og_site_name":"Grazia M\u00e9xico y Latinoam\u00e9rica","article_modified_time":"2025-05-30T17:34:30+00:00","og_image":[{"width":904,"height":642,"url":"https:\/\/graziamagazine.com\/mx\/wp-content\/uploads\/sites\/13\/2025\/05\/traje6-e1748626454286.jpeg","type":"image\/jpeg"}],"twitter_card":"summary_large_image","twitter_misc":{"Est. reading time":"2 minutos"},"schema":{"@context":"https:\/\/schema.org","@graph":[{"@type":"WebPage","@id":"https:\/\/graziamagazine.com\/mx\/articles\/hm-studio-lanza-capsula-pre-summer-2025\/","url":"https:\/\/graziamagazine.com\/mx\/articles\/hm-studio-lanza-capsula-pre-summer-2025\/","name":"H&amp;M Studio lanza su c\u00e1psula Pre-Summer 2025 | Grazia M\u00e9xico y Latinoam\u00e9rica","isPartOf":{"@id":"https:\/\/graziamagazine.com\/mx\/#website"},"datePublished":"2025-05-30T17:27:23+00:00","dateModified":"2025-05-30T17:34:30+00:00","description":"H&amp;M Studio ha lanzado su c\u00e1psula Pre-Summer 2025 y lo ha hecho con una propuesta tan audaz como escultural. Esta colecci\u00f3n limitada, que estar\u00e1","breadcrumb":{"@id":"https:\/\/graziamagazine.com\/mx\/articles\/hm-studio-lanza-capsula-pre-summer-2025\/#breadcrumb"},"inLanguage":"es-MX","potentialAction":[{"@type":"ReadAction","target":["https:\/\/graziamagazine.com\/mx\/articles\/hm-studio-lanza-capsula-pre-summer-2025\/"]}]},{"@type":"BreadcrumbList","@id":"https:\/\/graziamagazine.com\/mx\/articles\/hm-studio-lanza-capsula-pre-summer-2025\/#breadcrumb","itemListElement":[{"@type":"ListItem","position":1,"name":"Home","item":"https:\/\/graziamagazine.com\/mx\/"},{"@type":"ListItem","position":2,"name":"H&amp;M Studio lanza su c\u00e1psula Pre-Summer 2025"}]},{"@type":"WebSite","@id":"https:\/\/graziamagazine.com\/mx\/#website","url":"https:\/\/graziamagazine.com\/mx\/","name":"Grazia M\u00e9xico y Latinoam\u00e9rica","description":"Grazia es moda, belleza y noticias  de actualidad ","potentialAction":[{"@type":"SearchAction","target":{"@type":"EntryPoint","urlTemplate":"https:\/\/graziamagazine.com\/mx\/?s={search_term_string}"},"query-input":"required name=search_term_string"}],"inLanguage":"es-MX"}]}},"jetpack_sharing_enabled":true,"distributor_meta":false,"distributor_terms":false,"distributor_media":false,"distributor_original_site_name":"Grazia M\u00e9xico y Latinoam\u00e9rica","distributor_original_site_url":"https:\/\/graziamagazine.com\/mx","push-errors":false,"_links":{"self":[{"href":"https:\/\/graziamagazine.com\/mx\/wp-json\/wp\/v2\/articles\/151525"}],"collection":[{"href":"https:\/\/graziamagazine.com\/mx\/wp-json\/wp\/v2\/articles"}],"about":[{"href":"https:\/\/graziamagazine.com\/mx\/wp-json\/wp\/v2\/types\/articles"}],"author":[{"embeddable":true,"href":"https:\/\/graziamagazine.com\/mx\/wp-json\/wp\/v2\/users\/36289"}],"wp:featuredmedia":[{"embeddable":true,"href":"https:\/\/graziamagazine.com\/mx\/wp-json\/wp\/v2\/media\/151527"}],"wp:attachment":[{"href":"https:\/\/graziamagazine.com\/mx\/wp-json\/wp\/v2\/media?parent=151525"}],"wp:term":[{"taxonomy":"category","embeddable":true,"href":"https:\/\/graziamagazine.com\/mx\/wp-json\/wp\/v2\/categories?post=151525"}],"curies":[{"name":"wp","href":"https:\/\/api.w.org\/{rel}","templated":true}]}}