{"id":151366,"date":"2025-05-28T13:16:50","date_gmt":"2025-05-28T18:16:50","guid":{"rendered":"https:\/\/graziamagazine.com\/mx\/?post_type=articles&#038;p=151366"},"modified":"2025-05-28T13:18:48","modified_gmt":"2025-05-28T18:18:48","slug":"benson-boone-vistio-dolcegabbana-durante-los-amas-2025","status":"publish","type":"articles","link":"https:\/\/graziamagazine.com\/mx\/articles\/benson-boone-vistio-dolcegabbana-durante-los-amas-2025\/","title":{"rendered":"Benson Boone visti\u00f3 Dolce&amp;Gabbana durante los AMAs 2025"},"content":{"rendered":"<p><span style=\"font-weight: 400\">El escenario del BleauLive Theater en Fontainebleau Las Vegas se convirti\u00f3 en una fiesta con la voz de Benson Boone al micr\u00f3fono, brillando con el color p\u00farpura de su look. El cantante estadounidense que domina las listas de \u00e9xitos eligi\u00f3 Dolce&amp;Gabbana durante su presentaci\u00f3n en los American Music Awards 2025.<\/span><\/p>\n<p><img loading=\"lazy\" decoding=\"async\" class=\"alignnone size-medium wp-image-151370\" src=\"https:\/\/graziamagazine.com\/mx\/wp-content\/uploads\/sites\/13\/2025\/05\/Benson-Boone-Sketch-318x450.jpg\" alt=\"\" width=\"318\" height=\"450\" srcset=\"https:\/\/graziamagazine.com\/mx\/wp-content\/uploads\/sites\/13\/2025\/05\/Benson-Boone-Sketch-318x450.jpg 318w, https:\/\/graziamagazine.com\/mx\/wp-content\/uploads\/sites\/13\/2025\/05\/Benson-Boone-Sketch-724x1024.jpg 724w, https:\/\/graziamagazine.com\/mx\/wp-content\/uploads\/sites\/13\/2025\/05\/Benson-Boone-Sketch-768x1086.jpg 768w, https:\/\/graziamagazine.com\/mx\/wp-content\/uploads\/sites\/13\/2025\/05\/Benson-Boone-Sketch-1086x1536.jpg 1086w, https:\/\/graziamagazine.com\/mx\/wp-content\/uploads\/sites\/13\/2025\/05\/Benson-Boone-Sketch-1448x2048.jpg 1448w, https:\/\/graziamagazine.com\/mx\/wp-content\/uploads\/sites\/13\/2025\/05\/Benson-Boone-Sketch-400x566.jpg 400w, https:\/\/graziamagazine.com\/mx\/wp-content\/uploads\/sites\/13\/2025\/05\/Benson-Boone-Sketch-152x215.jpg 152w, https:\/\/graziamagazine.com\/mx\/wp-content\/uploads\/sites\/13\/2025\/05\/Benson-Boone-Sketch-scaled.jpg 1810w\" sizes=\"(max-width: 318px) 100vw, 318px\" \/><\/p>\n<p><span style=\"font-weight: 400\">Benson opt\u00f3 por un conjunto personalizado de la casa italiana. El traje de crep\u00e9 cady, compuesto por una chamarra estilo Spencer con solapa de muesca y pantalones acampanados de ca\u00edda amplia, fue un homenaje a la est\u00e9tica m\u00e1s exuberante de los archivos de D&amp;G.<\/span><\/p>\n<p><img loading=\"lazy\" decoding=\"async\" class=\"alignnone size-medium wp-image-151369\" src=\"https:\/\/graziamagazine.com\/mx\/wp-content\/uploads\/sites\/13\/2025\/05\/gg-450x232.jpg\" alt=\"\" width=\"450\" height=\"232\" srcset=\"https:\/\/graziamagazine.com\/mx\/wp-content\/uploads\/sites\/13\/2025\/05\/gg-450x232.jpg 450w, https:\/\/graziamagazine.com\/mx\/wp-content\/uploads\/sites\/13\/2025\/05\/gg-400x206.jpg 400w, https:\/\/graziamagazine.com\/mx\/wp-content\/uploads\/sites\/13\/2025\/05\/gg-155x80.jpg 155w, https:\/\/graziamagazine.com\/mx\/wp-content\/uploads\/sites\/13\/2025\/05\/gg.jpg 676w\" sizes=\"(max-width: 450px) 100vw, 450px\" \/><\/p>\n<p><span style=\"font-weight: 400\">El estampado floral de flores en tonos morado y lila, reeditado de la colecci\u00f3n SS 2004, fue la cereza en el pastel, cobrando nueva vida gracias a una lluvia de cristales Swarovski en tonalidades a juego.<\/span><\/p>\n<p><span style=\"font-weight: 400\">Para equilibrar el dramatismo del traje, Boone apost\u00f3 por un b\u00e1sico con mucho estilo: el tank top \u201cMarcello\u201d, una camiseta sin mangas de corte limpio que dej\u00f3 respirar el look y le a\u00f1adi\u00f3 ese aire juvenil y despreocupado que lo caracteriza.<\/span><\/p>\n<p><img loading=\"lazy\" decoding=\"async\" class=\"alignnone size-medium wp-image-151367\" src=\"https:\/\/graziamagazine.com\/mx\/wp-content\/uploads\/sites\/13\/2025\/05\/ggggg-291x450.jpg\" alt=\"\" width=\"291\" height=\"450\" srcset=\"https:\/\/graziamagazine.com\/mx\/wp-content\/uploads\/sites\/13\/2025\/05\/ggggg-291x450.jpg 291w, https:\/\/graziamagazine.com\/mx\/wp-content\/uploads\/sites\/13\/2025\/05\/ggggg-139x215.jpg 139w, https:\/\/graziamagazine.com\/mx\/wp-content\/uploads\/sites\/13\/2025\/05\/ggggg.jpg 375w\" sizes=\"(max-width: 291px) 100vw, 291px\" \/><\/p>\n<p><span style=\"font-weight: 400\">Benson Boone demuestra que ni la moda ni los colores son un tema de g\u00e9nero, pues sin duda alguna luci\u00f3 florido, fabuloso y firmemente en tendencia.\u00a0<\/span><\/p>\n","protected":false},"author":11628,"featured_media":151368,"template":"","format":"standard","categories":[2,4],"acf":[],"yoast_head":"<!-- This site is optimized with the Yoast SEO Premium plugin v18.5 (Yoast SEO v20.4) - https:\/\/yoast.com\/wordpress\/plugins\/seo\/ -->\n<title>Benson Boone visti\u00f3 Dolce&amp;Gabbana durante los AMAs 2025<\/title>\n<meta name=\"description\" content=\"El escenario del BleauLive Theater en Fontainebleau Las Vegas se convirti\u00f3 en una fiesta con la voz de Benson Boone al micr\u00f3fono, brillando con el color\" \/>\n<meta name=\"robots\" content=\"index, follow, max-snippet:-1, max-image-preview:large, max-video-preview:-1\" \/>\n<link rel=\"canonical\" href=\"https:\/\/graziamagazine.com\/mx\/articles\/benson-boone-vistio-dolcegabbana-durante-los-amas-2025\/\" \/>\n<meta property=\"og:locale\" content=\"es_MX\" \/>\n<meta property=\"og:type\" content=\"article\" \/>\n<meta property=\"og:title\" content=\"Benson Boone visti\u00f3 Dolce&amp;Gabbana durante los AMAs 2025\" \/>\n<meta property=\"og:description\" content=\"El escenario del BleauLive Theater en Fontainebleau Las Vegas se convirti\u00f3 en una fiesta con la voz de Benson Boone al micr\u00f3fono, brillando con el color\" \/>\n<meta property=\"og:url\" content=\"https:\/\/graziamagazine.com\/mx\/articles\/benson-boone-vistio-dolcegabbana-durante-los-amas-2025\/\" \/>\n<meta property=\"og:site_name\" content=\"Grazia M\u00e9xico y Latinoam\u00e9rica\" \/>\n<meta property=\"article:modified_time\" content=\"2025-05-28T18:18:48+00:00\" \/>\n<meta property=\"og:image\" content=\"https:\/\/graziamagazine.com\/mx\/wp-content\/uploads\/sites\/13\/2025\/05\/fr-1.jpg\" \/>\n\t<meta property=\"og:image:width\" content=\"661\" \/>\n\t<meta property=\"og:image:height\" content=\"347\" \/>\n\t<meta property=\"og:image:type\" content=\"image\/jpeg\" \/>\n<meta name=\"twitter:card\" content=\"summary_large_image\" \/>\n<meta name=\"twitter:label1\" content=\"Est. reading time\" \/>\n\t<meta name=\"twitter:data1\" content=\"2 minutos\" \/>\n<script type=\"application\/ld+json\" class=\"yoast-schema-graph\">{\"@context\":\"https:\/\/schema.org\",\"@graph\":[{\"@type\":\"WebPage\",\"@id\":\"https:\/\/graziamagazine.com\/mx\/articles\/benson-boone-vistio-dolcegabbana-durante-los-amas-2025\/\",\"url\":\"https:\/\/graziamagazine.com\/mx\/articles\/benson-boone-vistio-dolcegabbana-durante-los-amas-2025\/\",\"name\":\"Benson Boone visti\u00f3 Dolce&Gabbana durante los AMAs 2025\",\"isPartOf\":{\"@id\":\"https:\/\/graziamagazine.com\/mx\/#website\"},\"datePublished\":\"2025-05-28T18:16:50+00:00\",\"dateModified\":\"2025-05-28T18:18:48+00:00\",\"description\":\"El escenario del BleauLive Theater en Fontainebleau Las Vegas se convirti\u00f3 en una fiesta con la voz de Benson Boone al micr\u00f3fono, brillando con el color\",\"breadcrumb\":{\"@id\":\"https:\/\/graziamagazine.com\/mx\/articles\/benson-boone-vistio-dolcegabbana-durante-los-amas-2025\/#breadcrumb\"},\"inLanguage\":\"es-MX\",\"potentialAction\":[{\"@type\":\"ReadAction\",\"target\":[\"https:\/\/graziamagazine.com\/mx\/articles\/benson-boone-vistio-dolcegabbana-durante-los-amas-2025\/\"]}]},{\"@type\":\"BreadcrumbList\",\"@id\":\"https:\/\/graziamagazine.com\/mx\/articles\/benson-boone-vistio-dolcegabbana-durante-los-amas-2025\/#breadcrumb\",\"itemListElement\":[{\"@type\":\"ListItem\",\"position\":1,\"name\":\"Home\",\"item\":\"https:\/\/graziamagazine.com\/mx\/\"},{\"@type\":\"ListItem\",\"position\":2,\"name\":\"Benson Boone visti\u00f3 Dolce&amp;Gabbana durante los AMAs 2025\"}]},{\"@type\":\"WebSite\",\"@id\":\"https:\/\/graziamagazine.com\/mx\/#website\",\"url\":\"https:\/\/graziamagazine.com\/mx\/\",\"name\":\"Grazia M\u00e9xico y Latinoam\u00e9rica\",\"description\":\"Grazia es moda, belleza y noticias  de actualidad \",\"potentialAction\":[{\"@type\":\"SearchAction\",\"target\":{\"@type\":\"EntryPoint\",\"urlTemplate\":\"https:\/\/graziamagazine.com\/mx\/?s={search_term_string}\"},\"query-input\":\"required name=search_term_string\"}],\"inLanguage\":\"es-MX\"}]}<\/script>\n<!-- \/ Yoast SEO Premium plugin. -->","yoast_head_json":{"title":"Benson Boone visti\u00f3 Dolce&Gabbana durante los AMAs 2025","description":"El escenario del BleauLive Theater en Fontainebleau Las Vegas se convirti\u00f3 en una fiesta con la voz de Benson Boone al micr\u00f3fono, brillando con el color","robots":{"index":"index","follow":"follow","max-snippet":"max-snippet:-1","max-image-preview":"max-image-preview:large","max-video-preview":"max-video-preview:-1"},"canonical":"https:\/\/graziamagazine.com\/mx\/articles\/benson-boone-vistio-dolcegabbana-durante-los-amas-2025\/","og_locale":"es_MX","og_type":"article","og_title":"Benson Boone visti\u00f3 Dolce&amp;Gabbana durante los AMAs 2025","og_description":"El escenario del BleauLive Theater en Fontainebleau Las Vegas se convirti\u00f3 en una fiesta con la voz de Benson Boone al micr\u00f3fono, brillando con el color","og_url":"https:\/\/graziamagazine.com\/mx\/articles\/benson-boone-vistio-dolcegabbana-durante-los-amas-2025\/","og_site_name":"Grazia M\u00e9xico y Latinoam\u00e9rica","article_modified_time":"2025-05-28T18:18:48+00:00","og_image":[{"width":661,"height":347,"url":"https:\/\/graziamagazine.com\/mx\/wp-content\/uploads\/sites\/13\/2025\/05\/fr-1.jpg","type":"image\/jpeg"}],"twitter_card":"summary_large_image","twitter_misc":{"Est. reading time":"2 minutos"},"schema":{"@context":"https:\/\/schema.org","@graph":[{"@type":"WebPage","@id":"https:\/\/graziamagazine.com\/mx\/articles\/benson-boone-vistio-dolcegabbana-durante-los-amas-2025\/","url":"https:\/\/graziamagazine.com\/mx\/articles\/benson-boone-vistio-dolcegabbana-durante-los-amas-2025\/","name":"Benson Boone visti\u00f3 Dolce&Gabbana durante los AMAs 2025","isPartOf":{"@id":"https:\/\/graziamagazine.com\/mx\/#website"},"datePublished":"2025-05-28T18:16:50+00:00","dateModified":"2025-05-28T18:18:48+00:00","description":"El escenario del BleauLive Theater en Fontainebleau Las Vegas se convirti\u00f3 en una fiesta con la voz de Benson Boone al micr\u00f3fono, brillando con el color","breadcrumb":{"@id":"https:\/\/graziamagazine.com\/mx\/articles\/benson-boone-vistio-dolcegabbana-durante-los-amas-2025\/#breadcrumb"},"inLanguage":"es-MX","potentialAction":[{"@type":"ReadAction","target":["https:\/\/graziamagazine.com\/mx\/articles\/benson-boone-vistio-dolcegabbana-durante-los-amas-2025\/"]}]},{"@type":"BreadcrumbList","@id":"https:\/\/graziamagazine.com\/mx\/articles\/benson-boone-vistio-dolcegabbana-durante-los-amas-2025\/#breadcrumb","itemListElement":[{"@type":"ListItem","position":1,"name":"Home","item":"https:\/\/graziamagazine.com\/mx\/"},{"@type":"ListItem","position":2,"name":"Benson Boone visti\u00f3 Dolce&amp;Gabbana durante los AMAs 2025"}]},{"@type":"WebSite","@id":"https:\/\/graziamagazine.com\/mx\/#website","url":"https:\/\/graziamagazine.com\/mx\/","name":"Grazia M\u00e9xico y Latinoam\u00e9rica","description":"Grazia es moda, belleza y noticias  de actualidad ","potentialAction":[{"@type":"SearchAction","target":{"@type":"EntryPoint","urlTemplate":"https:\/\/graziamagazine.com\/mx\/?s={search_term_string}"},"query-input":"required name=search_term_string"}],"inLanguage":"es-MX"}]}},"jetpack_sharing_enabled":true,"distributor_meta":false,"distributor_terms":false,"distributor_media":false,"distributor_original_site_name":"Grazia M\u00e9xico y Latinoam\u00e9rica","distributor_original_site_url":"https:\/\/graziamagazine.com\/mx","push-errors":false,"_links":{"self":[{"href":"https:\/\/graziamagazine.com\/mx\/wp-json\/wp\/v2\/articles\/151366"}],"collection":[{"href":"https:\/\/graziamagazine.com\/mx\/wp-json\/wp\/v2\/articles"}],"about":[{"href":"https:\/\/graziamagazine.com\/mx\/wp-json\/wp\/v2\/types\/articles"}],"author":[{"embeddable":true,"href":"https:\/\/graziamagazine.com\/mx\/wp-json\/wp\/v2\/users\/11628"}],"wp:featuredmedia":[{"embeddable":true,"href":"https:\/\/graziamagazine.com\/mx\/wp-json\/wp\/v2\/media\/151368"}],"wp:attachment":[{"href":"https:\/\/graziamagazine.com\/mx\/wp-json\/wp\/v2\/media?parent=151366"}],"wp:term":[{"taxonomy":"category","embeddable":true,"href":"https:\/\/graziamagazine.com\/mx\/wp-json\/wp\/v2\/categories?post=151366"}],"curies":[{"name":"wp","href":"https:\/\/api.w.org\/{rel}","templated":true}]}}