{"id":151341,"date":"2025-05-28T12:17:36","date_gmt":"2025-05-28T17:17:36","guid":{"rendered":"https:\/\/graziamagazine.com\/mx\/?post_type=articles&#038;p=151341"},"modified":"2025-05-28T12:23:08","modified_gmt":"2025-05-28T17:23:08","slug":"tous-world-iconos-que-trascienden-tiempos","status":"publish","type":"articles","link":"https:\/\/graziamagazine.com\/mx\/articles\/tous-world-iconos-que-trascienden-tiempos\/","title":{"rendered":"TOUS World: Iconos Que Trascienden Tiempos"},"content":{"rendered":"<p data-start=\"373\" data-end=\"731\">TOUS presenta dos colecciones que reafirman su maestr\u00eda joyera y su capacidad de reinventarse sin perder su esencia: <strong data-start=\"507\" data-end=\"520\">TOUS 1950<\/strong> y <strong data-start=\"523\" data-end=\"538\">Sweet Dolls<\/strong>. Estas l\u00edneas no solo honran el legado centenario de la marca, sino que tambi\u00e9n conectan con una nueva generaci\u00f3n a trav\u00e9s del dise\u00f1o, la innovaci\u00f3n t\u00e9cnica y la carga emocional de sus piezas.<\/p>\n<p data-start=\"733\" data-end=\"1064\">Ambas colecciones ponen en valor los s\u00edmbolos que han definido el universo TOUS: el oso, el coraz\u00f3n y la flor. Elementos que han trascendido modas y fronteras, y que hoy se reinterpretan con una mirada fresca y escult\u00f3rica mediante la t\u00e9cnica de <strong data-start=\"979\" data-end=\"992\">extrusi\u00f3n<\/strong>, dando lugar a joyas de vol\u00famenes rotundos pero incre\u00edblemente ligeras.<\/p>\n<div class=\"content-gallery\"><div class=\"gallery-placeholder\"><div class=\"spinner\"><\/div><\/div><span class=\"gallery-pagination\"><\/span><div id=\"gallery-1\" class=\"gallery galleryid-151341 gallery-columns- gallery-size-\"><figure class=\"gallery-item\"><div class=\"gallery-icon landscape\"><img loading=\"lazy\" decoding=\"async\" width=\"2000\" height=\"2000\" src=\"https:\/\/graziamagazine.com\/mx\/wp-content\/uploads\/sites\/13\/2025\/05\/1004243970_TOUS-WORLD_BRACELET.jpg\" class=\"lazy\" alt=\"\" srcset=\"https:\/\/graziamagazine.com\/mx\/wp-content\/uploads\/sites\/13\/2025\/05\/1004243970_TOUS-WORLD_BRACELET.jpg 2000w, https:\/\/graziamagazine.com\/mx\/wp-content\/uploads\/sites\/13\/2025\/05\/1004243970_TOUS-WORLD_BRACELET-450x450.jpg 450w, https:\/\/graziamagazine.com\/mx\/wp-content\/uploads\/sites\/13\/2025\/05\/1004243970_TOUS-WORLD_BRACELET-1024x1024.jpg 1024w, https:\/\/graziamagazine.com\/mx\/wp-content\/uploads\/sites\/13\/2025\/05\/1004243970_TOUS-WORLD_BRACELET-150x150.jpg 150w, https:\/\/graziamagazine.com\/mx\/wp-content\/uploads\/sites\/13\/2025\/05\/1004243970_TOUS-WORLD_BRACELET-768x768.jpg 768w, https:\/\/graziamagazine.com\/mx\/wp-content\/uploads\/sites\/13\/2025\/05\/1004243970_TOUS-WORLD_BRACELET-1536x1536.jpg 1536w, https:\/\/graziamagazine.com\/mx\/wp-content\/uploads\/sites\/13\/2025\/05\/1004243970_TOUS-WORLD_BRACELET-400x400.jpg 400w, https:\/\/graziamagazine.com\/mx\/wp-content\/uploads\/sites\/13\/2025\/05\/1004243970_TOUS-WORLD_BRACELET-155x155.jpg 155w\" sizes=\"(max-width: 2000px) 100vw, 2000px\" \/><\/div><figcaption class=\"wp-caption-text gallery-caption\" id=\"gallery-1-151342\">ESCLAVA PLATA1\u00aaLEY BA\u00d1O ORO BICOLOR N17<\/figcaption><\/figure><figure class=\"gallery-item\"><div class=\"gallery-icon landscape\"><img loading=\"lazy\" decoding=\"async\" width=\"2000\" height=\"2000\" src=\"https:\/\/graziamagazine.com\/mx\/wp-content\/uploads\/sites\/13\/2025\/05\/1004278370_TOUS-WORLD_BRACELET.jpg\" class=\"lazy\" alt=\"\" srcset=\"https:\/\/graziamagazine.com\/mx\/wp-content\/uploads\/sites\/13\/2025\/05\/1004278370_TOUS-WORLD_BRACELET.jpg 2000w, https:\/\/graziamagazine.com\/mx\/wp-content\/uploads\/sites\/13\/2025\/05\/1004278370_TOUS-WORLD_BRACELET-450x450.jpg 450w, https:\/\/graziamagazine.com\/mx\/wp-content\/uploads\/sites\/13\/2025\/05\/1004278370_TOUS-WORLD_BRACELET-1024x1024.jpg 1024w, https:\/\/graziamagazine.com\/mx\/wp-content\/uploads\/sites\/13\/2025\/05\/1004278370_TOUS-WORLD_BRACELET-150x150.jpg 150w, https:\/\/graziamagazine.com\/mx\/wp-content\/uploads\/sites\/13\/2025\/05\/1004278370_TOUS-WORLD_BRACELET-768x768.jpg 768w, https:\/\/graziamagazine.com\/mx\/wp-content\/uploads\/sites\/13\/2025\/05\/1004278370_TOUS-WORLD_BRACELET-1536x1536.jpg 1536w, https:\/\/graziamagazine.com\/mx\/wp-content\/uploads\/sites\/13\/2025\/05\/1004278370_TOUS-WORLD_BRACELET-400x400.jpg 400w, https:\/\/graziamagazine.com\/mx\/wp-content\/uploads\/sites\/13\/2025\/05\/1004278370_TOUS-WORLD_BRACELET-155x155.jpg 155w\" sizes=\"(max-width: 2000px) 100vw, 2000px\" \/><\/div><figcaption class=\"wp-caption-text gallery-caption\" id=\"gallery-1-151345\">ESCLAVA PLATA 1\u00aaLEY TUBO FLEXIBLE OSO 8M<\/figcaption><\/figure><\/div><\/div>\n<p data-start=\"1066\" data-end=\"1474\">Cada motivo no es simplemente decorativo: representa aspectos esenciales de la personalidad y la historia de quien lo lleva. El oso, emblema de la ternura y la fuerza; el coraz\u00f3n, como expresi\u00f3n de amor propio y hacia los dem\u00e1s; y la flor, s\u00edmbolo eterno de belleza y renovaci\u00f3n. TOUS celebra as\u00ed no solo sus \u00edconos, sino las m\u00faltiples maneras en que sus seguidores los han hecho suyos a lo largo del tiempo.<\/p>\n<p data-start=\"1476\" data-end=\"1906\">Las piezas est\u00e1n elaboradas en <strong data-start=\"1507\" data-end=\"1531\">plata de primera ley<\/strong>, con versiones tambi\u00e9n disponibles en plata con <strong data-start=\"1580\" data-end=\"1603\">ba\u00f1o de oro de 18kt<\/strong>, as\u00ed como modelos que combinan ambos metales en dise\u00f1os <strong data-start=\"1660\" data-end=\"1671\">bicolor<\/strong> que aportan un aire contempor\u00e1neo y vers\u00e1til.<\/p>\n<div class=\"content-gallery\"><div class=\"gallery-placeholder\"><div class=\"spinner\"><\/div><\/div><span class=\"gallery-pagination\"><\/span><div id=\"gallery-2\" class=\"gallery galleryid-151341 gallery-columns- gallery-size-\"><figure class=\"gallery-item\"><div class=\"gallery-icon landscape\"><img loading=\"lazy\" decoding=\"async\" width=\"2000\" height=\"2000\" src=\"https:\/\/graziamagazine.com\/mx\/wp-content\/uploads\/sites\/13\/2025\/05\/2002301451_TOUS-WORLD_BAGS.jpg\" class=\"lazy\" alt=\"\" srcset=\"https:\/\/graziamagazine.com\/mx\/wp-content\/uploads\/sites\/13\/2025\/05\/2002301451_TOUS-WORLD_BAGS.jpg 2000w, https:\/\/graziamagazine.com\/mx\/wp-content\/uploads\/sites\/13\/2025\/05\/2002301451_TOUS-WORLD_BAGS-450x450.jpg 450w, https:\/\/graziamagazine.com\/mx\/wp-content\/uploads\/sites\/13\/2025\/05\/2002301451_TOUS-WORLD_BAGS-1024x1024.jpg 1024w, https:\/\/graziamagazine.com\/mx\/wp-content\/uploads\/sites\/13\/2025\/05\/2002301451_TOUS-WORLD_BAGS-150x150.jpg 150w, https:\/\/graziamagazine.com\/mx\/wp-content\/uploads\/sites\/13\/2025\/05\/2002301451_TOUS-WORLD_BAGS-768x768.jpg 768w, https:\/\/graziamagazine.com\/mx\/wp-content\/uploads\/sites\/13\/2025\/05\/2002301451_TOUS-WORLD_BAGS-1536x1536.jpg 1536w, https:\/\/graziamagazine.com\/mx\/wp-content\/uploads\/sites\/13\/2025\/05\/2002301451_TOUS-WORLD_BAGS-400x400.jpg 400w, https:\/\/graziamagazine.com\/mx\/wp-content\/uploads\/sites\/13\/2025\/05\/2002301451_TOUS-WORLD_BAGS-155x155.jpg 155w\" sizes=\"(max-width: 2000px) 100vw, 2000px\" \/><\/div><figcaption class=\"wp-caption-text gallery-caption\" id=\"gallery-2-151349\">CAPAZO L. TOUS TULIP NEGRO<\/figcaption><\/figure><figure class=\"gallery-item\"><div class=\"gallery-icon landscape\"><img loading=\"lazy\" decoding=\"async\" width=\"2000\" height=\"2000\" src=\"https:\/\/graziamagazine.com\/mx\/wp-content\/uploads\/sites\/13\/2025\/05\/2002301401_TOUS-WORLD_BAGS.jpg\" class=\"lazy\" alt=\"\" srcset=\"https:\/\/graziamagazine.com\/mx\/wp-content\/uploads\/sites\/13\/2025\/05\/2002301401_TOUS-WORLD_BAGS.jpg 2000w, https:\/\/graziamagazine.com\/mx\/wp-content\/uploads\/sites\/13\/2025\/05\/2002301401_TOUS-WORLD_BAGS-450x450.jpg 450w, https:\/\/graziamagazine.com\/mx\/wp-content\/uploads\/sites\/13\/2025\/05\/2002301401_TOUS-WORLD_BAGS-1024x1024.jpg 1024w, https:\/\/graziamagazine.com\/mx\/wp-content\/uploads\/sites\/13\/2025\/05\/2002301401_TOUS-WORLD_BAGS-150x150.jpg 150w, https:\/\/graziamagazine.com\/mx\/wp-content\/uploads\/sites\/13\/2025\/05\/2002301401_TOUS-WORLD_BAGS-768x768.jpg 768w, https:\/\/graziamagazine.com\/mx\/wp-content\/uploads\/sites\/13\/2025\/05\/2002301401_TOUS-WORLD_BAGS-1536x1536.jpg 1536w, https:\/\/graziamagazine.com\/mx\/wp-content\/uploads\/sites\/13\/2025\/05\/2002301401_TOUS-WORLD_BAGS-400x400.jpg 400w, https:\/\/graziamagazine.com\/mx\/wp-content\/uploads\/sites\/13\/2025\/05\/2002301401_TOUS-WORLD_BAGS-155x155.jpg 155w\" sizes=\"(max-width: 2000px) 100vw, 2000px\" \/><\/div><figcaption class=\"wp-caption-text gallery-caption\" id=\"gallery-2-151348\">CAPAZO L. TOUS TULIP ARENA<\/figcaption><\/figure><\/div><\/div>\n<p data-start=\"676\" data-end=\"991\">Adem\u00e1s, la propuesta de <strong data-start=\"700\" data-end=\"727\">estilismo de la campa\u00f1a<\/strong> refuerza esta conexi\u00f3n con la autenticidad y la diversidad. Las piezas se presentan en combinaci\u00f3n con looks frescos, minimalistas y atemporales que permiten a los accesorios brillar como protagonistas, recordando que el lujo verdadero reside en lo significativo.<\/p>\n<p data-start=\"993\" data-end=\"1298\">Esta filosof\u00eda se refleja tambi\u00e9n en el enfoque sostenible de la marca: la producci\u00f3n cuidadosa y el uso de materiales nobles garantizan piezas duraderas que invitan al uso consciente y prolongado. TOUS no solo celebra el dise\u00f1o; <strong data-start=\"1223\" data-end=\"1298\">celebra la historia y la emoci\u00f3n que cada persona imprime en sus joyas.<\/strong><\/p>\n<div class=\"content-gallery\"><div class=\"gallery-placeholder\"><div class=\"spinner\"><\/div><\/div><span class=\"gallery-pagination\"><\/span><div id=\"gallery-3\" class=\"gallery galleryid-151341 gallery-columns- gallery-size-\"><figure class=\"gallery-item\"><div class=\"gallery-icon landscape\"><img loading=\"lazy\" decoding=\"async\" width=\"2000\" height=\"2000\" src=\"https:\/\/graziamagazine.com\/mx\/wp-content\/uploads\/sites\/13\/2025\/05\/1004290412_TOUS-WORLD_RING.jpg\" class=\"lazy\" alt=\"\" srcset=\"https:\/\/graziamagazine.com\/mx\/wp-content\/uploads\/sites\/13\/2025\/05\/1004290412_TOUS-WORLD_RING.jpg 2000w, https:\/\/graziamagazine.com\/mx\/wp-content\/uploads\/sites\/13\/2025\/05\/1004290412_TOUS-WORLD_RING-450x450.jpg 450w, https:\/\/graziamagazine.com\/mx\/wp-content\/uploads\/sites\/13\/2025\/05\/1004290412_TOUS-WORLD_RING-1024x1024.jpg 1024w, https:\/\/graziamagazine.com\/mx\/wp-content\/uploads\/sites\/13\/2025\/05\/1004290412_TOUS-WORLD_RING-150x150.jpg 150w, https:\/\/graziamagazine.com\/mx\/wp-content\/uploads\/sites\/13\/2025\/05\/1004290412_TOUS-WORLD_RING-768x768.jpg 768w, https:\/\/graziamagazine.com\/mx\/wp-content\/uploads\/sites\/13\/2025\/05\/1004290412_TOUS-WORLD_RING-1536x1536.jpg 1536w, https:\/\/graziamagazine.com\/mx\/wp-content\/uploads\/sites\/13\/2025\/05\/1004290412_TOUS-WORLD_RING-400x400.jpg 400w, https:\/\/graziamagazine.com\/mx\/wp-content\/uploads\/sites\/13\/2025\/05\/1004290412_TOUS-WORLD_RING-155x155.jpg 155w\" sizes=\"(max-width: 2000px) 100vw, 2000px\" \/><\/div><figcaption class=\"wp-caption-text gallery-caption\" id=\"gallery-3-151346\">SELLO PLATA 1\u00aaLEY CORAZON 27MM<\/figcaption><\/figure><figure class=\"gallery-item\"><div class=\"gallery-icon landscape\"><img loading=\"lazy\" decoding=\"async\" width=\"2000\" height=\"2000\" src=\"https:\/\/graziamagazine.com\/mx\/wp-content\/uploads\/sites\/13\/2025\/05\/1004268114_TOUS-WORLD_RING.jpg\" class=\"lazy\" alt=\"\" srcset=\"https:\/\/graziamagazine.com\/mx\/wp-content\/uploads\/sites\/13\/2025\/05\/1004268114_TOUS-WORLD_RING.jpg 2000w, https:\/\/graziamagazine.com\/mx\/wp-content\/uploads\/sites\/13\/2025\/05\/1004268114_TOUS-WORLD_RING-450x450.jpg 450w, https:\/\/graziamagazine.com\/mx\/wp-content\/uploads\/sites\/13\/2025\/05\/1004268114_TOUS-WORLD_RING-1024x1024.jpg 1024w, https:\/\/graziamagazine.com\/mx\/wp-content\/uploads\/sites\/13\/2025\/05\/1004268114_TOUS-WORLD_RING-150x150.jpg 150w, https:\/\/graziamagazine.com\/mx\/wp-content\/uploads\/sites\/13\/2025\/05\/1004268114_TOUS-WORLD_RING-768x768.jpg 768w, https:\/\/graziamagazine.com\/mx\/wp-content\/uploads\/sites\/13\/2025\/05\/1004268114_TOUS-WORLD_RING-1536x1536.jpg 1536w, https:\/\/graziamagazine.com\/mx\/wp-content\/uploads\/sites\/13\/2025\/05\/1004268114_TOUS-WORLD_RING-400x400.jpg 400w, https:\/\/graziamagazine.com\/mx\/wp-content\/uploads\/sites\/13\/2025\/05\/1004268114_TOUS-WORLD_RING-155x155.jpg 155w\" sizes=\"(max-width: 2000px) 100vw, 2000px\" \/><\/div><figcaption class=\"wp-caption-text gallery-caption\" id=\"gallery-3-151344\">SELLO PLATA 1\u00aaLEY BA\u00d1O ORO 15MM OSO N14<\/figcaption><\/figure><figure class=\"gallery-item\"><div class=\"gallery-icon landscape\"><img loading=\"lazy\" decoding=\"async\" width=\"2000\" height=\"2000\" src=\"https:\/\/graziamagazine.com\/mx\/wp-content\/uploads\/sites\/13\/2025\/05\/1004267614_TOUS-WORLD_RING.jpg\" class=\"lazy\" alt=\"\" srcset=\"https:\/\/graziamagazine.com\/mx\/wp-content\/uploads\/sites\/13\/2025\/05\/1004267614_TOUS-WORLD_RING.jpg 2000w, https:\/\/graziamagazine.com\/mx\/wp-content\/uploads\/sites\/13\/2025\/05\/1004267614_TOUS-WORLD_RING-450x450.jpg 450w, https:\/\/graziamagazine.com\/mx\/wp-content\/uploads\/sites\/13\/2025\/05\/1004267614_TOUS-WORLD_RING-1024x1024.jpg 1024w, https:\/\/graziamagazine.com\/mx\/wp-content\/uploads\/sites\/13\/2025\/05\/1004267614_TOUS-WORLD_RING-150x150.jpg 150w, https:\/\/graziamagazine.com\/mx\/wp-content\/uploads\/sites\/13\/2025\/05\/1004267614_TOUS-WORLD_RING-768x768.jpg 768w, https:\/\/graziamagazine.com\/mx\/wp-content\/uploads\/sites\/13\/2025\/05\/1004267614_TOUS-WORLD_RING-1536x1536.jpg 1536w, https:\/\/graziamagazine.com\/mx\/wp-content\/uploads\/sites\/13\/2025\/05\/1004267614_TOUS-WORLD_RING-400x400.jpg 400w, https:\/\/graziamagazine.com\/mx\/wp-content\/uploads\/sites\/13\/2025\/05\/1004267614_TOUS-WORLD_RING-155x155.jpg 155w\" sizes=\"(max-width: 2000px) 100vw, 2000px\" \/><\/div><figcaption class=\"wp-caption-text gallery-caption\" id=\"gallery-3-151343\">SELLO PLATA 1\u00aaLEY 30MM XXL OSO N14<\/figcaption><\/figure><figure class=\"gallery-item\"><div class=\"gallery-icon landscape\"><img loading=\"lazy\" decoding=\"async\" width=\"1686\" height=\"1686\" src=\"https:\/\/graziamagazine.com\/mx\/wp-content\/uploads\/sites\/13\/2025\/05\/3000141300_TOUS-WORLD_WATCHES.jpg\" class=\"lazy\" alt=\"\" srcset=\"https:\/\/graziamagazine.com\/mx\/wp-content\/uploads\/sites\/13\/2025\/05\/3000141300_TOUS-WORLD_WATCHES.jpg 1686w, https:\/\/graziamagazine.com\/mx\/wp-content\/uploads\/sites\/13\/2025\/05\/3000141300_TOUS-WORLD_WATCHES-450x450.jpg 450w, https:\/\/graziamagazine.com\/mx\/wp-content\/uploads\/sites\/13\/2025\/05\/3000141300_TOUS-WORLD_WATCHES-1024x1024.jpg 1024w, https:\/\/graziamagazine.com\/mx\/wp-content\/uploads\/sites\/13\/2025\/05\/3000141300_TOUS-WORLD_WATCHES-150x150.jpg 150w, https:\/\/graziamagazine.com\/mx\/wp-content\/uploads\/sites\/13\/2025\/05\/3000141300_TOUS-WORLD_WATCHES-768x768.jpg 768w, https:\/\/graziamagazine.com\/mx\/wp-content\/uploads\/sites\/13\/2025\/05\/3000141300_TOUS-WORLD_WATCHES-1536x1536.jpg 1536w, https:\/\/graziamagazine.com\/mx\/wp-content\/uploads\/sites\/13\/2025\/05\/3000141300_TOUS-WORLD_WATCHES-400x400.jpg 400w, https:\/\/graziamagazine.com\/mx\/wp-content\/uploads\/sites\/13\/2025\/05\/3000141300_TOUS-WORLD_WATCHES-155x155.jpg 155w\" sizes=\"(max-width: 1686px) 100vw, 1686px\" \/><\/div><figcaption class=\"wp-caption-text gallery-caption\" id=\"gallery-3-151350\">RELOJ ACERO IP DORADO GEM NACAR RUBI LGG<\/figcaption><\/figure><\/div><\/div>\n<p data-start=\"1476\" data-end=\"1906\">Esta fusi\u00f3n de materiales permite que las joyas se adapten a diferentes estilos, momentos y personalidades, reforzando el concepto de un <strong data-start=\"1855\" data-end=\"1869\">TOUS World<\/strong> donde cada quien encuentra su lugar.<\/p>\n<p data-start=\"1908\" data-end=\"2249\">El tagline <strong data-start=\"1919\" data-end=\"1942\">\u201cIt\u2019s a TOUS World\u201d<\/strong> es m\u00e1s que una frase publicitaria: es una declaraci\u00f3n de pertenencia, un homenaje a la comunidad diversa que ha convertido a TOUS en una marca global con alma local. A trav\u00e9s de esta propuesta creativa, la firma catalana reitera su compromiso con la artesan\u00eda, el dise\u00f1o emocional y la evoluci\u00f3n constante.<\/p>\n<p data-start=\"1908\" data-end=\"2249\">\n<p data-start=\"1908\" data-end=\"2249\"><em><strong>*IMAGEN: Cortes\u00eda<\/strong><\/em><\/p>\n","protected":false},"author":28953,"featured_media":151351,"template":"","format":"standard","categories":[4],"acf":[],"yoast_head":"<!-- This site is optimized with the Yoast SEO Premium plugin v18.5 (Yoast SEO v20.4) - https:\/\/yoast.com\/wordpress\/plugins\/seo\/ -->\n<title>TOUS World: Iconos Que Trascienden Tiempos<\/title>\n<meta name=\"description\" content=\"La firma joyera reinterpreta su legado con siluetas escult\u00f3ricas que celebran la individualidad y la historia personal de cada fan.\" \/>\n<meta name=\"robots\" content=\"index, follow, max-snippet:-1, max-image-preview:large, max-video-preview:-1\" \/>\n<link rel=\"canonical\" href=\"https:\/\/graziamagazine.com\/mx\/articles\/tous-world-iconos-que-trascienden-tiempos\/\" \/>\n<meta property=\"og:locale\" content=\"es_MX\" \/>\n<meta property=\"og:type\" content=\"article\" \/>\n<meta property=\"og:title\" content=\"TOUS World: Iconos Que Trascienden Tiempos\" \/>\n<meta property=\"og:description\" content=\"La firma joyera reinterpreta su legado con siluetas escult\u00f3ricas que celebran la individualidad y la historia personal de cada fan.\" \/>\n<meta property=\"og:url\" content=\"https:\/\/graziamagazine.com\/mx\/articles\/tous-world-iconos-que-trascienden-tiempos\/\" \/>\n<meta property=\"og:site_name\" content=\"Grazia M\u00e9xico y Latinoam\u00e9rica\" \/>\n<meta property=\"article:modified_time\" content=\"2025-05-28T17:23:08+00:00\" \/>\n<meta property=\"og:image\" content=\"https:\/\/graziamagazine.com\/mx\/wp-content\/uploads\/sites\/13\/2025\/05\/1004267412_TOUS-WORLD_RING-e1748452772591.jpg\" \/>\n\t<meta property=\"og:image:width\" content=\"2000\" \/>\n\t<meta property=\"og:image:height\" content=\"1293\" \/>\n\t<meta property=\"og:image:type\" content=\"image\/jpeg\" \/>\n<meta name=\"twitter:card\" content=\"summary_large_image\" \/>\n<meta name=\"twitter:label1\" content=\"Est. reading time\" \/>\n\t<meta name=\"twitter:data1\" content=\"2 minutos\" \/>\n<script type=\"application\/ld+json\" class=\"yoast-schema-graph\">{\"@context\":\"https:\/\/schema.org\",\"@graph\":[{\"@type\":\"WebPage\",\"@id\":\"https:\/\/graziamagazine.com\/mx\/articles\/tous-world-iconos-que-trascienden-tiempos\/\",\"url\":\"https:\/\/graziamagazine.com\/mx\/articles\/tous-world-iconos-que-trascienden-tiempos\/\",\"name\":\"TOUS World: Iconos Que Trascienden Tiempos\",\"isPartOf\":{\"@id\":\"https:\/\/graziamagazine.com\/mx\/#website\"},\"datePublished\":\"2025-05-28T17:17:36+00:00\",\"dateModified\":\"2025-05-28T17:23:08+00:00\",\"description\":\"La firma joyera reinterpreta su legado con siluetas escult\u00f3ricas que celebran la individualidad y la historia personal de cada fan.\",\"breadcrumb\":{\"@id\":\"https:\/\/graziamagazine.com\/mx\/articles\/tous-world-iconos-que-trascienden-tiempos\/#breadcrumb\"},\"inLanguage\":\"es-MX\",\"potentialAction\":[{\"@type\":\"ReadAction\",\"target\":[\"https:\/\/graziamagazine.com\/mx\/articles\/tous-world-iconos-que-trascienden-tiempos\/\"]}]},{\"@type\":\"BreadcrumbList\",\"@id\":\"https:\/\/graziamagazine.com\/mx\/articles\/tous-world-iconos-que-trascienden-tiempos\/#breadcrumb\",\"itemListElement\":[{\"@type\":\"ListItem\",\"position\":1,\"name\":\"Home\",\"item\":\"https:\/\/graziamagazine.com\/mx\/\"},{\"@type\":\"ListItem\",\"position\":2,\"name\":\"TOUS World: Iconos Que Trascienden Tiempos\"}]},{\"@type\":\"WebSite\",\"@id\":\"https:\/\/graziamagazine.com\/mx\/#website\",\"url\":\"https:\/\/graziamagazine.com\/mx\/\",\"name\":\"Grazia M\u00e9xico y Latinoam\u00e9rica\",\"description\":\"Grazia es moda, belleza y noticias  de actualidad \",\"potentialAction\":[{\"@type\":\"SearchAction\",\"target\":{\"@type\":\"EntryPoint\",\"urlTemplate\":\"https:\/\/graziamagazine.com\/mx\/?s={search_term_string}\"},\"query-input\":\"required name=search_term_string\"}],\"inLanguage\":\"es-MX\"}]}<\/script>\n<!-- \/ Yoast SEO Premium plugin. -->","yoast_head_json":{"title":"TOUS World: Iconos Que Trascienden Tiempos","description":"La firma joyera reinterpreta su legado con siluetas escult\u00f3ricas que celebran la individualidad y la historia personal de cada fan.","robots":{"index":"index","follow":"follow","max-snippet":"max-snippet:-1","max-image-preview":"max-image-preview:large","max-video-preview":"max-video-preview:-1"},"canonical":"https:\/\/graziamagazine.com\/mx\/articles\/tous-world-iconos-que-trascienden-tiempos\/","og_locale":"es_MX","og_type":"article","og_title":"TOUS World: Iconos Que Trascienden Tiempos","og_description":"La firma joyera reinterpreta su legado con siluetas escult\u00f3ricas que celebran la individualidad y la historia personal de cada fan.","og_url":"https:\/\/graziamagazine.com\/mx\/articles\/tous-world-iconos-que-trascienden-tiempos\/","og_site_name":"Grazia M\u00e9xico y Latinoam\u00e9rica","article_modified_time":"2025-05-28T17:23:08+00:00","og_image":[{"width":2000,"height":1293,"url":"https:\/\/graziamagazine.com\/mx\/wp-content\/uploads\/sites\/13\/2025\/05\/1004267412_TOUS-WORLD_RING-e1748452772591.jpg","type":"image\/jpeg"}],"twitter_card":"summary_large_image","twitter_misc":{"Est. reading time":"2 minutos"},"schema":{"@context":"https:\/\/schema.org","@graph":[{"@type":"WebPage","@id":"https:\/\/graziamagazine.com\/mx\/articles\/tous-world-iconos-que-trascienden-tiempos\/","url":"https:\/\/graziamagazine.com\/mx\/articles\/tous-world-iconos-que-trascienden-tiempos\/","name":"TOUS World: Iconos Que Trascienden Tiempos","isPartOf":{"@id":"https:\/\/graziamagazine.com\/mx\/#website"},"datePublished":"2025-05-28T17:17:36+00:00","dateModified":"2025-05-28T17:23:08+00:00","description":"La firma joyera reinterpreta su legado con siluetas escult\u00f3ricas que celebran la individualidad y la historia personal de cada fan.","breadcrumb":{"@id":"https:\/\/graziamagazine.com\/mx\/articles\/tous-world-iconos-que-trascienden-tiempos\/#breadcrumb"},"inLanguage":"es-MX","potentialAction":[{"@type":"ReadAction","target":["https:\/\/graziamagazine.com\/mx\/articles\/tous-world-iconos-que-trascienden-tiempos\/"]}]},{"@type":"BreadcrumbList","@id":"https:\/\/graziamagazine.com\/mx\/articles\/tous-world-iconos-que-trascienden-tiempos\/#breadcrumb","itemListElement":[{"@type":"ListItem","position":1,"name":"Home","item":"https:\/\/graziamagazine.com\/mx\/"},{"@type":"ListItem","position":2,"name":"TOUS World: Iconos Que Trascienden Tiempos"}]},{"@type":"WebSite","@id":"https:\/\/graziamagazine.com\/mx\/#website","url":"https:\/\/graziamagazine.com\/mx\/","name":"Grazia M\u00e9xico y Latinoam\u00e9rica","description":"Grazia es moda, belleza y noticias  de actualidad ","potentialAction":[{"@type":"SearchAction","target":{"@type":"EntryPoint","urlTemplate":"https:\/\/graziamagazine.com\/mx\/?s={search_term_string}"},"query-input":"required name=search_term_string"}],"inLanguage":"es-MX"}]}},"jetpack_sharing_enabled":true,"distributor_meta":false,"distributor_terms":false,"distributor_media":false,"distributor_original_site_name":"Grazia M\u00e9xico y Latinoam\u00e9rica","distributor_original_site_url":"https:\/\/graziamagazine.com\/mx","push-errors":false,"_links":{"self":[{"href":"https:\/\/graziamagazine.com\/mx\/wp-json\/wp\/v2\/articles\/151341"}],"collection":[{"href":"https:\/\/graziamagazine.com\/mx\/wp-json\/wp\/v2\/articles"}],"about":[{"href":"https:\/\/graziamagazine.com\/mx\/wp-json\/wp\/v2\/types\/articles"}],"author":[{"embeddable":true,"href":"https:\/\/graziamagazine.com\/mx\/wp-json\/wp\/v2\/users\/28953"}],"wp:featuredmedia":[{"embeddable":true,"href":"https:\/\/graziamagazine.com\/mx\/wp-json\/wp\/v2\/media\/151351"}],"wp:attachment":[{"href":"https:\/\/graziamagazine.com\/mx\/wp-json\/wp\/v2\/media?parent=151341"}],"wp:term":[{"taxonomy":"category","embeddable":true,"href":"https:\/\/graziamagazine.com\/mx\/wp-json\/wp\/v2\/categories?post=151341"}],"curies":[{"name":"wp","href":"https:\/\/api.w.org\/{rel}","templated":true}]}}