{"id":151254,"date":"2025-05-27T13:48:12","date_gmt":"2025-05-27T18:48:12","guid":{"rendered":"https:\/\/graziamagazine.com\/mx\/?post_type=articles&#038;p=151254"},"modified":"2025-08-26T10:34:37","modified_gmt":"2025-08-26T15:34:37","slug":"en-equilibre-la-nueva-coleccion-de-alta-joyeria-de-cartier","status":"publish","type":"articles","link":"https:\/\/graziamagazine.com\/mx\/articles\/en-equilibre-la-nueva-coleccion-de-alta-joyeria-de-cartier\/","title":{"rendered":"En Equilibre, la nueva colecci\u00f3n de alta joyer\u00eda de Cartier"},"content":{"rendered":"<p><span style=\"font-weight: 400\">Cartier present\u00f3 su nueva colecci\u00f3n de alta joyer\u00eda, En Equilibre, un manifiesto de armon\u00eda y maestr\u00eda t\u00e9cnica. M\u00e1s de 100,000 horas de trabajo artesanal han dado vida a piezas que parecen flotar entre el minimalismo y la opulencia.<\/span><\/p>\n<p><span style=\"font-weight: 400\">Desde su visi\u00f3n art\u00edstica, Cartier propone un delicado acto de equilibrio: entre simetr\u00eda y asimetr\u00eda, entre la fuerza del volumen y la ligereza del vac\u00edo, entre lo visible y lo invisible. \u201cEs el arte de crear la l\u00ednea justa, sin nada de m\u00e1s, y que sin embargo lo diga todo\u201d, dijo en un comunicado Jacqueline Karachi, directora de creaci\u00f3n de Alta Joyer\u00eda de la maison.<\/span><\/p>\n<p><span style=\"font-weight: 400\">Algunas de las piezas m\u00e1s destacadas de la colecci\u00f3n, son:<\/span><\/p>\n<p><span style=\"font-weight: 400\">Shito<\/span><\/p>\n<p><span style=\"font-weight: 400\">Shito es un collar que rinde homenaje a la piedra antes que al dise\u00f1o. Dos gotas de esmeralda zambiana de 49.37 quilates, suspendidas en una asimetr\u00eda perfecta, marcan el inicio y final de una l\u00ednea de diamantes y esmeraldas. Una X de diamantes une curvas puras que rematan en un broche ajustable con un lujo apenas insinuado.\u00a0<\/span><\/p>\n<p><img loading=\"lazy\" decoding=\"async\" class=\"alignnone size-medium wp-image-151256\" src=\"https:\/\/graziamagazine.com\/mx\/wp-content\/uploads\/sites\/13\/2025\/05\/EN-EQUILIBRE_SHITO_NECKLACE_STILL-LIFE_SRVB_24X30-360x450.jpg\" alt=\"\" width=\"360\" height=\"450\" srcset=\"https:\/\/graziamagazine.com\/mx\/wp-content\/uploads\/sites\/13\/2025\/05\/EN-EQUILIBRE_SHITO_NECKLACE_STILL-LIFE_SRVB_24X30-360x450.jpg 360w, https:\/\/graziamagazine.com\/mx\/wp-content\/uploads\/sites\/13\/2025\/05\/EN-EQUILIBRE_SHITO_NECKLACE_STILL-LIFE_SRVB_24X30-819x1024.jpg 819w, https:\/\/graziamagazine.com\/mx\/wp-content\/uploads\/sites\/13\/2025\/05\/EN-EQUILIBRE_SHITO_NECKLACE_STILL-LIFE_SRVB_24X30-768x960.jpg 768w, https:\/\/graziamagazine.com\/mx\/wp-content\/uploads\/sites\/13\/2025\/05\/EN-EQUILIBRE_SHITO_NECKLACE_STILL-LIFE_SRVB_24X30-1229x1536.jpg 1229w, https:\/\/graziamagazine.com\/mx\/wp-content\/uploads\/sites\/13\/2025\/05\/EN-EQUILIBRE_SHITO_NECKLACE_STILL-LIFE_SRVB_24X30-1639x2048.jpg 1639w, https:\/\/graziamagazine.com\/mx\/wp-content\/uploads\/sites\/13\/2025\/05\/EN-EQUILIBRE_SHITO_NECKLACE_STILL-LIFE_SRVB_24X30-400x500.jpg 400w, https:\/\/graziamagazine.com\/mx\/wp-content\/uploads\/sites\/13\/2025\/05\/EN-EQUILIBRE_SHITO_NECKLACE_STILL-LIFE_SRVB_24X30-155x194.jpg 155w, https:\/\/graziamagazine.com\/mx\/wp-content\/uploads\/sites\/13\/2025\/05\/EN-EQUILIBRE_SHITO_NECKLACE_STILL-LIFE_SRVB_24X30-scaled.jpg 2048w\" sizes=\"(max-width: 360px) 100vw, 360px\" \/><\/p>\n<p><span style=\"font-weight: 400\">Hyala<\/span><\/p>\n<p><span style=\"font-weight: 400\">Si el lujo pudiera tocarse con la ligereza del aire, se llamar\u00eda Hyala. Este collar, tejido en oro rosa, juega con la ilusi\u00f3n de que los diamantes y zafiros est\u00e1n directamente sobre la piel. Una piedra central de 5.71 quilates, suspendida sobre un diamante en forma de pera, protagoniza esta obra que recuerda a una telara\u00f1a de luz.<\/span><\/p>\n<p><img loading=\"lazy\" decoding=\"async\" class=\"alignnone size-medium wp-image-151262\" src=\"https:\/\/graziamagazine.com\/mx\/wp-content\/uploads\/sites\/13\/2025\/05\/EN-EQUILIBRE_HYALA_NECKLACE_STILL-LIFE_SRVB_24X30-360x450.jpg\" alt=\"\" width=\"360\" height=\"450\" srcset=\"https:\/\/graziamagazine.com\/mx\/wp-content\/uploads\/sites\/13\/2025\/05\/EN-EQUILIBRE_HYALA_NECKLACE_STILL-LIFE_SRVB_24X30-360x450.jpg 360w, https:\/\/graziamagazine.com\/mx\/wp-content\/uploads\/sites\/13\/2025\/05\/EN-EQUILIBRE_HYALA_NECKLACE_STILL-LIFE_SRVB_24X30-819x1024.jpg 819w, https:\/\/graziamagazine.com\/mx\/wp-content\/uploads\/sites\/13\/2025\/05\/EN-EQUILIBRE_HYALA_NECKLACE_STILL-LIFE_SRVB_24X30-768x960.jpg 768w, https:\/\/graziamagazine.com\/mx\/wp-content\/uploads\/sites\/13\/2025\/05\/EN-EQUILIBRE_HYALA_NECKLACE_STILL-LIFE_SRVB_24X30-1229x1536.jpg 1229w, https:\/\/graziamagazine.com\/mx\/wp-content\/uploads\/sites\/13\/2025\/05\/EN-EQUILIBRE_HYALA_NECKLACE_STILL-LIFE_SRVB_24X30-1639x2048.jpg 1639w, https:\/\/graziamagazine.com\/mx\/wp-content\/uploads\/sites\/13\/2025\/05\/EN-EQUILIBRE_HYALA_NECKLACE_STILL-LIFE_SRVB_24X30-400x500.jpg 400w, https:\/\/graziamagazine.com\/mx\/wp-content\/uploads\/sites\/13\/2025\/05\/EN-EQUILIBRE_HYALA_NECKLACE_STILL-LIFE_SRVB_24X30-155x194.jpg 155w, https:\/\/graziamagazine.com\/mx\/wp-content\/uploads\/sites\/13\/2025\/05\/EN-EQUILIBRE_HYALA_NECKLACE_STILL-LIFE_SRVB_24X30-scaled.jpg 2048w\" sizes=\"(max-width: 360px) 100vw, 360px\" \/><\/p>\n<p><span style=\"font-weight: 400\">Panth\u00e8re Orbitale<\/span><\/p>\n<p><span style=\"font-weight: 400\">La pantera, \u00edcono indiscutible de Cartier, regresa en Panth\u00e8re Orbitale con una fuerza escultural. Sentada sobre un cabuj\u00f3n de coral, con ojos de esmeralda y pelaje de diamantes y \u00f3nix, la felina parece lista para saltar. El dise\u00f1o se construye en torno a la intensidad crom\u00e1tica del coral y la amatista, creando un efecto hipn\u00f3tico de movimiento y volumen.<\/span><\/p>\n<p><img loading=\"lazy\" decoding=\"async\" class=\"alignnone size-medium wp-image-151263\" src=\"https:\/\/graziamagazine.com\/mx\/wp-content\/uploads\/sites\/13\/2025\/05\/EN-EQUILIBRE_PANTHE\u0300RE-ORBITALE_RING_STILL-LIFE_SRVB_24X30-360x450.jpg\" alt=\"\" width=\"360\" height=\"450\" srcset=\"https:\/\/graziamagazine.com\/mx\/wp-content\/uploads\/sites\/13\/2025\/05\/EN-EQUILIBRE_PANTHE\u0300RE-ORBITALE_RING_STILL-LIFE_SRVB_24X30-360x450.jpg 360w, https:\/\/graziamagazine.com\/mx\/wp-content\/uploads\/sites\/13\/2025\/05\/EN-EQUILIBRE_PANTHE\u0300RE-ORBITALE_RING_STILL-LIFE_SRVB_24X30-819x1024.jpg 819w, https:\/\/graziamagazine.com\/mx\/wp-content\/uploads\/sites\/13\/2025\/05\/EN-EQUILIBRE_PANTHE\u0300RE-ORBITALE_RING_STILL-LIFE_SRVB_24X30-768x960.jpg 768w, https:\/\/graziamagazine.com\/mx\/wp-content\/uploads\/sites\/13\/2025\/05\/EN-EQUILIBRE_PANTHE\u0300RE-ORBITALE_RING_STILL-LIFE_SRVB_24X30-1229x1536.jpg 1229w, https:\/\/graziamagazine.com\/mx\/wp-content\/uploads\/sites\/13\/2025\/05\/EN-EQUILIBRE_PANTHE\u0300RE-ORBITALE_RING_STILL-LIFE_SRVB_24X30-1639x2048.jpg 1639w, https:\/\/graziamagazine.com\/mx\/wp-content\/uploads\/sites\/13\/2025\/05\/EN-EQUILIBRE_PANTHE\u0300RE-ORBITALE_RING_STILL-LIFE_SRVB_24X30-400x500.jpg 400w, https:\/\/graziamagazine.com\/mx\/wp-content\/uploads\/sites\/13\/2025\/05\/EN-EQUILIBRE_PANTHE\u0300RE-ORBITALE_RING_STILL-LIFE_SRVB_24X30-155x194.jpg 155w, https:\/\/graziamagazine.com\/mx\/wp-content\/uploads\/sites\/13\/2025\/05\/EN-EQUILIBRE_PANTHE\u0300RE-ORBITALE_RING_STILL-LIFE_SRVB_24X30-scaled.jpg 2048w\" sizes=\"(max-width: 360px) 100vw, 360px\" \/><\/p>\n<p><span style=\"font-weight: 400\">Panth\u00e8re Dentel\u00e9e<\/span><\/p>\n<p><span style=\"font-weight: 400\">En Panth\u00e8re Dentel\u00e9e, la elegancia se transforma en movimiento. El cuerpo de la pantera se convierte en un delicado encaje con motivos calados, \u00f3nix y diamantes. Pero son las esmeraldas colombianas \u2014cascadas de cuentas facetadas de distintas medidas\u2014 las que aportan una fluidez que casi parece org\u00e1nica. Una coreograf\u00eda de luz, color y t\u00e9cnica.<\/span><\/p>\n<p><img loading=\"lazy\" decoding=\"async\" class=\"alignnone size-medium wp-image-151265\" src=\"https:\/\/graziamagazine.com\/mx\/wp-content\/uploads\/sites\/13\/2025\/05\/EN-EQUILIBRE_PANTHERE-DENTELEEE_NECKLACE_STILL-LIFE_SRVB_24X30-360x450.jpg\" alt=\"\" width=\"360\" height=\"450\" srcset=\"https:\/\/graziamagazine.com\/mx\/wp-content\/uploads\/sites\/13\/2025\/05\/EN-EQUILIBRE_PANTHERE-DENTELEEE_NECKLACE_STILL-LIFE_SRVB_24X30-360x450.jpg 360w, https:\/\/graziamagazine.com\/mx\/wp-content\/uploads\/sites\/13\/2025\/05\/EN-EQUILIBRE_PANTHERE-DENTELEEE_NECKLACE_STILL-LIFE_SRVB_24X30-819x1024.jpg 819w, https:\/\/graziamagazine.com\/mx\/wp-content\/uploads\/sites\/13\/2025\/05\/EN-EQUILIBRE_PANTHERE-DENTELEEE_NECKLACE_STILL-LIFE_SRVB_24X30-768x960.jpg 768w, https:\/\/graziamagazine.com\/mx\/wp-content\/uploads\/sites\/13\/2025\/05\/EN-EQUILIBRE_PANTHERE-DENTELEEE_NECKLACE_STILL-LIFE_SRVB_24X30-1229x1536.jpg 1229w, https:\/\/graziamagazine.com\/mx\/wp-content\/uploads\/sites\/13\/2025\/05\/EN-EQUILIBRE_PANTHERE-DENTELEEE_NECKLACE_STILL-LIFE_SRVB_24X30-1639x2048.jpg 1639w, https:\/\/graziamagazine.com\/mx\/wp-content\/uploads\/sites\/13\/2025\/05\/EN-EQUILIBRE_PANTHERE-DENTELEEE_NECKLACE_STILL-LIFE_SRVB_24X30-400x500.jpg 400w, https:\/\/graziamagazine.com\/mx\/wp-content\/uploads\/sites\/13\/2025\/05\/EN-EQUILIBRE_PANTHERE-DENTELEEE_NECKLACE_STILL-LIFE_SRVB_24X30-155x194.jpg 155w, https:\/\/graziamagazine.com\/mx\/wp-content\/uploads\/sites\/13\/2025\/05\/EN-EQUILIBRE_PANTHERE-DENTELEEE_NECKLACE_STILL-LIFE_SRVB_24X30-scaled.jpg 2048w\" sizes=\"(max-width: 360px) 100vw, 360px\" \/><\/p>\n<p><span style=\"font-weight: 400\">Tsagaan<\/span><\/p>\n<p><span style=\"font-weight: 400\">Inspirado en el leopardo de las nieves, Tsagaan juega con la ilusi\u00f3n \u00f3ptica. Seg\u00fan el \u00e1ngulo desde el que se mire, su rostro felino aparece o desaparece entre motivos geom\u00e9tricos incrustados con diamantes de corte cometa, rombo y tri\u00e1ngulo. Un homenaje al camuflaje natural, convertido en obra de arte.<\/span><\/p>\n<p><img loading=\"lazy\" decoding=\"async\" class=\"alignnone size-medium wp-image-151261\" src=\"https:\/\/graziamagazine.com\/mx\/wp-content\/uploads\/sites\/13\/2025\/05\/EN-EQUILIBRE_TSAGAAN_NECKLACE_STILL-LIFE_SRVB_24X30-360x450.jpg\" alt=\"\" width=\"360\" height=\"450\" srcset=\"https:\/\/graziamagazine.com\/mx\/wp-content\/uploads\/sites\/13\/2025\/05\/EN-EQUILIBRE_TSAGAAN_NECKLACE_STILL-LIFE_SRVB_24X30-360x450.jpg 360w, https:\/\/graziamagazine.com\/mx\/wp-content\/uploads\/sites\/13\/2025\/05\/EN-EQUILIBRE_TSAGAAN_NECKLACE_STILL-LIFE_SRVB_24X30-819x1024.jpg 819w, https:\/\/graziamagazine.com\/mx\/wp-content\/uploads\/sites\/13\/2025\/05\/EN-EQUILIBRE_TSAGAAN_NECKLACE_STILL-LIFE_SRVB_24X30-768x960.jpg 768w, https:\/\/graziamagazine.com\/mx\/wp-content\/uploads\/sites\/13\/2025\/05\/EN-EQUILIBRE_TSAGAAN_NECKLACE_STILL-LIFE_SRVB_24X30-1229x1536.jpg 1229w, https:\/\/graziamagazine.com\/mx\/wp-content\/uploads\/sites\/13\/2025\/05\/EN-EQUILIBRE_TSAGAAN_NECKLACE_STILL-LIFE_SRVB_24X30-1639x2048.jpg 1639w, https:\/\/graziamagazine.com\/mx\/wp-content\/uploads\/sites\/13\/2025\/05\/EN-EQUILIBRE_TSAGAAN_NECKLACE_STILL-LIFE_SRVB_24X30-400x500.jpg 400w, https:\/\/graziamagazine.com\/mx\/wp-content\/uploads\/sites\/13\/2025\/05\/EN-EQUILIBRE_TSAGAAN_NECKLACE_STILL-LIFE_SRVB_24X30-155x194.jpg 155w, https:\/\/graziamagazine.com\/mx\/wp-content\/uploads\/sites\/13\/2025\/05\/EN-EQUILIBRE_TSAGAAN_NECKLACE_STILL-LIFE_SRVB_24X30-scaled.jpg 2048w\" sizes=\"(max-width: 360px) 100vw, 360px\" \/><\/p>\n<p><span style=\"font-weight: 400\">Traforato<\/span><\/p>\n<p><span style=\"font-weight: 400\">Traforato es un ejercicio de precisi\u00f3n: tres esmeraldas colombianas octagonales sirven de eje para una malla geom\u00e9trica con detalles en \u00f3nix y diamante. La estructura calada potencia los colores blanco, negro y verde \u2014la trinidad crom\u00e1tica de Cartier\u2014 creando un efecto \u00f3ptico vibrante y elegante.<\/span><\/p>\n<p><img loading=\"lazy\" decoding=\"async\" class=\"alignnone size-medium wp-image-151260\" src=\"https:\/\/graziamagazine.com\/mx\/wp-content\/uploads\/sites\/13\/2025\/05\/EN-EQUILIBRE_TRAFORATO_NECKLACE_STILL-LIFE_SRVB_24X30-360x450.jpg\" alt=\"\" width=\"360\" height=\"450\" srcset=\"https:\/\/graziamagazine.com\/mx\/wp-content\/uploads\/sites\/13\/2025\/05\/EN-EQUILIBRE_TRAFORATO_NECKLACE_STILL-LIFE_SRVB_24X30-360x450.jpg 360w, https:\/\/graziamagazine.com\/mx\/wp-content\/uploads\/sites\/13\/2025\/05\/EN-EQUILIBRE_TRAFORATO_NECKLACE_STILL-LIFE_SRVB_24X30-819x1024.jpg 819w, https:\/\/graziamagazine.com\/mx\/wp-content\/uploads\/sites\/13\/2025\/05\/EN-EQUILIBRE_TRAFORATO_NECKLACE_STILL-LIFE_SRVB_24X30-768x960.jpg 768w, https:\/\/graziamagazine.com\/mx\/wp-content\/uploads\/sites\/13\/2025\/05\/EN-EQUILIBRE_TRAFORATO_NECKLACE_STILL-LIFE_SRVB_24X30-1229x1536.jpg 1229w, https:\/\/graziamagazine.com\/mx\/wp-content\/uploads\/sites\/13\/2025\/05\/EN-EQUILIBRE_TRAFORATO_NECKLACE_STILL-LIFE_SRVB_24X30-1639x2048.jpg 1639w, https:\/\/graziamagazine.com\/mx\/wp-content\/uploads\/sites\/13\/2025\/05\/EN-EQUILIBRE_TRAFORATO_NECKLACE_STILL-LIFE_SRVB_24X30-400x500.jpg 400w, https:\/\/graziamagazine.com\/mx\/wp-content\/uploads\/sites\/13\/2025\/05\/EN-EQUILIBRE_TRAFORATO_NECKLACE_STILL-LIFE_SRVB_24X30-155x194.jpg 155w, https:\/\/graziamagazine.com\/mx\/wp-content\/uploads\/sites\/13\/2025\/05\/EN-EQUILIBRE_TRAFORATO_NECKLACE_STILL-LIFE_SRVB_24X30-scaled.jpg 2048w\" sizes=\"(max-width: 360px) 100vw, 360px\" \/><\/p>\n<p><span style=\"font-weight: 400\">Pavocelle<\/span><\/p>\n<p><span style=\"font-weight: 400\">Inspirada en las plumas oculares del pavo real, Pavocelle gira en torno a un espectacular zafiro de Ceil\u00e1n de 58.08 quilates. Este cabuj\u00f3n ovalado lidera un dise\u00f1o con vol\u00famenes calados que replican la majestuosa cola del ave. Adem\u00e1s, la pieza es transformable: puede convertirse en broche o collar, seg\u00fan el deseo de quien la porte.<\/span><\/p>\n<p><img loading=\"lazy\" decoding=\"async\" class=\"alignnone size-medium wp-image-151255\" src=\"https:\/\/graziamagazine.com\/mx\/wp-content\/uploads\/sites\/13\/2025\/05\/EN-EQUILIBRE_PAVOCELLE_NECKLACE_STILL-LIFE_SRVB_24X30-360x450.jpg\" alt=\"\" width=\"360\" height=\"450\" srcset=\"https:\/\/graziamagazine.com\/mx\/wp-content\/uploads\/sites\/13\/2025\/05\/EN-EQUILIBRE_PAVOCELLE_NECKLACE_STILL-LIFE_SRVB_24X30-360x450.jpg 360w, https:\/\/graziamagazine.com\/mx\/wp-content\/uploads\/sites\/13\/2025\/05\/EN-EQUILIBRE_PAVOCELLE_NECKLACE_STILL-LIFE_SRVB_24X30-819x1024.jpg 819w, https:\/\/graziamagazine.com\/mx\/wp-content\/uploads\/sites\/13\/2025\/05\/EN-EQUILIBRE_PAVOCELLE_NECKLACE_STILL-LIFE_SRVB_24X30-768x960.jpg 768w, https:\/\/graziamagazine.com\/mx\/wp-content\/uploads\/sites\/13\/2025\/05\/EN-EQUILIBRE_PAVOCELLE_NECKLACE_STILL-LIFE_SRVB_24X30-1229x1536.jpg 1229w, https:\/\/graziamagazine.com\/mx\/wp-content\/uploads\/sites\/13\/2025\/05\/EN-EQUILIBRE_PAVOCELLE_NECKLACE_STILL-LIFE_SRVB_24X30-1639x2048.jpg 1639w, https:\/\/graziamagazine.com\/mx\/wp-content\/uploads\/sites\/13\/2025\/05\/EN-EQUILIBRE_PAVOCELLE_NECKLACE_STILL-LIFE_SRVB_24X30-400x500.jpg 400w, https:\/\/graziamagazine.com\/mx\/wp-content\/uploads\/sites\/13\/2025\/05\/EN-EQUILIBRE_PAVOCELLE_NECKLACE_STILL-LIFE_SRVB_24X30-155x194.jpg 155w, https:\/\/graziamagazine.com\/mx\/wp-content\/uploads\/sites\/13\/2025\/05\/EN-EQUILIBRE_PAVOCELLE_NECKLACE_STILL-LIFE_SRVB_24X30-scaled.jpg 2048w\" sizes=\"(max-width: 360px) 100vw, 360px\" \/><\/p>\n<p><span style=\"font-weight: 400\">Summae<\/span><\/p>\n<p><span style=\"font-weight: 400\">La sobriedad se vuelve sublime en Summae, un conjunto de anillo, collar y aretes que dibujan l\u00edneas puras con diamantes de corte triodia, \u00f3nix y esmeraldas. Como si estuvieran suspendidas en el aire, las piedras parecen flotar gracias a una estructura casi invisible. Un truco visual que solo el savoir-faire de Cartier puede lograr.<\/span><\/p>\n<p><img loading=\"lazy\" decoding=\"async\" class=\"alignnone size-medium wp-image-151258\" src=\"https:\/\/graziamagazine.com\/mx\/wp-content\/uploads\/sites\/13\/2025\/05\/EN-EQUILIBRE_SUMMAE_RING_STILL-LIFE_SRVB_24X30-360x450.jpg\" alt=\"\" width=\"360\" height=\"450\" srcset=\"https:\/\/graziamagazine.com\/mx\/wp-content\/uploads\/sites\/13\/2025\/05\/EN-EQUILIBRE_SUMMAE_RING_STILL-LIFE_SRVB_24X30-360x450.jpg 360w, https:\/\/graziamagazine.com\/mx\/wp-content\/uploads\/sites\/13\/2025\/05\/EN-EQUILIBRE_SUMMAE_RING_STILL-LIFE_SRVB_24X30-819x1024.jpg 819w, https:\/\/graziamagazine.com\/mx\/wp-content\/uploads\/sites\/13\/2025\/05\/EN-EQUILIBRE_SUMMAE_RING_STILL-LIFE_SRVB_24X30-768x960.jpg 768w, https:\/\/graziamagazine.com\/mx\/wp-content\/uploads\/sites\/13\/2025\/05\/EN-EQUILIBRE_SUMMAE_RING_STILL-LIFE_SRVB_24X30-1229x1536.jpg 1229w, https:\/\/graziamagazine.com\/mx\/wp-content\/uploads\/sites\/13\/2025\/05\/EN-EQUILIBRE_SUMMAE_RING_STILL-LIFE_SRVB_24X30-1639x2048.jpg 1639w, https:\/\/graziamagazine.com\/mx\/wp-content\/uploads\/sites\/13\/2025\/05\/EN-EQUILIBRE_SUMMAE_RING_STILL-LIFE_SRVB_24X30-400x500.jpg 400w, https:\/\/graziamagazine.com\/mx\/wp-content\/uploads\/sites\/13\/2025\/05\/EN-EQUILIBRE_SUMMAE_RING_STILL-LIFE_SRVB_24X30-155x194.jpg 155w, https:\/\/graziamagazine.com\/mx\/wp-content\/uploads\/sites\/13\/2025\/05\/EN-EQUILIBRE_SUMMAE_RING_STILL-LIFE_SRVB_24X30-scaled.jpg 2048w\" sizes=\"(max-width: 360px) 100vw, 360px\" \/><\/p>\n<p><span style=\"font-weight: 400\">\u201cCada pieza es un reto t\u00e9cnico que respeta la esencia de la alta joyer\u00eda de la maison\u201d, explica Alexa Abitbol, directora de los talleres de Alta Joyer\u00eda de Cartier. El resultado es una colecci\u00f3n llena de precisi\u00f3n, equilibrio y belleza.<\/span><\/p>\n","protected":false},"author":11628,"featured_media":151264,"template":"","format":"standard","categories":[17161],"acf":[],"yoast_head":"<!-- This site is optimized with the Yoast SEO Premium plugin v18.5 (Yoast SEO v20.4) - https:\/\/yoast.com\/wordpress\/plugins\/seo\/ -->\n<title>En \u00c9quilibre, la nueva colecci\u00f3n de alta joyer\u00eda de Cartier<\/title>\n<meta name=\"description\" content=\"Cartier present\u00f3 su nueva colecci\u00f3n de alta joyer\u00eda, En Equilibre, un manifiesto de armon\u00eda y maestr\u00eda t\u00e9cnica. M\u00e1s de 100,000 horas de trabajo artesanal\" \/>\n<meta name=\"robots\" content=\"index, follow, max-snippet:-1, max-image-preview:large, max-video-preview:-1\" \/>\n<link rel=\"canonical\" href=\"https:\/\/graziamagazine.com\/mx\/articles\/en-equilibre-la-nueva-coleccion-de-alta-joyeria-de-cartier\/\" \/>\n<meta property=\"og:locale\" content=\"es_MX\" \/>\n<meta property=\"og:type\" content=\"article\" \/>\n<meta property=\"og:title\" content=\"En Equilibre, la nueva colecci\u00f3n de alta joyer\u00eda de Cartier\" \/>\n<meta property=\"og:description\" content=\"Cartier present\u00f3 su nueva colecci\u00f3n de alta joyer\u00eda, En Equilibre, un manifiesto de armon\u00eda y maestr\u00eda t\u00e9cnica. M\u00e1s de 100,000 horas de trabajo artesanal\" \/>\n<meta property=\"og:url\" content=\"https:\/\/graziamagazine.com\/mx\/articles\/en-equilibre-la-nueva-coleccion-de-alta-joyeria-de-cartier\/\" \/>\n<meta property=\"og:site_name\" content=\"Grazia M\u00e9xico y Latinoam\u00e9rica\" \/>\n<meta property=\"article:modified_time\" content=\"2025-08-26T15:34:37+00:00\" \/>\n<meta property=\"og:image\" content=\"https:\/\/graziamagazine.com\/mx\/wp-content\/uploads\/sites\/13\/2025\/05\/rgrg.jpg\" \/>\n\t<meta property=\"og:image:width\" content=\"518\" \/>\n\t<meta property=\"og:image:height\" content=\"298\" \/>\n\t<meta property=\"og:image:type\" content=\"image\/jpeg\" \/>\n<meta name=\"twitter:card\" content=\"summary_large_image\" \/>\n<meta name=\"twitter:label1\" content=\"Est. reading time\" \/>\n\t<meta name=\"twitter:data1\" content=\"5 minutos\" \/>\n<script type=\"application\/ld+json\" class=\"yoast-schema-graph\">{\"@context\":\"https:\/\/schema.org\",\"@graph\":[{\"@type\":\"WebPage\",\"@id\":\"https:\/\/graziamagazine.com\/mx\/articles\/en-equilibre-la-nueva-coleccion-de-alta-joyeria-de-cartier\/\",\"url\":\"https:\/\/graziamagazine.com\/mx\/articles\/en-equilibre-la-nueva-coleccion-de-alta-joyeria-de-cartier\/\",\"name\":\"En \u00c9quilibre, la nueva colecci\u00f3n de alta joyer\u00eda de Cartier\",\"isPartOf\":{\"@id\":\"https:\/\/graziamagazine.com\/mx\/#website\"},\"datePublished\":\"2025-05-27T18:48:12+00:00\",\"dateModified\":\"2025-08-26T15:34:37+00:00\",\"description\":\"Cartier present\u00f3 su nueva colecci\u00f3n de alta joyer\u00eda, En Equilibre, un manifiesto de armon\u00eda y maestr\u00eda t\u00e9cnica. M\u00e1s de 100,000 horas de trabajo artesanal\",\"breadcrumb\":{\"@id\":\"https:\/\/graziamagazine.com\/mx\/articles\/en-equilibre-la-nueva-coleccion-de-alta-joyeria-de-cartier\/#breadcrumb\"},\"inLanguage\":\"es-MX\",\"potentialAction\":[{\"@type\":\"ReadAction\",\"target\":[\"https:\/\/graziamagazine.com\/mx\/articles\/en-equilibre-la-nueva-coleccion-de-alta-joyeria-de-cartier\/\"]}]},{\"@type\":\"BreadcrumbList\",\"@id\":\"https:\/\/graziamagazine.com\/mx\/articles\/en-equilibre-la-nueva-coleccion-de-alta-joyeria-de-cartier\/#breadcrumb\",\"itemListElement\":[{\"@type\":\"ListItem\",\"position\":1,\"name\":\"Home\",\"item\":\"https:\/\/graziamagazine.com\/mx\/\"},{\"@type\":\"ListItem\",\"position\":2,\"name\":\"En Equilibre, la nueva colecci\u00f3n de alta joyer\u00eda de Cartier\"}]},{\"@type\":\"WebSite\",\"@id\":\"https:\/\/graziamagazine.com\/mx\/#website\",\"url\":\"https:\/\/graziamagazine.com\/mx\/\",\"name\":\"Grazia M\u00e9xico y Latinoam\u00e9rica\",\"description\":\"Grazia es moda, belleza y noticias  de actualidad \",\"potentialAction\":[{\"@type\":\"SearchAction\",\"target\":{\"@type\":\"EntryPoint\",\"urlTemplate\":\"https:\/\/graziamagazine.com\/mx\/?s={search_term_string}\"},\"query-input\":\"required name=search_term_string\"}],\"inLanguage\":\"es-MX\"}]}<\/script>\n<!-- \/ Yoast SEO Premium plugin. -->","yoast_head_json":{"title":"En \u00c9quilibre, la nueva colecci\u00f3n de alta joyer\u00eda de Cartier","description":"Cartier present\u00f3 su nueva colecci\u00f3n de alta joyer\u00eda, En Equilibre, un manifiesto de armon\u00eda y maestr\u00eda t\u00e9cnica. M\u00e1s de 100,000 horas de trabajo artesanal","robots":{"index":"index","follow":"follow","max-snippet":"max-snippet:-1","max-image-preview":"max-image-preview:large","max-video-preview":"max-video-preview:-1"},"canonical":"https:\/\/graziamagazine.com\/mx\/articles\/en-equilibre-la-nueva-coleccion-de-alta-joyeria-de-cartier\/","og_locale":"es_MX","og_type":"article","og_title":"En Equilibre, la nueva colecci\u00f3n de alta joyer\u00eda de Cartier","og_description":"Cartier present\u00f3 su nueva colecci\u00f3n de alta joyer\u00eda, En Equilibre, un manifiesto de armon\u00eda y maestr\u00eda t\u00e9cnica. M\u00e1s de 100,000 horas de trabajo artesanal","og_url":"https:\/\/graziamagazine.com\/mx\/articles\/en-equilibre-la-nueva-coleccion-de-alta-joyeria-de-cartier\/","og_site_name":"Grazia M\u00e9xico y Latinoam\u00e9rica","article_modified_time":"2025-08-26T15:34:37+00:00","og_image":[{"width":518,"height":298,"url":"https:\/\/graziamagazine.com\/mx\/wp-content\/uploads\/sites\/13\/2025\/05\/rgrg.jpg","type":"image\/jpeg"}],"twitter_card":"summary_large_image","twitter_misc":{"Est. reading time":"5 minutos"},"schema":{"@context":"https:\/\/schema.org","@graph":[{"@type":"WebPage","@id":"https:\/\/graziamagazine.com\/mx\/articles\/en-equilibre-la-nueva-coleccion-de-alta-joyeria-de-cartier\/","url":"https:\/\/graziamagazine.com\/mx\/articles\/en-equilibre-la-nueva-coleccion-de-alta-joyeria-de-cartier\/","name":"En \u00c9quilibre, la nueva colecci\u00f3n de alta joyer\u00eda de Cartier","isPartOf":{"@id":"https:\/\/graziamagazine.com\/mx\/#website"},"datePublished":"2025-05-27T18:48:12+00:00","dateModified":"2025-08-26T15:34:37+00:00","description":"Cartier present\u00f3 su nueva colecci\u00f3n de alta joyer\u00eda, En Equilibre, un manifiesto de armon\u00eda y maestr\u00eda t\u00e9cnica. M\u00e1s de 100,000 horas de trabajo artesanal","breadcrumb":{"@id":"https:\/\/graziamagazine.com\/mx\/articles\/en-equilibre-la-nueva-coleccion-de-alta-joyeria-de-cartier\/#breadcrumb"},"inLanguage":"es-MX","potentialAction":[{"@type":"ReadAction","target":["https:\/\/graziamagazine.com\/mx\/articles\/en-equilibre-la-nueva-coleccion-de-alta-joyeria-de-cartier\/"]}]},{"@type":"BreadcrumbList","@id":"https:\/\/graziamagazine.com\/mx\/articles\/en-equilibre-la-nueva-coleccion-de-alta-joyeria-de-cartier\/#breadcrumb","itemListElement":[{"@type":"ListItem","position":1,"name":"Home","item":"https:\/\/graziamagazine.com\/mx\/"},{"@type":"ListItem","position":2,"name":"En Equilibre, la nueva colecci\u00f3n de alta joyer\u00eda de Cartier"}]},{"@type":"WebSite","@id":"https:\/\/graziamagazine.com\/mx\/#website","url":"https:\/\/graziamagazine.com\/mx\/","name":"Grazia M\u00e9xico y Latinoam\u00e9rica","description":"Grazia es moda, belleza y noticias  de actualidad ","potentialAction":[{"@type":"SearchAction","target":{"@type":"EntryPoint","urlTemplate":"https:\/\/graziamagazine.com\/mx\/?s={search_term_string}"},"query-input":"required name=search_term_string"}],"inLanguage":"es-MX"}]}},"jetpack_sharing_enabled":true,"distributor_meta":false,"distributor_terms":false,"distributor_media":false,"distributor_original_site_name":"Grazia M\u00e9xico y Latinoam\u00e9rica","distributor_original_site_url":"https:\/\/graziamagazine.com\/mx","push-errors":false,"_links":{"self":[{"href":"https:\/\/graziamagazine.com\/mx\/wp-json\/wp\/v2\/articles\/151254"}],"collection":[{"href":"https:\/\/graziamagazine.com\/mx\/wp-json\/wp\/v2\/articles"}],"about":[{"href":"https:\/\/graziamagazine.com\/mx\/wp-json\/wp\/v2\/types\/articles"}],"author":[{"embeddable":true,"href":"https:\/\/graziamagazine.com\/mx\/wp-json\/wp\/v2\/users\/11628"}],"wp:featuredmedia":[{"embeddable":true,"href":"https:\/\/graziamagazine.com\/mx\/wp-json\/wp\/v2\/media\/151264"}],"wp:attachment":[{"href":"https:\/\/graziamagazine.com\/mx\/wp-json\/wp\/v2\/media?parent=151254"}],"wp:term":[{"taxonomy":"category","embeddable":true,"href":"https:\/\/graziamagazine.com\/mx\/wp-json\/wp\/v2\/categories?post=151254"}],"curies":[{"name":"wp","href":"https:\/\/api.w.org\/{rel}","templated":true}]}}