{"id":151244,"date":"2025-05-27T11:57:32","date_gmt":"2025-05-27T16:57:32","guid":{"rendered":"https:\/\/graziamagazine.com\/mx\/?post_type=articles&#038;p=151244"},"modified":"2025-05-27T12:08:45","modified_gmt":"2025-05-27T17:08:45","slug":"louis-vuitton-impregna-glamour-gran-premio-monaco-2025","status":"publish","type":"articles","link":"https:\/\/graziamagazine.com\/mx\/articles\/louis-vuitton-impregna-glamour-gran-premio-monaco-2025\/","title":{"rendered":"\u00a1Lujo a toda velocidad! Louis Vuitton impregna de glamour el Gran Premio de M\u00f3naco 2025"},"content":{"rendered":"<p>\u00a1Lujo, elegancia y motores! <strong>Louis Vuitton<\/strong> vuelve a poner el broche de oro al ic\u00f3nico Gran Premio de M\u00f3naco. Del 23 al 25 de mayo, la Maison francesa despleg\u00f3 su <em>savoir-faire<\/em> en Montecarlo con un <strong>exclusivo ba\u00fal de trofeos<\/strong> hecho a medida, demostrando una vez m\u00e1s que nada queda fuera del universo de la marca.<\/p>\n<p>Y no es para menos: la marca no solo entrega el ba\u00fal que llevar\u00e1 el trofeo del ganador, sino que adem\u00e1s <strong>estrena firma gr\u00e1fica<\/strong> para la se\u00f1alizaci\u00f3n en la pista.<\/p>\n<figure id=\"attachment_151246\" aria-describedby=\"caption-attachment-151246\" style=\"width: 360px\" class=\"wp-caption alignnone\"><img loading=\"lazy\" decoding=\"async\" class=\"size-medium wp-image-151246\" src=\"https:\/\/graziamagazine.com\/mx\/wp-content\/uploads\/sites\/13\/2025\/05\/LOUIS_VUITTON_F1-2025_BEAUTY-SHOT_MONACO_PRESS_1600x2000-360x450.jpg\" alt=\"\" width=\"360\" height=\"450\" srcset=\"https:\/\/graziamagazine.com\/mx\/wp-content\/uploads\/sites\/13\/2025\/05\/LOUIS_VUITTON_F1-2025_BEAUTY-SHOT_MONACO_PRESS_1600x2000-360x450.jpg 360w, https:\/\/graziamagazine.com\/mx\/wp-content\/uploads\/sites\/13\/2025\/05\/LOUIS_VUITTON_F1-2025_BEAUTY-SHOT_MONACO_PRESS_1600x2000-819x1024.jpg 819w, https:\/\/graziamagazine.com\/mx\/wp-content\/uploads\/sites\/13\/2025\/05\/LOUIS_VUITTON_F1-2025_BEAUTY-SHOT_MONACO_PRESS_1600x2000-768x960.jpg 768w, https:\/\/graziamagazine.com\/mx\/wp-content\/uploads\/sites\/13\/2025\/05\/LOUIS_VUITTON_F1-2025_BEAUTY-SHOT_MONACO_PRESS_1600x2000-1229x1536.jpg 1229w, https:\/\/graziamagazine.com\/mx\/wp-content\/uploads\/sites\/13\/2025\/05\/LOUIS_VUITTON_F1-2025_BEAUTY-SHOT_MONACO_PRESS_1600x2000-400x500.jpg 400w, https:\/\/graziamagazine.com\/mx\/wp-content\/uploads\/sites\/13\/2025\/05\/LOUIS_VUITTON_F1-2025_BEAUTY-SHOT_MONACO_PRESS_1600x2000-155x194.jpg 155w, https:\/\/graziamagazine.com\/mx\/wp-content\/uploads\/sites\/13\/2025\/05\/LOUIS_VUITTON_F1-2025_BEAUTY-SHOT_MONACO_PRESS_1600x2000.jpg 1600w\" sizes=\"(max-width: 360px) 100vw, 360px\" \/><figcaption id=\"caption-attachment-151246\" class=\"wp-caption-text\">Louis Vuitton impregna de glamour la F\u00f3rmula 1\/ Cr\u00e9dito: Louis Vuitton<\/figcaption><\/figure>\n<p>Un dise\u00f1o \u201cque captura la sensaci\u00f3n de velocidad y calor\u201d, como explic\u00f3 <strong>Nicolas Ghesqui\u00e8re, director art\u00edstico de las colecciones femeninas de Louis Vuitton<\/strong>, e integra el logo de la marca de forma din\u00e1mica y estilizada en el glamouroso circuito urbano.<\/p>\n<p>Montecarlo, ese enclave de ensue\u00f1o entre los Alpes y el Mediterr\u00e1neo, recibe nuevamente a los mejores pilotos del planeta. Y en plena celebraci\u00f3n del 75.\u00ba aniversario de la F1\u00ae, Louis Vuitton <strong>reafirma su pasi\u00f3n por lo extraordinario<\/strong>.<\/p>\n<p>Este a\u00f1o, el Ba\u00fal Trofeo lleva con orgullo los colores rojo y blanco de la bandera de M\u00f3naco, con una poderosa \u201cV\u201d en el frente que representa tanto a \u201c<strong>Victoria\u201d como a \u201cVuitton\u201d<\/strong>. Una declaraci\u00f3n visual tan audaz como el trazado de Montecarlo.<\/p>\n<figure id=\"attachment_151247\" aria-describedby=\"caption-attachment-151247\" style=\"width: 360px\" class=\"wp-caption alignnone\"><img loading=\"lazy\" decoding=\"async\" class=\"size-medium wp-image-151247\" src=\"https:\/\/graziamagazine.com\/mx\/wp-content\/uploads\/sites\/13\/2025\/05\/LOUIS_VUITTON_F1_MONACO_TROPHY_TRUNK_2025_924_PRESS_1600x2000-360x450.jpg\" alt=\"\" width=\"360\" height=\"450\" srcset=\"https:\/\/graziamagazine.com\/mx\/wp-content\/uploads\/sites\/13\/2025\/05\/LOUIS_VUITTON_F1_MONACO_TROPHY_TRUNK_2025_924_PRESS_1600x2000-360x450.jpg 360w, https:\/\/graziamagazine.com\/mx\/wp-content\/uploads\/sites\/13\/2025\/05\/LOUIS_VUITTON_F1_MONACO_TROPHY_TRUNK_2025_924_PRESS_1600x2000-819x1024.jpg 819w, https:\/\/graziamagazine.com\/mx\/wp-content\/uploads\/sites\/13\/2025\/05\/LOUIS_VUITTON_F1_MONACO_TROPHY_TRUNK_2025_924_PRESS_1600x2000-768x960.jpg 768w, https:\/\/graziamagazine.com\/mx\/wp-content\/uploads\/sites\/13\/2025\/05\/LOUIS_VUITTON_F1_MONACO_TROPHY_TRUNK_2025_924_PRESS_1600x2000-1229x1536.jpg 1229w, https:\/\/graziamagazine.com\/mx\/wp-content\/uploads\/sites\/13\/2025\/05\/LOUIS_VUITTON_F1_MONACO_TROPHY_TRUNK_2025_924_PRESS_1600x2000-400x500.jpg 400w, https:\/\/graziamagazine.com\/mx\/wp-content\/uploads\/sites\/13\/2025\/05\/LOUIS_VUITTON_F1_MONACO_TROPHY_TRUNK_2025_924_PRESS_1600x2000-155x194.jpg 155w, https:\/\/graziamagazine.com\/mx\/wp-content\/uploads\/sites\/13\/2025\/05\/LOUIS_VUITTON_F1_MONACO_TROPHY_TRUNK_2025_924_PRESS_1600x2000.jpg 1600w\" sizes=\"(max-width: 360px) 100vw, 360px\" \/><figcaption id=\"caption-attachment-151247\" class=\"wp-caption-text\">Louis Vuitton impregna de glamour la F\u00f3rmula 1\/ Cr\u00e9dito: Louis Vuitton<\/figcaption><\/figure>\n<p>Y es que la conexi\u00f3n entre Louis Vuitton y la m\u00e1xima categor\u00eda del automovilismo, reforzada por el acuerdo con LVMH como Socio Global, <strong>sigue marcando hitos en la historia del deporte y la moda.<\/strong><\/p>\n<p>Este 2025, mientras los motores rugen y las c\u00e1maras del mundo apuntan a M\u00f3naco, Louis Vuitton vuelve a demostrar que <strong>no hay l\u00ednea de meta para la creatividad y el lujo<\/strong>.<\/p>\n","protected":false},"author":36289,"featured_media":151248,"template":"","format":"standard","categories":[114],"acf":[],"yoast_head":"<!-- This site is optimized with the Yoast SEO Premium plugin v18.5 (Yoast SEO v20.4) - https:\/\/yoast.com\/wordpress\/plugins\/seo\/ -->\n<title>\u00a1Lujo a toda velocidad! Louis Vuitton impregna de glamour el Gran Premio de M\u00f3naco 2025 | Grazia M\u00e9xico y Latinoam\u00e9rica<\/title>\n<meta name=\"description\" content=\"\u00a1Lujo, elegancia y motores! Louis Vuitton vuelve a poner el broche de oro al ic\u00f3nico Gran Premio de M\u00f3naco. Del 23 al 25 de mayo, la Maison francesa\" \/>\n<meta name=\"robots\" content=\"index, follow, max-snippet:-1, max-image-preview:large, max-video-preview:-1\" \/>\n<link rel=\"canonical\" href=\"https:\/\/graziamagazine.com\/mx\/articles\/louis-vuitton-impregna-glamour-gran-premio-monaco-2025\/\" \/>\n<meta property=\"og:locale\" content=\"es_MX\" \/>\n<meta property=\"og:type\" content=\"article\" \/>\n<meta property=\"og:title\" content=\"\u00a1Lujo a toda velocidad! Louis Vuitton impregna de glamour el Gran Premio de M\u00f3naco 2025\" \/>\n<meta property=\"og:description\" content=\"\u00a1Lujo, elegancia y motores! Louis Vuitton vuelve a poner el broche de oro al ic\u00f3nico Gran Premio de M\u00f3naco. Del 23 al 25 de mayo, la Maison francesa\" \/>\n<meta property=\"og:url\" content=\"https:\/\/graziamagazine.com\/mx\/articles\/louis-vuitton-impregna-glamour-gran-premio-monaco-2025\/\" \/>\n<meta property=\"og:site_name\" content=\"Grazia M\u00e9xico y Latinoam\u00e9rica\" \/>\n<meta property=\"article:modified_time\" content=\"2025-05-27T17:08:45+00:00\" \/>\n<meta property=\"og:image\" content=\"https:\/\/graziamagazine.com\/mx\/wp-content\/uploads\/sites\/13\/2025\/05\/Captura-de-Pantalla-2025-05-27-a-las-11.02.09-e1748365486454.png\" \/>\n\t<meta property=\"og:image:width\" content=\"1010\" \/>\n\t<meta property=\"og:image:height\" content=\"720\" \/>\n\t<meta property=\"og:image:type\" content=\"image\/png\" \/>\n<meta name=\"twitter:card\" content=\"summary_large_image\" \/>\n<meta name=\"twitter:label1\" content=\"Est. reading time\" \/>\n\t<meta name=\"twitter:data1\" content=\"2 minutos\" \/>\n<script type=\"application\/ld+json\" class=\"yoast-schema-graph\">{\"@context\":\"https:\/\/schema.org\",\"@graph\":[{\"@type\":\"WebPage\",\"@id\":\"https:\/\/graziamagazine.com\/mx\/articles\/louis-vuitton-impregna-glamour-gran-premio-monaco-2025\/\",\"url\":\"https:\/\/graziamagazine.com\/mx\/articles\/louis-vuitton-impregna-glamour-gran-premio-monaco-2025\/\",\"name\":\"\u00a1Lujo a toda velocidad! Louis Vuitton impregna de glamour el Gran Premio de M\u00f3naco 2025 | Grazia M\u00e9xico y Latinoam\u00e9rica\",\"isPartOf\":{\"@id\":\"https:\/\/graziamagazine.com\/mx\/#website\"},\"datePublished\":\"2025-05-27T16:57:32+00:00\",\"dateModified\":\"2025-05-27T17:08:45+00:00\",\"description\":\"\u00a1Lujo, elegancia y motores! Louis Vuitton vuelve a poner el broche de oro al ic\u00f3nico Gran Premio de M\u00f3naco. Del 23 al 25 de mayo, la Maison francesa\",\"breadcrumb\":{\"@id\":\"https:\/\/graziamagazine.com\/mx\/articles\/louis-vuitton-impregna-glamour-gran-premio-monaco-2025\/#breadcrumb\"},\"inLanguage\":\"es-MX\",\"potentialAction\":[{\"@type\":\"ReadAction\",\"target\":[\"https:\/\/graziamagazine.com\/mx\/articles\/louis-vuitton-impregna-glamour-gran-premio-monaco-2025\/\"]}]},{\"@type\":\"BreadcrumbList\",\"@id\":\"https:\/\/graziamagazine.com\/mx\/articles\/louis-vuitton-impregna-glamour-gran-premio-monaco-2025\/#breadcrumb\",\"itemListElement\":[{\"@type\":\"ListItem\",\"position\":1,\"name\":\"Home\",\"item\":\"https:\/\/graziamagazine.com\/mx\/\"},{\"@type\":\"ListItem\",\"position\":2,\"name\":\"\u00a1Lujo a toda velocidad! Louis Vuitton impregna de glamour el Gran Premio de M\u00f3naco 2025\"}]},{\"@type\":\"WebSite\",\"@id\":\"https:\/\/graziamagazine.com\/mx\/#website\",\"url\":\"https:\/\/graziamagazine.com\/mx\/\",\"name\":\"Grazia M\u00e9xico y Latinoam\u00e9rica\",\"description\":\"Grazia es moda, belleza y noticias  de actualidad \",\"potentialAction\":[{\"@type\":\"SearchAction\",\"target\":{\"@type\":\"EntryPoint\",\"urlTemplate\":\"https:\/\/graziamagazine.com\/mx\/?s={search_term_string}\"},\"query-input\":\"required name=search_term_string\"}],\"inLanguage\":\"es-MX\"}]}<\/script>\n<!-- \/ Yoast SEO Premium plugin. -->","yoast_head_json":{"title":"\u00a1Lujo a toda velocidad! Louis Vuitton impregna de glamour el Gran Premio de M\u00f3naco 2025 | Grazia M\u00e9xico y Latinoam\u00e9rica","description":"\u00a1Lujo, elegancia y motores! Louis Vuitton vuelve a poner el broche de oro al ic\u00f3nico Gran Premio de M\u00f3naco. Del 23 al 25 de mayo, la Maison francesa","robots":{"index":"index","follow":"follow","max-snippet":"max-snippet:-1","max-image-preview":"max-image-preview:large","max-video-preview":"max-video-preview:-1"},"canonical":"https:\/\/graziamagazine.com\/mx\/articles\/louis-vuitton-impregna-glamour-gran-premio-monaco-2025\/","og_locale":"es_MX","og_type":"article","og_title":"\u00a1Lujo a toda velocidad! Louis Vuitton impregna de glamour el Gran Premio de M\u00f3naco 2025","og_description":"\u00a1Lujo, elegancia y motores! Louis Vuitton vuelve a poner el broche de oro al ic\u00f3nico Gran Premio de M\u00f3naco. Del 23 al 25 de mayo, la Maison francesa","og_url":"https:\/\/graziamagazine.com\/mx\/articles\/louis-vuitton-impregna-glamour-gran-premio-monaco-2025\/","og_site_name":"Grazia M\u00e9xico y Latinoam\u00e9rica","article_modified_time":"2025-05-27T17:08:45+00:00","og_image":[{"url":"https:\/\/graziamagazine.com\/mx\/wp-content\/uploads\/sites\/13\/2025\/05\/Captura-de-Pantalla-2025-05-27-a-las-11.02.09-e1748365486454.png","width":1010,"height":720,"type":"image\/png"}],"twitter_card":"summary_large_image","twitter_misc":{"Est. reading time":"2 minutos"},"schema":{"@context":"https:\/\/schema.org","@graph":[{"@type":"WebPage","@id":"https:\/\/graziamagazine.com\/mx\/articles\/louis-vuitton-impregna-glamour-gran-premio-monaco-2025\/","url":"https:\/\/graziamagazine.com\/mx\/articles\/louis-vuitton-impregna-glamour-gran-premio-monaco-2025\/","name":"\u00a1Lujo a toda velocidad! Louis Vuitton impregna de glamour el Gran Premio de M\u00f3naco 2025 | Grazia M\u00e9xico y Latinoam\u00e9rica","isPartOf":{"@id":"https:\/\/graziamagazine.com\/mx\/#website"},"datePublished":"2025-05-27T16:57:32+00:00","dateModified":"2025-05-27T17:08:45+00:00","description":"\u00a1Lujo, elegancia y motores! Louis Vuitton vuelve a poner el broche de oro al ic\u00f3nico Gran Premio de M\u00f3naco. Del 23 al 25 de mayo, la Maison francesa","breadcrumb":{"@id":"https:\/\/graziamagazine.com\/mx\/articles\/louis-vuitton-impregna-glamour-gran-premio-monaco-2025\/#breadcrumb"},"inLanguage":"es-MX","potentialAction":[{"@type":"ReadAction","target":["https:\/\/graziamagazine.com\/mx\/articles\/louis-vuitton-impregna-glamour-gran-premio-monaco-2025\/"]}]},{"@type":"BreadcrumbList","@id":"https:\/\/graziamagazine.com\/mx\/articles\/louis-vuitton-impregna-glamour-gran-premio-monaco-2025\/#breadcrumb","itemListElement":[{"@type":"ListItem","position":1,"name":"Home","item":"https:\/\/graziamagazine.com\/mx\/"},{"@type":"ListItem","position":2,"name":"\u00a1Lujo a toda velocidad! Louis Vuitton impregna de glamour el Gran Premio de M\u00f3naco 2025"}]},{"@type":"WebSite","@id":"https:\/\/graziamagazine.com\/mx\/#website","url":"https:\/\/graziamagazine.com\/mx\/","name":"Grazia M\u00e9xico y Latinoam\u00e9rica","description":"Grazia es moda, belleza y noticias  de actualidad ","potentialAction":[{"@type":"SearchAction","target":{"@type":"EntryPoint","urlTemplate":"https:\/\/graziamagazine.com\/mx\/?s={search_term_string}"},"query-input":"required name=search_term_string"}],"inLanguage":"es-MX"}]}},"jetpack_sharing_enabled":true,"distributor_meta":false,"distributor_terms":false,"distributor_media":false,"distributor_original_site_name":"Grazia M\u00e9xico y Latinoam\u00e9rica","distributor_original_site_url":"https:\/\/graziamagazine.com\/mx","push-errors":false,"_links":{"self":[{"href":"https:\/\/graziamagazine.com\/mx\/wp-json\/wp\/v2\/articles\/151244"}],"collection":[{"href":"https:\/\/graziamagazine.com\/mx\/wp-json\/wp\/v2\/articles"}],"about":[{"href":"https:\/\/graziamagazine.com\/mx\/wp-json\/wp\/v2\/types\/articles"}],"author":[{"embeddable":true,"href":"https:\/\/graziamagazine.com\/mx\/wp-json\/wp\/v2\/users\/36289"}],"wp:featuredmedia":[{"embeddable":true,"href":"https:\/\/graziamagazine.com\/mx\/wp-json\/wp\/v2\/media\/151248"}],"wp:attachment":[{"href":"https:\/\/graziamagazine.com\/mx\/wp-json\/wp\/v2\/media?parent=151244"}],"wp:term":[{"taxonomy":"category","embeddable":true,"href":"https:\/\/graziamagazine.com\/mx\/wp-json\/wp\/v2\/categories?post=151244"}],"curies":[{"name":"wp","href":"https:\/\/api.w.org\/{rel}","templated":true}]}}