{"id":151182,"date":"2025-05-26T11:57:03","date_gmt":"2025-05-26T16:57:03","guid":{"rendered":"https:\/\/graziamagazine.com\/mx\/?post_type=articles&#038;p=151182"},"modified":"2025-05-27T17:15:47","modified_gmt":"2025-05-27T22:15:47","slug":"gucci-the-art-of-silk-viaje-lujo-entre-flores-seda-arte","status":"publish","type":"articles","link":"https:\/\/graziamagazine.com\/mx\/articles\/gucci-the-art-of-silk-viaje-lujo-entre-flores-seda-arte\/","title":{"rendered":"&#8216;Gucci: The Art of Silk&#8217;, un viaje de lujo entre flores, seda y arte"},"content":{"rendered":"<p>\u00a1Atenci\u00f3n, amantes de la moda y coleccionistas de lujo! <strong>Gucci <\/strong>ha lanzado <strong>Gucci: The Art of Silk<\/strong>, una colaboraci\u00f3n con la editorial <strong>Assouline<\/strong> que rinde tributo a las emblem\u00e1ticas mascadas de seda de la casa italiana.<\/p>\n<p><strong>Desde su origen en los a\u00f1os 50<\/strong> hasta las reinterpretaciones contempor\u00e1neas, esta obra es un homenaje visual y cultural a un accesorio que ha definido el estilo de Gucci.<\/p>\n<figure id=\"attachment_151188\" aria-describedby=\"caption-attachment-151188\" style=\"width: 1280px\" class=\"wp-caption alignnone\"><img loading=\"lazy\" decoding=\"async\" class=\"wp-image-151188 size-full\" src=\"https:\/\/graziamagazine.com\/mx\/wp-content\/uploads\/sites\/13\/2025\/05\/WhatsApp-Image-2025-05-26-at-10.36.01-AM-1.jpeg\" alt=\"\" width=\"1280\" height=\"853\" srcset=\"https:\/\/graziamagazine.com\/mx\/wp-content\/uploads\/sites\/13\/2025\/05\/WhatsApp-Image-2025-05-26-at-10.36.01-AM-1.jpeg 1280w, https:\/\/graziamagazine.com\/mx\/wp-content\/uploads\/sites\/13\/2025\/05\/WhatsApp-Image-2025-05-26-at-10.36.01-AM-1-450x300.jpeg 450w, https:\/\/graziamagazine.com\/mx\/wp-content\/uploads\/sites\/13\/2025\/05\/WhatsApp-Image-2025-05-26-at-10.36.01-AM-1-1024x682.jpeg 1024w, https:\/\/graziamagazine.com\/mx\/wp-content\/uploads\/sites\/13\/2025\/05\/WhatsApp-Image-2025-05-26-at-10.36.01-AM-1-768x512.jpeg 768w, https:\/\/graziamagazine.com\/mx\/wp-content\/uploads\/sites\/13\/2025\/05\/WhatsApp-Image-2025-05-26-at-10.36.01-AM-1-400x267.jpeg 400w, https:\/\/graziamagazine.com\/mx\/wp-content\/uploads\/sites\/13\/2025\/05\/WhatsApp-Image-2025-05-26-at-10.36.01-AM-1-155x103.jpeg 155w\" sizes=\"(max-width: 1280px) 100vw, 1280px\" \/><figcaption id=\"caption-attachment-151188\" class=\"wp-caption-text\">Gucci y Assouline presentan Gucci: The Art of Silk \/ Cr\u00e9dito: Gucci<\/figcaption><\/figure>\n<p><strong>Este volumen de 300 p\u00e1ginas<\/strong>, presentado en una funda de seda estampada, es una verdadera joya para los aficionados al dise\u00f1o y la historia de la moda.<\/p>\n<p>\u201cLa portada presenta el estampado m\u00e1s ic\u00f3nico de Gucci, Flora, un dise\u00f1o compuesto por <strong>43 variedades de flores<\/strong>, plantas e insectos, pintado totalmente a mano e inspirado en la <strong>Alegor\u00eda de la Primavera de Botticelli<\/strong>\u201d, asegur\u00f3 la marca en un comunicado de prensa.<\/p>\n<figure id=\"attachment_151184\" aria-describedby=\"caption-attachment-151184\" style=\"width: 1290px\" class=\"wp-caption alignnone\"><img loading=\"lazy\" decoding=\"async\" class=\"wp-image-151184 size-full\" src=\"https:\/\/graziamagazine.com\/mx\/wp-content\/uploads\/sites\/13\/2025\/05\/WhatsApp-Image-2025-05-26-at-10.36.21-AM-2.jpeg\" alt=\"\" width=\"1290\" height=\"822\" srcset=\"https:\/\/graziamagazine.com\/mx\/wp-content\/uploads\/sites\/13\/2025\/05\/WhatsApp-Image-2025-05-26-at-10.36.21-AM-2.jpeg 1290w, https:\/\/graziamagazine.com\/mx\/wp-content\/uploads\/sites\/13\/2025\/05\/WhatsApp-Image-2025-05-26-at-10.36.21-AM-2-450x287.jpeg 450w, https:\/\/graziamagazine.com\/mx\/wp-content\/uploads\/sites\/13\/2025\/05\/WhatsApp-Image-2025-05-26-at-10.36.21-AM-2-1024x653.jpeg 1024w, https:\/\/graziamagazine.com\/mx\/wp-content\/uploads\/sites\/13\/2025\/05\/WhatsApp-Image-2025-05-26-at-10.36.21-AM-2-768x489.jpeg 768w, https:\/\/graziamagazine.com\/mx\/wp-content\/uploads\/sites\/13\/2025\/05\/WhatsApp-Image-2025-05-26-at-10.36.21-AM-2-400x255.jpeg 400w, https:\/\/graziamagazine.com\/mx\/wp-content\/uploads\/sites\/13\/2025\/05\/WhatsApp-Image-2025-05-26-at-10.36.21-AM-2-155x99.jpeg 155w\" sizes=\"(max-width: 1290px) 100vw, 1290px\" \/><figcaption id=\"caption-attachment-151184\" class=\"wp-caption-text\">Gucci y Assouline presentan Gucci: The Art of Silk \/ Cr\u00e9dito: Gucci<\/figcaption><\/figure>\n<p>El libro, curado por <strong>Jo-Ann Furniss<\/strong> con contribuciones de <strong>Jennifer Sliwka <\/strong>y<strong> Christopher Wallace<\/strong>, ofrece una mirada profunda a la evoluci\u00f3n de las mascadas de Gucci.<\/p>\n<p>Adem\u00e1s, el libro destaca el proyecto<strong> 90\u00d790<\/strong>, una iniciativa en la que nueve artistas internacionales, como <strong>Robert Barry <\/strong>y<strong> Everett Glenn<\/strong>, reinterpretan cinco temas cl\u00e1sicos de Gucci: flora, fauna, n\u00e1utico, ecuestre y el monograma GG.<\/p>\n<div class=\"content-gallery\"><div class=\"gallery-placeholder\"><div class=\"spinner\"><\/div><\/div><span class=\"gallery-pagination\"><\/span><div id=\"gallery-1\" class=\"gallery galleryid-151182 gallery-columns- gallery-size-\"><figure class=\"gallery-item\"><div class=\"gallery-icon landscape\"><img loading=\"lazy\" decoding=\"async\" width=\"1086\" height=\"1600\" src=\"https:\/\/graziamagazine.com\/mx\/wp-content\/uploads\/sites\/13\/2025\/05\/WhatsApp-Image-2025-05-26-at-10.36.20-AM-3.jpeg\" class=\"lazy\" alt=\"\" srcset=\"https:\/\/graziamagazine.com\/mx\/wp-content\/uploads\/sites\/13\/2025\/05\/WhatsApp-Image-2025-05-26-at-10.36.20-AM-3.jpeg 1086w, https:\/\/graziamagazine.com\/mx\/wp-content\/uploads\/sites\/13\/2025\/05\/WhatsApp-Image-2025-05-26-at-10.36.20-AM-3-305x450.jpeg 305w, https:\/\/graziamagazine.com\/mx\/wp-content\/uploads\/sites\/13\/2025\/05\/WhatsApp-Image-2025-05-26-at-10.36.20-AM-3-695x1024.jpeg 695w, https:\/\/graziamagazine.com\/mx\/wp-content\/uploads\/sites\/13\/2025\/05\/WhatsApp-Image-2025-05-26-at-10.36.20-AM-3-768x1131.jpeg 768w, https:\/\/graziamagazine.com\/mx\/wp-content\/uploads\/sites\/13\/2025\/05\/WhatsApp-Image-2025-05-26-at-10.36.20-AM-3-1043x1536.jpeg 1043w, https:\/\/graziamagazine.com\/mx\/wp-content\/uploads\/sites\/13\/2025\/05\/WhatsApp-Image-2025-05-26-at-10.36.20-AM-3-400x589.jpeg 400w, https:\/\/graziamagazine.com\/mx\/wp-content\/uploads\/sites\/13\/2025\/05\/WhatsApp-Image-2025-05-26-at-10.36.20-AM-3-146x215.jpeg 146w\" sizes=\"(max-width: 1086px) 100vw, 1086px\" \/><\/div><figcaption class=\"wp-caption-text gallery-caption\" id=\"gallery-1-151187\">Gucci y Assouline presentan Gucci: The Art of Silk \/ Cr\u00e9dito: Gucci<\/figcaption><\/figure><figure class=\"gallery-item\"><div class=\"gallery-icon landscape\"><img loading=\"lazy\" decoding=\"async\" width=\"1072\" height=\"1600\" src=\"https:\/\/graziamagazine.com\/mx\/wp-content\/uploads\/sites\/13\/2025\/05\/WhatsApp-Image-2025-05-26-at-10.36.20-AM-5.jpeg\" class=\"lazy\" alt=\"\" srcset=\"https:\/\/graziamagazine.com\/mx\/wp-content\/uploads\/sites\/13\/2025\/05\/WhatsApp-Image-2025-05-26-at-10.36.20-AM-5.jpeg 1072w, https:\/\/graziamagazine.com\/mx\/wp-content\/uploads\/sites\/13\/2025\/05\/WhatsApp-Image-2025-05-26-at-10.36.20-AM-5-302x450.jpeg 302w, https:\/\/graziamagazine.com\/mx\/wp-content\/uploads\/sites\/13\/2025\/05\/WhatsApp-Image-2025-05-26-at-10.36.20-AM-5-686x1024.jpeg 686w, https:\/\/graziamagazine.com\/mx\/wp-content\/uploads\/sites\/13\/2025\/05\/WhatsApp-Image-2025-05-26-at-10.36.20-AM-5-768x1146.jpeg 768w, https:\/\/graziamagazine.com\/mx\/wp-content\/uploads\/sites\/13\/2025\/05\/WhatsApp-Image-2025-05-26-at-10.36.20-AM-5-1029x1536.jpeg 1029w, https:\/\/graziamagazine.com\/mx\/wp-content\/uploads\/sites\/13\/2025\/05\/WhatsApp-Image-2025-05-26-at-10.36.20-AM-5-400x597.jpeg 400w, https:\/\/graziamagazine.com\/mx\/wp-content\/uploads\/sites\/13\/2025\/05\/WhatsApp-Image-2025-05-26-at-10.36.20-AM-5-144x215.jpeg 144w\" sizes=\"(max-width: 1072px) 100vw, 1072px\" \/><\/div><figcaption class=\"wp-caption-text gallery-caption\" id=\"gallery-1-151185\">Gucci y Assouline presentan Gucci: The Art of Silk \/ Cr\u00e9dito: Gucci<\/figcaption><\/figure><\/div><\/div>\n<p>Estas colaboraciones fusionan el <strong>arte contempor\u00e1neo <\/strong>con la tradici\u00f3n de la seda, ofreciendo una perspectiva fresca y moderna del legado de la marca.<\/p>\n<p>Para los interesados en <strong>adquirir esta obra<\/strong> en M\u00e9xico, est\u00e1 disponible a trav\u00e9s de Gucci.com y en tiendas Gucci seleccionadas.<\/p>\n<p><strong>El precio aproximado es de $4,500 MXN<\/strong>, aunque puede variar seg\u00fan el tipo de cambio y los impuestos locales (ya que el precio original est\u00e1 en euros).<\/p>\n<figure id=\"attachment_151186\" aria-describedby=\"caption-attachment-151186\" style=\"width: 1078px\" class=\"wp-caption alignnone\"><img loading=\"lazy\" decoding=\"async\" class=\"wp-image-151186 size-full\" src=\"https:\/\/graziamagazine.com\/mx\/wp-content\/uploads\/sites\/13\/2025\/05\/WhatsApp-Image-2025-05-26-at-10.36.20-AM-4.jpeg\" alt=\"\" width=\"1078\" height=\"1600\" srcset=\"https:\/\/graziamagazine.com\/mx\/wp-content\/uploads\/sites\/13\/2025\/05\/WhatsApp-Image-2025-05-26-at-10.36.20-AM-4.jpeg 1078w, https:\/\/graziamagazine.com\/mx\/wp-content\/uploads\/sites\/13\/2025\/05\/WhatsApp-Image-2025-05-26-at-10.36.20-AM-4-303x450.jpeg 303w, https:\/\/graziamagazine.com\/mx\/wp-content\/uploads\/sites\/13\/2025\/05\/WhatsApp-Image-2025-05-26-at-10.36.20-AM-4-690x1024.jpeg 690w, https:\/\/graziamagazine.com\/mx\/wp-content\/uploads\/sites\/13\/2025\/05\/WhatsApp-Image-2025-05-26-at-10.36.20-AM-4-768x1140.jpeg 768w, https:\/\/graziamagazine.com\/mx\/wp-content\/uploads\/sites\/13\/2025\/05\/WhatsApp-Image-2025-05-26-at-10.36.20-AM-4-1035x1536.jpeg 1035w, https:\/\/graziamagazine.com\/mx\/wp-content\/uploads\/sites\/13\/2025\/05\/WhatsApp-Image-2025-05-26-at-10.36.20-AM-4-400x594.jpeg 400w, https:\/\/graziamagazine.com\/mx\/wp-content\/uploads\/sites\/13\/2025\/05\/WhatsApp-Image-2025-05-26-at-10.36.20-AM-4-145x215.jpeg 145w\" sizes=\"(max-width: 1078px) 100vw, 1078px\" \/><figcaption id=\"caption-attachment-151186\" class=\"wp-caption-text\">Gucci y Assouline presentan Gucci: The Art of Silk \/ Cr\u00e9dito: Gucci<\/figcaption><\/figure>\n<p>Este libro no solo es una celebraci\u00f3n de la artesan\u00eda y el dise\u00f1o, sino tambi\u00e9n <strong>una pieza de colecci\u00f3n<\/strong> que encapsula la esencia de Gucci: una mezcla de tradici\u00f3n, innovaci\u00f3n y elegancia atemporal.<\/p>\n<p>Si eres un apasionado de la moda y el arte, <em>Gucci: The Art of Silk <\/em>es una <strong>adici\u00f3n imprescindible<\/strong> a tu biblioteca.<\/p>\n","protected":false},"author":36289,"featured_media":151183,"template":"","format":"standard","categories":[4],"acf":[],"yoast_head":"<!-- This site is optimized with the Yoast SEO Premium plugin v18.5 (Yoast SEO v20.4) - https:\/\/yoast.com\/wordpress\/plugins\/seo\/ -->\n<title>&#039;Gucci: The Art of Silk&#039;, un viaje de lujo entre flores, seda y arte | Grazia M\u00e9xico y Latinoam\u00e9rica<\/title>\n<meta name=\"description\" content=\"\u00a1Atenci\u00f3n, amantes de la moda y coleccionistas de lujo! Gucci ha lanzado Gucci: The Art of Silk, una colaboraci\u00f3n con la editorial Assouline que rinde\" \/>\n<meta name=\"robots\" content=\"index, follow, max-snippet:-1, max-image-preview:large, max-video-preview:-1\" \/>\n<link rel=\"canonical\" href=\"https:\/\/graziamagazine.com\/mx\/articles\/gucci-the-art-of-silk-viaje-lujo-entre-flores-seda-arte\/\" \/>\n<meta property=\"og:locale\" content=\"es_MX\" \/>\n<meta property=\"og:type\" content=\"article\" \/>\n<meta property=\"og:title\" content=\"&#039;Gucci: The Art of Silk&#039;, un viaje de lujo entre flores, seda y arte\" \/>\n<meta property=\"og:description\" content=\"\u00a1Atenci\u00f3n, amantes de la moda y coleccionistas de lujo! Gucci ha lanzado Gucci: The Art of Silk, una colaboraci\u00f3n con la editorial Assouline que rinde\" \/>\n<meta property=\"og:url\" content=\"https:\/\/graziamagazine.com\/mx\/articles\/gucci-the-art-of-silk-viaje-lujo-entre-flores-seda-arte\/\" \/>\n<meta property=\"og:site_name\" content=\"Grazia M\u00e9xico y Latinoam\u00e9rica\" \/>\n<meta property=\"article:modified_time\" content=\"2025-05-27T22:15:47+00:00\" \/>\n<meta property=\"og:image\" content=\"https:\/\/graziamagazine.com\/mx\/wp-content\/uploads\/sites\/13\/2025\/05\/WhatsApp-Image-2025-05-26-at-10.36.21-AM-3-e1748278996921.jpeg\" \/>\n\t<meta property=\"og:image:width\" content=\"1085\" \/>\n\t<meta property=\"og:image:height\" content=\"720\" \/>\n\t<meta property=\"og:image:type\" content=\"image\/jpeg\" \/>\n<meta name=\"twitter:card\" content=\"summary_large_image\" \/>\n<meta name=\"twitter:label1\" content=\"Est. reading time\" \/>\n\t<meta name=\"twitter:data1\" content=\"3 minutos\" \/>\n<script type=\"application\/ld+json\" class=\"yoast-schema-graph\">{\"@context\":\"https:\/\/schema.org\",\"@graph\":[{\"@type\":\"WebPage\",\"@id\":\"https:\/\/graziamagazine.com\/mx\/articles\/gucci-the-art-of-silk-viaje-lujo-entre-flores-seda-arte\/\",\"url\":\"https:\/\/graziamagazine.com\/mx\/articles\/gucci-the-art-of-silk-viaje-lujo-entre-flores-seda-arte\/\",\"name\":\"'Gucci: The Art of Silk', un viaje de lujo entre flores, seda y arte | Grazia M\u00e9xico y Latinoam\u00e9rica\",\"isPartOf\":{\"@id\":\"https:\/\/graziamagazine.com\/mx\/#website\"},\"datePublished\":\"2025-05-26T16:57:03+00:00\",\"dateModified\":\"2025-05-27T22:15:47+00:00\",\"description\":\"\u00a1Atenci\u00f3n, amantes de la moda y coleccionistas de lujo! Gucci ha lanzado Gucci: The Art of Silk, una colaboraci\u00f3n con la editorial Assouline que rinde\",\"breadcrumb\":{\"@id\":\"https:\/\/graziamagazine.com\/mx\/articles\/gucci-the-art-of-silk-viaje-lujo-entre-flores-seda-arte\/#breadcrumb\"},\"inLanguage\":\"es-MX\",\"potentialAction\":[{\"@type\":\"ReadAction\",\"target\":[\"https:\/\/graziamagazine.com\/mx\/articles\/gucci-the-art-of-silk-viaje-lujo-entre-flores-seda-arte\/\"]}]},{\"@type\":\"BreadcrumbList\",\"@id\":\"https:\/\/graziamagazine.com\/mx\/articles\/gucci-the-art-of-silk-viaje-lujo-entre-flores-seda-arte\/#breadcrumb\",\"itemListElement\":[{\"@type\":\"ListItem\",\"position\":1,\"name\":\"Home\",\"item\":\"https:\/\/graziamagazine.com\/mx\/\"},{\"@type\":\"ListItem\",\"position\":2,\"name\":\"&#8216;Gucci: The Art of Silk&#8217;, un viaje de lujo entre flores, seda y arte\"}]},{\"@type\":\"WebSite\",\"@id\":\"https:\/\/graziamagazine.com\/mx\/#website\",\"url\":\"https:\/\/graziamagazine.com\/mx\/\",\"name\":\"Grazia M\u00e9xico y Latinoam\u00e9rica\",\"description\":\"Grazia es moda, belleza y noticias  de actualidad \",\"potentialAction\":[{\"@type\":\"SearchAction\",\"target\":{\"@type\":\"EntryPoint\",\"urlTemplate\":\"https:\/\/graziamagazine.com\/mx\/?s={search_term_string}\"},\"query-input\":\"required name=search_term_string\"}],\"inLanguage\":\"es-MX\"}]}<\/script>\n<!-- \/ Yoast SEO Premium plugin. -->","yoast_head_json":{"title":"'Gucci: The Art of Silk', un viaje de lujo entre flores, seda y arte | Grazia M\u00e9xico y Latinoam\u00e9rica","description":"\u00a1Atenci\u00f3n, amantes de la moda y coleccionistas de lujo! Gucci ha lanzado Gucci: The Art of Silk, una colaboraci\u00f3n con la editorial Assouline que rinde","robots":{"index":"index","follow":"follow","max-snippet":"max-snippet:-1","max-image-preview":"max-image-preview:large","max-video-preview":"max-video-preview:-1"},"canonical":"https:\/\/graziamagazine.com\/mx\/articles\/gucci-the-art-of-silk-viaje-lujo-entre-flores-seda-arte\/","og_locale":"es_MX","og_type":"article","og_title":"'Gucci: The Art of Silk', un viaje de lujo entre flores, seda y arte","og_description":"\u00a1Atenci\u00f3n, amantes de la moda y coleccionistas de lujo! Gucci ha lanzado Gucci: The Art of Silk, una colaboraci\u00f3n con la editorial Assouline que rinde","og_url":"https:\/\/graziamagazine.com\/mx\/articles\/gucci-the-art-of-silk-viaje-lujo-entre-flores-seda-arte\/","og_site_name":"Grazia M\u00e9xico y Latinoam\u00e9rica","article_modified_time":"2025-05-27T22:15:47+00:00","og_image":[{"width":1085,"height":720,"url":"https:\/\/graziamagazine.com\/mx\/wp-content\/uploads\/sites\/13\/2025\/05\/WhatsApp-Image-2025-05-26-at-10.36.21-AM-3-e1748278996921.jpeg","type":"image\/jpeg"}],"twitter_card":"summary_large_image","twitter_misc":{"Est. reading time":"3 minutos"},"schema":{"@context":"https:\/\/schema.org","@graph":[{"@type":"WebPage","@id":"https:\/\/graziamagazine.com\/mx\/articles\/gucci-the-art-of-silk-viaje-lujo-entre-flores-seda-arte\/","url":"https:\/\/graziamagazine.com\/mx\/articles\/gucci-the-art-of-silk-viaje-lujo-entre-flores-seda-arte\/","name":"'Gucci: The Art of Silk', un viaje de lujo entre flores, seda y arte | Grazia M\u00e9xico y Latinoam\u00e9rica","isPartOf":{"@id":"https:\/\/graziamagazine.com\/mx\/#website"},"datePublished":"2025-05-26T16:57:03+00:00","dateModified":"2025-05-27T22:15:47+00:00","description":"\u00a1Atenci\u00f3n, amantes de la moda y coleccionistas de lujo! Gucci ha lanzado Gucci: The Art of Silk, una colaboraci\u00f3n con la editorial Assouline que rinde","breadcrumb":{"@id":"https:\/\/graziamagazine.com\/mx\/articles\/gucci-the-art-of-silk-viaje-lujo-entre-flores-seda-arte\/#breadcrumb"},"inLanguage":"es-MX","potentialAction":[{"@type":"ReadAction","target":["https:\/\/graziamagazine.com\/mx\/articles\/gucci-the-art-of-silk-viaje-lujo-entre-flores-seda-arte\/"]}]},{"@type":"BreadcrumbList","@id":"https:\/\/graziamagazine.com\/mx\/articles\/gucci-the-art-of-silk-viaje-lujo-entre-flores-seda-arte\/#breadcrumb","itemListElement":[{"@type":"ListItem","position":1,"name":"Home","item":"https:\/\/graziamagazine.com\/mx\/"},{"@type":"ListItem","position":2,"name":"&#8216;Gucci: The Art of Silk&#8217;, un viaje de lujo entre flores, seda y arte"}]},{"@type":"WebSite","@id":"https:\/\/graziamagazine.com\/mx\/#website","url":"https:\/\/graziamagazine.com\/mx\/","name":"Grazia M\u00e9xico y Latinoam\u00e9rica","description":"Grazia es moda, belleza y noticias  de actualidad ","potentialAction":[{"@type":"SearchAction","target":{"@type":"EntryPoint","urlTemplate":"https:\/\/graziamagazine.com\/mx\/?s={search_term_string}"},"query-input":"required name=search_term_string"}],"inLanguage":"es-MX"}]}},"jetpack_sharing_enabled":true,"distributor_meta":false,"distributor_terms":false,"distributor_media":false,"distributor_original_site_name":"Grazia M\u00e9xico y Latinoam\u00e9rica","distributor_original_site_url":"https:\/\/graziamagazine.com\/mx","push-errors":false,"_links":{"self":[{"href":"https:\/\/graziamagazine.com\/mx\/wp-json\/wp\/v2\/articles\/151182"}],"collection":[{"href":"https:\/\/graziamagazine.com\/mx\/wp-json\/wp\/v2\/articles"}],"about":[{"href":"https:\/\/graziamagazine.com\/mx\/wp-json\/wp\/v2\/types\/articles"}],"author":[{"embeddable":true,"href":"https:\/\/graziamagazine.com\/mx\/wp-json\/wp\/v2\/users\/36289"}],"wp:featuredmedia":[{"embeddable":true,"href":"https:\/\/graziamagazine.com\/mx\/wp-json\/wp\/v2\/media\/151183"}],"wp:attachment":[{"href":"https:\/\/graziamagazine.com\/mx\/wp-json\/wp\/v2\/media?parent=151182"}],"wp:term":[{"taxonomy":"category","embeddable":true,"href":"https:\/\/graziamagazine.com\/mx\/wp-json\/wp\/v2\/categories?post=151182"}],"curies":[{"name":"wp","href":"https:\/\/api.w.org\/{rel}","templated":true}]}}