{"id":151151,"date":"2025-05-23T16:39:18","date_gmt":"2025-05-23T21:39:18","guid":{"rendered":"https:\/\/graziamagazine.com\/mx\/?post_type=articles&#038;p=151151"},"modified":"2025-05-25T12:39:18","modified_gmt":"2025-05-25T17:39:18","slug":"aaron-taylor-johnson-convierte-nuevo-embajador-omega","status":"publish","type":"articles","link":"https:\/\/graziamagazine.com\/mx\/articles\/aaron-taylor-johnson-convierte-nuevo-embajador-omega\/","title":{"rendered":"Aaron Taylor-Johnson se convierte en el nuevo embajador de OMEGA"},"content":{"rendered":"<p>El tiempo no se detiene, y tampoco el ascenso imparable de <strong>Aaron Taylor-Johnson<\/strong>, quien acaba de sumarse al exclusivo universo de embajadores de la legendaria casa relojera OMEGA.<\/p>\n<p>Desde <strong>Biel, Suiza<\/strong>, el actor brit\u00e1nico \u2013conocido tanto por su intensidad actoral como por su estilo impecable\u2013 se dej\u00f3 seducir por los engranajes de la precisi\u00f3n suiza.<\/p>\n<p>La bienvenida oficial se llev\u00f3 a cabo en la <strong>sede central de OMEGA<\/strong>, donde Aaron explor\u00f3 las entra\u00f1as del saber hacer relojero: visit\u00f3 los talleres de ensamblaje, se empap\u00f3 del legado mec\u00e1nico y, como buen protagonista, se dej\u00f3 maravillar por la historia detr\u00e1s de cada tic-tac.<\/p>\n<p>\u201c<strong>Siempre he sentido un gran aprecio por los relojes<\/strong>, pero especialmente por OMEGA. Ahora, tras visitar la f\u00e1brica, me asombra la destreza necesaria para fabricar un producto tan lujoso\u201d, confes\u00f3 el actor tras la visita.<\/p>\n<p><img loading=\"lazy\" decoding=\"async\" class=\"alignnone wp-image-151156 size-full\" src=\"https:\/\/graziamagazine.com\/mx\/wp-content\/uploads\/sites\/13\/2025\/05\/Captura-de-Pantalla-2025-05-23-a-las-15.40.47.png\" alt=\"\" width=\"782\" height=\"1168\" srcset=\"https:\/\/graziamagazine.com\/mx\/wp-content\/uploads\/sites\/13\/2025\/05\/Captura-de-Pantalla-2025-05-23-a-las-15.40.47.png 782w, https:\/\/graziamagazine.com\/mx\/wp-content\/uploads\/sites\/13\/2025\/05\/Captura-de-Pantalla-2025-05-23-a-las-15.40.47-301x450.png 301w, https:\/\/graziamagazine.com\/mx\/wp-content\/uploads\/sites\/13\/2025\/05\/Captura-de-Pantalla-2025-05-23-a-las-15.40.47-686x1024.png 686w, https:\/\/graziamagazine.com\/mx\/wp-content\/uploads\/sites\/13\/2025\/05\/Captura-de-Pantalla-2025-05-23-a-las-15.40.47-768x1147.png 768w, https:\/\/graziamagazine.com\/mx\/wp-content\/uploads\/sites\/13\/2025\/05\/Captura-de-Pantalla-2025-05-23-a-las-15.40.47-400x597.png 400w, https:\/\/graziamagazine.com\/mx\/wp-content\/uploads\/sites\/13\/2025\/05\/Captura-de-Pantalla-2025-05-23-a-las-15.40.47-144x215.png 144w\" sizes=\"(max-width: 782px) 100vw, 782px\" \/><\/p>\n<p>Aaron no es ajeno a los grandes papeles ni a los grandes relojes. Lo hemos visto enfrentarse a supervillanos en <strong><em>Avengers: Age of Ultron<\/em><\/strong>, encarnar a John Lennon en <strong><em>Nowhere Boy<\/em><\/strong> y convertirse en un implacable asesino en <strong><em>Nocturnal Animals<\/em><\/strong>.<\/p>\n<p>Ahora, con el <strong>Speedmaster First OMEGA in Space<\/strong> en su mu\u00f1eca, tambi\u00e9n conquista el mundo del lujo.<\/p>\n<p><strong>Raynald Aeschlimann, presidente y director de OMEGA<\/strong>, no ocult\u00f3 su entusiasmo: \u201cAaron es un actor muy vers\u00e1til, con una carrera que abarca acci\u00f3n, suspenso, romance y mucho m\u00e1s. En OMEGA, siempre nos ha impresionado <strong>su calidad integral<\/strong> y su enfoque pionero\u201d.<\/p>\n<figure id=\"attachment_151153\" aria-describedby=\"caption-attachment-151153\" style=\"width: 792px\" class=\"wp-caption alignnone\"><img loading=\"lazy\" decoding=\"async\" class=\"wp-image-151153 size-full\" src=\"https:\/\/graziamagazine.com\/mx\/wp-content\/uploads\/sites\/13\/2025\/05\/Captura-de-Pantalla-2025-05-23-a-las-15.40.56.png\" alt=\"\" width=\"792\" height=\"1176\" srcset=\"https:\/\/graziamagazine.com\/mx\/wp-content\/uploads\/sites\/13\/2025\/05\/Captura-de-Pantalla-2025-05-23-a-las-15.40.56.png 792w, https:\/\/graziamagazine.com\/mx\/wp-content\/uploads\/sites\/13\/2025\/05\/Captura-de-Pantalla-2025-05-23-a-las-15.40.56-303x450.png 303w, https:\/\/graziamagazine.com\/mx\/wp-content\/uploads\/sites\/13\/2025\/05\/Captura-de-Pantalla-2025-05-23-a-las-15.40.56-690x1024.png 690w, https:\/\/graziamagazine.com\/mx\/wp-content\/uploads\/sites\/13\/2025\/05\/Captura-de-Pantalla-2025-05-23-a-las-15.40.56-768x1140.png 768w, https:\/\/graziamagazine.com\/mx\/wp-content\/uploads\/sites\/13\/2025\/05\/Captura-de-Pantalla-2025-05-23-a-las-15.40.56-400x594.png 400w, https:\/\/graziamagazine.com\/mx\/wp-content\/uploads\/sites\/13\/2025\/05\/Captura-de-Pantalla-2025-05-23-a-las-15.40.56-145x215.png 145w\" sizes=\"(max-width: 792px) 100vw, 792px\" \/><figcaption id=\"caption-attachment-151153\" class=\"wp-caption-text\">Aaron Taylor-Johnson es el nuevo embajador de OMEGA \/ Cr\u00e9dito: OMEGA<\/figcaption><\/figure>\n<p>Pero m\u00e1s all\u00e1 del glamour, Aaron comparti\u00f3 una conexi\u00f3n \u00edntima con la marca: \u201c<strong>Mi inter\u00e9s por los relojes comenz\u00f3 con mi padre<\/strong>, quien me present\u00f3 a OMEGA, \u00a1aunque no lo crean! Era de clase trabajadora y ahorr\u00f3 sus ganancias para comprarse un reloj OMEGA\u201d, record\u00f3 con emoci\u00f3n.<\/p>\n<p>Con esta alianza, Aaron se suma a un firmamento que ya brilla con nombres como <strong>George Clooney, Nicole Kidman <\/strong>y<strong> Daniel Craig<\/strong>.<\/p>\n<p>As\u00ed que atenci\u00f3n, cin\u00e9filos y amantes de la relojer\u00eda: Aaron Taylor-Johnson no solo <strong>marca tendencia en la pantalla,<\/strong> ahora tambi\u00e9n lo hace en el universo de los relojes de lujo.<\/p>\n","protected":false},"author":36289,"featured_media":151155,"template":"","format":"standard","categories":[114],"acf":[],"yoast_head":"<!-- This site is optimized with the Yoast SEO Premium plugin v18.5 (Yoast SEO v20.4) - https:\/\/yoast.com\/wordpress\/plugins\/seo\/ -->\n<title>Aaron Taylor-Johnson se convierte en el nuevo embajador de OMEGA | Grazia M\u00e9xico y Latinoam\u00e9rica<\/title>\n<meta name=\"description\" content=\"El tiempo no se detiene, y tampoco el ascenso imparable de Aaron Taylor-Johnson, quien acaba de sumarse al exclusivo universo de embajadores de la\" \/>\n<meta name=\"robots\" content=\"index, follow, max-snippet:-1, max-image-preview:large, max-video-preview:-1\" \/>\n<link rel=\"canonical\" href=\"https:\/\/graziamagazine.com\/mx\/articles\/aaron-taylor-johnson-convierte-nuevo-embajador-omega\/\" \/>\n<meta property=\"og:locale\" content=\"es_MX\" \/>\n<meta property=\"og:type\" content=\"article\" \/>\n<meta property=\"og:title\" content=\"Aaron Taylor-Johnson se convierte en el nuevo embajador de OMEGA\" \/>\n<meta property=\"og:description\" content=\"El tiempo no se detiene, y tampoco el ascenso imparable de Aaron Taylor-Johnson, quien acaba de sumarse al exclusivo universo de embajadores de la\" \/>\n<meta property=\"og:url\" content=\"https:\/\/graziamagazine.com\/mx\/articles\/aaron-taylor-johnson-convierte-nuevo-embajador-omega\/\" \/>\n<meta property=\"og:site_name\" content=\"Grazia M\u00e9xico y Latinoam\u00e9rica\" \/>\n<meta property=\"article:modified_time\" content=\"2025-05-25T17:39:18+00:00\" \/>\n<meta property=\"og:image\" content=\"https:\/\/graziamagazine.com\/mx\/wp-content\/uploads\/sites\/13\/2025\/05\/WhatsApp-Image-2025-05-23-at-3.44.42-PM-e1748036803987.jpeg\" \/>\n\t<meta property=\"og:image:width\" content=\"1137\" \/>\n\t<meta property=\"og:image:height\" content=\"720\" \/>\n\t<meta property=\"og:image:type\" content=\"image\/jpeg\" \/>\n<meta name=\"twitter:card\" content=\"summary_large_image\" \/>\n<meta name=\"twitter:label1\" content=\"Est. reading time\" \/>\n\t<meta name=\"twitter:data1\" content=\"2 minutos\" \/>\n<script type=\"application\/ld+json\" class=\"yoast-schema-graph\">{\"@context\":\"https:\/\/schema.org\",\"@graph\":[{\"@type\":\"WebPage\",\"@id\":\"https:\/\/graziamagazine.com\/mx\/articles\/aaron-taylor-johnson-convierte-nuevo-embajador-omega\/\",\"url\":\"https:\/\/graziamagazine.com\/mx\/articles\/aaron-taylor-johnson-convierte-nuevo-embajador-omega\/\",\"name\":\"Aaron Taylor-Johnson se convierte en el nuevo embajador de OMEGA | Grazia M\u00e9xico y Latinoam\u00e9rica\",\"isPartOf\":{\"@id\":\"https:\/\/graziamagazine.com\/mx\/#website\"},\"datePublished\":\"2025-05-23T21:39:18+00:00\",\"dateModified\":\"2025-05-25T17:39:18+00:00\",\"description\":\"El tiempo no se detiene, y tampoco el ascenso imparable de Aaron Taylor-Johnson, quien acaba de sumarse al exclusivo universo de embajadores de la\",\"breadcrumb\":{\"@id\":\"https:\/\/graziamagazine.com\/mx\/articles\/aaron-taylor-johnson-convierte-nuevo-embajador-omega\/#breadcrumb\"},\"inLanguage\":\"es-MX\",\"potentialAction\":[{\"@type\":\"ReadAction\",\"target\":[\"https:\/\/graziamagazine.com\/mx\/articles\/aaron-taylor-johnson-convierte-nuevo-embajador-omega\/\"]}]},{\"@type\":\"BreadcrumbList\",\"@id\":\"https:\/\/graziamagazine.com\/mx\/articles\/aaron-taylor-johnson-convierte-nuevo-embajador-omega\/#breadcrumb\",\"itemListElement\":[{\"@type\":\"ListItem\",\"position\":1,\"name\":\"Home\",\"item\":\"https:\/\/graziamagazine.com\/mx\/\"},{\"@type\":\"ListItem\",\"position\":2,\"name\":\"Aaron Taylor-Johnson se convierte en el nuevo embajador de OMEGA\"}]},{\"@type\":\"WebSite\",\"@id\":\"https:\/\/graziamagazine.com\/mx\/#website\",\"url\":\"https:\/\/graziamagazine.com\/mx\/\",\"name\":\"Grazia M\u00e9xico y Latinoam\u00e9rica\",\"description\":\"Grazia es moda, belleza y noticias  de actualidad \",\"potentialAction\":[{\"@type\":\"SearchAction\",\"target\":{\"@type\":\"EntryPoint\",\"urlTemplate\":\"https:\/\/graziamagazine.com\/mx\/?s={search_term_string}\"},\"query-input\":\"required name=search_term_string\"}],\"inLanguage\":\"es-MX\"}]}<\/script>\n<!-- \/ Yoast SEO Premium plugin. -->","yoast_head_json":{"title":"Aaron Taylor-Johnson se convierte en el nuevo embajador de OMEGA | Grazia M\u00e9xico y Latinoam\u00e9rica","description":"El tiempo no se detiene, y tampoco el ascenso imparable de Aaron Taylor-Johnson, quien acaba de sumarse al exclusivo universo de embajadores de la","robots":{"index":"index","follow":"follow","max-snippet":"max-snippet:-1","max-image-preview":"max-image-preview:large","max-video-preview":"max-video-preview:-1"},"canonical":"https:\/\/graziamagazine.com\/mx\/articles\/aaron-taylor-johnson-convierte-nuevo-embajador-omega\/","og_locale":"es_MX","og_type":"article","og_title":"Aaron Taylor-Johnson se convierte en el nuevo embajador de OMEGA","og_description":"El tiempo no se detiene, y tampoco el ascenso imparable de Aaron Taylor-Johnson, quien acaba de sumarse al exclusivo universo de embajadores de la","og_url":"https:\/\/graziamagazine.com\/mx\/articles\/aaron-taylor-johnson-convierte-nuevo-embajador-omega\/","og_site_name":"Grazia M\u00e9xico y Latinoam\u00e9rica","article_modified_time":"2025-05-25T17:39:18+00:00","og_image":[{"width":1137,"height":720,"url":"https:\/\/graziamagazine.com\/mx\/wp-content\/uploads\/sites\/13\/2025\/05\/WhatsApp-Image-2025-05-23-at-3.44.42-PM-e1748036803987.jpeg","type":"image\/jpeg"}],"twitter_card":"summary_large_image","twitter_misc":{"Est. reading time":"2 minutos"},"schema":{"@context":"https:\/\/schema.org","@graph":[{"@type":"WebPage","@id":"https:\/\/graziamagazine.com\/mx\/articles\/aaron-taylor-johnson-convierte-nuevo-embajador-omega\/","url":"https:\/\/graziamagazine.com\/mx\/articles\/aaron-taylor-johnson-convierte-nuevo-embajador-omega\/","name":"Aaron Taylor-Johnson se convierte en el nuevo embajador de OMEGA | Grazia M\u00e9xico y Latinoam\u00e9rica","isPartOf":{"@id":"https:\/\/graziamagazine.com\/mx\/#website"},"datePublished":"2025-05-23T21:39:18+00:00","dateModified":"2025-05-25T17:39:18+00:00","description":"El tiempo no se detiene, y tampoco el ascenso imparable de Aaron Taylor-Johnson, quien acaba de sumarse al exclusivo universo de embajadores de la","breadcrumb":{"@id":"https:\/\/graziamagazine.com\/mx\/articles\/aaron-taylor-johnson-convierte-nuevo-embajador-omega\/#breadcrumb"},"inLanguage":"es-MX","potentialAction":[{"@type":"ReadAction","target":["https:\/\/graziamagazine.com\/mx\/articles\/aaron-taylor-johnson-convierte-nuevo-embajador-omega\/"]}]},{"@type":"BreadcrumbList","@id":"https:\/\/graziamagazine.com\/mx\/articles\/aaron-taylor-johnson-convierte-nuevo-embajador-omega\/#breadcrumb","itemListElement":[{"@type":"ListItem","position":1,"name":"Home","item":"https:\/\/graziamagazine.com\/mx\/"},{"@type":"ListItem","position":2,"name":"Aaron Taylor-Johnson se convierte en el nuevo embajador de OMEGA"}]},{"@type":"WebSite","@id":"https:\/\/graziamagazine.com\/mx\/#website","url":"https:\/\/graziamagazine.com\/mx\/","name":"Grazia M\u00e9xico y Latinoam\u00e9rica","description":"Grazia es moda, belleza y noticias  de actualidad ","potentialAction":[{"@type":"SearchAction","target":{"@type":"EntryPoint","urlTemplate":"https:\/\/graziamagazine.com\/mx\/?s={search_term_string}"},"query-input":"required name=search_term_string"}],"inLanguage":"es-MX"}]}},"jetpack_sharing_enabled":true,"distributor_meta":false,"distributor_terms":false,"distributor_media":false,"distributor_original_site_name":"Grazia M\u00e9xico y Latinoam\u00e9rica","distributor_original_site_url":"https:\/\/graziamagazine.com\/mx","push-errors":false,"_links":{"self":[{"href":"https:\/\/graziamagazine.com\/mx\/wp-json\/wp\/v2\/articles\/151151"}],"collection":[{"href":"https:\/\/graziamagazine.com\/mx\/wp-json\/wp\/v2\/articles"}],"about":[{"href":"https:\/\/graziamagazine.com\/mx\/wp-json\/wp\/v2\/types\/articles"}],"author":[{"embeddable":true,"href":"https:\/\/graziamagazine.com\/mx\/wp-json\/wp\/v2\/users\/36289"}],"wp:featuredmedia":[{"embeddable":true,"href":"https:\/\/graziamagazine.com\/mx\/wp-json\/wp\/v2\/media\/151155"}],"wp:attachment":[{"href":"https:\/\/graziamagazine.com\/mx\/wp-json\/wp\/v2\/media?parent=151151"}],"wp:term":[{"taxonomy":"category","embeddable":true,"href":"https:\/\/graziamagazine.com\/mx\/wp-json\/wp\/v2\/categories?post=151151"}],"curies":[{"name":"wp","href":"https:\/\/api.w.org\/{rel}","templated":true}]}}