{"id":150927,"date":"2025-05-19T18:47:55","date_gmt":"2025-05-19T23:47:55","guid":{"rendered":"https:\/\/graziamagazine.com\/mx\/?post_type=articles&#038;p=150927"},"modified":"2025-05-22T05:56:52","modified_gmt":"2025-05-22T10:56:52","slug":"el-corte-shag-un-must-de-la-temporada","status":"publish","type":"articles","link":"https:\/\/graziamagazine.com\/mx\/articles\/el-corte-shag-un-must-de-la-temporada\/","title":{"rendered":"El corte &#8220;Shag&#8221;, un must de la temporada"},"content":{"rendered":"<p data-start=\"513\" data-end=\"931\">La temporada primavera-verano 2025 viene marcada por una vuelta al movimiento, la naturalidad y la celebraci\u00f3n de las texturas aut\u00e9nticas. En este contexto, el corte shag rizado se impone como el look estrella para melenas con personalidad.<\/p>\n<p data-start=\"513\" data-end=\"931\">Su estructura en capas largas y desfiladas, que aportan volumen y definici\u00f3n, lo convierte en la opci\u00f3n m\u00e1s deseada para quienes quieren abrazar sus rizos con estilo y libertad.<\/p>\n<figure id=\"attachment_150928\" aria-describedby=\"caption-attachment-150928\" style=\"width: 1016px\" class=\"wp-caption alignnone\"><img loading=\"lazy\" decoding=\"async\" class=\"wp-image-150928 size-full\" src=\"https:\/\/graziamagazine.com\/mx\/wp-content\/uploads\/sites\/13\/2025\/05\/Captura-de-Pantalla-2025-05-19-a-las-17.46.49.png\" alt=\"El corte &quot;Shag&quot;, un must de la temporada\" width=\"1016\" height=\"1546\" srcset=\"https:\/\/graziamagazine.com\/mx\/wp-content\/uploads\/sites\/13\/2025\/05\/Captura-de-Pantalla-2025-05-19-a-las-17.46.49.png 1016w, https:\/\/graziamagazine.com\/mx\/wp-content\/uploads\/sites\/13\/2025\/05\/Captura-de-Pantalla-2025-05-19-a-las-17.46.49-296x450.png 296w, https:\/\/graziamagazine.com\/mx\/wp-content\/uploads\/sites\/13\/2025\/05\/Captura-de-Pantalla-2025-05-19-a-las-17.46.49-673x1024.png 673w, https:\/\/graziamagazine.com\/mx\/wp-content\/uploads\/sites\/13\/2025\/05\/Captura-de-Pantalla-2025-05-19-a-las-17.46.49-768x1169.png 768w, https:\/\/graziamagazine.com\/mx\/wp-content\/uploads\/sites\/13\/2025\/05\/Captura-de-Pantalla-2025-05-19-a-las-17.46.49-1009x1536.png 1009w, https:\/\/graziamagazine.com\/mx\/wp-content\/uploads\/sites\/13\/2025\/05\/Captura-de-Pantalla-2025-05-19-a-las-17.46.49-400x609.png 400w, https:\/\/graziamagazine.com\/mx\/wp-content\/uploads\/sites\/13\/2025\/05\/Captura-de-Pantalla-2025-05-19-a-las-17.46.49-141x215.png 141w\" sizes=\"(max-width: 1016px) 100vw, 1016px\" \/><figcaption id=\"caption-attachment-150928\" class=\"wp-caption-text\">El corte &#8220;Shag&#8221;, un must de la temporada<\/figcaption><\/figure>\n<p data-start=\"933\" data-end=\"1301\">Lejos de requerir t\u00e9cnicas complejas o mantenimiento diario, el shag se adapta al ritmo de la vida contempor\u00e1nea. Potencia la forma natural del rizo, elimina el peso innecesario del cabello y permite un look definido incluso sin peinado. Su magia est\u00e1 en que favorece sin esfuerzo: basta dejarlo secar al aire o con un difusor para conseguir resultados espectaculares.<\/p>\n<p data-start=\"1303\" data-end=\"1598\">La silueta desenfadada y con aire setentero de este corte se puede llevar con o sin flequillo. Las versiones con flequillo largo y suave, integrado entre los rizos, est\u00e1n siendo especialmente populares, ya que enmarcan el rostro con delicadeza y aportan un aire juvenil sin perder sofisticaci\u00f3n.<\/p>\n<p data-start=\"1600\" data-end=\"1918\">La pasarela tambi\u00e9n ha hablado. En los desfiles de primavera-verano 2025 de casas como Zimmermann, Max Mara, Etro y Stella McCartney, el shag rizado fue protagonista. Modelos con rizos definidos y en libertad desfilaron mostrando c\u00f3mo este corte enmarca la ropa sin competir con ella, pero complementando su narrativa.<\/p>\n<figure id=\"attachment_150931\" aria-describedby=\"caption-attachment-150931\" style=\"width: 1034px\" class=\"wp-caption alignnone\"><img loading=\"lazy\" decoding=\"async\" class=\"wp-image-150931 size-full\" src=\"https:\/\/graziamagazine.com\/mx\/wp-content\/uploads\/sites\/13\/2025\/05\/Captura-de-Pantalla-2025-05-19-a-las-17.47.08.png\" alt=\"El corte &quot;Shag&quot;, un must de la temporada\" width=\"1034\" height=\"1554\" srcset=\"https:\/\/graziamagazine.com\/mx\/wp-content\/uploads\/sites\/13\/2025\/05\/Captura-de-Pantalla-2025-05-19-a-las-17.47.08.png 1034w, https:\/\/graziamagazine.com\/mx\/wp-content\/uploads\/sites\/13\/2025\/05\/Captura-de-Pantalla-2025-05-19-a-las-17.47.08-299x450.png 299w, https:\/\/graziamagazine.com\/mx\/wp-content\/uploads\/sites\/13\/2025\/05\/Captura-de-Pantalla-2025-05-19-a-las-17.47.08-681x1024.png 681w, https:\/\/graziamagazine.com\/mx\/wp-content\/uploads\/sites\/13\/2025\/05\/Captura-de-Pantalla-2025-05-19-a-las-17.47.08-768x1154.png 768w, https:\/\/graziamagazine.com\/mx\/wp-content\/uploads\/sites\/13\/2025\/05\/Captura-de-Pantalla-2025-05-19-a-las-17.47.08-1022x1536.png 1022w, https:\/\/graziamagazine.com\/mx\/wp-content\/uploads\/sites\/13\/2025\/05\/Captura-de-Pantalla-2025-05-19-a-las-17.47.08-400x601.png 400w, https:\/\/graziamagazine.com\/mx\/wp-content\/uploads\/sites\/13\/2025\/05\/Captura-de-Pantalla-2025-05-19-a-las-17.47.08-143x215.png 143w\" sizes=\"(max-width: 1034px) 100vw, 1034px\" \/><figcaption id=\"caption-attachment-150931\" class=\"wp-caption-text\">El corte &#8220;Shag&#8221;, un must de la temporada<\/figcaption><\/figure>\n<p data-start=\"1920\" data-end=\"2194\">M\u00e1s all\u00e1 de las pasarelas, su presencia en alfombras rojas y redes sociales lo consolida como una tendencia de amplio alcance. Celebridades internacionales han elegido este corte para sus estilismos m\u00e1s ic\u00f3nicos, demostrando que se adapta tanto a looks de d\u00eda como de noche.<\/p>\n<p data-start=\"2196\" data-end=\"2526\">El shag rizado no es solo una tendencia capilar: es una celebraci\u00f3n de la autenticidad. Es perfecto para quienes desean un cambio real, sin perder su esencia, ni someter su cabello a peinados que contradigan su textura. En esta temporada de renovaci\u00f3n y frescura, el shag rizado ofrece la mejor versi\u00f3n de ti misma, tal como eres.<\/p>\n<p data-start=\"2229\" data-end=\"2490\"><em><strong>*IMAGEN: Google Images<\/strong><\/em><\/p>\n","protected":false},"author":28953,"featured_media":150929,"template":"","format":"standard","categories":[3,15260],"acf":[],"yoast_head":"<!-- This site is optimized with the Yoast SEO Premium plugin v18.5 (Yoast SEO v20.4) - https:\/\/yoast.com\/wordpress\/plugins\/seo\/ -->\n<title>El corte &quot;Shag&quot;, un must de la temporada<\/title>\n<meta name=\"description\" content=\"Volumen, definici\u00f3n y naturalidad: el corte shag rizado se impone como la tendencia m\u00e1s favorecedora para cabellos con textura.\" \/>\n<meta name=\"robots\" content=\"index, follow, max-snippet:-1, max-image-preview:large, max-video-preview:-1\" \/>\n<link rel=\"canonical\" href=\"https:\/\/graziamagazine.com\/mx\/articles\/el-corte-shag-un-must-de-la-temporada\/\" \/>\n<meta property=\"og:locale\" content=\"es_MX\" \/>\n<meta property=\"og:type\" content=\"article\" \/>\n<meta property=\"og:title\" content=\"El corte &quot;Shag&quot;, un must de la temporada\" \/>\n<meta property=\"og:description\" content=\"Volumen, definici\u00f3n y naturalidad: el corte shag rizado se impone como la tendencia m\u00e1s favorecedora para cabellos con textura.\" \/>\n<meta property=\"og:url\" content=\"https:\/\/graziamagazine.com\/mx\/articles\/el-corte-shag-un-must-de-la-temporada\/\" \/>\n<meta property=\"og:site_name\" content=\"Grazia M\u00e9xico y Latinoam\u00e9rica\" \/>\n<meta property=\"article:modified_time\" content=\"2025-05-22T10:56:52+00:00\" \/>\n<meta property=\"og:image\" content=\"https:\/\/graziamagazine.com\/mx\/wp-content\/uploads\/sites\/13\/2025\/05\/Captura-de-Pantalla-2025-05-19-a-las-17.46.56-1024x652.png\" \/>\n\t<meta property=\"og:image:width\" content=\"1024\" \/>\n\t<meta property=\"og:image:height\" content=\"652\" \/>\n\t<meta property=\"og:image:type\" content=\"image\/png\" \/>\n<meta name=\"twitter:card\" content=\"summary_large_image\" \/>\n<meta name=\"twitter:label1\" content=\"Est. reading time\" \/>\n\t<meta name=\"twitter:data1\" content=\"3 minutos\" \/>\n<script type=\"application\/ld+json\" class=\"yoast-schema-graph\">{\"@context\":\"https:\/\/schema.org\",\"@graph\":[{\"@type\":\"WebPage\",\"@id\":\"https:\/\/graziamagazine.com\/mx\/articles\/el-corte-shag-un-must-de-la-temporada\/\",\"url\":\"https:\/\/graziamagazine.com\/mx\/articles\/el-corte-shag-un-must-de-la-temporada\/\",\"name\":\"El corte \\\"Shag\\\", un must de la temporada\",\"isPartOf\":{\"@id\":\"https:\/\/graziamagazine.com\/mx\/#website\"},\"datePublished\":\"2025-05-19T23:47:55+00:00\",\"dateModified\":\"2025-05-22T10:56:52+00:00\",\"description\":\"Volumen, definici\u00f3n y naturalidad: el corte shag rizado se impone como la tendencia m\u00e1s favorecedora para cabellos con textura.\",\"breadcrumb\":{\"@id\":\"https:\/\/graziamagazine.com\/mx\/articles\/el-corte-shag-un-must-de-la-temporada\/#breadcrumb\"},\"inLanguage\":\"es-MX\",\"potentialAction\":[{\"@type\":\"ReadAction\",\"target\":[\"https:\/\/graziamagazine.com\/mx\/articles\/el-corte-shag-un-must-de-la-temporada\/\"]}]},{\"@type\":\"BreadcrumbList\",\"@id\":\"https:\/\/graziamagazine.com\/mx\/articles\/el-corte-shag-un-must-de-la-temporada\/#breadcrumb\",\"itemListElement\":[{\"@type\":\"ListItem\",\"position\":1,\"name\":\"Home\",\"item\":\"https:\/\/graziamagazine.com\/mx\/\"},{\"@type\":\"ListItem\",\"position\":2,\"name\":\"El corte &#8220;Shag&#8221;, un must de la temporada\"}]},{\"@type\":\"WebSite\",\"@id\":\"https:\/\/graziamagazine.com\/mx\/#website\",\"url\":\"https:\/\/graziamagazine.com\/mx\/\",\"name\":\"Grazia M\u00e9xico y Latinoam\u00e9rica\",\"description\":\"Grazia es moda, belleza y noticias  de actualidad \",\"potentialAction\":[{\"@type\":\"SearchAction\",\"target\":{\"@type\":\"EntryPoint\",\"urlTemplate\":\"https:\/\/graziamagazine.com\/mx\/?s={search_term_string}\"},\"query-input\":\"required name=search_term_string\"}],\"inLanguage\":\"es-MX\"}]}<\/script>\n<!-- \/ Yoast SEO Premium plugin. -->","yoast_head_json":{"title":"El corte \"Shag\", un must de la temporada","description":"Volumen, definici\u00f3n y naturalidad: el corte shag rizado se impone como la tendencia m\u00e1s favorecedora para cabellos con textura.","robots":{"index":"index","follow":"follow","max-snippet":"max-snippet:-1","max-image-preview":"max-image-preview:large","max-video-preview":"max-video-preview:-1"},"canonical":"https:\/\/graziamagazine.com\/mx\/articles\/el-corte-shag-un-must-de-la-temporada\/","og_locale":"es_MX","og_type":"article","og_title":"El corte \"Shag\", un must de la temporada","og_description":"Volumen, definici\u00f3n y naturalidad: el corte shag rizado se impone como la tendencia m\u00e1s favorecedora para cabellos con textura.","og_url":"https:\/\/graziamagazine.com\/mx\/articles\/el-corte-shag-un-must-de-la-temporada\/","og_site_name":"Grazia M\u00e9xico y Latinoam\u00e9rica","article_modified_time":"2025-05-22T10:56:52+00:00","og_image":[{"width":1024,"height":652,"url":"https:\/\/graziamagazine.com\/mx\/wp-content\/uploads\/sites\/13\/2025\/05\/Captura-de-Pantalla-2025-05-19-a-las-17.46.56-1024x652.png","type":"image\/png"}],"twitter_card":"summary_large_image","twitter_misc":{"Est. reading time":"3 minutos"},"schema":{"@context":"https:\/\/schema.org","@graph":[{"@type":"WebPage","@id":"https:\/\/graziamagazine.com\/mx\/articles\/el-corte-shag-un-must-de-la-temporada\/","url":"https:\/\/graziamagazine.com\/mx\/articles\/el-corte-shag-un-must-de-la-temporada\/","name":"El corte \"Shag\", un must de la temporada","isPartOf":{"@id":"https:\/\/graziamagazine.com\/mx\/#website"},"datePublished":"2025-05-19T23:47:55+00:00","dateModified":"2025-05-22T10:56:52+00:00","description":"Volumen, definici\u00f3n y naturalidad: el corte shag rizado se impone como la tendencia m\u00e1s favorecedora para cabellos con textura.","breadcrumb":{"@id":"https:\/\/graziamagazine.com\/mx\/articles\/el-corte-shag-un-must-de-la-temporada\/#breadcrumb"},"inLanguage":"es-MX","potentialAction":[{"@type":"ReadAction","target":["https:\/\/graziamagazine.com\/mx\/articles\/el-corte-shag-un-must-de-la-temporada\/"]}]},{"@type":"BreadcrumbList","@id":"https:\/\/graziamagazine.com\/mx\/articles\/el-corte-shag-un-must-de-la-temporada\/#breadcrumb","itemListElement":[{"@type":"ListItem","position":1,"name":"Home","item":"https:\/\/graziamagazine.com\/mx\/"},{"@type":"ListItem","position":2,"name":"El corte &#8220;Shag&#8221;, un must de la temporada"}]},{"@type":"WebSite","@id":"https:\/\/graziamagazine.com\/mx\/#website","url":"https:\/\/graziamagazine.com\/mx\/","name":"Grazia M\u00e9xico y Latinoam\u00e9rica","description":"Grazia es moda, belleza y noticias  de actualidad ","potentialAction":[{"@type":"SearchAction","target":{"@type":"EntryPoint","urlTemplate":"https:\/\/graziamagazine.com\/mx\/?s={search_term_string}"},"query-input":"required name=search_term_string"}],"inLanguage":"es-MX"}]}},"jetpack_sharing_enabled":true,"distributor_meta":false,"distributor_terms":false,"distributor_media":false,"distributor_original_site_name":"Grazia M\u00e9xico y Latinoam\u00e9rica","distributor_original_site_url":"https:\/\/graziamagazine.com\/mx","push-errors":false,"_links":{"self":[{"href":"https:\/\/graziamagazine.com\/mx\/wp-json\/wp\/v2\/articles\/150927"}],"collection":[{"href":"https:\/\/graziamagazine.com\/mx\/wp-json\/wp\/v2\/articles"}],"about":[{"href":"https:\/\/graziamagazine.com\/mx\/wp-json\/wp\/v2\/types\/articles"}],"author":[{"embeddable":true,"href":"https:\/\/graziamagazine.com\/mx\/wp-json\/wp\/v2\/users\/28953"}],"wp:featuredmedia":[{"embeddable":true,"href":"https:\/\/graziamagazine.com\/mx\/wp-json\/wp\/v2\/media\/150929"}],"wp:attachment":[{"href":"https:\/\/graziamagazine.com\/mx\/wp-json\/wp\/v2\/media?parent=150927"}],"wp:term":[{"taxonomy":"category","embeddable":true,"href":"https:\/\/graziamagazine.com\/mx\/wp-json\/wp\/v2\/categories?post=150927"}],"curies":[{"name":"wp","href":"https:\/\/api.w.org\/{rel}","templated":true}]}}