{"id":150638,"date":"2025-05-14T12:12:09","date_gmt":"2025-05-14T17:12:09","guid":{"rendered":"https:\/\/graziamagazine.com\/mx\/?post_type=articles&#038;p=150638"},"modified":"2025-05-14T12:23:00","modified_gmt":"2025-05-14T17:23:00","slug":"guillermo-del-toro-en-cannes","status":"publish","type":"articles","link":"https:\/\/graziamagazine.com\/mx\/articles\/guillermo-del-toro-en-cannes\/","title":{"rendered":"Guillermo del Toro en Cannes"},"content":{"rendered":"<h3 data-start=\"321\" data-end=\"383\"><strong data-start=\"325\" data-end=\"381\">Guillermo del Toro, invitado de honor en Cannes 2025<\/strong><\/h3>\n<figure id=\"attachment_150640\" aria-describedby=\"caption-attachment-150640\" style=\"width: 1024px\" class=\"wp-caption alignnone\"><img loading=\"lazy\" decoding=\"async\" class=\"size-large wp-image-150640\" src=\"https:\/\/graziamagazine.com\/mx\/wp-content\/uploads\/sites\/13\/2025\/05\/Captura-de-Pantalla-2025-05-14-a-las-11.14.35-1024x684.png\" alt=\"Guillermo del Toro en Cannes\" width=\"1024\" height=\"684\" srcset=\"https:\/\/graziamagazine.com\/mx\/wp-content\/uploads\/sites\/13\/2025\/05\/Captura-de-Pantalla-2025-05-14-a-las-11.14.35-1024x684.png 1024w, https:\/\/graziamagazine.com\/mx\/wp-content\/uploads\/sites\/13\/2025\/05\/Captura-de-Pantalla-2025-05-14-a-las-11.14.35-450x300.png 450w, https:\/\/graziamagazine.com\/mx\/wp-content\/uploads\/sites\/13\/2025\/05\/Captura-de-Pantalla-2025-05-14-a-las-11.14.35-768x513.png 768w, https:\/\/graziamagazine.com\/mx\/wp-content\/uploads\/sites\/13\/2025\/05\/Captura-de-Pantalla-2025-05-14-a-las-11.14.35-1536x1025.png 1536w, https:\/\/graziamagazine.com\/mx\/wp-content\/uploads\/sites\/13\/2025\/05\/Captura-de-Pantalla-2025-05-14-a-las-11.14.35-2048x1367.png 2048w, https:\/\/graziamagazine.com\/mx\/wp-content\/uploads\/sites\/13\/2025\/05\/Captura-de-Pantalla-2025-05-14-a-las-11.14.35-400x267.png 400w, https:\/\/graziamagazine.com\/mx\/wp-content\/uploads\/sites\/13\/2025\/05\/Captura-de-Pantalla-2025-05-14-a-las-11.14.35-155x103.png 155w\" sizes=\"(max-width: 1024px) 100vw, 1024px\" \/><figcaption id=\"caption-attachment-150640\" class=\"wp-caption-text\">Guillermo del Toro en Cannes<\/figcaption><\/figure>\n<p data-start=\"384\" data-end=\"722\">El Festival de Cine de Cannes celebra este a\u00f1o su 78\u00aa edici\u00f3n del 13 al 24 de mayo, y lo hace con la destacada presencia del cineasta mexicano Guillermo del Toro. Con tres premios Oscar en su trayectoria, el director de <em data-start=\"604\" data-end=\"628\">El laberinto del fauno<\/em> y <em data-start=\"631\" data-end=\"650\">La forma del agua<\/em> regresa al prestigioso certamen, no como competidor, sino como maestro.<\/p>\n<h3 data-start=\"729\" data-end=\"784\"><strong data-start=\"733\" data-end=\"782\">Una clase magistral junto a Alexandre Desplat<\/strong><\/h3>\n<figure id=\"attachment_150643\" aria-describedby=\"caption-attachment-150643\" style=\"width: 1024px\" class=\"wp-caption alignnone\"><img loading=\"lazy\" decoding=\"async\" class=\"size-large wp-image-150643\" src=\"https:\/\/graziamagazine.com\/mx\/wp-content\/uploads\/sites\/13\/2025\/05\/Captura-de-Pantalla-2025-05-14-a-las-11.20.36-1024x589.png\" alt=\"Guillermo del Toro en Cannes\" width=\"1024\" height=\"589\" srcset=\"https:\/\/graziamagazine.com\/mx\/wp-content\/uploads\/sites\/13\/2025\/05\/Captura-de-Pantalla-2025-05-14-a-las-11.20.36-1024x589.png 1024w, https:\/\/graziamagazine.com\/mx\/wp-content\/uploads\/sites\/13\/2025\/05\/Captura-de-Pantalla-2025-05-14-a-las-11.20.36-450x259.png 450w, https:\/\/graziamagazine.com\/mx\/wp-content\/uploads\/sites\/13\/2025\/05\/Captura-de-Pantalla-2025-05-14-a-las-11.20.36-768x442.png 768w, https:\/\/graziamagazine.com\/mx\/wp-content\/uploads\/sites\/13\/2025\/05\/Captura-de-Pantalla-2025-05-14-a-las-11.20.36-1536x884.png 1536w, https:\/\/graziamagazine.com\/mx\/wp-content\/uploads\/sites\/13\/2025\/05\/Captura-de-Pantalla-2025-05-14-a-las-11.20.36-2048x1179.png 2048w, https:\/\/graziamagazine.com\/mx\/wp-content\/uploads\/sites\/13\/2025\/05\/Captura-de-Pantalla-2025-05-14-a-las-11.20.36-400x230.png 400w, https:\/\/graziamagazine.com\/mx\/wp-content\/uploads\/sites\/13\/2025\/05\/Captura-de-Pantalla-2025-05-14-a-las-11.20.36-155x89.png 155w\" sizes=\"(max-width: 1024px) 100vw, 1024px\" \/><figcaption id=\"caption-attachment-150643\" class=\"wp-caption-text\">Guillermo del Toro en Cannes<\/figcaption><\/figure>\n<p data-start=\"785\" data-end=\"1199\">El momento m\u00e1s esperado de su participaci\u00f3n ser\u00e1 el 18 de mayo, cuando imparta una clase magistral en compa\u00f1\u00eda del compositor franc\u00e9s Alexandre Desplat. Ganador del Oscar y colaborador frecuente del director, Desplat ha compuesto partituras inolvidables para t\u00edtulos como <em data-start=\"1057\" data-end=\"1076\">La forma del agua<\/em> y <em data-start=\"1079\" data-end=\"1088\">Pinocho<\/em>. Ambos compartir\u00e1n su experiencia sobre un aspecto esencial del cine: la relaci\u00f3n entre la m\u00fasica y la imagen.<\/p>\n<h3 data-start=\"1206\" data-end=\"1261\"><strong data-start=\"1210\" data-end=\"1259\">Un di\u00e1logo sobre el arte de narrar con sonido<\/strong><\/h3>\n<figure id=\"attachment_150644\" aria-describedby=\"caption-attachment-150644\" style=\"width: 1024px\" class=\"wp-caption alignnone\"><img loading=\"lazy\" decoding=\"async\" class=\"size-large wp-image-150644\" src=\"https:\/\/graziamagazine.com\/mx\/wp-content\/uploads\/sites\/13\/2025\/05\/Captura-de-Pantalla-2025-05-14-a-las-11.20.45-1024x677.png\" alt=\"Guillermo del Toro en Cannes\" width=\"1024\" height=\"677\" srcset=\"https:\/\/graziamagazine.com\/mx\/wp-content\/uploads\/sites\/13\/2025\/05\/Captura-de-Pantalla-2025-05-14-a-las-11.20.45-1024x677.png 1024w, https:\/\/graziamagazine.com\/mx\/wp-content\/uploads\/sites\/13\/2025\/05\/Captura-de-Pantalla-2025-05-14-a-las-11.20.45-450x297.png 450w, https:\/\/graziamagazine.com\/mx\/wp-content\/uploads\/sites\/13\/2025\/05\/Captura-de-Pantalla-2025-05-14-a-las-11.20.45-768x508.png 768w, https:\/\/graziamagazine.com\/mx\/wp-content\/uploads\/sites\/13\/2025\/05\/Captura-de-Pantalla-2025-05-14-a-las-11.20.45-1536x1015.png 1536w, https:\/\/graziamagazine.com\/mx\/wp-content\/uploads\/sites\/13\/2025\/05\/Captura-de-Pantalla-2025-05-14-a-las-11.20.45-2048x1354.png 2048w, https:\/\/graziamagazine.com\/mx\/wp-content\/uploads\/sites\/13\/2025\/05\/Captura-de-Pantalla-2025-05-14-a-las-11.20.45-400x264.png 400w, https:\/\/graziamagazine.com\/mx\/wp-content\/uploads\/sites\/13\/2025\/05\/Captura-de-Pantalla-2025-05-14-a-las-11.20.45-155x102.png 155w\" sizes=\"(max-width: 1024px) 100vw, 1024px\" \/><figcaption id=\"caption-attachment-150644\" class=\"wp-caption-text\">Guillermo del Toro en Cannes<\/figcaption><\/figure>\n<p data-start=\"1262\" data-end=\"1619\">Moderada por el periodista y experto en m\u00fasica cinematogr\u00e1fica St\u00e9phane Lerouge, la charla profundizar\u00e1 en c\u00f3mo la m\u00fasica transforma el lenguaje visual y emocional de una pel\u00edcula. Del Toro y Desplat analizar\u00e1n casos espec\u00edficos de su trabajo conjunto y revelar\u00e1n detalles sobre su proceso creativo, desde la concepci\u00f3n narrativa hasta la ejecuci\u00f3n t\u00e9cnica.<\/p>\n<p data-start=\"1688\" data-end=\"2082\">La colaboraci\u00f3n entre Del Toro y Desplat ha marcado un antes y un despu\u00e9s en la historia del cine. <em data-start=\"1787\" data-end=\"1806\">La forma del agua<\/em> (2017) no solo se llev\u00f3 cuatro premios Oscar, sino que demostr\u00f3 la fuerza de una banda sonora perfectamente integrada en la atm\u00f3sfera visual del filme.<\/p>\n<p data-start=\"1688\" data-end=\"2082\"><em data-start=\"1959\" data-end=\"1968\">Pinocho<\/em> (2022) volvi\u00f3 a reunirlos con resultados igualmente aclamados, llev\u00e1ndose el Oscar a Mejor Pel\u00edcula de Animaci\u00f3n.<\/p>\n<h3 data-start=\"2089\" data-end=\"2143\"><strong data-start=\"2093\" data-end=\"2141\">Presencia mexicana con impacto internacional<\/strong><\/h3>\n<figure id=\"attachment_150645\" aria-describedby=\"caption-attachment-150645\" style=\"width: 1024px\" class=\"wp-caption alignnone\"><img loading=\"lazy\" decoding=\"async\" class=\"size-large wp-image-150645\" src=\"https:\/\/graziamagazine.com\/mx\/wp-content\/uploads\/sites\/13\/2025\/05\/HAWODW24E5MSLXDD3I4LI2BB4M-1024x614.jpg\" alt=\"Guillermo del Toro en Cannes\" width=\"1024\" height=\"614\" srcset=\"https:\/\/graziamagazine.com\/mx\/wp-content\/uploads\/sites\/13\/2025\/05\/HAWODW24E5MSLXDD3I4LI2BB4M-1024x614.jpg 1024w, https:\/\/graziamagazine.com\/mx\/wp-content\/uploads\/sites\/13\/2025\/05\/HAWODW24E5MSLXDD3I4LI2BB4M-450x270.jpg 450w, https:\/\/graziamagazine.com\/mx\/wp-content\/uploads\/sites\/13\/2025\/05\/HAWODW24E5MSLXDD3I4LI2BB4M-768x461.jpg 768w, https:\/\/graziamagazine.com\/mx\/wp-content\/uploads\/sites\/13\/2025\/05\/HAWODW24E5MSLXDD3I4LI2BB4M-1536x922.jpg 1536w, https:\/\/graziamagazine.com\/mx\/wp-content\/uploads\/sites\/13\/2025\/05\/HAWODW24E5MSLXDD3I4LI2BB4M-400x240.jpg 400w, https:\/\/graziamagazine.com\/mx\/wp-content\/uploads\/sites\/13\/2025\/05\/HAWODW24E5MSLXDD3I4LI2BB4M-155x93.jpg 155w, https:\/\/graziamagazine.com\/mx\/wp-content\/uploads\/sites\/13\/2025\/05\/HAWODW24E5MSLXDD3I4LI2BB4M.jpg 2000w\" sizes=\"(max-width: 1024px) 100vw, 1024px\" \/><figcaption id=\"caption-attachment-150645\" class=\"wp-caption-text\">Guillermo del Toro en Cannes<\/figcaption><\/figure>\n<p data-start=\"2144\" data-end=\"2502\">La participaci\u00f3n de Guillermo del Toro refuerza la importancia del talento latinoamericano en escenarios internacionales. M\u00e1s all\u00e1 de sus pel\u00edculas, su presencia como conferencista refleja el respeto que su voz y visi\u00f3n art\u00edstica despiertan en la industria. Este 2025, Cannes no solo celebrar\u00e1 el cine, sino tambi\u00e9n a quienes lo elevan con pasi\u00f3n y maestr\u00eda.<\/p>\n<p data-start=\"2070\" data-end=\"2459\" data-is-last-node=\"\" data-is-only-node=\"\"><em><strong>*IMAGEN: Google Images<\/strong><\/em><\/p>\n","protected":false},"author":28953,"featured_media":150639,"template":"","format":"standard","categories":[2],"acf":[],"yoast_head":"<!-- This site is optimized with the Yoast SEO Premium plugin v18.5 (Yoast SEO v20.4) - https:\/\/yoast.com\/wordpress\/plugins\/seo\/ -->\n<title>Guillermo del Toro en Cannes<\/title>\n<meta name=\"description\" content=\"El director mexicano impartir\u00e1 una clase magistral junto a Alexandre Desplat sobre la relaci\u00f3n entre m\u00fasica e imagen en el cine.\" \/>\n<meta name=\"robots\" content=\"index, follow, max-snippet:-1, max-image-preview:large, max-video-preview:-1\" \/>\n<link rel=\"canonical\" href=\"https:\/\/graziamagazine.com\/mx\/articles\/guillermo-del-toro-en-cannes\/\" \/>\n<meta property=\"og:locale\" content=\"es_MX\" \/>\n<meta property=\"og:type\" content=\"article\" \/>\n<meta property=\"og:title\" content=\"Guillermo del Toro en Cannes\" \/>\n<meta property=\"og:description\" content=\"El director mexicano impartir\u00e1 una clase magistral junto a Alexandre Desplat sobre la relaci\u00f3n entre m\u00fasica e imagen en el cine.\" \/>\n<meta property=\"og:url\" content=\"https:\/\/graziamagazine.com\/mx\/articles\/guillermo-del-toro-en-cannes\/\" \/>\n<meta property=\"og:site_name\" content=\"Grazia M\u00e9xico y Latinoam\u00e9rica\" \/>\n<meta property=\"article:modified_time\" content=\"2025-05-14T17:23:00+00:00\" \/>\n<meta property=\"og:image\" content=\"https:\/\/graziamagazine.com\/mx\/wp-content\/uploads\/sites\/13\/2025\/05\/Captura-de-Pantalla-2025-05-14-a-las-11.14.28-1024x581.png\" \/>\n\t<meta property=\"og:image:width\" content=\"1024\" \/>\n\t<meta property=\"og:image:height\" content=\"581\" \/>\n\t<meta property=\"og:image:type\" content=\"image\/png\" \/>\n<meta name=\"twitter:card\" content=\"summary_large_image\" \/>\n<meta name=\"twitter:label1\" content=\"Est. reading time\" \/>\n\t<meta name=\"twitter:data1\" content=\"3 minutos\" \/>\n<script type=\"application\/ld+json\" class=\"yoast-schema-graph\">{\"@context\":\"https:\/\/schema.org\",\"@graph\":[{\"@type\":\"WebPage\",\"@id\":\"https:\/\/graziamagazine.com\/mx\/articles\/guillermo-del-toro-en-cannes\/\",\"url\":\"https:\/\/graziamagazine.com\/mx\/articles\/guillermo-del-toro-en-cannes\/\",\"name\":\"Guillermo del Toro en Cannes\",\"isPartOf\":{\"@id\":\"https:\/\/graziamagazine.com\/mx\/#website\"},\"datePublished\":\"2025-05-14T17:12:09+00:00\",\"dateModified\":\"2025-05-14T17:23:00+00:00\",\"description\":\"El director mexicano impartir\u00e1 una clase magistral junto a Alexandre Desplat sobre la relaci\u00f3n entre m\u00fasica e imagen en el cine.\",\"breadcrumb\":{\"@id\":\"https:\/\/graziamagazine.com\/mx\/articles\/guillermo-del-toro-en-cannes\/#breadcrumb\"},\"inLanguage\":\"es-MX\",\"potentialAction\":[{\"@type\":\"ReadAction\",\"target\":[\"https:\/\/graziamagazine.com\/mx\/articles\/guillermo-del-toro-en-cannes\/\"]}]},{\"@type\":\"BreadcrumbList\",\"@id\":\"https:\/\/graziamagazine.com\/mx\/articles\/guillermo-del-toro-en-cannes\/#breadcrumb\",\"itemListElement\":[{\"@type\":\"ListItem\",\"position\":1,\"name\":\"Home\",\"item\":\"https:\/\/graziamagazine.com\/mx\/\"},{\"@type\":\"ListItem\",\"position\":2,\"name\":\"Guillermo del Toro en Cannes\"}]},{\"@type\":\"WebSite\",\"@id\":\"https:\/\/graziamagazine.com\/mx\/#website\",\"url\":\"https:\/\/graziamagazine.com\/mx\/\",\"name\":\"Grazia M\u00e9xico y Latinoam\u00e9rica\",\"description\":\"Grazia es moda, belleza y noticias  de actualidad \",\"potentialAction\":[{\"@type\":\"SearchAction\",\"target\":{\"@type\":\"EntryPoint\",\"urlTemplate\":\"https:\/\/graziamagazine.com\/mx\/?s={search_term_string}\"},\"query-input\":\"required name=search_term_string\"}],\"inLanguage\":\"es-MX\"}]}<\/script>\n<!-- \/ Yoast SEO Premium plugin. -->","yoast_head_json":{"title":"Guillermo del Toro en Cannes","description":"El director mexicano impartir\u00e1 una clase magistral junto a Alexandre Desplat sobre la relaci\u00f3n entre m\u00fasica e imagen en el cine.","robots":{"index":"index","follow":"follow","max-snippet":"max-snippet:-1","max-image-preview":"max-image-preview:large","max-video-preview":"max-video-preview:-1"},"canonical":"https:\/\/graziamagazine.com\/mx\/articles\/guillermo-del-toro-en-cannes\/","og_locale":"es_MX","og_type":"article","og_title":"Guillermo del Toro en Cannes","og_description":"El director mexicano impartir\u00e1 una clase magistral junto a Alexandre Desplat sobre la relaci\u00f3n entre m\u00fasica e imagen en el cine.","og_url":"https:\/\/graziamagazine.com\/mx\/articles\/guillermo-del-toro-en-cannes\/","og_site_name":"Grazia M\u00e9xico y Latinoam\u00e9rica","article_modified_time":"2025-05-14T17:23:00+00:00","og_image":[{"width":1024,"height":581,"url":"https:\/\/graziamagazine.com\/mx\/wp-content\/uploads\/sites\/13\/2025\/05\/Captura-de-Pantalla-2025-05-14-a-las-11.14.28-1024x581.png","type":"image\/png"}],"twitter_card":"summary_large_image","twitter_misc":{"Est. reading time":"3 minutos"},"schema":{"@context":"https:\/\/schema.org","@graph":[{"@type":"WebPage","@id":"https:\/\/graziamagazine.com\/mx\/articles\/guillermo-del-toro-en-cannes\/","url":"https:\/\/graziamagazine.com\/mx\/articles\/guillermo-del-toro-en-cannes\/","name":"Guillermo del Toro en Cannes","isPartOf":{"@id":"https:\/\/graziamagazine.com\/mx\/#website"},"datePublished":"2025-05-14T17:12:09+00:00","dateModified":"2025-05-14T17:23:00+00:00","description":"El director mexicano impartir\u00e1 una clase magistral junto a Alexandre Desplat sobre la relaci\u00f3n entre m\u00fasica e imagen en el cine.","breadcrumb":{"@id":"https:\/\/graziamagazine.com\/mx\/articles\/guillermo-del-toro-en-cannes\/#breadcrumb"},"inLanguage":"es-MX","potentialAction":[{"@type":"ReadAction","target":["https:\/\/graziamagazine.com\/mx\/articles\/guillermo-del-toro-en-cannes\/"]}]},{"@type":"BreadcrumbList","@id":"https:\/\/graziamagazine.com\/mx\/articles\/guillermo-del-toro-en-cannes\/#breadcrumb","itemListElement":[{"@type":"ListItem","position":1,"name":"Home","item":"https:\/\/graziamagazine.com\/mx\/"},{"@type":"ListItem","position":2,"name":"Guillermo del Toro en Cannes"}]},{"@type":"WebSite","@id":"https:\/\/graziamagazine.com\/mx\/#website","url":"https:\/\/graziamagazine.com\/mx\/","name":"Grazia M\u00e9xico y Latinoam\u00e9rica","description":"Grazia es moda, belleza y noticias  de actualidad ","potentialAction":[{"@type":"SearchAction","target":{"@type":"EntryPoint","urlTemplate":"https:\/\/graziamagazine.com\/mx\/?s={search_term_string}"},"query-input":"required name=search_term_string"}],"inLanguage":"es-MX"}]}},"jetpack_sharing_enabled":true,"distributor_meta":false,"distributor_terms":false,"distributor_media":false,"distributor_original_site_name":"Grazia M\u00e9xico y Latinoam\u00e9rica","distributor_original_site_url":"https:\/\/graziamagazine.com\/mx","push-errors":false,"_links":{"self":[{"href":"https:\/\/graziamagazine.com\/mx\/wp-json\/wp\/v2\/articles\/150638"}],"collection":[{"href":"https:\/\/graziamagazine.com\/mx\/wp-json\/wp\/v2\/articles"}],"about":[{"href":"https:\/\/graziamagazine.com\/mx\/wp-json\/wp\/v2\/types\/articles"}],"author":[{"embeddable":true,"href":"https:\/\/graziamagazine.com\/mx\/wp-json\/wp\/v2\/users\/28953"}],"wp:featuredmedia":[{"embeddable":true,"href":"https:\/\/graziamagazine.com\/mx\/wp-json\/wp\/v2\/media\/150639"}],"wp:attachment":[{"href":"https:\/\/graziamagazine.com\/mx\/wp-json\/wp\/v2\/media?parent=150638"}],"wp:term":[{"taxonomy":"category","embeddable":true,"href":"https:\/\/graziamagazine.com\/mx\/wp-json\/wp\/v2\/categories?post=150638"}],"curies":[{"name":"wp","href":"https:\/\/api.w.org\/{rel}","templated":true}]}}