{"id":150538,"date":"2025-05-12T16:01:28","date_gmt":"2025-05-12T21:01:28","guid":{"rendered":"https:\/\/graziamagazine.com\/mx\/?post_type=articles&#038;p=150538"},"modified":"2025-05-12T16:13:14","modified_gmt":"2025-05-12T21:13:14","slug":"looks-victoria-federica-feria-sevilla","status":"publish","type":"articles","link":"https:\/\/graziamagazine.com\/mx\/articles\/looks-victoria-federica-feria-sevilla\/","title":{"rendered":"Estos son los looks que ha llevado Victoria Federica en la feria de Sevilla"},"content":{"rendered":"<p><strong>Victoria Federica de Marichalar de Borb\u00f3n<\/strong> es actualmente de royal con m\u00e1s estilo de Espa\u00f1a, sobre todo para el p\u00fablico m\u00e1s joven, que la siga en sus redes sociales.<\/p>\n<p>Victoria es nieta del rey em\u00e9rito Juan Carlos, sobrina del <strong>rey Felipe VI<\/strong> y es hija de la infanta Elena y Jaime de Marichalar.<\/p>\n<p>Durante los \u00faltimos a\u00f1os, <strong>Victoria ha llamado la atenci\u00f3n<\/strong> debido a su gran gusto por la moda, convirti\u00e9ndose en un \u00edcono espa\u00f1ol.<\/p>\n<p>Recientemente, Victoria particip\u00f3 en la <strong>Feria de Abril <\/strong>(fiestas de Sevilla) como lo ha venido haciendo desde hace a\u00f1os. En esta ocasi\u00f3n, eligi\u00f3 dos atuendos completamente inspirados en la cultura sevillana.<\/p>\n<p>&nbsp;<\/p>\n<h3>Amazona<\/h3>\n<p>Uno de los <em>looks<\/em> que utiliz\u00f3, fue el de <strong>amazona<\/strong> y lo hizo a caballo, s\u00ed, tal como lo le\u00edste.<\/p>\n<p>El traje era en <strong>tonos grises<\/strong> y un sombrero negro, llevaba una camisa blanca de botones debajo del traje y un fald\u00f3n color negro que cubr\u00edan sus botas caf\u00e9s mientras montaba.<\/p>\n<div class=\"content-gallery\"><div class=\"gallery-placeholder\"><div class=\"spinner\"><\/div><\/div><span class=\"gallery-pagination\"><\/span><div id=\"gallery-1\" class=\"gallery galleryid-150538 gallery-columns- gallery-size-\"><figure class=\"gallery-item\"><div class=\"gallery-icon landscape\"><img loading=\"lazy\" decoding=\"async\" width=\"1176\" height=\"1380\" src=\"https:\/\/graziamagazine.com\/mx\/wp-content\/uploads\/sites\/13\/2025\/05\/WhatsApp-Image-2025-05-12-at-3.08.49-PM.jpeg\" class=\"lazy\" alt=\"\" srcset=\"https:\/\/graziamagazine.com\/mx\/wp-content\/uploads\/sites\/13\/2025\/05\/WhatsApp-Image-2025-05-12-at-3.08.49-PM.jpeg 1176w, https:\/\/graziamagazine.com\/mx\/wp-content\/uploads\/sites\/13\/2025\/05\/WhatsApp-Image-2025-05-12-at-3.08.49-PM-383x450.jpeg 383w, https:\/\/graziamagazine.com\/mx\/wp-content\/uploads\/sites\/13\/2025\/05\/WhatsApp-Image-2025-05-12-at-3.08.49-PM-873x1024.jpeg 873w, https:\/\/graziamagazine.com\/mx\/wp-content\/uploads\/sites\/13\/2025\/05\/WhatsApp-Image-2025-05-12-at-3.08.49-PM-768x901.jpeg 768w, https:\/\/graziamagazine.com\/mx\/wp-content\/uploads\/sites\/13\/2025\/05\/WhatsApp-Image-2025-05-12-at-3.08.49-PM-400x469.jpeg 400w, https:\/\/graziamagazine.com\/mx\/wp-content\/uploads\/sites\/13\/2025\/05\/WhatsApp-Image-2025-05-12-at-3.08.49-PM-155x182.jpeg 155w\" sizes=\"(max-width: 1176px) 100vw, 1176px\" \/><\/div><figcaption class=\"wp-caption-text gallery-caption\" id=\"gallery-1-150556\">Victoria Federica en la feria de Sevilla \/ Instagram @vicmabor<\/figcaption><\/figure><figure class=\"gallery-item\"><div class=\"gallery-icon landscape\"><img loading=\"lazy\" decoding=\"async\" width=\"1290\" height=\"1364\" src=\"https:\/\/graziamagazine.com\/mx\/wp-content\/uploads\/sites\/13\/2025\/05\/WhatsApp-Image-2025-05-12-at-3.06.35-PM-1.jpeg\" class=\"lazy\" alt=\"\" srcset=\"https:\/\/graziamagazine.com\/mx\/wp-content\/uploads\/sites\/13\/2025\/05\/WhatsApp-Image-2025-05-12-at-3.06.35-PM-1.jpeg 1290w, https:\/\/graziamagazine.com\/mx\/wp-content\/uploads\/sites\/13\/2025\/05\/WhatsApp-Image-2025-05-12-at-3.06.35-PM-1-426x450.jpeg 426w, https:\/\/graziamagazine.com\/mx\/wp-content\/uploads\/sites\/13\/2025\/05\/WhatsApp-Image-2025-05-12-at-3.06.35-PM-1-968x1024.jpeg 968w, https:\/\/graziamagazine.com\/mx\/wp-content\/uploads\/sites\/13\/2025\/05\/WhatsApp-Image-2025-05-12-at-3.06.35-PM-1-768x812.jpeg 768w, https:\/\/graziamagazine.com\/mx\/wp-content\/uploads\/sites\/13\/2025\/05\/WhatsApp-Image-2025-05-12-at-3.06.35-PM-1-400x423.jpeg 400w, https:\/\/graziamagazine.com\/mx\/wp-content\/uploads\/sites\/13\/2025\/05\/WhatsApp-Image-2025-05-12-at-3.06.35-PM-1-155x164.jpeg 155w\" sizes=\"(max-width: 1290px) 100vw, 1290px\" \/><\/div><figcaption class=\"wp-caption-text gallery-caption\" id=\"gallery-1-150554\">Victoria Federica en la feria de Sevilla \/ Instagram @vicmabor<\/figcaption><\/figure><\/div><\/div>\n<p>&nbsp;<\/p>\n<h3>Flamenca<\/h3>\n<p>Con un traje de <strong>Roc\u00edo Peralta<\/strong>, una de las dise\u00f1adoras favoritas de las celebridades, Victoria luci\u00f3 espectacular. Incluso us\u00f3 la ic\u00f3nica flor en la cabeza, t\u00edpica de los trajes sevillanos.<\/p>\n<p>&#8220;Qu\u00e9 ganas ten\u00eda de ponerme la flor&#8221;, dijo Victoria en una publicaci\u00f3n de Instagram.<\/p>\n<div class=\"content-gallery\"><div class=\"gallery-placeholder\"><div class=\"spinner\"><\/div><\/div><span class=\"gallery-pagination\"><\/span><div id=\"gallery-2\" class=\"gallery galleryid-150538 gallery-columns- gallery-size-\"><figure class=\"gallery-item\"><div class=\"gallery-icon landscape\"><img loading=\"lazy\" decoding=\"async\" width=\"1073\" height=\"1465\" src=\"https:\/\/graziamagazine.com\/mx\/wp-content\/uploads\/sites\/13\/2025\/05\/WhatsApp-Image-2025-05-12-at-3.06.35-PM-3.jpeg\" class=\"lazy\" alt=\"\" srcset=\"https:\/\/graziamagazine.com\/mx\/wp-content\/uploads\/sites\/13\/2025\/05\/WhatsApp-Image-2025-05-12-at-3.06.35-PM-3.jpeg 1073w, https:\/\/graziamagazine.com\/mx\/wp-content\/uploads\/sites\/13\/2025\/05\/WhatsApp-Image-2025-05-12-at-3.06.35-PM-3-330x450.jpeg 330w, https:\/\/graziamagazine.com\/mx\/wp-content\/uploads\/sites\/13\/2025\/05\/WhatsApp-Image-2025-05-12-at-3.06.35-PM-3-750x1024.jpeg 750w, https:\/\/graziamagazine.com\/mx\/wp-content\/uploads\/sites\/13\/2025\/05\/WhatsApp-Image-2025-05-12-at-3.06.35-PM-3-768x1049.jpeg 768w, https:\/\/graziamagazine.com\/mx\/wp-content\/uploads\/sites\/13\/2025\/05\/WhatsApp-Image-2025-05-12-at-3.06.35-PM-3-400x546.jpeg 400w, https:\/\/graziamagazine.com\/mx\/wp-content\/uploads\/sites\/13\/2025\/05\/WhatsApp-Image-2025-05-12-at-3.06.35-PM-3-155x212.jpeg 155w\" sizes=\"(max-width: 1073px) 100vw, 1073px\" \/><\/div><figcaption class=\"wp-caption-text gallery-caption\" id=\"gallery-2-150552\">Victoria Federica en la feria de Sevilla \/ Instagram @vicmabor<\/figcaption><\/figure><figure class=\"gallery-item\"><div class=\"gallery-icon landscape\"><img loading=\"lazy\" decoding=\"async\" width=\"1064\" height=\"1332\" src=\"https:\/\/graziamagazine.com\/mx\/wp-content\/uploads\/sites\/13\/2025\/05\/WhatsApp-Image-2025-05-12-at-3.06.35-PM-2.jpeg\" class=\"lazy\" alt=\"\" srcset=\"https:\/\/graziamagazine.com\/mx\/wp-content\/uploads\/sites\/13\/2025\/05\/WhatsApp-Image-2025-05-12-at-3.06.35-PM-2.jpeg 1064w, https:\/\/graziamagazine.com\/mx\/wp-content\/uploads\/sites\/13\/2025\/05\/WhatsApp-Image-2025-05-12-at-3.06.35-PM-2-359x450.jpeg 359w, https:\/\/graziamagazine.com\/mx\/wp-content\/uploads\/sites\/13\/2025\/05\/WhatsApp-Image-2025-05-12-at-3.06.35-PM-2-818x1024.jpeg 818w, https:\/\/graziamagazine.com\/mx\/wp-content\/uploads\/sites\/13\/2025\/05\/WhatsApp-Image-2025-05-12-at-3.06.35-PM-2-768x961.jpeg 768w, https:\/\/graziamagazine.com\/mx\/wp-content\/uploads\/sites\/13\/2025\/05\/WhatsApp-Image-2025-05-12-at-3.06.35-PM-2-400x501.jpeg 400w, https:\/\/graziamagazine.com\/mx\/wp-content\/uploads\/sites\/13\/2025\/05\/WhatsApp-Image-2025-05-12-at-3.06.35-PM-2-155x194.jpeg 155w\" sizes=\"(max-width: 1064px) 100vw, 1064px\" \/><\/div><figcaption class=\"wp-caption-text gallery-caption\" id=\"gallery-2-150553\">Victoria Federica en la feria de Sevilla \/ Instagram @vicmabor<\/figcaption><\/figure><\/div><\/div>\n<p>El vestido en <strong>color azulina<\/strong> ten\u00eda lunares del mismo tono muy sutiles, pero que le daban ese <strong>toque t\u00edpico<\/strong>. El vestido llevaba un talle elevado y una <strong>falda de volantes en negro<\/strong>. Adem\u00e1s, le agreg\u00f3 un mantoncillo en malva cruzado con detalles de corales.<\/p>\n<p>&nbsp;<\/p>\n","protected":false},"author":36289,"featured_media":150557,"template":"","format":"standard","categories":[12517],"acf":[],"yoast_head":"<!-- This site is optimized with the Yoast SEO Premium plugin v18.5 (Yoast SEO v20.4) - https:\/\/yoast.com\/wordpress\/plugins\/seo\/ -->\n<title>Estos son los looks que ha llevado Victoria Federica en la feria de Sevilla | Grazia M\u00e9xico y Latinoam\u00e9rica<\/title>\n<meta name=\"description\" content=\"Victoria Federica de Marichalar de Borb\u00f3n es actualmente de royal con m\u00e1s estilo de Espa\u00f1a, sobre todo para el p\u00fablico m\u00e1s joven, que la siga en sus redes\" \/>\n<meta name=\"robots\" content=\"index, follow, max-snippet:-1, max-image-preview:large, max-video-preview:-1\" \/>\n<link rel=\"canonical\" href=\"https:\/\/graziamagazine.com\/mx\/articles\/looks-victoria-federica-feria-sevilla\/\" \/>\n<meta property=\"og:locale\" content=\"es_MX\" \/>\n<meta property=\"og:type\" content=\"article\" \/>\n<meta property=\"og:title\" content=\"Estos son los looks que ha llevado Victoria Federica en la feria de Sevilla\" \/>\n<meta property=\"og:description\" content=\"Victoria Federica de Marichalar de Borb\u00f3n es actualmente de royal con m\u00e1s estilo de Espa\u00f1a, sobre todo para el p\u00fablico m\u00e1s joven, que la siga en sus redes\" \/>\n<meta property=\"og:url\" content=\"https:\/\/graziamagazine.com\/mx\/articles\/looks-victoria-federica-feria-sevilla\/\" \/>\n<meta property=\"og:site_name\" content=\"Grazia M\u00e9xico y Latinoam\u00e9rica\" \/>\n<meta property=\"article:modified_time\" content=\"2025-05-12T21:13:14+00:00\" \/>\n<meta property=\"og:image\" content=\"https:\/\/graziamagazine.com\/mx\/wp-content\/uploads\/sites\/13\/2025\/05\/Captura-de-Pantalla-2025-05-12-a-las-15.11.14-e1747084361541.png\" \/>\n\t<meta property=\"og:image:width\" content=\"812\" \/>\n\t<meta property=\"og:image:height\" content=\"699\" \/>\n\t<meta property=\"og:image:type\" content=\"image\/png\" \/>\n<meta name=\"twitter:card\" content=\"summary_large_image\" \/>\n<meta name=\"twitter:label1\" content=\"Est. reading time\" \/>\n\t<meta name=\"twitter:data1\" content=\"2 minutos\" \/>\n<script type=\"application\/ld+json\" class=\"yoast-schema-graph\">{\"@context\":\"https:\/\/schema.org\",\"@graph\":[{\"@type\":\"WebPage\",\"@id\":\"https:\/\/graziamagazine.com\/mx\/articles\/looks-victoria-federica-feria-sevilla\/\",\"url\":\"https:\/\/graziamagazine.com\/mx\/articles\/looks-victoria-federica-feria-sevilla\/\",\"name\":\"Estos son los looks que ha llevado Victoria Federica en la feria de Sevilla | Grazia M\u00e9xico y Latinoam\u00e9rica\",\"isPartOf\":{\"@id\":\"https:\/\/graziamagazine.com\/mx\/#website\"},\"datePublished\":\"2025-05-12T21:01:28+00:00\",\"dateModified\":\"2025-05-12T21:13:14+00:00\",\"description\":\"Victoria Federica de Marichalar de Borb\u00f3n es actualmente de royal con m\u00e1s estilo de Espa\u00f1a, sobre todo para el p\u00fablico m\u00e1s joven, que la siga en sus redes\",\"breadcrumb\":{\"@id\":\"https:\/\/graziamagazine.com\/mx\/articles\/looks-victoria-federica-feria-sevilla\/#breadcrumb\"},\"inLanguage\":\"es-MX\",\"potentialAction\":[{\"@type\":\"ReadAction\",\"target\":[\"https:\/\/graziamagazine.com\/mx\/articles\/looks-victoria-federica-feria-sevilla\/\"]}]},{\"@type\":\"BreadcrumbList\",\"@id\":\"https:\/\/graziamagazine.com\/mx\/articles\/looks-victoria-federica-feria-sevilla\/#breadcrumb\",\"itemListElement\":[{\"@type\":\"ListItem\",\"position\":1,\"name\":\"Home\",\"item\":\"https:\/\/graziamagazine.com\/mx\/\"},{\"@type\":\"ListItem\",\"position\":2,\"name\":\"Estos son los looks que ha llevado Victoria Federica en la feria de Sevilla\"}]},{\"@type\":\"WebSite\",\"@id\":\"https:\/\/graziamagazine.com\/mx\/#website\",\"url\":\"https:\/\/graziamagazine.com\/mx\/\",\"name\":\"Grazia M\u00e9xico y Latinoam\u00e9rica\",\"description\":\"Grazia es moda, belleza y noticias  de actualidad \",\"potentialAction\":[{\"@type\":\"SearchAction\",\"target\":{\"@type\":\"EntryPoint\",\"urlTemplate\":\"https:\/\/graziamagazine.com\/mx\/?s={search_term_string}\"},\"query-input\":\"required name=search_term_string\"}],\"inLanguage\":\"es-MX\"}]}<\/script>\n<!-- \/ Yoast SEO Premium plugin. -->","yoast_head_json":{"title":"Estos son los looks que ha llevado Victoria Federica en la feria de Sevilla | Grazia M\u00e9xico y Latinoam\u00e9rica","description":"Victoria Federica de Marichalar de Borb\u00f3n es actualmente de royal con m\u00e1s estilo de Espa\u00f1a, sobre todo para el p\u00fablico m\u00e1s joven, que la siga en sus redes","robots":{"index":"index","follow":"follow","max-snippet":"max-snippet:-1","max-image-preview":"max-image-preview:large","max-video-preview":"max-video-preview:-1"},"canonical":"https:\/\/graziamagazine.com\/mx\/articles\/looks-victoria-federica-feria-sevilla\/","og_locale":"es_MX","og_type":"article","og_title":"Estos son los looks que ha llevado Victoria Federica en la feria de Sevilla","og_description":"Victoria Federica de Marichalar de Borb\u00f3n es actualmente de royal con m\u00e1s estilo de Espa\u00f1a, sobre todo para el p\u00fablico m\u00e1s joven, que la siga en sus redes","og_url":"https:\/\/graziamagazine.com\/mx\/articles\/looks-victoria-federica-feria-sevilla\/","og_site_name":"Grazia M\u00e9xico y Latinoam\u00e9rica","article_modified_time":"2025-05-12T21:13:14+00:00","og_image":[{"width":812,"height":699,"url":"https:\/\/graziamagazine.com\/mx\/wp-content\/uploads\/sites\/13\/2025\/05\/Captura-de-Pantalla-2025-05-12-a-las-15.11.14-e1747084361541.png","type":"image\/png"}],"twitter_card":"summary_large_image","twitter_misc":{"Est. reading time":"2 minutos"},"schema":{"@context":"https:\/\/schema.org","@graph":[{"@type":"WebPage","@id":"https:\/\/graziamagazine.com\/mx\/articles\/looks-victoria-federica-feria-sevilla\/","url":"https:\/\/graziamagazine.com\/mx\/articles\/looks-victoria-federica-feria-sevilla\/","name":"Estos son los looks que ha llevado Victoria Federica en la feria de Sevilla | Grazia M\u00e9xico y Latinoam\u00e9rica","isPartOf":{"@id":"https:\/\/graziamagazine.com\/mx\/#website"},"datePublished":"2025-05-12T21:01:28+00:00","dateModified":"2025-05-12T21:13:14+00:00","description":"Victoria Federica de Marichalar de Borb\u00f3n es actualmente de royal con m\u00e1s estilo de Espa\u00f1a, sobre todo para el p\u00fablico m\u00e1s joven, que la siga en sus redes","breadcrumb":{"@id":"https:\/\/graziamagazine.com\/mx\/articles\/looks-victoria-federica-feria-sevilla\/#breadcrumb"},"inLanguage":"es-MX","potentialAction":[{"@type":"ReadAction","target":["https:\/\/graziamagazine.com\/mx\/articles\/looks-victoria-federica-feria-sevilla\/"]}]},{"@type":"BreadcrumbList","@id":"https:\/\/graziamagazine.com\/mx\/articles\/looks-victoria-federica-feria-sevilla\/#breadcrumb","itemListElement":[{"@type":"ListItem","position":1,"name":"Home","item":"https:\/\/graziamagazine.com\/mx\/"},{"@type":"ListItem","position":2,"name":"Estos son los looks que ha llevado Victoria Federica en la feria de Sevilla"}]},{"@type":"WebSite","@id":"https:\/\/graziamagazine.com\/mx\/#website","url":"https:\/\/graziamagazine.com\/mx\/","name":"Grazia M\u00e9xico y Latinoam\u00e9rica","description":"Grazia es moda, belleza y noticias  de actualidad ","potentialAction":[{"@type":"SearchAction","target":{"@type":"EntryPoint","urlTemplate":"https:\/\/graziamagazine.com\/mx\/?s={search_term_string}"},"query-input":"required name=search_term_string"}],"inLanguage":"es-MX"}]}},"jetpack_sharing_enabled":true,"distributor_meta":false,"distributor_terms":false,"distributor_media":false,"distributor_original_site_name":"Grazia M\u00e9xico y Latinoam\u00e9rica","distributor_original_site_url":"https:\/\/graziamagazine.com\/mx","push-errors":false,"_links":{"self":[{"href":"https:\/\/graziamagazine.com\/mx\/wp-json\/wp\/v2\/articles\/150538"}],"collection":[{"href":"https:\/\/graziamagazine.com\/mx\/wp-json\/wp\/v2\/articles"}],"about":[{"href":"https:\/\/graziamagazine.com\/mx\/wp-json\/wp\/v2\/types\/articles"}],"author":[{"embeddable":true,"href":"https:\/\/graziamagazine.com\/mx\/wp-json\/wp\/v2\/users\/36289"}],"wp:featuredmedia":[{"embeddable":true,"href":"https:\/\/graziamagazine.com\/mx\/wp-json\/wp\/v2\/media\/150557"}],"wp:attachment":[{"href":"https:\/\/graziamagazine.com\/mx\/wp-json\/wp\/v2\/media?parent=150538"}],"wp:term":[{"taxonomy":"category","embeddable":true,"href":"https:\/\/graziamagazine.com\/mx\/wp-json\/wp\/v2\/categories?post=150538"}],"curies":[{"name":"wp","href":"https:\/\/api.w.org\/{rel}","templated":true}]}}