{"id":150462,"date":"2025-05-09T11:27:12","date_gmt":"2025-05-09T16:27:12","guid":{"rendered":"https:\/\/graziamagazine.com\/mx\/?post_type=articles&#038;p=150462"},"modified":"2025-05-09T11:40:59","modified_gmt":"2025-05-09T16:40:59","slug":"el-disenador-del-papa-moderno","status":"publish","type":"articles","link":"https:\/\/graziamagazine.com\/mx\/articles\/el-disenador-del-papa-moderno\/","title":{"rendered":"El Dise\u00f1ador del Papa Moderno"},"content":{"rendered":"<p class=\"\" data-start=\"331\" data-end=\"839\">Filippo Sorcinelli no es simplemente un dise\u00f1ador; es un alquimista de lo sagrado, un artista que transforma la fe en forma. Nacido en Mondolfo, Italia, en 1975, este creador multifac\u00e9tico, organista, perfumista, estudioso de la liturgia, ha construido su carrera en torno a un solo principio: la <strong data-start=\"626\" data-end=\"669\">belleza como veh\u00edculo de espiritualidad<\/strong>.<\/p>\n<p class=\"\" data-start=\"331\" data-end=\"839\">Desde sus estudios en el Pontificio Instituto de M\u00fasica Sacra, Sorcinelli ha unido teolog\u00eda, arte y m\u00fasica en una propuesta est\u00e9tica profundamente personal y universal.<\/p>\n<h3 class=\"\" data-start=\"846\" data-end=\"881\"><strong data-start=\"850\" data-end=\"881\">El camino hacia el Vaticano<\/strong><\/h3>\n<figure id=\"attachment_150464\" aria-describedby=\"caption-attachment-150464\" style=\"width: 678px\" class=\"wp-caption alignnone\"><img loading=\"lazy\" decoding=\"async\" class=\"size-large wp-image-150464\" src=\"https:\/\/graziamagazine.com\/mx\/wp-content\/uploads\/sites\/13\/2025\/05\/Captura-de-Pantalla-2025-05-09-a-las-10.34.09-678x1024.png\" alt=\"El Dise\u00f1ador del Papa Moderno\" width=\"678\" height=\"1024\" srcset=\"https:\/\/graziamagazine.com\/mx\/wp-content\/uploads\/sites\/13\/2025\/05\/Captura-de-Pantalla-2025-05-09-a-las-10.34.09-678x1024.png 678w, https:\/\/graziamagazine.com\/mx\/wp-content\/uploads\/sites\/13\/2025\/05\/Captura-de-Pantalla-2025-05-09-a-las-10.34.09-298x450.png 298w, https:\/\/graziamagazine.com\/mx\/wp-content\/uploads\/sites\/13\/2025\/05\/Captura-de-Pantalla-2025-05-09-a-las-10.34.09-768x1160.png 768w, https:\/\/graziamagazine.com\/mx\/wp-content\/uploads\/sites\/13\/2025\/05\/Captura-de-Pantalla-2025-05-09-a-las-10.34.09-1017x1536.png 1017w, https:\/\/graziamagazine.com\/mx\/wp-content\/uploads\/sites\/13\/2025\/05\/Captura-de-Pantalla-2025-05-09-a-las-10.34.09-400x604.png 400w, https:\/\/graziamagazine.com\/mx\/wp-content\/uploads\/sites\/13\/2025\/05\/Captura-de-Pantalla-2025-05-09-a-las-10.34.09-142x215.png 142w, https:\/\/graziamagazine.com\/mx\/wp-content\/uploads\/sites\/13\/2025\/05\/Captura-de-Pantalla-2025-05-09-a-las-10.34.09.png 1030w\" sizes=\"(max-width: 678px) 100vw, 678px\" \/><figcaption id=\"caption-attachment-150464\" class=\"wp-caption-text\">El Dise\u00f1ador del Papa Moderno<\/figcaption><\/figure>\n<p class=\"\" data-start=\"883\" data-end=\"1334\">Su incursi\u00f3n en la moda sacra comenz\u00f3 casi por accidente: una t\u00fanica dise\u00f1ada para un amigo sacerdote despert\u00f3 el inter\u00e9s de un obispo, quien, impresionado, le encarg\u00f3 una mitra.<\/p>\n<p class=\"\" data-start=\"883\" data-end=\"1334\">Esa prenda abri\u00f3 las puertas del Vaticano. Poco despu\u00e9s, recibir\u00eda el encargo m\u00e1s significativo de su vida: <strong data-start=\"1170\" data-end=\"1219\">dise\u00f1ar vestiduras para el Papa Benedicto XVI<\/strong>. \u201cVerlo por televisi\u00f3n luciendo mi creaci\u00f3n fue una emoci\u00f3n indescriptible. No dorm\u00ed la noche anterior\u201d, recuerda.<\/p>\n<h3 class=\"\" data-start=\"1341\" data-end=\"1391\"><strong data-start=\"1345\" data-end=\"1391\">Liturgia y est\u00e9tica: un equilibrio sagrado<\/strong><\/h3>\n<figure id=\"attachment_150463\" aria-describedby=\"caption-attachment-150463\" style=\"width: 778px\" class=\"wp-caption alignnone\"><img loading=\"lazy\" decoding=\"async\" class=\"size-large wp-image-150463\" src=\"https:\/\/graziamagazine.com\/mx\/wp-content\/uploads\/sites\/13\/2025\/05\/Captura-de-Pantalla-2025-05-09-a-las-10.32.54-778x1024.png\" alt=\"El Dise\u00f1ador del Papa Moderno\" width=\"778\" height=\"1024\" srcset=\"https:\/\/graziamagazine.com\/mx\/wp-content\/uploads\/sites\/13\/2025\/05\/Captura-de-Pantalla-2025-05-09-a-las-10.32.54-778x1024.png 778w, https:\/\/graziamagazine.com\/mx\/wp-content\/uploads\/sites\/13\/2025\/05\/Captura-de-Pantalla-2025-05-09-a-las-10.32.54-342x450.png 342w, https:\/\/graziamagazine.com\/mx\/wp-content\/uploads\/sites\/13\/2025\/05\/Captura-de-Pantalla-2025-05-09-a-las-10.32.54-768x1011.png 768w, https:\/\/graziamagazine.com\/mx\/wp-content\/uploads\/sites\/13\/2025\/05\/Captura-de-Pantalla-2025-05-09-a-las-10.32.54-400x527.png 400w, https:\/\/graziamagazine.com\/mx\/wp-content\/uploads\/sites\/13\/2025\/05\/Captura-de-Pantalla-2025-05-09-a-las-10.32.54-155x204.png 155w, https:\/\/graziamagazine.com\/mx\/wp-content\/uploads\/sites\/13\/2025\/05\/Captura-de-Pantalla-2025-05-09-a-las-10.32.54.png 1100w\" sizes=\"(max-width: 778px) 100vw, 778px\" \/><figcaption id=\"caption-attachment-150463\" class=\"wp-caption-text\">El Dise\u00f1ador del Papa Moderno<\/figcaption><\/figure>\n<p class=\"\" data-start=\"1393\" data-end=\"1838\">Dise\u00f1ar para el Vaticano no es un ejercicio de libertad total; es, parad\u00f3jicamente, una lecci\u00f3n de disciplina. \u201cLa liturgia impone reglas estrictas. No es alta costura; es una forma de oraci\u00f3n visual\u201d, explica.<\/p>\n<p class=\"\" data-start=\"1393\" data-end=\"1838\">Cada encargo pasa por la supervisi\u00f3n del <em data-start=\"1645\" data-end=\"1704\">Ufficio delle Celebrazioni Liturgiche del Sommo Pontefice<\/em>, lo que convierte cada dise\u00f1o en una <strong data-start=\"1742\" data-end=\"1791\">s\u00edntesis entre tradici\u00f3n y expresi\u00f3n personal<\/strong>, una danza entre lo eterno y lo contempor\u00e1neo.<\/p>\n<h3 class=\"\" data-start=\"1845\" data-end=\"1893\"><strong data-start=\"1849\" data-end=\"1893\">Una imagen moderna con respeto ancestral<\/strong><\/h3>\n<figure id=\"attachment_150466\" aria-describedby=\"caption-attachment-150466\" style=\"width: 810px\" class=\"wp-caption alignnone\"><img loading=\"lazy\" decoding=\"async\" class=\"size-large wp-image-150466\" src=\"https:\/\/graziamagazine.com\/mx\/wp-content\/uploads\/sites\/13\/2025\/05\/Captura-de-Pantalla-2025-05-09-a-las-10.31.43-810x1024.png\" alt=\"El Dise\u00f1ador del Papa Moderno\" width=\"810\" height=\"1024\" srcset=\"https:\/\/graziamagazine.com\/mx\/wp-content\/uploads\/sites\/13\/2025\/05\/Captura-de-Pantalla-2025-05-09-a-las-10.31.43-810x1024.png 810w, https:\/\/graziamagazine.com\/mx\/wp-content\/uploads\/sites\/13\/2025\/05\/Captura-de-Pantalla-2025-05-09-a-las-10.31.43-356x450.png 356w, https:\/\/graziamagazine.com\/mx\/wp-content\/uploads\/sites\/13\/2025\/05\/Captura-de-Pantalla-2025-05-09-a-las-10.31.43-768x971.png 768w, https:\/\/graziamagazine.com\/mx\/wp-content\/uploads\/sites\/13\/2025\/05\/Captura-de-Pantalla-2025-05-09-a-las-10.31.43-400x506.png 400w, https:\/\/graziamagazine.com\/mx\/wp-content\/uploads\/sites\/13\/2025\/05\/Captura-de-Pantalla-2025-05-09-a-las-10.31.43-155x196.png 155w, https:\/\/graziamagazine.com\/mx\/wp-content\/uploads\/sites\/13\/2025\/05\/Captura-de-Pantalla-2025-05-09-a-las-10.31.43.png 1152w\" sizes=\"(max-width: 810px) 100vw, 810px\" \/><figcaption id=\"caption-attachment-150466\" class=\"wp-caption-text\">El Dise\u00f1ador del Papa Moderno<\/figcaption><\/figure>\n<p class=\"\" data-start=\"1895\" data-end=\"2316\">Sorcinelli, con tatuajes, pendientes y sensibilidad barroca, desaf\u00eda el clich\u00e9 del modisto sacro, pero lo hace desde el respeto m\u00e1s profundo. \u201cMe quito los pendientes cuando entro al Vaticano. La empat\u00eda es esencial\u201d, afirma.<\/p>\n<p class=\"\" data-start=\"1895\" data-end=\"2316\">Ha vestido a Papas, obispos y hasta santos, como cuando dise\u00f1\u00f3 una vestidura para San Celestino V durante la exhumaci\u00f3n de sus reliquias. \u201cLe hice hasta los zapatos\u201d, dice entre risas reverentes.<\/p>\n<h3 class=\"\" data-start=\"2323\" data-end=\"2357\"><strong data-start=\"2327\" data-end=\"2357\">Arte, fe y sinfon\u00eda visual<\/strong><\/h3>\n<blockquote class=\"tiktok-embed\" cite=\"https:\/\/www.tiktok.com\/@filipposorcinelli\/video\/7356182424285351200\" data-video-id=\"7356182424285351200\" data-embed-from=\"oembed\" style=\"max-width:605px; min-width:325px;\">\n<section> <a href=\"https:\/\/www.tiktok.com\/@filipposorcinelli?refer=embed\"target=\"_blank\" title=\"@filipposorcinelli\"  target=\"_blank\">@filipposorcinelli<\/a> <\/p>\n<p>una colonna sonora per la vita- tratto dal documentario per la TV tedesca ZDF heute @ZDF <a href=\"https:\/\/www.tiktok.com\/tag\/filipposorcinelli?refer=embed\"title=\"filipposorcinelli\" target=\"_blank\"  target=\"_blank\">#filipposorcinelli<\/a> <a href=\"https:\/\/www.tiktok.com\/tag\/rome?refer=embed\"title=\"rome\" target=\"_blank\"  target=\"_blank\">#rome<\/a> <a href=\"https:\/\/www.tiktok.com\/tag\/organo?refer=embed\"title=\"organo\" target=\"_blank\"  target=\"_blank\">#organo<\/a> <\/p>\n<p> <a href=\"https:\/\/www.tiktok.com\/music\/suono-originale-7356182456016014113?refer=embed\"target=\"_blank\" title=\"\u266c suono originale - FILIPPO SORCINELLI\"  target=\"_blank\">\u266c suono originale &#8211; FILIPPO SORCINELLI<\/a> <\/section>\n<\/blockquote>\n<p> <script async src=\"https:\/\/www.tiktok.com\/embed.js\"><\/script><\/p>\n<p class=\"\" data-start=\"2359\" data-end=\"2607\">En su universo creativo, la m\u00fasica ocupa un lugar esencial. \u201cTocar el \u00f3rgano es rezar sin palabras\u201d, dice. Y lo mismo podr\u00eda decirse de sus vestiduras: <strong data-start=\"2511\" data-end=\"2567\">son sinfon\u00edas visuales tejidas con hilo, fe y pasi\u00f3n<\/strong>, donde cada pliegue evoca lo invisible.<\/p>\n<p class=\"\" data-start=\"2609\" data-end=\"2864\">Desde la Sacrist\u00eda Papal hasta la catedral de Notre-Dame, las creaciones de Sorcinelli no solo visten cuerpos, sino tambi\u00e9n almas. Con cada puntada, honra lo sagrado y nos recuerda que, en manos del artista correcto, la fe tambi\u00e9n puede vestirse con arte.<\/p>\n<p data-start=\"2609\" data-end=\"2864\"><em><strong>*IMAGEN: Google Images<\/strong><\/em><\/p>\n","protected":false},"author":28953,"featured_media":150465,"template":"","format":"standard","categories":[4],"acf":[],"yoast_head":"<!-- This site is optimized with the Yoast SEO Premium plugin v18.5 (Yoast SEO v20.4) - https:\/\/yoast.com\/wordpress\/plugins\/seo\/ -->\n<title>El Dise\u00f1ador del Papa Moderno<\/title>\n<meta name=\"description\" content=\"Filippo Sorcinelli fusiona liturgia, arte, m\u00fasica y moda para vestir al Vaticano con devoci\u00f3n, belleza y rigor espiritual.\" \/>\n<meta name=\"robots\" content=\"index, follow, max-snippet:-1, max-image-preview:large, max-video-preview:-1\" \/>\n<link rel=\"canonical\" href=\"https:\/\/graziamagazine.com\/mx\/articles\/el-disenador-del-papa-moderno\/\" \/>\n<meta property=\"og:locale\" content=\"es_MX\" \/>\n<meta property=\"og:type\" content=\"article\" \/>\n<meta property=\"og:title\" content=\"El Dise\u00f1ador del Papa Moderno\" \/>\n<meta property=\"og:description\" content=\"Filippo Sorcinelli fusiona liturgia, arte, m\u00fasica y moda para vestir al Vaticano con devoci\u00f3n, belleza y rigor espiritual.\" \/>\n<meta property=\"og:url\" content=\"https:\/\/graziamagazine.com\/mx\/articles\/el-disenador-del-papa-moderno\/\" \/>\n<meta property=\"og:site_name\" content=\"Grazia M\u00e9xico y Latinoam\u00e9rica\" \/>\n<meta property=\"article:modified_time\" content=\"2025-05-09T16:40:59+00:00\" \/>\n<meta property=\"og:image\" content=\"https:\/\/graziamagazine.com\/mx\/wp-content\/uploads\/sites\/13\/2025\/05\/Captura-de-Pantalla-2025-05-09-a-las-10.35.08.png\" \/>\n\t<meta property=\"og:image:width\" content=\"1090\" \/>\n\t<meta property=\"og:image:height\" content=\"750\" \/>\n\t<meta property=\"og:image:type\" content=\"image\/png\" \/>\n<meta name=\"twitter:card\" content=\"summary_large_image\" \/>\n<meta name=\"twitter:label1\" content=\"Est. reading time\" \/>\n\t<meta name=\"twitter:data1\" content=\"3 minutos\" \/>\n<script type=\"application\/ld+json\" class=\"yoast-schema-graph\">{\"@context\":\"https:\/\/schema.org\",\"@graph\":[{\"@type\":\"WebPage\",\"@id\":\"https:\/\/graziamagazine.com\/mx\/articles\/el-disenador-del-papa-moderno\/\",\"url\":\"https:\/\/graziamagazine.com\/mx\/articles\/el-disenador-del-papa-moderno\/\",\"name\":\"El Dise\u00f1ador del Papa Moderno\",\"isPartOf\":{\"@id\":\"https:\/\/graziamagazine.com\/mx\/#website\"},\"datePublished\":\"2025-05-09T16:27:12+00:00\",\"dateModified\":\"2025-05-09T16:40:59+00:00\",\"description\":\"Filippo Sorcinelli fusiona liturgia, arte, m\u00fasica y moda para vestir al Vaticano con devoci\u00f3n, belleza y rigor espiritual.\",\"breadcrumb\":{\"@id\":\"https:\/\/graziamagazine.com\/mx\/articles\/el-disenador-del-papa-moderno\/#breadcrumb\"},\"inLanguage\":\"es-MX\",\"potentialAction\":[{\"@type\":\"ReadAction\",\"target\":[\"https:\/\/graziamagazine.com\/mx\/articles\/el-disenador-del-papa-moderno\/\"]}]},{\"@type\":\"BreadcrumbList\",\"@id\":\"https:\/\/graziamagazine.com\/mx\/articles\/el-disenador-del-papa-moderno\/#breadcrumb\",\"itemListElement\":[{\"@type\":\"ListItem\",\"position\":1,\"name\":\"Home\",\"item\":\"https:\/\/graziamagazine.com\/mx\/\"},{\"@type\":\"ListItem\",\"position\":2,\"name\":\"El Dise\u00f1ador del Papa Moderno\"}]},{\"@type\":\"WebSite\",\"@id\":\"https:\/\/graziamagazine.com\/mx\/#website\",\"url\":\"https:\/\/graziamagazine.com\/mx\/\",\"name\":\"Grazia M\u00e9xico y Latinoam\u00e9rica\",\"description\":\"Grazia es moda, belleza y noticias  de actualidad \",\"potentialAction\":[{\"@type\":\"SearchAction\",\"target\":{\"@type\":\"EntryPoint\",\"urlTemplate\":\"https:\/\/graziamagazine.com\/mx\/?s={search_term_string}\"},\"query-input\":\"required name=search_term_string\"}],\"inLanguage\":\"es-MX\"}]}<\/script>\n<!-- \/ Yoast SEO Premium plugin. -->","yoast_head_json":{"title":"El Dise\u00f1ador del Papa Moderno","description":"Filippo Sorcinelli fusiona liturgia, arte, m\u00fasica y moda para vestir al Vaticano con devoci\u00f3n, belleza y rigor espiritual.","robots":{"index":"index","follow":"follow","max-snippet":"max-snippet:-1","max-image-preview":"max-image-preview:large","max-video-preview":"max-video-preview:-1"},"canonical":"https:\/\/graziamagazine.com\/mx\/articles\/el-disenador-del-papa-moderno\/","og_locale":"es_MX","og_type":"article","og_title":"El Dise\u00f1ador del Papa Moderno","og_description":"Filippo Sorcinelli fusiona liturgia, arte, m\u00fasica y moda para vestir al Vaticano con devoci\u00f3n, belleza y rigor espiritual.","og_url":"https:\/\/graziamagazine.com\/mx\/articles\/el-disenador-del-papa-moderno\/","og_site_name":"Grazia M\u00e9xico y Latinoam\u00e9rica","article_modified_time":"2025-05-09T16:40:59+00:00","og_image":[{"width":1090,"height":750,"url":"https:\/\/graziamagazine.com\/mx\/wp-content\/uploads\/sites\/13\/2025\/05\/Captura-de-Pantalla-2025-05-09-a-las-10.35.08.png","type":"image\/png"}],"twitter_card":"summary_large_image","twitter_misc":{"Est. reading time":"3 minutos"},"schema":{"@context":"https:\/\/schema.org","@graph":[{"@type":"WebPage","@id":"https:\/\/graziamagazine.com\/mx\/articles\/el-disenador-del-papa-moderno\/","url":"https:\/\/graziamagazine.com\/mx\/articles\/el-disenador-del-papa-moderno\/","name":"El Dise\u00f1ador del Papa Moderno","isPartOf":{"@id":"https:\/\/graziamagazine.com\/mx\/#website"},"datePublished":"2025-05-09T16:27:12+00:00","dateModified":"2025-05-09T16:40:59+00:00","description":"Filippo Sorcinelli fusiona liturgia, arte, m\u00fasica y moda para vestir al Vaticano con devoci\u00f3n, belleza y rigor espiritual.","breadcrumb":{"@id":"https:\/\/graziamagazine.com\/mx\/articles\/el-disenador-del-papa-moderno\/#breadcrumb"},"inLanguage":"es-MX","potentialAction":[{"@type":"ReadAction","target":["https:\/\/graziamagazine.com\/mx\/articles\/el-disenador-del-papa-moderno\/"]}]},{"@type":"BreadcrumbList","@id":"https:\/\/graziamagazine.com\/mx\/articles\/el-disenador-del-papa-moderno\/#breadcrumb","itemListElement":[{"@type":"ListItem","position":1,"name":"Home","item":"https:\/\/graziamagazine.com\/mx\/"},{"@type":"ListItem","position":2,"name":"El Dise\u00f1ador del Papa Moderno"}]},{"@type":"WebSite","@id":"https:\/\/graziamagazine.com\/mx\/#website","url":"https:\/\/graziamagazine.com\/mx\/","name":"Grazia M\u00e9xico y Latinoam\u00e9rica","description":"Grazia es moda, belleza y noticias  de actualidad ","potentialAction":[{"@type":"SearchAction","target":{"@type":"EntryPoint","urlTemplate":"https:\/\/graziamagazine.com\/mx\/?s={search_term_string}"},"query-input":"required name=search_term_string"}],"inLanguage":"es-MX"}]}},"jetpack_sharing_enabled":true,"distributor_meta":false,"distributor_terms":false,"distributor_media":false,"distributor_original_site_name":"Grazia M\u00e9xico y Latinoam\u00e9rica","distributor_original_site_url":"https:\/\/graziamagazine.com\/mx","push-errors":false,"_links":{"self":[{"href":"https:\/\/graziamagazine.com\/mx\/wp-json\/wp\/v2\/articles\/150462"}],"collection":[{"href":"https:\/\/graziamagazine.com\/mx\/wp-json\/wp\/v2\/articles"}],"about":[{"href":"https:\/\/graziamagazine.com\/mx\/wp-json\/wp\/v2\/types\/articles"}],"author":[{"embeddable":true,"href":"https:\/\/graziamagazine.com\/mx\/wp-json\/wp\/v2\/users\/28953"}],"wp:featuredmedia":[{"embeddable":true,"href":"https:\/\/graziamagazine.com\/mx\/wp-json\/wp\/v2\/media\/150465"}],"wp:attachment":[{"href":"https:\/\/graziamagazine.com\/mx\/wp-json\/wp\/v2\/media?parent=150462"}],"wp:term":[{"taxonomy":"category","embeddable":true,"href":"https:\/\/graziamagazine.com\/mx\/wp-json\/wp\/v2\/categories?post=150462"}],"curies":[{"name":"wp","href":"https:\/\/api.w.org\/{rel}","templated":true}]}}