{"id":150389,"date":"2025-05-08T12:58:29","date_gmt":"2025-05-08T17:58:29","guid":{"rendered":"https:\/\/graziamagazine.com\/mx\/?post_type=articles&#038;p=150389"},"modified":"2025-05-09T05:41:46","modified_gmt":"2025-05-09T10:41:46","slug":"alejandro-gonzalez-inarritu-regresa-a-cannes-para-celebrar-los-25-anos-de-amores-perros","status":"publish","type":"articles","link":"https:\/\/graziamagazine.com\/mx\/articles\/alejandro-gonzalez-inarritu-regresa-a-cannes-para-celebrar-los-25-anos-de-amores-perros\/","title":{"rendered":"Alejandro Gonz\u00e1lez I\u00f1\u00e1rritu regresa a Cannes para celebrar los 25 a\u00f1os de \u2018Amores perros\u2019"},"content":{"rendered":"<p><span style=\"font-weight: 400\">El Festival Internacional de Cine de Cannes de este 2025 se prepara para rendir homenaje a una de las obras m\u00e1s emblem\u00e1ticas del cine mexicano contempor\u00e1neo: Amores perros. En el marco de la secci\u00f3n Cannes Classics, se presentar\u00e1 una versi\u00f3n restaurada de la \u00f3pera prima de Alejandro Gonz\u00e1lez I\u00f1\u00e1rritu, con motivo de su 25\u00ba aniversario.\u00a0<\/span><\/p>\n<p><span style=\"font-weight: 400\">El director asistir\u00e1 al festival para conmemorar este hito en su carrera y en la historia del cine latinoamericano. \u00a1Enhorabuena para este orgullo mexicano!<\/span><\/p>\n<p><span style=\"font-weight: 400\">Estrenada en el a\u00f1o 2000 durante la Semana de la Cr\u00edtica de Cannes, Amores perros marc\u00f3 el inicio de una trilog\u00eda sobre la muerte y el destino, seguida por 21 gramos y Babel. La pel\u00edcula fue aclamada por su narrativa entrelazada y su cruda representaci\u00f3n de la vida urbana en la Ciudad de M\u00e9xico, obteniendo el Gran Premio de la Semana de la Cr\u00edtica y una nominaci\u00f3n al \u00d3scar como Mejor Pel\u00edcula Extranjera.<\/span><\/p>\n<p><img loading=\"lazy\" decoding=\"async\" class=\"alignnone size-medium wp-image-150395\" src=\"https:\/\/graziamagazine.com\/mx\/wp-content\/uploads\/sites\/13\/2025\/05\/r4-450x355.jpg\" alt=\"\" width=\"450\" height=\"355\" srcset=\"https:\/\/graziamagazine.com\/mx\/wp-content\/uploads\/sites\/13\/2025\/05\/r4-450x355.jpg 450w, https:\/\/graziamagazine.com\/mx\/wp-content\/uploads\/sites\/13\/2025\/05\/r4-400x316.jpg 400w, https:\/\/graziamagazine.com\/mx\/wp-content\/uploads\/sites\/13\/2025\/05\/r4-155x122.jpg 155w, https:\/\/graziamagazine.com\/mx\/wp-content\/uploads\/sites\/13\/2025\/05\/r4.jpg 589w\" sizes=\"(max-width: 450px) 100vw, 450px\" \/><\/p>\n<p><span style=\"font-weight: 400\">La versi\u00f3n que se proyectar\u00e1 en Cannes ha sido restaurada en 4K a partir del negativo original de 35 mm, con supervisi\u00f3n directa de I\u00f1\u00e1rritu y del director de fotograf\u00eda Rodrigo Prieto. Esta restauraci\u00f3n fue realizada por The Criterion Collection, Estudio M\u00e9xico Films y Altavista Films, asegurando que la pel\u00edcula recupere su esplendor visual y sonoro para las nuevas generaciones.<\/span><\/p>\n<p><span style=\"font-weight: 400\">El regreso de I\u00f1\u00e1rritu en Cannes consolida su trayectoria internacional. Desde Amores perros, el cineasta ha sido galardonado con m\u00faltiples premios, incluyendo dos \u00d3scares consecutivos como Mejor Director por Birdman y The Revenant. Adem\u00e1s, en 2019 hizo historia al convertirse en el primer mexicano en presidir el jurado del Festival de Cannes .<\/span><\/p>\n<p><span style=\"font-weight: 400\">La proyecci\u00f3n especial de Amores perros tendr\u00e1 lugar el 13 de mayo en el Teatro Debussy, como parte de la apertura del Festival de Cannes 2025.\u00a0<\/span><\/p>\n","protected":false},"author":11628,"featured_media":150394,"template":"","format":"standard","categories":[114,12483,12517,12832],"acf":[],"yoast_head":"<!-- This site is optimized with the Yoast SEO Premium plugin v18.5 (Yoast SEO v20.4) - https:\/\/yoast.com\/wordpress\/plugins\/seo\/ -->\n<title>Alejandro Gonz\u00e1lez I\u00f1\u00e1rritu regresa a Cannes para celebrar los 25 a\u00f1os de \u2018Amores perros\u2019<\/title>\n<meta name=\"description\" content=\"El Festival Internacional de Cine de Cannes de este 2025 se prepara para rendir homenaje a una de las obras m\u00e1s emblem\u00e1ticas del cine mexicano\" \/>\n<meta name=\"robots\" content=\"index, follow, max-snippet:-1, max-image-preview:large, max-video-preview:-1\" \/>\n<link rel=\"canonical\" href=\"https:\/\/graziamagazine.com\/mx\/articles\/alejandro-gonzalez-inarritu-regresa-a-cannes-para-celebrar-los-25-anos-de-amores-perros\/\" \/>\n<meta property=\"og:locale\" content=\"es_MX\" \/>\n<meta property=\"og:type\" content=\"article\" \/>\n<meta property=\"og:title\" content=\"Alejandro Gonz\u00e1lez I\u00f1\u00e1rritu regresa a Cannes para celebrar los 25 a\u00f1os de \u2018Amores perros\u2019\" \/>\n<meta property=\"og:description\" content=\"El Festival Internacional de Cine de Cannes de este 2025 se prepara para rendir homenaje a una de las obras m\u00e1s emblem\u00e1ticas del cine mexicano\" \/>\n<meta property=\"og:url\" content=\"https:\/\/graziamagazine.com\/mx\/articles\/alejandro-gonzalez-inarritu-regresa-a-cannes-para-celebrar-los-25-anos-de-amores-perros\/\" \/>\n<meta property=\"og:site_name\" content=\"Grazia M\u00e9xico y Latinoam\u00e9rica\" \/>\n<meta property=\"article:modified_time\" content=\"2025-05-09T10:41:46+00:00\" \/>\n<meta property=\"og:image\" content=\"https:\/\/graziamagazine.com\/mx\/wp-content\/uploads\/sites\/13\/2025\/05\/ffg.jpg\" \/>\n\t<meta property=\"og:image:width\" content=\"752\" \/>\n\t<meta property=\"og:image:height\" content=\"375\" \/>\n\t<meta property=\"og:image:type\" content=\"image\/jpeg\" \/>\n<meta name=\"twitter:card\" content=\"summary_large_image\" \/>\n<meta name=\"twitter:label1\" content=\"Est. reading time\" \/>\n\t<meta name=\"twitter:data1\" content=\"2 minutos\" \/>\n<script type=\"application\/ld+json\" class=\"yoast-schema-graph\">{\"@context\":\"https:\/\/schema.org\",\"@graph\":[{\"@type\":\"WebPage\",\"@id\":\"https:\/\/graziamagazine.com\/mx\/articles\/alejandro-gonzalez-inarritu-regresa-a-cannes-para-celebrar-los-25-anos-de-amores-perros\/\",\"url\":\"https:\/\/graziamagazine.com\/mx\/articles\/alejandro-gonzalez-inarritu-regresa-a-cannes-para-celebrar-los-25-anos-de-amores-perros\/\",\"name\":\"Alejandro Gonz\u00e1lez I\u00f1\u00e1rritu regresa a Cannes para celebrar los 25 a\u00f1os de \u2018Amores perros\u2019\",\"isPartOf\":{\"@id\":\"https:\/\/graziamagazine.com\/mx\/#website\"},\"datePublished\":\"2025-05-08T17:58:29+00:00\",\"dateModified\":\"2025-05-09T10:41:46+00:00\",\"description\":\"El Festival Internacional de Cine de Cannes de este 2025 se prepara para rendir homenaje a una de las obras m\u00e1s emblem\u00e1ticas del cine mexicano\",\"breadcrumb\":{\"@id\":\"https:\/\/graziamagazine.com\/mx\/articles\/alejandro-gonzalez-inarritu-regresa-a-cannes-para-celebrar-los-25-anos-de-amores-perros\/#breadcrumb\"},\"inLanguage\":\"es-MX\",\"potentialAction\":[{\"@type\":\"ReadAction\",\"target\":[\"https:\/\/graziamagazine.com\/mx\/articles\/alejandro-gonzalez-inarritu-regresa-a-cannes-para-celebrar-los-25-anos-de-amores-perros\/\"]}]},{\"@type\":\"BreadcrumbList\",\"@id\":\"https:\/\/graziamagazine.com\/mx\/articles\/alejandro-gonzalez-inarritu-regresa-a-cannes-para-celebrar-los-25-anos-de-amores-perros\/#breadcrumb\",\"itemListElement\":[{\"@type\":\"ListItem\",\"position\":1,\"name\":\"Home\",\"item\":\"https:\/\/graziamagazine.com\/mx\/\"},{\"@type\":\"ListItem\",\"position\":2,\"name\":\"Alejandro Gonz\u00e1lez I\u00f1\u00e1rritu regresa a Cannes para celebrar los 25 a\u00f1os de \u2018Amores perros\u2019\"}]},{\"@type\":\"WebSite\",\"@id\":\"https:\/\/graziamagazine.com\/mx\/#website\",\"url\":\"https:\/\/graziamagazine.com\/mx\/\",\"name\":\"Grazia M\u00e9xico y Latinoam\u00e9rica\",\"description\":\"Grazia es moda, belleza y noticias  de actualidad \",\"potentialAction\":[{\"@type\":\"SearchAction\",\"target\":{\"@type\":\"EntryPoint\",\"urlTemplate\":\"https:\/\/graziamagazine.com\/mx\/?s={search_term_string}\"},\"query-input\":\"required name=search_term_string\"}],\"inLanguage\":\"es-MX\"}]}<\/script>\n<!-- \/ Yoast SEO Premium plugin. -->","yoast_head_json":{"title":"Alejandro Gonz\u00e1lez I\u00f1\u00e1rritu regresa a Cannes para celebrar los 25 a\u00f1os de \u2018Amores perros\u2019","description":"El Festival Internacional de Cine de Cannes de este 2025 se prepara para rendir homenaje a una de las obras m\u00e1s emblem\u00e1ticas del cine mexicano","robots":{"index":"index","follow":"follow","max-snippet":"max-snippet:-1","max-image-preview":"max-image-preview:large","max-video-preview":"max-video-preview:-1"},"canonical":"https:\/\/graziamagazine.com\/mx\/articles\/alejandro-gonzalez-inarritu-regresa-a-cannes-para-celebrar-los-25-anos-de-amores-perros\/","og_locale":"es_MX","og_type":"article","og_title":"Alejandro Gonz\u00e1lez I\u00f1\u00e1rritu regresa a Cannes para celebrar los 25 a\u00f1os de \u2018Amores perros\u2019","og_description":"El Festival Internacional de Cine de Cannes de este 2025 se prepara para rendir homenaje a una de las obras m\u00e1s emblem\u00e1ticas del cine mexicano","og_url":"https:\/\/graziamagazine.com\/mx\/articles\/alejandro-gonzalez-inarritu-regresa-a-cannes-para-celebrar-los-25-anos-de-amores-perros\/","og_site_name":"Grazia M\u00e9xico y Latinoam\u00e9rica","article_modified_time":"2025-05-09T10:41:46+00:00","og_image":[{"width":752,"height":375,"url":"https:\/\/graziamagazine.com\/mx\/wp-content\/uploads\/sites\/13\/2025\/05\/ffg.jpg","type":"image\/jpeg"}],"twitter_card":"summary_large_image","twitter_misc":{"Est. reading time":"2 minutos"},"schema":{"@context":"https:\/\/schema.org","@graph":[{"@type":"WebPage","@id":"https:\/\/graziamagazine.com\/mx\/articles\/alejandro-gonzalez-inarritu-regresa-a-cannes-para-celebrar-los-25-anos-de-amores-perros\/","url":"https:\/\/graziamagazine.com\/mx\/articles\/alejandro-gonzalez-inarritu-regresa-a-cannes-para-celebrar-los-25-anos-de-amores-perros\/","name":"Alejandro Gonz\u00e1lez I\u00f1\u00e1rritu regresa a Cannes para celebrar los 25 a\u00f1os de \u2018Amores perros\u2019","isPartOf":{"@id":"https:\/\/graziamagazine.com\/mx\/#website"},"datePublished":"2025-05-08T17:58:29+00:00","dateModified":"2025-05-09T10:41:46+00:00","description":"El Festival Internacional de Cine de Cannes de este 2025 se prepara para rendir homenaje a una de las obras m\u00e1s emblem\u00e1ticas del cine mexicano","breadcrumb":{"@id":"https:\/\/graziamagazine.com\/mx\/articles\/alejandro-gonzalez-inarritu-regresa-a-cannes-para-celebrar-los-25-anos-de-amores-perros\/#breadcrumb"},"inLanguage":"es-MX","potentialAction":[{"@type":"ReadAction","target":["https:\/\/graziamagazine.com\/mx\/articles\/alejandro-gonzalez-inarritu-regresa-a-cannes-para-celebrar-los-25-anos-de-amores-perros\/"]}]},{"@type":"BreadcrumbList","@id":"https:\/\/graziamagazine.com\/mx\/articles\/alejandro-gonzalez-inarritu-regresa-a-cannes-para-celebrar-los-25-anos-de-amores-perros\/#breadcrumb","itemListElement":[{"@type":"ListItem","position":1,"name":"Home","item":"https:\/\/graziamagazine.com\/mx\/"},{"@type":"ListItem","position":2,"name":"Alejandro Gonz\u00e1lez I\u00f1\u00e1rritu regresa a Cannes para celebrar los 25 a\u00f1os de \u2018Amores perros\u2019"}]},{"@type":"WebSite","@id":"https:\/\/graziamagazine.com\/mx\/#website","url":"https:\/\/graziamagazine.com\/mx\/","name":"Grazia M\u00e9xico y Latinoam\u00e9rica","description":"Grazia es moda, belleza y noticias  de actualidad ","potentialAction":[{"@type":"SearchAction","target":{"@type":"EntryPoint","urlTemplate":"https:\/\/graziamagazine.com\/mx\/?s={search_term_string}"},"query-input":"required name=search_term_string"}],"inLanguage":"es-MX"}]}},"jetpack_sharing_enabled":true,"distributor_meta":false,"distributor_terms":false,"distributor_media":false,"distributor_original_site_name":"Grazia M\u00e9xico y Latinoam\u00e9rica","distributor_original_site_url":"https:\/\/graziamagazine.com\/mx","push-errors":false,"_links":{"self":[{"href":"https:\/\/graziamagazine.com\/mx\/wp-json\/wp\/v2\/articles\/150389"}],"collection":[{"href":"https:\/\/graziamagazine.com\/mx\/wp-json\/wp\/v2\/articles"}],"about":[{"href":"https:\/\/graziamagazine.com\/mx\/wp-json\/wp\/v2\/types\/articles"}],"author":[{"embeddable":true,"href":"https:\/\/graziamagazine.com\/mx\/wp-json\/wp\/v2\/users\/11628"}],"wp:featuredmedia":[{"embeddable":true,"href":"https:\/\/graziamagazine.com\/mx\/wp-json\/wp\/v2\/media\/150394"}],"wp:attachment":[{"href":"https:\/\/graziamagazine.com\/mx\/wp-json\/wp\/v2\/media?parent=150389"}],"wp:term":[{"taxonomy":"category","embeddable":true,"href":"https:\/\/graziamagazine.com\/mx\/wp-json\/wp\/v2\/categories?post=150389"}],"curies":[{"name":"wp","href":"https:\/\/api.w.org\/{rel}","templated":true}]}}